{"id":1364,"date":"2024-04-11T15:01:22","date_gmt":"2024-04-11T13:01:22","guid":{"rendered":"https:\/\/isatis.asso.fr\/residence-simone-veil\/?p=1364"},"modified":"2024-04-11T15:01:25","modified_gmt":"2024-04-11T13:01:25","slug":"balade-dans-louest-americain","status":"publish","type":"post","link":"https:\/\/isatis.asso.fr\/residence-simone-veil\/2024\/04\/11\/balade-dans-louest-americain\/","title":{"rendered":"Balade dans l&rsquo;Ouest Am\u00e9ricain"},"content":{"rendered":"\n<p>Le 25 mars 2024 l\u2019ensemble des r\u00e9sidentes-ts accompagn\u00e9 de tout le personnel s\u2019est promen\u00e9 dans le Grand Ouest Am\u00e9ricain.<\/p>\n\n\n\n<figure class=\"wp-block-image size-large\"><img loading=\"lazy\" decoding=\"async\" width=\"768\" height=\"1024\" src=\"https:\/\/isatis.asso.fr\/residence-simone-veil\/wp-content\/uploads\/sites\/13\/2024\/04\/20240325-130235-768x1024.jpg\" alt=\"\" class=\"wp-image-1367\" srcset=\"https:\/\/isatis.asso.fr\/residence-simone-veil\/wp-content\/uploads\/sites\/13\/2024\/04\/20240325-130235-768x1024.jpg 768w, https:\/\/isatis.asso.fr\/residence-simone-veil\/wp-content\/uploads\/sites\/13\/2024\/04\/20240325-130235-225x300.jpg 225w, https:\/\/isatis.asso.fr\/residence-simone-veil\/wp-content\/uploads\/sites\/13\/2024\/04\/20240325-130235-1152x1536.jpg 1152w, https:\/\/isatis.asso.fr\/residence-simone-veil\/wp-content\/uploads\/sites\/13\/2024\/04\/20240325-130235-1536x2048.jpg 1536w, https:\/\/isatis.asso.fr\/residence-simone-veil\/wp-content\/uploads\/sites\/13\/2024\/04\/20240325-130235-750x1000.jpg 750w, https:\/\/isatis.asso.fr\/residence-simone-veil\/wp-content\/uploads\/sites\/13\/2024\/04\/20240325-130235-scaled.jpg 1920w\" sizes=\"auto, (max-width: 768px) 100vw, 768px\" \/><\/figure>\n\n\n\n<p>C\u2019est dans une ambiance d\u00e9tendue au rythme des notes de la Country Folk que s\u2019est d\u00e9roul\u00e9 le d\u00e9jeuner.<\/p>\n\n\n\n<p>Au menu\u00a0: pop-corn et pepsi cola, hot dog avec ses potatoes et sa verdure, sans oublier un d\u00e9licieux cheese cake.<\/p>\n\n\n\n<figure class=\"wp-block-image size-large\"><img loading=\"lazy\" decoding=\"async\" width=\"1024\" height=\"473\" src=\"https:\/\/isatis.asso.fr\/residence-simone-veil\/wp-content\/uploads\/sites\/13\/2024\/04\/20240325-120048-1024x473.jpg\" alt=\"\" class=\"wp-image-1365\" srcset=\"https:\/\/isatis.asso.fr\/residence-simone-veil\/wp-content\/uploads\/sites\/13\/2024\/04\/20240325-120048-1024x473.jpg 1024w, https:\/\/isatis.asso.fr\/residence-simone-veil\/wp-content\/uploads\/sites\/13\/2024\/04\/20240325-120048-300x139.jpg 300w, https:\/\/isatis.asso.fr\/residence-simone-veil\/wp-content\/uploads\/sites\/13\/2024\/04\/20240325-120048-768x355.jpg 768w, https:\/\/isatis.asso.fr\/residence-simone-veil\/wp-content\/uploads\/sites\/13\/2024\/04\/20240325-120048-1536x709.jpg 1536w, https:\/\/isatis.asso.fr\/residence-simone-veil\/wp-content\/uploads\/sites\/13\/2024\/04\/20240325-120048-2048x946.jpg 2048w, https:\/\/isatis.asso.fr\/residence-simone-veil\/wp-content\/uploads\/sites\/13\/2024\/04\/20240325-120048-1600x739.jpg 1600w\" sizes=\"auto, (max-width: 1024px) 100vw, 1024px\" \/><\/figure>\n\n\n\n<p>En partageant quelques pop-corn une r\u00e9sidente m\u2019a confi\u00e9 avoir beaucoup appr\u00e9ci\u00e9 cette ambiance festive et esp\u00e9rer qu\u2019il y ait encore bien d\u2019autres journ\u00e9es comme celle-ci.<\/p>\n\n\n\n<p>Un aide-soignant me disait, \u00f4 combien il avait trouv\u00e9 tr\u00e8s agr\u00e9able l\u2019accompagnement des d\u00e9jeuners dans une atmosph\u00e8re un peu hors du temps.<\/p>\n\n\n\n<figure class=\"wp-block-image size-large\"><img loading=\"lazy\" decoding=\"async\" width=\"768\" height=\"1024\" src=\"https:\/\/isatis.asso.fr\/residence-simone-veil\/wp-content\/uploads\/sites\/13\/2024\/04\/20240325-152736-768x1024.jpg\" alt=\"\" class=\"wp-image-1368\" srcset=\"https:\/\/isatis.asso.fr\/residence-simone-veil\/wp-content\/uploads\/sites\/13\/2024\/04\/20240325-152736-768x1024.jpg 768w, https:\/\/isatis.asso.fr\/residence-simone-veil\/wp-content\/uploads\/sites\/13\/2024\/04\/20240325-152736-225x300.jpg 225w, https:\/\/isatis.asso.fr\/residence-simone-veil\/wp-content\/uploads\/sites\/13\/2024\/04\/20240325-152736-1152x1536.jpg 1152w, https:\/\/isatis.asso.fr\/residence-simone-veil\/wp-content\/uploads\/sites\/13\/2024\/04\/20240325-152736-1536x2048.jpg 1536w, https:\/\/isatis.asso.fr\/residence-simone-veil\/wp-content\/uploads\/sites\/13\/2024\/04\/20240325-152736-750x1000.jpg 750w, https:\/\/isatis.asso.fr\/residence-simone-veil\/wp-content\/uploads\/sites\/13\/2024\/04\/20240325-152736-scaled.jpg 1920w\" sizes=\"auto, (max-width: 768px) 100vw, 768px\" \/><\/figure>\n\n\n\n<p>L\u2019apr\u00e8s-midi f\u00fbt beaucoup plus anim\u00e9e\u00a0; tout le monde a partag\u00e9 les danses et rondes de la Country. Ce f\u00fbt un joyeux tableau avec de tr\u00e8s beaux chapeaux de cowboys et des chemises \u00e0 carreaux color\u00e9es. <\/p>\n\n\n\n<figure class=\"wp-block-image size-large\"><img loading=\"lazy\" decoding=\"async\" width=\"768\" height=\"1024\" src=\"https:\/\/isatis.asso.fr\/residence-simone-veil\/wp-content\/uploads\/sites\/13\/2024\/04\/20240325-123829-768x1024.jpg\" alt=\"\" class=\"wp-image-1366\" srcset=\"https:\/\/isatis.asso.fr\/residence-simone-veil\/wp-content\/uploads\/sites\/13\/2024\/04\/20240325-123829-768x1024.jpg 768w, https:\/\/isatis.asso.fr\/residence-simone-veil\/wp-content\/uploads\/sites\/13\/2024\/04\/20240325-123829-225x300.jpg 225w, https:\/\/isatis.asso.fr\/residence-simone-veil\/wp-content\/uploads\/sites\/13\/2024\/04\/20240325-123829-1152x1536.jpg 1152w, https:\/\/isatis.asso.fr\/residence-simone-veil\/wp-content\/uploads\/sites\/13\/2024\/04\/20240325-123829-1536x2048.jpg 1536w, https:\/\/isatis.asso.fr\/residence-simone-veil\/wp-content\/uploads\/sites\/13\/2024\/04\/20240325-123829-750x1000.jpg 750w, https:\/\/isatis.asso.fr\/residence-simone-veil\/wp-content\/uploads\/sites\/13\/2024\/04\/20240325-123829-scaled.jpg 1920w\" sizes=\"auto, (max-width: 768px) 100vw, 768px\" \/><\/figure>\n\n\n\n<p>Parmi les d\u00e9cors confectionn\u00e9s par les aides-soignantes-ts, il y avait une superbe porte de saloon\u00a0; j\u2019ai remarqu\u00e9 aussi un sh\u00e9rif, une indienne et surtout des sourires sur tous les visages.<br>Bravo \u00e0 tous les organisateurs.<\/p>\n\n\n\n<p><em>Marie May-P\u00e9roceschi<\/em><\/p>\n","protected":false},"excerpt":{"rendered":"<p>Le 25 mars 2024 l\u2019ensemble des r\u00e9sidentes-ts accompagn\u00e9 de tout le personnel s\u2019est promen\u00e9 dans le Grand Ouest Am\u00e9ricain. C\u2019est dans une ambiance d\u00e9tendue au rythme des notes de la Country Folk que s\u2019est d\u00e9roul\u00e9 le d\u00e9jeuner. Au menu\u00a0: pop-corn et pepsi cola, hot dog avec ses potatoes et sa verdure, sans oublier un d\u00e9licieux [&hellip;]<\/p>\n","protected":false},"author":1,"featured_media":1369,"comment_status":"open","ping_status":"open","sticky":false,"template":"","format":"standard","meta":{"_acf_changed":false,"footnotes":""},"categories":[1],"tags":[],"class_list":["post-1364","post","type-post","status-publish","format-standard","has-post-thumbnail","hentry","category-non-classe"],"acf":[],"yoast_head":"<!-- This site is optimized with the Yoast SEO plugin v27.3 - https:\/\/yoast.com\/product\/yoast-seo-wordpress\/ -->\n<title>Balade dans l&#039;Ouest Am\u00e9ricain - R\u00e9sidence Simone Veil<\/title>\n<meta name=\"robots\" content=\"index, follow, max-snippet:-1, max-image-preview:large, max-video-preview:-1\" \/>\n<link rel=\"canonical\" href=\"https:\/\/isatis.asso.fr\/residence-simone-veil\/2024\/04\/11\/balade-dans-louest-americain\/\" \/>\n<meta property=\"og:locale\" content=\"fr_FR\" \/>\n<meta property=\"og:type\" content=\"article\" \/>\n<meta property=\"og:title\" content=\"Balade dans l&#039;Ouest Am\u00e9ricain - R\u00e9sidence Simone Veil\" \/>\n<meta property=\"og:description\" content=\"Le 25 mars 2024 l\u2019ensemble des r\u00e9sidentes-ts accompagn\u00e9 de tout le personnel s\u2019est promen\u00e9 dans le Grand Ouest Am\u00e9ricain. C\u2019est dans une ambiance d\u00e9tendue au rythme des notes de la Country Folk que s\u2019est d\u00e9roul\u00e9 le d\u00e9jeuner. Au menu\u00a0: pop-corn et pepsi cola, hot dog avec ses potatoes et sa verdure, sans oublier un d\u00e9licieux [&hellip;]\" \/>\n<meta property=\"og:url\" content=\"https:\/\/isatis.asso.fr\/residence-simone-veil\/2024\/04\/11\/balade-dans-louest-americain\/\" \/>\n<meta property=\"og:site_name\" content=\"R\u00e9sidence Simone Veil\" \/>\n<meta property=\"article:published_time\" content=\"2024-04-11T13:01:22+00:00\" \/>\n<meta property=\"article:modified_time\" content=\"2024-04-11T13:01:25+00:00\" \/>\n<meta property=\"og:image\" content=\"https:\/\/isatis.asso.fr\/residence-simone-veil\/wp-content\/uploads\/sites\/13\/2024\/04\/20240325-154442-scaled.jpg\" \/>\n\t<meta property=\"og:image:width\" content=\"1920\" \/>\n\t<meta property=\"og:image:height\" content=\"2560\" \/>\n\t<meta property=\"og:image:type\" content=\"image\/jpeg\" \/>\n<meta name=\"author\" content=\"admin-JvSCLhrNBE\" \/>\n<meta name=\"twitter:card\" content=\"summary_large_image\" \/>\n<meta name=\"twitter:label1\" content=\"\u00c9crit par\" \/>\n\t<meta name=\"twitter:data1\" content=\"admin-JvSCLhrNBE\" \/>\n\t<meta name=\"twitter:label2\" content=\"Dur\u00e9e de lecture estim\u00e9e\" \/>\n\t<meta name=\"twitter:data2\" content=\"2 minutes\" \/>\n<script type=\"application\/ld+json\" class=\"yoast-schema-graph\">{\"@context\":\"https:\\\/\\\/schema.org\",\"@graph\":[{\"@type\":\"Article\",\"@id\":\"https:\\\/\\\/isatis.asso.fr\\\/residence-simone-veil\\\/2024\\\/04\\\/11\\\/balade-dans-louest-americain\\\/#article\",\"isPartOf\":{\"@id\":\"https:\\\/\\\/isatis.asso.fr\\\/residence-simone-veil\\\/2024\\\/04\\\/11\\\/balade-dans-louest-americain\\\/\"},\"author\":{\"name\":\"admin-JvSCLhrNBE\",\"@id\":\"https:\\\/\\\/isatis.asso.fr\\\/residence-simone-veil\\\/#\\\/schema\\\/person\\\/943b5c9342f7eca9dde826898907ac00\"},\"headline\":\"Balade dans l&rsquo;Ouest Am\u00e9ricain\",\"datePublished\":\"2024-04-11T13:01:22+00:00\",\"dateModified\":\"2024-04-11T13:01:25+00:00\",\"mainEntityOfPage\":{\"@id\":\"https:\\\/\\\/isatis.asso.fr\\\/residence-simone-veil\\\/2024\\\/04\\\/11\\\/balade-dans-louest-americain\\\/\"},\"wordCount\":211,\"commentCount\":0,\"image\":{\"@id\":\"https:\\\/\\\/isatis.asso.fr\\\/residence-simone-veil\\\/2024\\\/04\\\/11\\\/balade-dans-louest-americain\\\/#primaryimage\"},\"thumbnailUrl\":\"https:\\\/\\\/isatis.asso.fr\\\/residence-simone-veil\\\/wp-content\\\/uploads\\\/sites\\\/13\\\/2024\\\/04\\\/20240325-154442-scaled.jpg\",\"inLanguage\":\"fr-FR\",\"potentialAction\":[{\"@type\":\"CommentAction\",\"name\":\"Comment\",\"target\":[\"https:\\\/\\\/isatis.asso.fr\\\/residence-simone-veil\\\/2024\\\/04\\\/11\\\/balade-dans-louest-americain\\\/#respond\"]}]},{\"@type\":\"WebPage\",\"@id\":\"https:\\\/\\\/isatis.asso.fr\\\/residence-simone-veil\\\/2024\\\/04\\\/11\\\/balade-dans-louest-americain\\\/\",\"url\":\"https:\\\/\\\/isatis.asso.fr\\\/residence-simone-veil\\\/2024\\\/04\\\/11\\\/balade-dans-louest-americain\\\/\",\"name\":\"Balade dans l'Ouest Am\u00e9ricain - R\u00e9sidence Simone Veil\",\"isPartOf\":{\"@id\":\"https:\\\/\\\/isatis.asso.fr\\\/residence-simone-veil\\\/#website\"},\"primaryImageOfPage\":{\"@id\":\"https:\\\/\\\/isatis.asso.fr\\\/residence-simone-veil\\\/2024\\\/04\\\/11\\\/balade-dans-louest-americain\\\/#primaryimage\"},\"image\":{\"@id\":\"https:\\\/\\\/isatis.asso.fr\\\/residence-simone-veil\\\/2024\\\/04\\\/11\\\/balade-dans-louest-americain\\\/#primaryimage\"},\"thumbnailUrl\":\"https:\\\/\\\/isatis.asso.fr\\\/residence-simone-veil\\\/wp-content\\\/uploads\\\/sites\\\/13\\\/2024\\\/04\\\/20240325-154442-scaled.jpg\",\"datePublished\":\"2024-04-11T13:01:22+00:00\",\"dateModified\":\"2024-04-11T13:01:25+00:00\",\"author\":{\"@id\":\"https:\\\/\\\/isatis.asso.fr\\\/residence-simone-veil\\\/#\\\/schema\\\/person\\\/943b5c9342f7eca9dde826898907ac00\"},\"breadcrumb\":{\"@id\":\"https:\\\/\\\/isatis.asso.fr\\\/residence-simone-veil\\\/2024\\\/04\\\/11\\\/balade-dans-louest-americain\\\/#breadcrumb\"},\"inLanguage\":\"fr-FR\",\"potentialAction\":[{\"@type\":\"ReadAction\",\"target\":[\"https:\\\/\\\/isatis.asso.fr\\\/residence-simone-veil\\\/2024\\\/04\\\/11\\\/balade-dans-louest-americain\\\/\"]}]},{\"@type\":\"ImageObject\",\"inLanguage\":\"fr-FR\",\"@id\":\"https:\\\/\\\/isatis.asso.fr\\\/residence-simone-veil\\\/2024\\\/04\\\/11\\\/balade-dans-louest-americain\\\/#primaryimage\",\"url\":\"https:\\\/\\\/isatis.asso.fr\\\/residence-simone-veil\\\/wp-content\\\/uploads\\\/sites\\\/13\\\/2024\\\/04\\\/20240325-154442-scaled.jpg\",\"contentUrl\":\"https:\\\/\\\/isatis.asso.fr\\\/residence-simone-veil\\\/wp-content\\\/uploads\\\/sites\\\/13\\\/2024\\\/04\\\/20240325-154442-scaled.jpg\",\"width\":1920,\"height\":2560},{\"@type\":\"BreadcrumbList\",\"@id\":\"https:\\\/\\\/isatis.asso.fr\\\/residence-simone-veil\\\/2024\\\/04\\\/11\\\/balade-dans-louest-americain\\\/#breadcrumb\",\"itemListElement\":[{\"@type\":\"ListItem\",\"position\":1,\"name\":\"Accueil\",\"item\":\"https:\\\/\\\/isatis.asso.fr\\\/residence-simone-veil\\\/\"},{\"@type\":\"ListItem\",\"position\":2,\"name\":\"Balade dans l&#8217;Ouest Am\u00e9ricain\"}]},{\"@type\":\"WebSite\",\"@id\":\"https:\\\/\\\/isatis.asso.fr\\\/residence-simone-veil\\\/#website\",\"url\":\"https:\\\/\\\/isatis.asso.fr\\\/residence-simone-veil\\\/\",\"name\":\"R\u00e9sidence Simone Veil\",\"description\":\"CENTRE D\u2019ACCUEIL DE JOUR - EHPAD\",\"potentialAction\":[{\"@type\":\"SearchAction\",\"target\":{\"@type\":\"EntryPoint\",\"urlTemplate\":\"https:\\\/\\\/isatis.asso.fr\\\/residence-simone-veil\\\/?s={search_term_string}\"},\"query-input\":{\"@type\":\"PropertyValueSpecification\",\"valueRequired\":true,\"valueName\":\"search_term_string\"}}],\"inLanguage\":\"fr-FR\"},{\"@type\":\"Person\",\"@id\":\"https:\\\/\\\/isatis.asso.fr\\\/residence-simone-veil\\\/#\\\/schema\\\/person\\\/943b5c9342f7eca9dde826898907ac00\",\"name\":\"admin-JvSCLhrNBE\",\"image\":{\"@type\":\"ImageObject\",\"inLanguage\":\"fr-FR\",\"@id\":\"https:\\\/\\\/secure.gravatar.com\\\/avatar\\\/304b15a49c4ff21bb5bc68be1b5a77972169f0608361401c9f9676ec044d15dc?s=96&d=mm&r=g\",\"url\":\"https:\\\/\\\/secure.gravatar.com\\\/avatar\\\/304b15a49c4ff21bb5bc68be1b5a77972169f0608361401c9f9676ec044d15dc?s=96&d=mm&r=g\",\"contentUrl\":\"https:\\\/\\\/secure.gravatar.com\\\/avatar\\\/304b15a49c4ff21bb5bc68be1b5a77972169f0608361401c9f9676ec044d15dc?s=96&d=mm&r=g\",\"caption\":\"admin-JvSCLhrNBE\"},\"url\":\"https:\\\/\\\/isatis.asso.fr\\\/residence-simone-veil\\\/author\\\/admin-jvsclhrnbe\\\/\"}]}<\/script>\n<!-- \/ Yoast SEO plugin. -->","yoast_head_json":{"title":"Balade dans l'Ouest Am\u00e9ricain - R\u00e9sidence Simone Veil","robots":{"index":"index","follow":"follow","max-snippet":"max-snippet:-1","max-image-preview":"max-image-preview:large","max-video-preview":"max-video-preview:-1"},"canonical":"https:\/\/isatis.asso.fr\/residence-simone-veil\/2024\/04\/11\/balade-dans-louest-americain\/","og_locale":"fr_FR","og_type":"article","og_title":"Balade dans l'Ouest Am\u00e9ricain - R\u00e9sidence Simone Veil","og_description":"Le 25 mars 2024 l\u2019ensemble des r\u00e9sidentes-ts accompagn\u00e9 de tout le personnel s\u2019est promen\u00e9 dans le Grand Ouest Am\u00e9ricain. C\u2019est dans une ambiance d\u00e9tendue au rythme des notes de la Country Folk que s\u2019est d\u00e9roul\u00e9 le d\u00e9jeuner. Au menu\u00a0: pop-corn et pepsi cola, hot dog avec ses potatoes et sa verdure, sans oublier un d\u00e9licieux [&hellip;]","og_url":"https:\/\/isatis.asso.fr\/residence-simone-veil\/2024\/04\/11\/balade-dans-louest-americain\/","og_site_name":"R\u00e9sidence Simone Veil","article_published_time":"2024-04-11T13:01:22+00:00","article_modified_time":"2024-04-11T13:01:25+00:00","og_image":[{"width":1920,"height":2560,"url":"https:\/\/isatis.asso.fr\/residence-simone-veil\/wp-content\/uploads\/sites\/13\/2024\/04\/20240325-154442-scaled.jpg","type":"image\/jpeg"}],"author":"admin-JvSCLhrNBE","twitter_card":"summary_large_image","twitter_misc":{"\u00c9crit par":"admin-JvSCLhrNBE","Dur\u00e9e de lecture estim\u00e9e":"2 minutes"},"schema":{"@context":"https:\/\/schema.org","@graph":[{"@type":"Article","@id":"https:\/\/isatis.asso.fr\/residence-simone-veil\/2024\/04\/11\/balade-dans-louest-americain\/#article","isPartOf":{"@id":"https:\/\/isatis.asso.fr\/residence-simone-veil\/2024\/04\/11\/balade-dans-louest-americain\/"},"author":{"name":"admin-JvSCLhrNBE","@id":"https:\/\/isatis.asso.fr\/residence-simone-veil\/#\/schema\/person\/943b5c9342f7eca9dde826898907ac00"},"headline":"Balade dans l&rsquo;Ouest Am\u00e9ricain","datePublished":"2024-04-11T13:01:22+00:00","dateModified":"2024-04-11T13:01:25+00:00","mainEntityOfPage":{"@id":"https:\/\/isatis.asso.fr\/residence-simone-veil\/2024\/04\/11\/balade-dans-louest-americain\/"},"wordCount":211,"commentCount":0,"image":{"@id":"https:\/\/isatis.asso.fr\/residence-simone-veil\/2024\/04\/11\/balade-dans-louest-americain\/#primaryimage"},"thumbnailUrl":"https:\/\/isatis.asso.fr\/residence-simone-veil\/wp-content\/uploads\/sites\/13\/2024\/04\/20240325-154442-scaled.jpg","inLanguage":"fr-FR","potentialAction":[{"@type":"CommentAction","name":"Comment","target":["https:\/\/isatis.asso.fr\/residence-simone-veil\/2024\/04\/11\/balade-dans-louest-americain\/#respond"]}]},{"@type":"WebPage","@id":"https:\/\/isatis.asso.fr\/residence-simone-veil\/2024\/04\/11\/balade-dans-louest-americain\/","url":"https:\/\/isatis.asso.fr\/residence-simone-veil\/2024\/04\/11\/balade-dans-louest-americain\/","name":"Balade dans l'Ouest Am\u00e9ricain - R\u00e9sidence Simone Veil","isPartOf":{"@id":"https:\/\/isatis.asso.fr\/residence-simone-veil\/#website"},"primaryImageOfPage":{"@id":"https:\/\/isatis.asso.fr\/residence-simone-veil\/2024\/04\/11\/balade-dans-louest-americain\/#primaryimage"},"image":{"@id":"https:\/\/isatis.asso.fr\/residence-simone-veil\/2024\/04\/11\/balade-dans-louest-americain\/#primaryimage"},"thumbnailUrl":"https:\/\/isatis.asso.fr\/residence-simone-veil\/wp-content\/uploads\/sites\/13\/2024\/04\/20240325-154442-scaled.jpg","datePublished":"2024-04-11T13:01:22+00:00","dateModified":"2024-04-11T13:01:25+00:00","author":{"@id":"https:\/\/isatis.asso.fr\/residence-simone-veil\/#\/schema\/person\/943b5c9342f7eca9dde826898907ac00"},"breadcrumb":{"@id":"https:\/\/isatis.asso.fr\/residence-simone-veil\/2024\/04\/11\/balade-dans-louest-americain\/#breadcrumb"},"inLanguage":"fr-FR","potentialAction":[{"@type":"ReadAction","target":["https:\/\/isatis.asso.fr\/residence-simone-veil\/2024\/04\/11\/balade-dans-louest-americain\/"]}]},{"@type":"ImageObject","inLanguage":"fr-FR","@id":"https:\/\/isatis.asso.fr\/residence-simone-veil\/2024\/04\/11\/balade-dans-louest-americain\/#primaryimage","url":"https:\/\/isatis.asso.fr\/residence-simone-veil\/wp-content\/uploads\/sites\/13\/2024\/04\/20240325-154442-scaled.jpg","contentUrl":"https:\/\/isatis.asso.fr\/residence-simone-veil\/wp-content\/uploads\/sites\/13\/2024\/04\/20240325-154442-scaled.jpg","width":1920,"height":2560},{"@type":"BreadcrumbList","@id":"https:\/\/isatis.asso.fr\/residence-simone-veil\/2024\/04\/11\/balade-dans-louest-americain\/#breadcrumb","itemListElement":[{"@type":"ListItem","position":1,"name":"Accueil","item":"https:\/\/isatis.asso.fr\/residence-simone-veil\/"},{"@type":"ListItem","position":2,"name":"Balade dans l&#8217;Ouest Am\u00e9ricain"}]},{"@type":"WebSite","@id":"https:\/\/isatis.asso.fr\/residence-simone-veil\/#website","url":"https:\/\/isatis.asso.fr\/residence-simone-veil\/","name":"R\u00e9sidence Simone Veil","description":"CENTRE D\u2019ACCUEIL DE JOUR - EHPAD","potentialAction":[{"@type":"SearchAction","target":{"@type":"EntryPoint","urlTemplate":"https:\/\/isatis.asso.fr\/residence-simone-veil\/?s={search_term_string}"},"query-input":{"@type":"PropertyValueSpecification","valueRequired":true,"valueName":"search_term_string"}}],"inLanguage":"fr-FR"},{"@type":"Person","@id":"https:\/\/isatis.asso.fr\/residence-simone-veil\/#\/schema\/person\/943b5c9342f7eca9dde826898907ac00","name":"admin-JvSCLhrNBE","image":{"@type":"ImageObject","inLanguage":"fr-FR","@id":"https:\/\/secure.gravatar.com\/avatar\/304b15a49c4ff21bb5bc68be1b5a77972169f0608361401c9f9676ec044d15dc?s=96&d=mm&r=g","url":"https:\/\/secure.gravatar.com\/avatar\/304b15a49c4ff21bb5bc68be1b5a77972169f0608361401c9f9676ec044d15dc?s=96&d=mm&r=g","contentUrl":"https:\/\/secure.gravatar.com\/avatar\/304b15a49c4ff21bb5bc68be1b5a77972169f0608361401c9f9676ec044d15dc?s=96&d=mm&r=g","caption":"admin-JvSCLhrNBE"},"url":"https:\/\/isatis.asso.fr\/residence-simone-veil\/author\/admin-jvsclhrnbe\/"}]}},"_links":{"self":[{"href":"https:\/\/isatis.asso.fr\/residence-simone-veil\/wp-json\/wp\/v2\/posts\/1364","targetHints":{"allow":["GET"]}}],"collection":[{"href":"https:\/\/isatis.asso.fr\/residence-simone-veil\/wp-json\/wp\/v2\/posts"}],"about":[{"href":"https:\/\/isatis.asso.fr\/residence-simone-veil\/wp-json\/wp\/v2\/types\/post"}],"author":[{"embeddable":true,"href":"https:\/\/isatis.asso.fr\/residence-simone-veil\/wp-json\/wp\/v2\/users\/1"}],"replies":[{"embeddable":true,"href":"https:\/\/isatis.asso.fr\/residence-simone-veil\/wp-json\/wp\/v2\/comments?post=1364"}],"version-history":[{"count":1,"href":"https:\/\/isatis.asso.fr\/residence-simone-veil\/wp-json\/wp\/v2\/posts\/1364\/revisions"}],"predecessor-version":[{"id":1370,"href":"https:\/\/isatis.asso.fr\/residence-simone-veil\/wp-json\/wp\/v2\/posts\/1364\/revisions\/1370"}],"wp:featuredmedia":[{"embeddable":true,"href":"https:\/\/isatis.asso.fr\/residence-simone-veil\/wp-json\/wp\/v2\/media\/1369"}],"wp:attachment":[{"href":"https:\/\/isatis.asso.fr\/residence-simone-veil\/wp-json\/wp\/v2\/media?parent=1364"}],"wp:term":[{"taxonomy":"category","embeddable":true,"href":"https:\/\/isatis.asso.fr\/residence-simone-veil\/wp-json\/wp\/v2\/categories?post=1364"},{"taxonomy":"post_tag","embeddable":true,"href":"https:\/\/isatis.asso.fr\/residence-simone-veil\/wp-json\/wp\/v2\/tags?post=1364"}],"curies":[{"name":"wp","href":"https:\/\/api.w.org\/{rel}","templated":true}]}}