{"id":951,"date":"2026-04-27T15:11:20","date_gmt":"2026-04-27T13:11:20","guid":{"rendered":"https:\/\/isatis.asso.fr\/les-portes-du-sud\/?p=951"},"modified":"2026-04-27T15:11:21","modified_gmt":"2026-04-27T13:11:21","slug":"groupe-de-discussions-avec-lassociation-le-lien-psy","status":"publish","type":"post","link":"https:\/\/isatis.asso.fr\/les-portes-du-sud\/2026\/04\/27\/groupe-de-discussions-avec-lassociation-le-lien-psy\/","title":{"rendered":"Groupe de discussions avec l&rsquo;association \u00ab\u00a0Le lien psy\u00a0\u00bb"},"content":{"rendered":"\n<h2 class=\"wp-block-heading\">Le lien Psy, c&rsquo;est quoi ?<\/h2>\n\n\n\n<p>Pour r\u00e9pondre \u00e0 la n\u00e9cessit\u00e9 de rendre accessible le soin psychologique, \u00e0 Paris et en Petite Couronne, et de d\u00e9velopper le lien psychique dans le champ social, qu\u2019un collectif de psychologues s\u2019est constitu\u00e9 autour d\u2019un objet commun pour \u00ab&nbsp;lutter contre la d\u00e9tresse psychique et les diff\u00e9rentes formes d\u2019exclusion sociale&nbsp;\u00bb et ont cr\u00e9\u00e9 en 2011 une association Loi 1901 \u00e0 but non lucratif&nbsp;: Le Lien Psy.<\/p>\n\n\n\n<p>Venez \u00e9changer, dialoguer, partager. Ces groupes, soutenus par la Conf\u00e9rence des Financeurs de Paris et la Fondation des Petits Fr\u00e8res des Pauvres, sont anim\u00e9s par Sophie de Heaulme, psychologue. Le prochain groupe de parole aura lieu le <strong>mardi 12 Mai 2026 \u00e0 14H30<\/strong> sur le th\u00e8me \u00ab\u00a0Faire famille\u00a0\u00bb.<\/p>\n\n\n\n<h3 class=\"wp-block-heading\"><strong>Lieu<\/strong><\/h3>\n\n\n\n<p><strong>&nbsp;Caf\u00e9 associatif T.KAWA&nbsp;<br><\/strong>34 avenue de la Porte d\u2019Ivry&nbsp; 75013 Paris&nbsp;<\/p>\n\n\n\n<p>Ouvert \u00e0 tous, \u00e0 partir de 60 ans&nbsp;<br>1h30 d\u2019\u00e9changes et cr\u00e9ativit\u00e9&nbsp;<br><em>Atelier Financ\u00e9 : Gratuit pour les participants<\/em><\/p>\n","protected":false},"excerpt":{"rendered":"<p>Le lien Psy, c&rsquo;est quoi ? Pour r\u00e9pondre \u00e0 la n\u00e9cessit\u00e9 de rendre accessible le soin psychologique, \u00e0 Paris et en Petite Couronne, et de d\u00e9velopper le lien psychique dans le champ social, qu\u2019un collectif de psychologues s\u2019est constitu\u00e9 autour d\u2019un objet commun pour \u00ab&nbsp;lutter contre la d\u00e9tresse psychique et les diff\u00e9rentes formes d\u2019exclusion sociale&nbsp;\u00bb [&hellip;]<\/p>\n","protected":false},"author":16,"featured_media":0,"comment_status":"open","ping_status":"open","sticky":false,"template":"","format":"standard","meta":{"_acf_changed":false,"footnotes":""},"categories":[1],"tags":[],"class_list":["post-951","post","type-post","status-publish","format-standard","hentry","category-non-classe"],"acf":[],"yoast_head":"<!-- This site is optimized with the Yoast SEO plugin v27.3 - https:\/\/yoast.com\/product\/yoast-seo-wordpress\/ -->\n<title>Groupe de discussions avec l&#039;association &quot;Le lien psy&quot; - Les Portes du Sud<\/title>\n<meta name=\"robots\" content=\"index, follow, max-snippet:-1, max-image-preview:large, max-video-preview:-1\" \/>\n<link rel=\"canonical\" href=\"https:\/\/isatis.asso.fr\/les-portes-du-sud\/2026\/04\/27\/groupe-de-discussions-avec-lassociation-le-lien-psy\/\" \/>\n<meta property=\"og:locale\" content=\"fr_FR\" \/>\n<meta property=\"og:type\" content=\"article\" \/>\n<meta property=\"og:title\" content=\"Groupe de discussions avec l&#039;association &quot;Le lien psy&quot; - Les Portes du Sud\" \/>\n<meta property=\"og:description\" content=\"Le lien Psy, c&rsquo;est quoi ? Pour r\u00e9pondre \u00e0 la n\u00e9cessit\u00e9 de rendre accessible le soin psychologique, \u00e0 Paris et en Petite Couronne, et de d\u00e9velopper le lien psychique dans le champ social, qu\u2019un collectif de psychologues s\u2019est constitu\u00e9 autour d\u2019un objet commun pour \u00ab&nbsp;lutter contre la d\u00e9tresse psychique et les diff\u00e9rentes formes d\u2019exclusion sociale&nbsp;\u00bb [&hellip;]\" \/>\n<meta property=\"og:url\" content=\"https:\/\/isatis.asso.fr\/les-portes-du-sud\/2026\/04\/27\/groupe-de-discussions-avec-lassociation-le-lien-psy\/\" \/>\n<meta property=\"og:site_name\" content=\"Les Portes du Sud\" \/>\n<meta property=\"article:published_time\" content=\"2026-04-27T13:11:20+00:00\" \/>\n<meta property=\"article:modified_time\" content=\"2026-04-27T13:11:21+00:00\" \/>\n<meta name=\"author\" content=\"portesdusud21gt34se\" \/>\n<meta name=\"twitter:card\" content=\"summary_large_image\" \/>\n<meta name=\"twitter:label1\" content=\"\u00c9crit par\" \/>\n\t<meta name=\"twitter:data1\" content=\"portesdusud21gt34se\" \/>\n\t<meta name=\"twitter:label2\" content=\"Dur\u00e9e de lecture estim\u00e9e\" \/>\n\t<meta name=\"twitter:data2\" content=\"1 minute\" \/>\n<script type=\"application\/ld+json\" class=\"yoast-schema-graph\">{\"@context\":\"https:\\\/\\\/schema.org\",\"@graph\":[{\"@type\":\"Article\",\"@id\":\"https:\\\/\\\/isatis.asso.fr\\\/les-portes-du-sud\\\/2026\\\/04\\\/27\\\/groupe-de-discussions-avec-lassociation-le-lien-psy\\\/#article\",\"isPartOf\":{\"@id\":\"https:\\\/\\\/isatis.asso.fr\\\/les-portes-du-sud\\\/2026\\\/04\\\/27\\\/groupe-de-discussions-avec-lassociation-le-lien-psy\\\/\"},\"author\":{\"name\":\"portesdusud21gt34se\",\"@id\":\"https:\\\/\\\/isatis.asso.fr\\\/les-portes-du-sud\\\/#\\\/schema\\\/person\\\/080e2335249b906465250f5cca6f5e90\"},\"headline\":\"Groupe de discussions avec l&rsquo;association \u00ab\u00a0Le lien psy\u00a0\u00bb\",\"datePublished\":\"2026-04-27T13:11:20+00:00\",\"dateModified\":\"2026-04-27T13:11:21+00:00\",\"mainEntityOfPage\":{\"@id\":\"https:\\\/\\\/isatis.asso.fr\\\/les-portes-du-sud\\\/2026\\\/04\\\/27\\\/groupe-de-discussions-avec-lassociation-le-lien-psy\\\/\"},\"wordCount\":171,\"commentCount\":0,\"inLanguage\":\"fr-FR\",\"potentialAction\":[{\"@type\":\"CommentAction\",\"name\":\"Comment\",\"target\":[\"https:\\\/\\\/isatis.asso.fr\\\/les-portes-du-sud\\\/2026\\\/04\\\/27\\\/groupe-de-discussions-avec-lassociation-le-lien-psy\\\/#respond\"]}]},{\"@type\":\"WebPage\",\"@id\":\"https:\\\/\\\/isatis.asso.fr\\\/les-portes-du-sud\\\/2026\\\/04\\\/27\\\/groupe-de-discussions-avec-lassociation-le-lien-psy\\\/\",\"url\":\"https:\\\/\\\/isatis.asso.fr\\\/les-portes-du-sud\\\/2026\\\/04\\\/27\\\/groupe-de-discussions-avec-lassociation-le-lien-psy\\\/\",\"name\":\"Groupe de discussions avec l'association \\\"Le lien psy\\\" - Les Portes du Sud\",\"isPartOf\":{\"@id\":\"https:\\\/\\\/isatis.asso.fr\\\/les-portes-du-sud\\\/#website\"},\"datePublished\":\"2026-04-27T13:11:20+00:00\",\"dateModified\":\"2026-04-27T13:11:21+00:00\",\"author\":{\"@id\":\"https:\\\/\\\/isatis.asso.fr\\\/les-portes-du-sud\\\/#\\\/schema\\\/person\\\/080e2335249b906465250f5cca6f5e90\"},\"breadcrumb\":{\"@id\":\"https:\\\/\\\/isatis.asso.fr\\\/les-portes-du-sud\\\/2026\\\/04\\\/27\\\/groupe-de-discussions-avec-lassociation-le-lien-psy\\\/#breadcrumb\"},\"inLanguage\":\"fr-FR\",\"potentialAction\":[{\"@type\":\"ReadAction\",\"target\":[\"https:\\\/\\\/isatis.asso.fr\\\/les-portes-du-sud\\\/2026\\\/04\\\/27\\\/groupe-de-discussions-avec-lassociation-le-lien-psy\\\/\"]}]},{\"@type\":\"BreadcrumbList\",\"@id\":\"https:\\\/\\\/isatis.asso.fr\\\/les-portes-du-sud\\\/2026\\\/04\\\/27\\\/groupe-de-discussions-avec-lassociation-le-lien-psy\\\/#breadcrumb\",\"itemListElement\":[{\"@type\":\"ListItem\",\"position\":1,\"name\":\"Accueil\",\"item\":\"https:\\\/\\\/isatis.asso.fr\\\/les-portes-du-sud\\\/\"},{\"@type\":\"ListItem\",\"position\":2,\"name\":\"Groupe de discussions avec l&rsquo;association \u00ab\u00a0Le lien psy\u00a0\u00bb\"}]},{\"@type\":\"WebSite\",\"@id\":\"https:\\\/\\\/isatis.asso.fr\\\/les-portes-du-sud\\\/#website\",\"url\":\"https:\\\/\\\/isatis.asso.fr\\\/les-portes-du-sud\\\/\",\"name\":\"Les Portes du Sud\",\"description\":\"CENTRE D\u2019ACCUEIL DE JOUR\",\"potentialAction\":[{\"@type\":\"SearchAction\",\"target\":{\"@type\":\"EntryPoint\",\"urlTemplate\":\"https:\\\/\\\/isatis.asso.fr\\\/les-portes-du-sud\\\/?s={search_term_string}\"},\"query-input\":{\"@type\":\"PropertyValueSpecification\",\"valueRequired\":true,\"valueName\":\"search_term_string\"}}],\"inLanguage\":\"fr-FR\"},{\"@type\":\"Person\",\"@id\":\"https:\\\/\\\/isatis.asso.fr\\\/les-portes-du-sud\\\/#\\\/schema\\\/person\\\/080e2335249b906465250f5cca6f5e90\",\"name\":\"portesdusud21gt34se\",\"image\":{\"@type\":\"ImageObject\",\"inLanguage\":\"fr-FR\",\"@id\":\"https:\\\/\\\/secure.gravatar.com\\\/avatar\\\/99b9c83f82817b1e53d8c18ab2646bc81653acac881e0d2e4b5253b63b283282?s=96&d=mm&r=g\",\"url\":\"https:\\\/\\\/secure.gravatar.com\\\/avatar\\\/99b9c83f82817b1e53d8c18ab2646bc81653acac881e0d2e4b5253b63b283282?s=96&d=mm&r=g\",\"contentUrl\":\"https:\\\/\\\/secure.gravatar.com\\\/avatar\\\/99b9c83f82817b1e53d8c18ab2646bc81653acac881e0d2e4b5253b63b283282?s=96&d=mm&r=g\",\"caption\":\"portesdusud21gt34se\"},\"url\":\"https:\\\/\\\/isatis.asso.fr\\\/les-portes-du-sud\\\/author\\\/portesdusud21gt34se\\\/\"}]}<\/script>\n<!-- \/ Yoast SEO plugin. -->","yoast_head_json":{"title":"Groupe de discussions avec l'association \"Le lien psy\" - Les Portes du Sud","robots":{"index":"index","follow":"follow","max-snippet":"max-snippet:-1","max-image-preview":"max-image-preview:large","max-video-preview":"max-video-preview:-1"},"canonical":"https:\/\/isatis.asso.fr\/les-portes-du-sud\/2026\/04\/27\/groupe-de-discussions-avec-lassociation-le-lien-psy\/","og_locale":"fr_FR","og_type":"article","og_title":"Groupe de discussions avec l'association \"Le lien psy\" - Les Portes du Sud","og_description":"Le lien Psy, c&rsquo;est quoi ? Pour r\u00e9pondre \u00e0 la n\u00e9cessit\u00e9 de rendre accessible le soin psychologique, \u00e0 Paris et en Petite Couronne, et de d\u00e9velopper le lien psychique dans le champ social, qu\u2019un collectif de psychologues s\u2019est constitu\u00e9 autour d\u2019un objet commun pour \u00ab&nbsp;lutter contre la d\u00e9tresse psychique et les diff\u00e9rentes formes d\u2019exclusion sociale&nbsp;\u00bb [&hellip;]","og_url":"https:\/\/isatis.asso.fr\/les-portes-du-sud\/2026\/04\/27\/groupe-de-discussions-avec-lassociation-le-lien-psy\/","og_site_name":"Les Portes du Sud","article_published_time":"2026-04-27T13:11:20+00:00","article_modified_time":"2026-04-27T13:11:21+00:00","author":"portesdusud21gt34se","twitter_card":"summary_large_image","twitter_misc":{"\u00c9crit par":"portesdusud21gt34se","Dur\u00e9e de lecture estim\u00e9e":"1 minute"},"schema":{"@context":"https:\/\/schema.org","@graph":[{"@type":"Article","@id":"https:\/\/isatis.asso.fr\/les-portes-du-sud\/2026\/04\/27\/groupe-de-discussions-avec-lassociation-le-lien-psy\/#article","isPartOf":{"@id":"https:\/\/isatis.asso.fr\/les-portes-du-sud\/2026\/04\/27\/groupe-de-discussions-avec-lassociation-le-lien-psy\/"},"author":{"name":"portesdusud21gt34se","@id":"https:\/\/isatis.asso.fr\/les-portes-du-sud\/#\/schema\/person\/080e2335249b906465250f5cca6f5e90"},"headline":"Groupe de discussions avec l&rsquo;association \u00ab\u00a0Le lien psy\u00a0\u00bb","datePublished":"2026-04-27T13:11:20+00:00","dateModified":"2026-04-27T13:11:21+00:00","mainEntityOfPage":{"@id":"https:\/\/isatis.asso.fr\/les-portes-du-sud\/2026\/04\/27\/groupe-de-discussions-avec-lassociation-le-lien-psy\/"},"wordCount":171,"commentCount":0,"inLanguage":"fr-FR","potentialAction":[{"@type":"CommentAction","name":"Comment","target":["https:\/\/isatis.asso.fr\/les-portes-du-sud\/2026\/04\/27\/groupe-de-discussions-avec-lassociation-le-lien-psy\/#respond"]}]},{"@type":"WebPage","@id":"https:\/\/isatis.asso.fr\/les-portes-du-sud\/2026\/04\/27\/groupe-de-discussions-avec-lassociation-le-lien-psy\/","url":"https:\/\/isatis.asso.fr\/les-portes-du-sud\/2026\/04\/27\/groupe-de-discussions-avec-lassociation-le-lien-psy\/","name":"Groupe de discussions avec l'association \"Le lien psy\" - Les Portes du Sud","isPartOf":{"@id":"https:\/\/isatis.asso.fr\/les-portes-du-sud\/#website"},"datePublished":"2026-04-27T13:11:20+00:00","dateModified":"2026-04-27T13:11:21+00:00","author":{"@id":"https:\/\/isatis.asso.fr\/les-portes-du-sud\/#\/schema\/person\/080e2335249b906465250f5cca6f5e90"},"breadcrumb":{"@id":"https:\/\/isatis.asso.fr\/les-portes-du-sud\/2026\/04\/27\/groupe-de-discussions-avec-lassociation-le-lien-psy\/#breadcrumb"},"inLanguage":"fr-FR","potentialAction":[{"@type":"ReadAction","target":["https:\/\/isatis.asso.fr\/les-portes-du-sud\/2026\/04\/27\/groupe-de-discussions-avec-lassociation-le-lien-psy\/"]}]},{"@type":"BreadcrumbList","@id":"https:\/\/isatis.asso.fr\/les-portes-du-sud\/2026\/04\/27\/groupe-de-discussions-avec-lassociation-le-lien-psy\/#breadcrumb","itemListElement":[{"@type":"ListItem","position":1,"name":"Accueil","item":"https:\/\/isatis.asso.fr\/les-portes-du-sud\/"},{"@type":"ListItem","position":2,"name":"Groupe de discussions avec l&rsquo;association \u00ab\u00a0Le lien psy\u00a0\u00bb"}]},{"@type":"WebSite","@id":"https:\/\/isatis.asso.fr\/les-portes-du-sud\/#website","url":"https:\/\/isatis.asso.fr\/les-portes-du-sud\/","name":"Les Portes du Sud","description":"CENTRE D\u2019ACCUEIL DE JOUR","potentialAction":[{"@type":"SearchAction","target":{"@type":"EntryPoint","urlTemplate":"https:\/\/isatis.asso.fr\/les-portes-du-sud\/?s={search_term_string}"},"query-input":{"@type":"PropertyValueSpecification","valueRequired":true,"valueName":"search_term_string"}}],"inLanguage":"fr-FR"},{"@type":"Person","@id":"https:\/\/isatis.asso.fr\/les-portes-du-sud\/#\/schema\/person\/080e2335249b906465250f5cca6f5e90","name":"portesdusud21gt34se","image":{"@type":"ImageObject","inLanguage":"fr-FR","@id":"https:\/\/secure.gravatar.com\/avatar\/99b9c83f82817b1e53d8c18ab2646bc81653acac881e0d2e4b5253b63b283282?s=96&d=mm&r=g","url":"https:\/\/secure.gravatar.com\/avatar\/99b9c83f82817b1e53d8c18ab2646bc81653acac881e0d2e4b5253b63b283282?s=96&d=mm&r=g","contentUrl":"https:\/\/secure.gravatar.com\/avatar\/99b9c83f82817b1e53d8c18ab2646bc81653acac881e0d2e4b5253b63b283282?s=96&d=mm&r=g","caption":"portesdusud21gt34se"},"url":"https:\/\/isatis.asso.fr\/les-portes-du-sud\/author\/portesdusud21gt34se\/"}]}},"_links":{"self":[{"href":"https:\/\/isatis.asso.fr\/les-portes-du-sud\/wp-json\/wp\/v2\/posts\/951","targetHints":{"allow":["GET"]}}],"collection":[{"href":"https:\/\/isatis.asso.fr\/les-portes-du-sud\/wp-json\/wp\/v2\/posts"}],"about":[{"href":"https:\/\/isatis.asso.fr\/les-portes-du-sud\/wp-json\/wp\/v2\/types\/post"}],"author":[{"embeddable":true,"href":"https:\/\/isatis.asso.fr\/les-portes-du-sud\/wp-json\/wp\/v2\/users\/16"}],"replies":[{"embeddable":true,"href":"https:\/\/isatis.asso.fr\/les-portes-du-sud\/wp-json\/wp\/v2\/comments?post=951"}],"version-history":[{"count":1,"href":"https:\/\/isatis.asso.fr\/les-portes-du-sud\/wp-json\/wp\/v2\/posts\/951\/revisions"}],"predecessor-version":[{"id":952,"href":"https:\/\/isatis.asso.fr\/les-portes-du-sud\/wp-json\/wp\/v2\/posts\/951\/revisions\/952"}],"wp:attachment":[{"href":"https:\/\/isatis.asso.fr\/les-portes-du-sud\/wp-json\/wp\/v2\/media?parent=951"}],"wp:term":[{"taxonomy":"category","embeddable":true,"href":"https:\/\/isatis.asso.fr\/les-portes-du-sud\/wp-json\/wp\/v2\/categories?post=951"},{"taxonomy":"post_tag","embeddable":true,"href":"https:\/\/isatis.asso.fr\/les-portes-du-sud\/wp-json\/wp\/v2\/tags?post=951"}],"curies":[{"name":"wp","href":"https:\/\/api.w.org\/{rel}","templated":true}]}}