{"id":944,"date":"2026-04-14T15:35:51","date_gmt":"2026-04-14T13:35:51","guid":{"rendered":"https:\/\/isatis.asso.fr\/les-portes-du-sud\/?p=944"},"modified":"2026-04-14T15:35:52","modified_gmt":"2026-04-14T13:35:52","slug":"semaine-participative","status":"publish","type":"post","link":"https:\/\/isatis.asso.fr\/les-portes-du-sud\/2026\/04\/14\/semaine-participative\/","title":{"rendered":"Semaine participative"},"content":{"rendered":"\n<p>L\u2019\u00e9quipe des \u00ab\u00a0Portes du Sud- ISATIS\u00a0\u00bb est heureuse de vous convier \u00e0 venir passer <strong>une matin\u00e9e habituellement suivie par votre proche, <\/strong>\u00e0 <strong>l\u2019accueil de jour<\/strong>, lors de la semaine participative du Lundi <strong><u>18 Mai au vendredi 22 Mai 2026.<\/u><\/strong><\/p>\n\n\n\n<p>Cette matin\u00e9e <strong>conviviale<\/strong> sera l\u2019occasion\u00a0de vous faire d\u00e9couvrir <strong>les activit\u00e9s propos\u00e9es<\/strong> \u00e0 l\u2019accueil de jour et d\u2019\u00e9changer avec votre proche et l\u2019\u00e9quipe.<\/p>\n\n\n\n<p>De plus, si vous le souhaitez, nous vous invitons au <strong>d\u00e9jeuner<\/strong> au terme de la matin\u00e9e que nous aurons pass\u00e9e ensemble.<\/p>\n\n\n\n<p>R\u00e9ponse souhait\u00e9e avant le <strong>7 mai 2026<\/strong>.<\/p>\n","protected":false},"excerpt":{"rendered":"<p>L\u2019\u00e9quipe des \u00ab\u00a0Portes du Sud- ISATIS\u00a0\u00bb est heureuse de vous convier \u00e0 venir passer une matin\u00e9e habituellement suivie par votre proche, \u00e0 l\u2019accueil de jour, lors de la semaine participative du Lundi 18 Mai au vendredi 22 Mai 2026. Cette matin\u00e9e conviviale sera l\u2019occasion\u00a0de vous faire d\u00e9couvrir les activit\u00e9s propos\u00e9es \u00e0 l\u2019accueil de jour et [&hellip;]<\/p>\n","protected":false},"author":16,"featured_media":705,"comment_status":"open","ping_status":"open","sticky":false,"template":"","format":"standard","meta":{"_acf_changed":false,"footnotes":""},"categories":[1],"tags":[],"class_list":["post-944","post","type-post","status-publish","format-standard","has-post-thumbnail","hentry","category-non-classe"],"acf":[],"yoast_head":"<!-- This site is optimized with the Yoast SEO plugin v27.3 - https:\/\/yoast.com\/product\/yoast-seo-wordpress\/ -->\n<title>Semaine participative - Les Portes du Sud<\/title>\n<meta name=\"robots\" content=\"index, follow, max-snippet:-1, max-image-preview:large, max-video-preview:-1\" \/>\n<link rel=\"canonical\" href=\"https:\/\/isatis.asso.fr\/les-portes-du-sud\/2026\/04\/14\/semaine-participative\/\" \/>\n<meta property=\"og:locale\" content=\"fr_FR\" \/>\n<meta property=\"og:type\" content=\"article\" \/>\n<meta property=\"og:title\" content=\"Semaine participative - Les Portes du Sud\" \/>\n<meta property=\"og:description\" content=\"L\u2019\u00e9quipe des \u00ab\u00a0Portes du Sud- ISATIS\u00a0\u00bb est heureuse de vous convier \u00e0 venir passer une matin\u00e9e habituellement suivie par votre proche, \u00e0 l\u2019accueil de jour, lors de la semaine participative du Lundi 18 Mai au vendredi 22 Mai 2026. Cette matin\u00e9e conviviale sera l\u2019occasion\u00a0de vous faire d\u00e9couvrir les activit\u00e9s propos\u00e9es \u00e0 l\u2019accueil de jour et [&hellip;]\" \/>\n<meta property=\"og:url\" content=\"https:\/\/isatis.asso.fr\/les-portes-du-sud\/2026\/04\/14\/semaine-participative\/\" \/>\n<meta property=\"og:site_name\" content=\"Les Portes du Sud\" \/>\n<meta property=\"article:published_time\" content=\"2026-04-14T13:35:51+00:00\" \/>\n<meta property=\"article:modified_time\" content=\"2026-04-14T13:35:52+00:00\" \/>\n<meta property=\"og:image\" content=\"https:\/\/isatis.asso.fr\/les-portes-du-sud\/wp-content\/uploads\/sites\/23\/2025\/01\/20250117-110040-scaled.jpg\" \/>\n\t<meta property=\"og:image:width\" content=\"2560\" \/>\n\t<meta property=\"og:image:height\" content=\"1920\" \/>\n\t<meta property=\"og:image:type\" content=\"image\/jpeg\" \/>\n<meta name=\"author\" content=\"portesdusud21gt34se\" \/>\n<meta name=\"twitter:card\" content=\"summary_large_image\" \/>\n<meta name=\"twitter:label1\" content=\"\u00c9crit par\" \/>\n\t<meta name=\"twitter:data1\" content=\"portesdusud21gt34se\" \/>\n\t<meta name=\"twitter:label2\" content=\"Dur\u00e9e de lecture estim\u00e9e\" \/>\n\t<meta name=\"twitter:data2\" content=\"1 minute\" \/>\n<script type=\"application\/ld+json\" class=\"yoast-schema-graph\">{\"@context\":\"https:\\\/\\\/schema.org\",\"@graph\":[{\"@type\":\"Article\",\"@id\":\"https:\\\/\\\/isatis.asso.fr\\\/les-portes-du-sud\\\/2026\\\/04\\\/14\\\/semaine-participative\\\/#article\",\"isPartOf\":{\"@id\":\"https:\\\/\\\/isatis.asso.fr\\\/les-portes-du-sud\\\/2026\\\/04\\\/14\\\/semaine-participative\\\/\"},\"author\":{\"name\":\"portesdusud21gt34se\",\"@id\":\"https:\\\/\\\/isatis.asso.fr\\\/les-portes-du-sud\\\/#\\\/schema\\\/person\\\/080e2335249b906465250f5cca6f5e90\"},\"headline\":\"Semaine participative\",\"datePublished\":\"2026-04-14T13:35:51+00:00\",\"dateModified\":\"2026-04-14T13:35:52+00:00\",\"mainEntityOfPage\":{\"@id\":\"https:\\\/\\\/isatis.asso.fr\\\/les-portes-du-sud\\\/2026\\\/04\\\/14\\\/semaine-participative\\\/\"},\"wordCount\":100,\"commentCount\":0,\"image\":{\"@id\":\"https:\\\/\\\/isatis.asso.fr\\\/les-portes-du-sud\\\/2026\\\/04\\\/14\\\/semaine-participative\\\/#primaryimage\"},\"thumbnailUrl\":\"https:\\\/\\\/isatis.asso.fr\\\/les-portes-du-sud\\\/wp-content\\\/uploads\\\/sites\\\/23\\\/2025\\\/01\\\/20250117-110040-scaled.jpg\",\"inLanguage\":\"fr-FR\",\"potentialAction\":[{\"@type\":\"CommentAction\",\"name\":\"Comment\",\"target\":[\"https:\\\/\\\/isatis.asso.fr\\\/les-portes-du-sud\\\/2026\\\/04\\\/14\\\/semaine-participative\\\/#respond\"]}]},{\"@type\":\"WebPage\",\"@id\":\"https:\\\/\\\/isatis.asso.fr\\\/les-portes-du-sud\\\/2026\\\/04\\\/14\\\/semaine-participative\\\/\",\"url\":\"https:\\\/\\\/isatis.asso.fr\\\/les-portes-du-sud\\\/2026\\\/04\\\/14\\\/semaine-participative\\\/\",\"name\":\"Semaine participative - Les Portes du Sud\",\"isPartOf\":{\"@id\":\"https:\\\/\\\/isatis.asso.fr\\\/les-portes-du-sud\\\/#website\"},\"primaryImageOfPage\":{\"@id\":\"https:\\\/\\\/isatis.asso.fr\\\/les-portes-du-sud\\\/2026\\\/04\\\/14\\\/semaine-participative\\\/#primaryimage\"},\"image\":{\"@id\":\"https:\\\/\\\/isatis.asso.fr\\\/les-portes-du-sud\\\/2026\\\/04\\\/14\\\/semaine-participative\\\/#primaryimage\"},\"thumbnailUrl\":\"https:\\\/\\\/isatis.asso.fr\\\/les-portes-du-sud\\\/wp-content\\\/uploads\\\/sites\\\/23\\\/2025\\\/01\\\/20250117-110040-scaled.jpg\",\"datePublished\":\"2026-04-14T13:35:51+00:00\",\"dateModified\":\"2026-04-14T13:35:52+00:00\",\"author\":{\"@id\":\"https:\\\/\\\/isatis.asso.fr\\\/les-portes-du-sud\\\/#\\\/schema\\\/person\\\/080e2335249b906465250f5cca6f5e90\"},\"breadcrumb\":{\"@id\":\"https:\\\/\\\/isatis.asso.fr\\\/les-portes-du-sud\\\/2026\\\/04\\\/14\\\/semaine-participative\\\/#breadcrumb\"},\"inLanguage\":\"fr-FR\",\"potentialAction\":[{\"@type\":\"ReadAction\",\"target\":[\"https:\\\/\\\/isatis.asso.fr\\\/les-portes-du-sud\\\/2026\\\/04\\\/14\\\/semaine-participative\\\/\"]}]},{\"@type\":\"ImageObject\",\"inLanguage\":\"fr-FR\",\"@id\":\"https:\\\/\\\/isatis.asso.fr\\\/les-portes-du-sud\\\/2026\\\/04\\\/14\\\/semaine-participative\\\/#primaryimage\",\"url\":\"https:\\\/\\\/isatis.asso.fr\\\/les-portes-du-sud\\\/wp-content\\\/uploads\\\/sites\\\/23\\\/2025\\\/01\\\/20250117-110040-scaled.jpg\",\"contentUrl\":\"https:\\\/\\\/isatis.asso.fr\\\/les-portes-du-sud\\\/wp-content\\\/uploads\\\/sites\\\/23\\\/2025\\\/01\\\/20250117-110040-scaled.jpg\",\"width\":2560,\"height\":1920},{\"@type\":\"BreadcrumbList\",\"@id\":\"https:\\\/\\\/isatis.asso.fr\\\/les-portes-du-sud\\\/2026\\\/04\\\/14\\\/semaine-participative\\\/#breadcrumb\",\"itemListElement\":[{\"@type\":\"ListItem\",\"position\":1,\"name\":\"Accueil\",\"item\":\"https:\\\/\\\/isatis.asso.fr\\\/les-portes-du-sud\\\/\"},{\"@type\":\"ListItem\",\"position\":2,\"name\":\"Semaine participative\"}]},{\"@type\":\"WebSite\",\"@id\":\"https:\\\/\\\/isatis.asso.fr\\\/les-portes-du-sud\\\/#website\",\"url\":\"https:\\\/\\\/isatis.asso.fr\\\/les-portes-du-sud\\\/\",\"name\":\"Les Portes du Sud\",\"description\":\"CENTRE D\u2019ACCUEIL DE JOUR\",\"potentialAction\":[{\"@type\":\"SearchAction\",\"target\":{\"@type\":\"EntryPoint\",\"urlTemplate\":\"https:\\\/\\\/isatis.asso.fr\\\/les-portes-du-sud\\\/?s={search_term_string}\"},\"query-input\":{\"@type\":\"PropertyValueSpecification\",\"valueRequired\":true,\"valueName\":\"search_term_string\"}}],\"inLanguage\":\"fr-FR\"},{\"@type\":\"Person\",\"@id\":\"https:\\\/\\\/isatis.asso.fr\\\/les-portes-du-sud\\\/#\\\/schema\\\/person\\\/080e2335249b906465250f5cca6f5e90\",\"name\":\"portesdusud21gt34se\",\"image\":{\"@type\":\"ImageObject\",\"inLanguage\":\"fr-FR\",\"@id\":\"https:\\\/\\\/secure.gravatar.com\\\/avatar\\\/99b9c83f82817b1e53d8c18ab2646bc81653acac881e0d2e4b5253b63b283282?s=96&d=mm&r=g\",\"url\":\"https:\\\/\\\/secure.gravatar.com\\\/avatar\\\/99b9c83f82817b1e53d8c18ab2646bc81653acac881e0d2e4b5253b63b283282?s=96&d=mm&r=g\",\"contentUrl\":\"https:\\\/\\\/secure.gravatar.com\\\/avatar\\\/99b9c83f82817b1e53d8c18ab2646bc81653acac881e0d2e4b5253b63b283282?s=96&d=mm&r=g\",\"caption\":\"portesdusud21gt34se\"},\"url\":\"https:\\\/\\\/isatis.asso.fr\\\/les-portes-du-sud\\\/author\\\/portesdusud21gt34se\\\/\"}]}<\/script>\n<!-- \/ Yoast SEO plugin. -->","yoast_head_json":{"title":"Semaine participative - Les Portes du Sud","robots":{"index":"index","follow":"follow","max-snippet":"max-snippet:-1","max-image-preview":"max-image-preview:large","max-video-preview":"max-video-preview:-1"},"canonical":"https:\/\/isatis.asso.fr\/les-portes-du-sud\/2026\/04\/14\/semaine-participative\/","og_locale":"fr_FR","og_type":"article","og_title":"Semaine participative - Les Portes du Sud","og_description":"L\u2019\u00e9quipe des \u00ab\u00a0Portes du Sud- ISATIS\u00a0\u00bb est heureuse de vous convier \u00e0 venir passer une matin\u00e9e habituellement suivie par votre proche, \u00e0 l\u2019accueil de jour, lors de la semaine participative du Lundi 18 Mai au vendredi 22 Mai 2026. Cette matin\u00e9e conviviale sera l\u2019occasion\u00a0de vous faire d\u00e9couvrir les activit\u00e9s propos\u00e9es \u00e0 l\u2019accueil de jour et [&hellip;]","og_url":"https:\/\/isatis.asso.fr\/les-portes-du-sud\/2026\/04\/14\/semaine-participative\/","og_site_name":"Les Portes du Sud","article_published_time":"2026-04-14T13:35:51+00:00","article_modified_time":"2026-04-14T13:35:52+00:00","og_image":[{"width":2560,"height":1920,"url":"https:\/\/isatis.asso.fr\/les-portes-du-sud\/wp-content\/uploads\/sites\/23\/2025\/01\/20250117-110040-scaled.jpg","type":"image\/jpeg"}],"author":"portesdusud21gt34se","twitter_card":"summary_large_image","twitter_misc":{"\u00c9crit par":"portesdusud21gt34se","Dur\u00e9e de lecture estim\u00e9e":"1 minute"},"schema":{"@context":"https:\/\/schema.org","@graph":[{"@type":"Article","@id":"https:\/\/isatis.asso.fr\/les-portes-du-sud\/2026\/04\/14\/semaine-participative\/#article","isPartOf":{"@id":"https:\/\/isatis.asso.fr\/les-portes-du-sud\/2026\/04\/14\/semaine-participative\/"},"author":{"name":"portesdusud21gt34se","@id":"https:\/\/isatis.asso.fr\/les-portes-du-sud\/#\/schema\/person\/080e2335249b906465250f5cca6f5e90"},"headline":"Semaine participative","datePublished":"2026-04-14T13:35:51+00:00","dateModified":"2026-04-14T13:35:52+00:00","mainEntityOfPage":{"@id":"https:\/\/isatis.asso.fr\/les-portes-du-sud\/2026\/04\/14\/semaine-participative\/"},"wordCount":100,"commentCount":0,"image":{"@id":"https:\/\/isatis.asso.fr\/les-portes-du-sud\/2026\/04\/14\/semaine-participative\/#primaryimage"},"thumbnailUrl":"https:\/\/isatis.asso.fr\/les-portes-du-sud\/wp-content\/uploads\/sites\/23\/2025\/01\/20250117-110040-scaled.jpg","inLanguage":"fr-FR","potentialAction":[{"@type":"CommentAction","name":"Comment","target":["https:\/\/isatis.asso.fr\/les-portes-du-sud\/2026\/04\/14\/semaine-participative\/#respond"]}]},{"@type":"WebPage","@id":"https:\/\/isatis.asso.fr\/les-portes-du-sud\/2026\/04\/14\/semaine-participative\/","url":"https:\/\/isatis.asso.fr\/les-portes-du-sud\/2026\/04\/14\/semaine-participative\/","name":"Semaine participative - Les Portes du Sud","isPartOf":{"@id":"https:\/\/isatis.asso.fr\/les-portes-du-sud\/#website"},"primaryImageOfPage":{"@id":"https:\/\/isatis.asso.fr\/les-portes-du-sud\/2026\/04\/14\/semaine-participative\/#primaryimage"},"image":{"@id":"https:\/\/isatis.asso.fr\/les-portes-du-sud\/2026\/04\/14\/semaine-participative\/#primaryimage"},"thumbnailUrl":"https:\/\/isatis.asso.fr\/les-portes-du-sud\/wp-content\/uploads\/sites\/23\/2025\/01\/20250117-110040-scaled.jpg","datePublished":"2026-04-14T13:35:51+00:00","dateModified":"2026-04-14T13:35:52+00:00","author":{"@id":"https:\/\/isatis.asso.fr\/les-portes-du-sud\/#\/schema\/person\/080e2335249b906465250f5cca6f5e90"},"breadcrumb":{"@id":"https:\/\/isatis.asso.fr\/les-portes-du-sud\/2026\/04\/14\/semaine-participative\/#breadcrumb"},"inLanguage":"fr-FR","potentialAction":[{"@type":"ReadAction","target":["https:\/\/isatis.asso.fr\/les-portes-du-sud\/2026\/04\/14\/semaine-participative\/"]}]},{"@type":"ImageObject","inLanguage":"fr-FR","@id":"https:\/\/isatis.asso.fr\/les-portes-du-sud\/2026\/04\/14\/semaine-participative\/#primaryimage","url":"https:\/\/isatis.asso.fr\/les-portes-du-sud\/wp-content\/uploads\/sites\/23\/2025\/01\/20250117-110040-scaled.jpg","contentUrl":"https:\/\/isatis.asso.fr\/les-portes-du-sud\/wp-content\/uploads\/sites\/23\/2025\/01\/20250117-110040-scaled.jpg","width":2560,"height":1920},{"@type":"BreadcrumbList","@id":"https:\/\/isatis.asso.fr\/les-portes-du-sud\/2026\/04\/14\/semaine-participative\/#breadcrumb","itemListElement":[{"@type":"ListItem","position":1,"name":"Accueil","item":"https:\/\/isatis.asso.fr\/les-portes-du-sud\/"},{"@type":"ListItem","position":2,"name":"Semaine participative"}]},{"@type":"WebSite","@id":"https:\/\/isatis.asso.fr\/les-portes-du-sud\/#website","url":"https:\/\/isatis.asso.fr\/les-portes-du-sud\/","name":"Les Portes du Sud","description":"CENTRE D\u2019ACCUEIL DE JOUR","potentialAction":[{"@type":"SearchAction","target":{"@type":"EntryPoint","urlTemplate":"https:\/\/isatis.asso.fr\/les-portes-du-sud\/?s={search_term_string}"},"query-input":{"@type":"PropertyValueSpecification","valueRequired":true,"valueName":"search_term_string"}}],"inLanguage":"fr-FR"},{"@type":"Person","@id":"https:\/\/isatis.asso.fr\/les-portes-du-sud\/#\/schema\/person\/080e2335249b906465250f5cca6f5e90","name":"portesdusud21gt34se","image":{"@type":"ImageObject","inLanguage":"fr-FR","@id":"https:\/\/secure.gravatar.com\/avatar\/99b9c83f82817b1e53d8c18ab2646bc81653acac881e0d2e4b5253b63b283282?s=96&d=mm&r=g","url":"https:\/\/secure.gravatar.com\/avatar\/99b9c83f82817b1e53d8c18ab2646bc81653acac881e0d2e4b5253b63b283282?s=96&d=mm&r=g","contentUrl":"https:\/\/secure.gravatar.com\/avatar\/99b9c83f82817b1e53d8c18ab2646bc81653acac881e0d2e4b5253b63b283282?s=96&d=mm&r=g","caption":"portesdusud21gt34se"},"url":"https:\/\/isatis.asso.fr\/les-portes-du-sud\/author\/portesdusud21gt34se\/"}]}},"_links":{"self":[{"href":"https:\/\/isatis.asso.fr\/les-portes-du-sud\/wp-json\/wp\/v2\/posts\/944","targetHints":{"allow":["GET"]}}],"collection":[{"href":"https:\/\/isatis.asso.fr\/les-portes-du-sud\/wp-json\/wp\/v2\/posts"}],"about":[{"href":"https:\/\/isatis.asso.fr\/les-portes-du-sud\/wp-json\/wp\/v2\/types\/post"}],"author":[{"embeddable":true,"href":"https:\/\/isatis.asso.fr\/les-portes-du-sud\/wp-json\/wp\/v2\/users\/16"}],"replies":[{"embeddable":true,"href":"https:\/\/isatis.asso.fr\/les-portes-du-sud\/wp-json\/wp\/v2\/comments?post=944"}],"version-history":[{"count":1,"href":"https:\/\/isatis.asso.fr\/les-portes-du-sud\/wp-json\/wp\/v2\/posts\/944\/revisions"}],"predecessor-version":[{"id":945,"href":"https:\/\/isatis.asso.fr\/les-portes-du-sud\/wp-json\/wp\/v2\/posts\/944\/revisions\/945"}],"wp:featuredmedia":[{"embeddable":true,"href":"https:\/\/isatis.asso.fr\/les-portes-du-sud\/wp-json\/wp\/v2\/media\/705"}],"wp:attachment":[{"href":"https:\/\/isatis.asso.fr\/les-portes-du-sud\/wp-json\/wp\/v2\/media?parent=944"}],"wp:term":[{"taxonomy":"category","embeddable":true,"href":"https:\/\/isatis.asso.fr\/les-portes-du-sud\/wp-json\/wp\/v2\/categories?post=944"},{"taxonomy":"post_tag","embeddable":true,"href":"https:\/\/isatis.asso.fr\/les-portes-du-sud\/wp-json\/wp\/v2\/tags?post=944"}],"curies":[{"name":"wp","href":"https:\/\/api.w.org\/{rel}","templated":true}]}}