{"id":926,"date":"2026-03-31T16:03:00","date_gmt":"2026-03-31T14:03:00","guid":{"rendered":"https:\/\/isatis.asso.fr\/les-portes-du-sud\/?p=926"},"modified":"2026-04-14T15:08:39","modified_gmt":"2026-04-14T13:08:39","slug":"sortie-lpds-fevrier-2026","status":"publish","type":"post","link":"https:\/\/isatis.asso.fr\/les-portes-du-sud\/2026\/03\/31\/sortie-lpds-fevrier-2026\/","title":{"rendered":"Sortie LPDS f\u00e9vrier 2026"},"content":{"rendered":"\n<ul class=\"wp-block-list\">\n<li><strong>BNF &#8211; <em>Dis quand reviendras-tu? Barbara et son public<\/em><\/strong> &#8211; <strong>17\/02\/2026<\/strong><\/li>\n<\/ul>\n\n\n\n<div class=\"wp-block-columns is-layout-flex wp-container-core-columns-is-layout-9d6595d7 wp-block-columns-is-layout-flex\">\n<div class=\"wp-block-column is-layout-flow wp-block-column-is-layout-flow\">\n<figure class=\"wp-block-image size-large\"><img loading=\"lazy\" decoding=\"async\" width=\"768\" height=\"1024\" src=\"https:\/\/isatis.asso.fr\/les-portes-du-sud\/wp-content\/uploads\/sites\/23\/2026\/04\/img-4169-bis-768x1024.jpg\" alt=\"\" class=\"wp-image-937\" srcset=\"https:\/\/isatis.asso.fr\/les-portes-du-sud\/wp-content\/uploads\/sites\/23\/2026\/04\/img-4169-bis-768x1024.jpg 768w, https:\/\/isatis.asso.fr\/les-portes-du-sud\/wp-content\/uploads\/sites\/23\/2026\/04\/img-4169-bis-225x300.jpg 225w, https:\/\/isatis.asso.fr\/les-portes-du-sud\/wp-content\/uploads\/sites\/23\/2026\/04\/img-4169-bis-1152x1536.jpg 1152w, https:\/\/isatis.asso.fr\/les-portes-du-sud\/wp-content\/uploads\/sites\/23\/2026\/04\/img-4169-bis-1536x2048.jpg 1536w, https:\/\/isatis.asso.fr\/les-portes-du-sud\/wp-content\/uploads\/sites\/23\/2026\/04\/img-4169-bis-750x1000.jpg 750w, https:\/\/isatis.asso.fr\/les-portes-du-sud\/wp-content\/uploads\/sites\/23\/2026\/04\/img-4169-bis-scaled.jpg 1920w\" sizes=\"auto, (max-width: 768px) 100vw, 768px\" \/><\/figure>\n<\/div>\n\n\n\n<div class=\"wp-block-column is-layout-flow wp-block-column-is-layout-flow\">\n<figure class=\"wp-block-image size-large\"><img loading=\"lazy\" decoding=\"async\" width=\"768\" height=\"1024\" src=\"https:\/\/isatis.asso.fr\/les-portes-du-sud\/wp-content\/uploads\/sites\/23\/2026\/04\/img-4172-bis-768x1024.jpg\" alt=\"\" class=\"wp-image-929\" srcset=\"https:\/\/isatis.asso.fr\/les-portes-du-sud\/wp-content\/uploads\/sites\/23\/2026\/04\/img-4172-bis-768x1024.jpg 768w, https:\/\/isatis.asso.fr\/les-portes-du-sud\/wp-content\/uploads\/sites\/23\/2026\/04\/img-4172-bis-225x300.jpg 225w, https:\/\/isatis.asso.fr\/les-portes-du-sud\/wp-content\/uploads\/sites\/23\/2026\/04\/img-4172-bis-1152x1536.jpg 1152w, https:\/\/isatis.asso.fr\/les-portes-du-sud\/wp-content\/uploads\/sites\/23\/2026\/04\/img-4172-bis-1536x2048.jpg 1536w, https:\/\/isatis.asso.fr\/les-portes-du-sud\/wp-content\/uploads\/sites\/23\/2026\/04\/img-4172-bis-750x1000.jpg 750w, https:\/\/isatis.asso.fr\/les-portes-du-sud\/wp-content\/uploads\/sites\/23\/2026\/04\/img-4172-bis-scaled.jpg 1920w\" sizes=\"auto, (max-width: 768px) 100vw, 768px\" \/><\/figure>\n<\/div>\n\n\n\n<div class=\"wp-block-column is-layout-flow wp-block-column-is-layout-flow\">\n<figure class=\"wp-block-image size-large\"><img loading=\"lazy\" decoding=\"async\" width=\"768\" height=\"1024\" src=\"https:\/\/isatis.asso.fr\/les-portes-du-sud\/wp-content\/uploads\/sites\/23\/2026\/04\/img-4184-bis-768x1024.jpg\" alt=\"\" class=\"wp-image-930\" srcset=\"https:\/\/isatis.asso.fr\/les-portes-du-sud\/wp-content\/uploads\/sites\/23\/2026\/04\/img-4184-bis-768x1024.jpg 768w, https:\/\/isatis.asso.fr\/les-portes-du-sud\/wp-content\/uploads\/sites\/23\/2026\/04\/img-4184-bis-225x300.jpg 225w, https:\/\/isatis.asso.fr\/les-portes-du-sud\/wp-content\/uploads\/sites\/23\/2026\/04\/img-4184-bis-1152x1536.jpg 1152w, https:\/\/isatis.asso.fr\/les-portes-du-sud\/wp-content\/uploads\/sites\/23\/2026\/04\/img-4184-bis-1536x2048.jpg 1536w, https:\/\/isatis.asso.fr\/les-portes-du-sud\/wp-content\/uploads\/sites\/23\/2026\/04\/img-4184-bis-750x1000.jpg 750w, https:\/\/isatis.asso.fr\/les-portes-du-sud\/wp-content\/uploads\/sites\/23\/2026\/04\/img-4184-bis-scaled.jpg 1920w\" sizes=\"auto, (max-width: 768px) 100vw, 768px\" \/><\/figure>\n<\/div>\n<\/div>\n\n\n\n<p>Ic\u00f4ne du XX\u00e8me si\u00e8cle, Monique Serf a marqu\u00e9 les esprits de nombreux fran\u00e7aises et fran\u00e7ais ! Une petite exposition qui a permis aux personnes accueillies de d\u00e9couvrir l&rsquo;autrice-compositrice-interpr\u00e8te et femme engag\u00e9e aupr\u00e8s des malades du SIDA.<\/p>\n\n\n\n<p>Paroles de personnes accueillies : \u00ab\u00a0\u00e7a me bouleverse\u00a0\u00bb, \u00ab\u00a0je suis ailleurs, dans les souvenirs\u00a0\u00bb, \u00ab\u00a0c&rsquo;\u00e9tait merveilleux\u00a0\u00bb.<\/p>\n\n\n\n<p>Cette sortie de proximit\u00e9 a \u00e9galement permis de red\u00e9couvrir cette institution qu&rsquo;est la BNF (Biblioth\u00e8que Nationale de France), plus importante biblioth\u00e8que de France; une petite fiert\u00e9 dans le 13\u00e8me arrondissement de Paris !<\/p>\n\n\n\n<ul class=\"wp-block-list\">\n<li><strong>Mus\u00e9e de l&rsquo;Orangerie &#8211; 26\/02\/2026<\/strong><\/li>\n<\/ul>\n\n\n\n<div class=\"wp-block-columns is-layout-flex wp-container-core-columns-is-layout-9d6595d7 wp-block-columns-is-layout-flex\">\n<div class=\"wp-block-column is-layout-flow wp-block-column-is-layout-flow\">\n<figure class=\"wp-block-image size-large\"><img loading=\"lazy\" decoding=\"async\" width=\"1024\" height=\"768\" src=\"https:\/\/isatis.asso.fr\/les-portes-du-sud\/wp-content\/uploads\/sites\/23\/2026\/04\/img-5649-bis-1024x768.jpg\" alt=\"\" class=\"wp-image-939\" srcset=\"https:\/\/isatis.asso.fr\/les-portes-du-sud\/wp-content\/uploads\/sites\/23\/2026\/04\/img-5649-bis-1024x768.jpg 1024w, https:\/\/isatis.asso.fr\/les-portes-du-sud\/wp-content\/uploads\/sites\/23\/2026\/04\/img-5649-bis-300x225.jpg 300w, https:\/\/isatis.asso.fr\/les-portes-du-sud\/wp-content\/uploads\/sites\/23\/2026\/04\/img-5649-bis-768x576.jpg 768w, https:\/\/isatis.asso.fr\/les-portes-du-sud\/wp-content\/uploads\/sites\/23\/2026\/04\/img-5649-bis-1536x1152.jpg 1536w, https:\/\/isatis.asso.fr\/les-portes-du-sud\/wp-content\/uploads\/sites\/23\/2026\/04\/img-5649-bis-2048x1536.jpg 2048w, https:\/\/isatis.asso.fr\/les-portes-du-sud\/wp-content\/uploads\/sites\/23\/2026\/04\/img-5649-bis-1333x1000.jpg 1333w\" sizes=\"auto, (max-width: 1024px) 100vw, 1024px\" \/><\/figure>\n<\/div>\n<\/div>\n\n\n\n<p>Une visite au mus\u00e9e de l&rsquo;Orangerie afin de plonger dans l&rsquo;univers des impressionnistes et postimpressionnistes, et profiter des couleurs chatoyantes des diff\u00e9rents tableaux.<\/p>\n\n\n\n<p>Nous avons vus les Nymph\u00e9as de Claude Monet, ils \u00e9taient tr\u00e8s impressionnants. Puis nous avons admir\u00e9s les tableaux de plusieurs artistes tels que : Renoir, Matisse, Picasso ainsi que l&rsquo;int\u00e9rieur de Paul Guillaume.<\/p>\n","protected":false},"excerpt":{"rendered":"<p>Ic\u00f4ne du XX\u00e8me si\u00e8cle, Monique Serf a marqu\u00e9 les esprits de nombreux fran\u00e7aises et fran\u00e7ais ! Une petite exposition qui a permis aux personnes accueillies de d\u00e9couvrir l&rsquo;autrice-compositrice-interpr\u00e8te et femme engag\u00e9e aupr\u00e8s des malades du SIDA. Paroles de personnes accueillies : \u00ab\u00a0\u00e7a me bouleverse\u00a0\u00bb, \u00ab\u00a0je suis ailleurs, dans les souvenirs\u00a0\u00bb, \u00ab\u00a0c&rsquo;\u00e9tait merveilleux\u00a0\u00bb. Cette sortie de [&hellip;]<\/p>\n","protected":false},"author":16,"featured_media":938,"comment_status":"open","ping_status":"open","sticky":false,"template":"","format":"standard","meta":{"_acf_changed":false,"footnotes":""},"categories":[1],"tags":[],"class_list":["post-926","post","type-post","status-publish","format-standard","has-post-thumbnail","hentry","category-non-classe"],"acf":[],"yoast_head":"<!-- This site is optimized with the Yoast SEO plugin v27.3 - https:\/\/yoast.com\/product\/yoast-seo-wordpress\/ -->\n<title>Sortie LPDS f\u00e9vrier 2026 - Les Portes du Sud<\/title>\n<meta name=\"robots\" content=\"index, follow, max-snippet:-1, max-image-preview:large, max-video-preview:-1\" \/>\n<link rel=\"canonical\" href=\"https:\/\/isatis.asso.fr\/les-portes-du-sud\/2026\/03\/31\/sortie-lpds-fevrier-2026\/\" \/>\n<meta property=\"og:locale\" content=\"fr_FR\" \/>\n<meta property=\"og:type\" content=\"article\" \/>\n<meta property=\"og:title\" content=\"Sortie LPDS f\u00e9vrier 2026 - Les Portes du Sud\" \/>\n<meta property=\"og:description\" content=\"Ic\u00f4ne du XX\u00e8me si\u00e8cle, Monique Serf a marqu\u00e9 les esprits de nombreux fran\u00e7aises et fran\u00e7ais ! Une petite exposition qui a permis aux personnes accueillies de d\u00e9couvrir l&rsquo;autrice-compositrice-interpr\u00e8te et femme engag\u00e9e aupr\u00e8s des malades du SIDA. Paroles de personnes accueillies : \u00ab\u00a0\u00e7a me bouleverse\u00a0\u00bb, \u00ab\u00a0je suis ailleurs, dans les souvenirs\u00a0\u00bb, \u00ab\u00a0c&rsquo;\u00e9tait merveilleux\u00a0\u00bb. Cette sortie de [&hellip;]\" \/>\n<meta property=\"og:url\" content=\"https:\/\/isatis.asso.fr\/les-portes-du-sud\/2026\/03\/31\/sortie-lpds-fevrier-2026\/\" \/>\n<meta property=\"og:site_name\" content=\"Les Portes du Sud\" \/>\n<meta property=\"article:published_time\" content=\"2026-03-31T14:03:00+00:00\" \/>\n<meta property=\"article:modified_time\" content=\"2026-04-14T13:08:39+00:00\" \/>\n<meta property=\"og:image\" content=\"https:\/\/isatis.asso.fr\/les-portes-du-sud\/wp-content\/uploads\/sites\/23\/2026\/04\/img-5605-bis-scaled.jpg\" \/>\n\t<meta property=\"og:image:width\" content=\"2560\" \/>\n\t<meta property=\"og:image:height\" content=\"1920\" \/>\n\t<meta property=\"og:image:type\" content=\"image\/jpeg\" \/>\n<meta name=\"author\" content=\"portesdusud21gt34se\" \/>\n<meta name=\"twitter:card\" content=\"summary_large_image\" \/>\n<meta name=\"twitter:label1\" content=\"\u00c9crit par\" \/>\n\t<meta name=\"twitter:data1\" content=\"portesdusud21gt34se\" \/>\n\t<meta name=\"twitter:label2\" content=\"Dur\u00e9e de lecture estim\u00e9e\" \/>\n\t<meta name=\"twitter:data2\" content=\"2 minutes\" \/>\n<script type=\"application\/ld+json\" class=\"yoast-schema-graph\">{\"@context\":\"https:\\\/\\\/schema.org\",\"@graph\":[{\"@type\":\"Article\",\"@id\":\"https:\\\/\\\/isatis.asso.fr\\\/les-portes-du-sud\\\/2026\\\/03\\\/31\\\/sortie-lpds-fevrier-2026\\\/#article\",\"isPartOf\":{\"@id\":\"https:\\\/\\\/isatis.asso.fr\\\/les-portes-du-sud\\\/2026\\\/03\\\/31\\\/sortie-lpds-fevrier-2026\\\/\"},\"author\":{\"name\":\"portesdusud21gt34se\",\"@id\":\"https:\\\/\\\/isatis.asso.fr\\\/les-portes-du-sud\\\/#\\\/schema\\\/person\\\/080e2335249b906465250f5cca6f5e90\"},\"headline\":\"Sortie LPDS f\u00e9vrier 2026\",\"datePublished\":\"2026-03-31T14:03:00+00:00\",\"dateModified\":\"2026-04-14T13:08:39+00:00\",\"mainEntityOfPage\":{\"@id\":\"https:\\\/\\\/isatis.asso.fr\\\/les-portes-du-sud\\\/2026\\\/03\\\/31\\\/sortie-lpds-fevrier-2026\\\/\"},\"wordCount\":181,\"commentCount\":0,\"image\":{\"@id\":\"https:\\\/\\\/isatis.asso.fr\\\/les-portes-du-sud\\\/2026\\\/03\\\/31\\\/sortie-lpds-fevrier-2026\\\/#primaryimage\"},\"thumbnailUrl\":\"https:\\\/\\\/isatis.asso.fr\\\/les-portes-du-sud\\\/wp-content\\\/uploads\\\/sites\\\/23\\\/2026\\\/04\\\/img-5605-bis-scaled.jpg\",\"inLanguage\":\"fr-FR\",\"potentialAction\":[{\"@type\":\"CommentAction\",\"name\":\"Comment\",\"target\":[\"https:\\\/\\\/isatis.asso.fr\\\/les-portes-du-sud\\\/2026\\\/03\\\/31\\\/sortie-lpds-fevrier-2026\\\/#respond\"]}]},{\"@type\":\"WebPage\",\"@id\":\"https:\\\/\\\/isatis.asso.fr\\\/les-portes-du-sud\\\/2026\\\/03\\\/31\\\/sortie-lpds-fevrier-2026\\\/\",\"url\":\"https:\\\/\\\/isatis.asso.fr\\\/les-portes-du-sud\\\/2026\\\/03\\\/31\\\/sortie-lpds-fevrier-2026\\\/\",\"name\":\"Sortie LPDS f\u00e9vrier 2026 - Les Portes du Sud\",\"isPartOf\":{\"@id\":\"https:\\\/\\\/isatis.asso.fr\\\/les-portes-du-sud\\\/#website\"},\"primaryImageOfPage\":{\"@id\":\"https:\\\/\\\/isatis.asso.fr\\\/les-portes-du-sud\\\/2026\\\/03\\\/31\\\/sortie-lpds-fevrier-2026\\\/#primaryimage\"},\"image\":{\"@id\":\"https:\\\/\\\/isatis.asso.fr\\\/les-portes-du-sud\\\/2026\\\/03\\\/31\\\/sortie-lpds-fevrier-2026\\\/#primaryimage\"},\"thumbnailUrl\":\"https:\\\/\\\/isatis.asso.fr\\\/les-portes-du-sud\\\/wp-content\\\/uploads\\\/sites\\\/23\\\/2026\\\/04\\\/img-5605-bis-scaled.jpg\",\"datePublished\":\"2026-03-31T14:03:00+00:00\",\"dateModified\":\"2026-04-14T13:08:39+00:00\",\"author\":{\"@id\":\"https:\\\/\\\/isatis.asso.fr\\\/les-portes-du-sud\\\/#\\\/schema\\\/person\\\/080e2335249b906465250f5cca6f5e90\"},\"breadcrumb\":{\"@id\":\"https:\\\/\\\/isatis.asso.fr\\\/les-portes-du-sud\\\/2026\\\/03\\\/31\\\/sortie-lpds-fevrier-2026\\\/#breadcrumb\"},\"inLanguage\":\"fr-FR\",\"potentialAction\":[{\"@type\":\"ReadAction\",\"target\":[\"https:\\\/\\\/isatis.asso.fr\\\/les-portes-du-sud\\\/2026\\\/03\\\/31\\\/sortie-lpds-fevrier-2026\\\/\"]}]},{\"@type\":\"ImageObject\",\"inLanguage\":\"fr-FR\",\"@id\":\"https:\\\/\\\/isatis.asso.fr\\\/les-portes-du-sud\\\/2026\\\/03\\\/31\\\/sortie-lpds-fevrier-2026\\\/#primaryimage\",\"url\":\"https:\\\/\\\/isatis.asso.fr\\\/les-portes-du-sud\\\/wp-content\\\/uploads\\\/sites\\\/23\\\/2026\\\/04\\\/img-5605-bis-scaled.jpg\",\"contentUrl\":\"https:\\\/\\\/isatis.asso.fr\\\/les-portes-du-sud\\\/wp-content\\\/uploads\\\/sites\\\/23\\\/2026\\\/04\\\/img-5605-bis-scaled.jpg\",\"width\":2560,\"height\":1920},{\"@type\":\"BreadcrumbList\",\"@id\":\"https:\\\/\\\/isatis.asso.fr\\\/les-portes-du-sud\\\/2026\\\/03\\\/31\\\/sortie-lpds-fevrier-2026\\\/#breadcrumb\",\"itemListElement\":[{\"@type\":\"ListItem\",\"position\":1,\"name\":\"Accueil\",\"item\":\"https:\\\/\\\/isatis.asso.fr\\\/les-portes-du-sud\\\/\"},{\"@type\":\"ListItem\",\"position\":2,\"name\":\"Sortie LPDS f\u00e9vrier 2026\"}]},{\"@type\":\"WebSite\",\"@id\":\"https:\\\/\\\/isatis.asso.fr\\\/les-portes-du-sud\\\/#website\",\"url\":\"https:\\\/\\\/isatis.asso.fr\\\/les-portes-du-sud\\\/\",\"name\":\"Les Portes du Sud\",\"description\":\"CENTRE D\u2019ACCUEIL DE JOUR\",\"potentialAction\":[{\"@type\":\"SearchAction\",\"target\":{\"@type\":\"EntryPoint\",\"urlTemplate\":\"https:\\\/\\\/isatis.asso.fr\\\/les-portes-du-sud\\\/?s={search_term_string}\"},\"query-input\":{\"@type\":\"PropertyValueSpecification\",\"valueRequired\":true,\"valueName\":\"search_term_string\"}}],\"inLanguage\":\"fr-FR\"},{\"@type\":\"Person\",\"@id\":\"https:\\\/\\\/isatis.asso.fr\\\/les-portes-du-sud\\\/#\\\/schema\\\/person\\\/080e2335249b906465250f5cca6f5e90\",\"name\":\"portesdusud21gt34se\",\"image\":{\"@type\":\"ImageObject\",\"inLanguage\":\"fr-FR\",\"@id\":\"https:\\\/\\\/secure.gravatar.com\\\/avatar\\\/99b9c83f82817b1e53d8c18ab2646bc81653acac881e0d2e4b5253b63b283282?s=96&d=mm&r=g\",\"url\":\"https:\\\/\\\/secure.gravatar.com\\\/avatar\\\/99b9c83f82817b1e53d8c18ab2646bc81653acac881e0d2e4b5253b63b283282?s=96&d=mm&r=g\",\"contentUrl\":\"https:\\\/\\\/secure.gravatar.com\\\/avatar\\\/99b9c83f82817b1e53d8c18ab2646bc81653acac881e0d2e4b5253b63b283282?s=96&d=mm&r=g\",\"caption\":\"portesdusud21gt34se\"},\"url\":\"https:\\\/\\\/isatis.asso.fr\\\/les-portes-du-sud\\\/author\\\/portesdusud21gt34se\\\/\"}]}<\/script>\n<!-- \/ Yoast SEO plugin. -->","yoast_head_json":{"title":"Sortie LPDS f\u00e9vrier 2026 - Les Portes du Sud","robots":{"index":"index","follow":"follow","max-snippet":"max-snippet:-1","max-image-preview":"max-image-preview:large","max-video-preview":"max-video-preview:-1"},"canonical":"https:\/\/isatis.asso.fr\/les-portes-du-sud\/2026\/03\/31\/sortie-lpds-fevrier-2026\/","og_locale":"fr_FR","og_type":"article","og_title":"Sortie LPDS f\u00e9vrier 2026 - Les Portes du Sud","og_description":"Ic\u00f4ne du XX\u00e8me si\u00e8cle, Monique Serf a marqu\u00e9 les esprits de nombreux fran\u00e7aises et fran\u00e7ais ! Une petite exposition qui a permis aux personnes accueillies de d\u00e9couvrir l&rsquo;autrice-compositrice-interpr\u00e8te et femme engag\u00e9e aupr\u00e8s des malades du SIDA. Paroles de personnes accueillies : \u00ab\u00a0\u00e7a me bouleverse\u00a0\u00bb, \u00ab\u00a0je suis ailleurs, dans les souvenirs\u00a0\u00bb, \u00ab\u00a0c&rsquo;\u00e9tait merveilleux\u00a0\u00bb. Cette sortie de [&hellip;]","og_url":"https:\/\/isatis.asso.fr\/les-portes-du-sud\/2026\/03\/31\/sortie-lpds-fevrier-2026\/","og_site_name":"Les Portes du Sud","article_published_time":"2026-03-31T14:03:00+00:00","article_modified_time":"2026-04-14T13:08:39+00:00","og_image":[{"width":2560,"height":1920,"url":"https:\/\/isatis.asso.fr\/les-portes-du-sud\/wp-content\/uploads\/sites\/23\/2026\/04\/img-5605-bis-scaled.jpg","type":"image\/jpeg"}],"author":"portesdusud21gt34se","twitter_card":"summary_large_image","twitter_misc":{"\u00c9crit par":"portesdusud21gt34se","Dur\u00e9e de lecture estim\u00e9e":"2 minutes"},"schema":{"@context":"https:\/\/schema.org","@graph":[{"@type":"Article","@id":"https:\/\/isatis.asso.fr\/les-portes-du-sud\/2026\/03\/31\/sortie-lpds-fevrier-2026\/#article","isPartOf":{"@id":"https:\/\/isatis.asso.fr\/les-portes-du-sud\/2026\/03\/31\/sortie-lpds-fevrier-2026\/"},"author":{"name":"portesdusud21gt34se","@id":"https:\/\/isatis.asso.fr\/les-portes-du-sud\/#\/schema\/person\/080e2335249b906465250f5cca6f5e90"},"headline":"Sortie LPDS f\u00e9vrier 2026","datePublished":"2026-03-31T14:03:00+00:00","dateModified":"2026-04-14T13:08:39+00:00","mainEntityOfPage":{"@id":"https:\/\/isatis.asso.fr\/les-portes-du-sud\/2026\/03\/31\/sortie-lpds-fevrier-2026\/"},"wordCount":181,"commentCount":0,"image":{"@id":"https:\/\/isatis.asso.fr\/les-portes-du-sud\/2026\/03\/31\/sortie-lpds-fevrier-2026\/#primaryimage"},"thumbnailUrl":"https:\/\/isatis.asso.fr\/les-portes-du-sud\/wp-content\/uploads\/sites\/23\/2026\/04\/img-5605-bis-scaled.jpg","inLanguage":"fr-FR","potentialAction":[{"@type":"CommentAction","name":"Comment","target":["https:\/\/isatis.asso.fr\/les-portes-du-sud\/2026\/03\/31\/sortie-lpds-fevrier-2026\/#respond"]}]},{"@type":"WebPage","@id":"https:\/\/isatis.asso.fr\/les-portes-du-sud\/2026\/03\/31\/sortie-lpds-fevrier-2026\/","url":"https:\/\/isatis.asso.fr\/les-portes-du-sud\/2026\/03\/31\/sortie-lpds-fevrier-2026\/","name":"Sortie LPDS f\u00e9vrier 2026 - Les Portes du Sud","isPartOf":{"@id":"https:\/\/isatis.asso.fr\/les-portes-du-sud\/#website"},"primaryImageOfPage":{"@id":"https:\/\/isatis.asso.fr\/les-portes-du-sud\/2026\/03\/31\/sortie-lpds-fevrier-2026\/#primaryimage"},"image":{"@id":"https:\/\/isatis.asso.fr\/les-portes-du-sud\/2026\/03\/31\/sortie-lpds-fevrier-2026\/#primaryimage"},"thumbnailUrl":"https:\/\/isatis.asso.fr\/les-portes-du-sud\/wp-content\/uploads\/sites\/23\/2026\/04\/img-5605-bis-scaled.jpg","datePublished":"2026-03-31T14:03:00+00:00","dateModified":"2026-04-14T13:08:39+00:00","author":{"@id":"https:\/\/isatis.asso.fr\/les-portes-du-sud\/#\/schema\/person\/080e2335249b906465250f5cca6f5e90"},"breadcrumb":{"@id":"https:\/\/isatis.asso.fr\/les-portes-du-sud\/2026\/03\/31\/sortie-lpds-fevrier-2026\/#breadcrumb"},"inLanguage":"fr-FR","potentialAction":[{"@type":"ReadAction","target":["https:\/\/isatis.asso.fr\/les-portes-du-sud\/2026\/03\/31\/sortie-lpds-fevrier-2026\/"]}]},{"@type":"ImageObject","inLanguage":"fr-FR","@id":"https:\/\/isatis.asso.fr\/les-portes-du-sud\/2026\/03\/31\/sortie-lpds-fevrier-2026\/#primaryimage","url":"https:\/\/isatis.asso.fr\/les-portes-du-sud\/wp-content\/uploads\/sites\/23\/2026\/04\/img-5605-bis-scaled.jpg","contentUrl":"https:\/\/isatis.asso.fr\/les-portes-du-sud\/wp-content\/uploads\/sites\/23\/2026\/04\/img-5605-bis-scaled.jpg","width":2560,"height":1920},{"@type":"BreadcrumbList","@id":"https:\/\/isatis.asso.fr\/les-portes-du-sud\/2026\/03\/31\/sortie-lpds-fevrier-2026\/#breadcrumb","itemListElement":[{"@type":"ListItem","position":1,"name":"Accueil","item":"https:\/\/isatis.asso.fr\/les-portes-du-sud\/"},{"@type":"ListItem","position":2,"name":"Sortie LPDS f\u00e9vrier 2026"}]},{"@type":"WebSite","@id":"https:\/\/isatis.asso.fr\/les-portes-du-sud\/#website","url":"https:\/\/isatis.asso.fr\/les-portes-du-sud\/","name":"Les Portes du Sud","description":"CENTRE D\u2019ACCUEIL DE JOUR","potentialAction":[{"@type":"SearchAction","target":{"@type":"EntryPoint","urlTemplate":"https:\/\/isatis.asso.fr\/les-portes-du-sud\/?s={search_term_string}"},"query-input":{"@type":"PropertyValueSpecification","valueRequired":true,"valueName":"search_term_string"}}],"inLanguage":"fr-FR"},{"@type":"Person","@id":"https:\/\/isatis.asso.fr\/les-portes-du-sud\/#\/schema\/person\/080e2335249b906465250f5cca6f5e90","name":"portesdusud21gt34se","image":{"@type":"ImageObject","inLanguage":"fr-FR","@id":"https:\/\/secure.gravatar.com\/avatar\/99b9c83f82817b1e53d8c18ab2646bc81653acac881e0d2e4b5253b63b283282?s=96&d=mm&r=g","url":"https:\/\/secure.gravatar.com\/avatar\/99b9c83f82817b1e53d8c18ab2646bc81653acac881e0d2e4b5253b63b283282?s=96&d=mm&r=g","contentUrl":"https:\/\/secure.gravatar.com\/avatar\/99b9c83f82817b1e53d8c18ab2646bc81653acac881e0d2e4b5253b63b283282?s=96&d=mm&r=g","caption":"portesdusud21gt34se"},"url":"https:\/\/isatis.asso.fr\/les-portes-du-sud\/author\/portesdusud21gt34se\/"}]}},"_links":{"self":[{"href":"https:\/\/isatis.asso.fr\/les-portes-du-sud\/wp-json\/wp\/v2\/posts\/926","targetHints":{"allow":["GET"]}}],"collection":[{"href":"https:\/\/isatis.asso.fr\/les-portes-du-sud\/wp-json\/wp\/v2\/posts"}],"about":[{"href":"https:\/\/isatis.asso.fr\/les-portes-du-sud\/wp-json\/wp\/v2\/types\/post"}],"author":[{"embeddable":true,"href":"https:\/\/isatis.asso.fr\/les-portes-du-sud\/wp-json\/wp\/v2\/users\/16"}],"replies":[{"embeddable":true,"href":"https:\/\/isatis.asso.fr\/les-portes-du-sud\/wp-json\/wp\/v2\/comments?post=926"}],"version-history":[{"count":4,"href":"https:\/\/isatis.asso.fr\/les-portes-du-sud\/wp-json\/wp\/v2\/posts\/926\/revisions"}],"predecessor-version":[{"id":940,"href":"https:\/\/isatis.asso.fr\/les-portes-du-sud\/wp-json\/wp\/v2\/posts\/926\/revisions\/940"}],"wp:featuredmedia":[{"embeddable":true,"href":"https:\/\/isatis.asso.fr\/les-portes-du-sud\/wp-json\/wp\/v2\/media\/938"}],"wp:attachment":[{"href":"https:\/\/isatis.asso.fr\/les-portes-du-sud\/wp-json\/wp\/v2\/media?parent=926"}],"wp:term":[{"taxonomy":"category","embeddable":true,"href":"https:\/\/isatis.asso.fr\/les-portes-du-sud\/wp-json\/wp\/v2\/categories?post=926"},{"taxonomy":"post_tag","embeddable":true,"href":"https:\/\/isatis.asso.fr\/les-portes-du-sud\/wp-json\/wp\/v2\/tags?post=926"}],"curies":[{"name":"wp","href":"https:\/\/api.w.org\/{rel}","templated":true}]}}