{"id":800,"date":"2025-08-11T15:39:39","date_gmt":"2025-08-11T13:39:39","guid":{"rendered":"https:\/\/isatis.asso.fr\/les-portes-du-sud\/?p=800"},"modified":"2025-08-11T15:39:40","modified_gmt":"2025-08-11T13:39:40","slug":"compte-rendu-reunion-des-usagers-lpds","status":"publish","type":"post","link":"https:\/\/isatis.asso.fr\/les-portes-du-sud\/2025\/08\/11\/compte-rendu-reunion-des-usagers-lpds\/","title":{"rendered":"Compte-rendu r\u00e9union des usagers LPDS"},"content":{"rendered":"\n<p>Vous trouverez ci-joint le compte-rendu de la r\u00e9union des usagers ayant eu lieu le 23\/06\/2025 en cliquant sur le lien suivant : <\/p>\n\n\n\n<div data-wp-interactive=\"core\/file\" class=\"wp-block-file\"><object data-wp-bind--hidden=\"!state.hasPdfPreview\" hidden class=\"wp-block-file__embed\" data=\"https:\/\/isatis.asso.fr\/les-portes-du-sud\/wp-content\/uploads\/sites\/23\/2025\/08\/CR-reunion-des-usagers-23062025-LPDS.pdf\" type=\"application\/pdf\" style=\"width:100%;height:600px\" aria-label=\"Contenu embarqu\u00e9 CR r\u00e9union des usagers 23062025 LPDS.\"><\/object><a id=\"wp-block-file--media-fc5ffdd2-1e32-4c99-bbe8-d8cc28772699\" href=\"https:\/\/isatis.asso.fr\/les-portes-du-sud\/wp-content\/uploads\/sites\/23\/2025\/08\/CR-reunion-des-usagers-23062025-LPDS.pdf\">CR r\u00e9union des usagers 23062025 LPDS<\/a><a href=\"https:\/\/isatis.asso.fr\/les-portes-du-sud\/wp-content\/uploads\/sites\/23\/2025\/08\/CR-reunion-des-usagers-23062025-LPDS.pdf\" class=\"wp-block-file__button wp-element-button\" download aria-describedby=\"wp-block-file--media-fc5ffdd2-1e32-4c99-bbe8-d8cc28772699\">T\u00e9l\u00e9charger<\/a><\/div>\n\n\n\n<p>Vous souhaitant bonne r\u00e9ception et avec toutes nos excuses pour le d\u00e9lai de publication.<\/p>\n","protected":false},"excerpt":{"rendered":"<p>Vous trouverez ci-joint le compte-rendu de la r\u00e9union des usagers ayant eu lieu le 23\/06\/2025 en cliquant sur le lien suivant : Vous souhaitant bonne r\u00e9ception et avec toutes nos excuses pour le d\u00e9lai de publication.<\/p>\n","protected":false},"author":16,"featured_media":0,"comment_status":"open","ping_status":"open","sticky":false,"template":"","format":"standard","meta":{"_acf_changed":false,"footnotes":""},"categories":[1],"tags":[],"class_list":["post-800","post","type-post","status-publish","format-standard","hentry","category-non-classe"],"acf":[],"yoast_head":"<!-- This site is optimized with the Yoast SEO plugin v27.3 - https:\/\/yoast.com\/product\/yoast-seo-wordpress\/ -->\n<title>Compte-rendu r\u00e9union des usagers LPDS - Les Portes du Sud<\/title>\n<meta name=\"robots\" content=\"index, follow, max-snippet:-1, max-image-preview:large, max-video-preview:-1\" \/>\n<link rel=\"canonical\" href=\"https:\/\/isatis.asso.fr\/les-portes-du-sud\/2025\/08\/11\/compte-rendu-reunion-des-usagers-lpds\/\" \/>\n<meta property=\"og:locale\" content=\"fr_FR\" \/>\n<meta property=\"og:type\" content=\"article\" \/>\n<meta property=\"og:title\" content=\"Compte-rendu r\u00e9union des usagers LPDS - Les Portes du Sud\" \/>\n<meta property=\"og:description\" content=\"Vous trouverez ci-joint le compte-rendu de la r\u00e9union des usagers ayant eu lieu le 23\/06\/2025 en cliquant sur le lien suivant : Vous souhaitant bonne r\u00e9ception et avec toutes nos excuses pour le d\u00e9lai de publication.\" \/>\n<meta property=\"og:url\" content=\"https:\/\/isatis.asso.fr\/les-portes-du-sud\/2025\/08\/11\/compte-rendu-reunion-des-usagers-lpds\/\" \/>\n<meta property=\"og:site_name\" content=\"Les Portes du Sud\" \/>\n<meta property=\"article:published_time\" content=\"2025-08-11T13:39:39+00:00\" \/>\n<meta property=\"article:modified_time\" content=\"2025-08-11T13:39:40+00:00\" \/>\n<meta name=\"author\" content=\"portesdusud21gt34se\" \/>\n<meta name=\"twitter:card\" content=\"summary_large_image\" \/>\n<meta name=\"twitter:label1\" content=\"\u00c9crit par\" \/>\n\t<meta name=\"twitter:data1\" content=\"portesdusud21gt34se\" \/>\n\t<meta name=\"twitter:label2\" content=\"Dur\u00e9e de lecture estim\u00e9e\" \/>\n\t<meta name=\"twitter:data2\" content=\"1 minute\" \/>\n<script type=\"application\/ld+json\" class=\"yoast-schema-graph\">{\"@context\":\"https:\\\/\\\/schema.org\",\"@graph\":[{\"@type\":\"Article\",\"@id\":\"https:\\\/\\\/isatis.asso.fr\\\/les-portes-du-sud\\\/2025\\\/08\\\/11\\\/compte-rendu-reunion-des-usagers-lpds\\\/#article\",\"isPartOf\":{\"@id\":\"https:\\\/\\\/isatis.asso.fr\\\/les-portes-du-sud\\\/2025\\\/08\\\/11\\\/compte-rendu-reunion-des-usagers-lpds\\\/\"},\"author\":{\"name\":\"portesdusud21gt34se\",\"@id\":\"https:\\\/\\\/isatis.asso.fr\\\/les-portes-du-sud\\\/#\\\/schema\\\/person\\\/080e2335249b906465250f5cca6f5e90\"},\"headline\":\"Compte-rendu r\u00e9union des usagers LPDS\",\"datePublished\":\"2025-08-11T13:39:39+00:00\",\"dateModified\":\"2025-08-11T13:39:40+00:00\",\"mainEntityOfPage\":{\"@id\":\"https:\\\/\\\/isatis.asso.fr\\\/les-portes-du-sud\\\/2025\\\/08\\\/11\\\/compte-rendu-reunion-des-usagers-lpds\\\/\"},\"wordCount\":52,\"commentCount\":0,\"inLanguage\":\"fr-FR\",\"potentialAction\":[{\"@type\":\"CommentAction\",\"name\":\"Comment\",\"target\":[\"https:\\\/\\\/isatis.asso.fr\\\/les-portes-du-sud\\\/2025\\\/08\\\/11\\\/compte-rendu-reunion-des-usagers-lpds\\\/#respond\"]}]},{\"@type\":\"WebPage\",\"@id\":\"https:\\\/\\\/isatis.asso.fr\\\/les-portes-du-sud\\\/2025\\\/08\\\/11\\\/compte-rendu-reunion-des-usagers-lpds\\\/\",\"url\":\"https:\\\/\\\/isatis.asso.fr\\\/les-portes-du-sud\\\/2025\\\/08\\\/11\\\/compte-rendu-reunion-des-usagers-lpds\\\/\",\"name\":\"Compte-rendu r\u00e9union des usagers LPDS - Les Portes du Sud\",\"isPartOf\":{\"@id\":\"https:\\\/\\\/isatis.asso.fr\\\/les-portes-du-sud\\\/#website\"},\"datePublished\":\"2025-08-11T13:39:39+00:00\",\"dateModified\":\"2025-08-11T13:39:40+00:00\",\"author\":{\"@id\":\"https:\\\/\\\/isatis.asso.fr\\\/les-portes-du-sud\\\/#\\\/schema\\\/person\\\/080e2335249b906465250f5cca6f5e90\"},\"breadcrumb\":{\"@id\":\"https:\\\/\\\/isatis.asso.fr\\\/les-portes-du-sud\\\/2025\\\/08\\\/11\\\/compte-rendu-reunion-des-usagers-lpds\\\/#breadcrumb\"},\"inLanguage\":\"fr-FR\",\"potentialAction\":[{\"@type\":\"ReadAction\",\"target\":[\"https:\\\/\\\/isatis.asso.fr\\\/les-portes-du-sud\\\/2025\\\/08\\\/11\\\/compte-rendu-reunion-des-usagers-lpds\\\/\"]}]},{\"@type\":\"BreadcrumbList\",\"@id\":\"https:\\\/\\\/isatis.asso.fr\\\/les-portes-du-sud\\\/2025\\\/08\\\/11\\\/compte-rendu-reunion-des-usagers-lpds\\\/#breadcrumb\",\"itemListElement\":[{\"@type\":\"ListItem\",\"position\":1,\"name\":\"Accueil\",\"item\":\"https:\\\/\\\/isatis.asso.fr\\\/les-portes-du-sud\\\/\"},{\"@type\":\"ListItem\",\"position\":2,\"name\":\"Compte-rendu r\u00e9union des usagers LPDS\"}]},{\"@type\":\"WebSite\",\"@id\":\"https:\\\/\\\/isatis.asso.fr\\\/les-portes-du-sud\\\/#website\",\"url\":\"https:\\\/\\\/isatis.asso.fr\\\/les-portes-du-sud\\\/\",\"name\":\"Les Portes du Sud\",\"description\":\"CENTRE D\u2019ACCUEIL DE JOUR\",\"potentialAction\":[{\"@type\":\"SearchAction\",\"target\":{\"@type\":\"EntryPoint\",\"urlTemplate\":\"https:\\\/\\\/isatis.asso.fr\\\/les-portes-du-sud\\\/?s={search_term_string}\"},\"query-input\":{\"@type\":\"PropertyValueSpecification\",\"valueRequired\":true,\"valueName\":\"search_term_string\"}}],\"inLanguage\":\"fr-FR\"},{\"@type\":\"Person\",\"@id\":\"https:\\\/\\\/isatis.asso.fr\\\/les-portes-du-sud\\\/#\\\/schema\\\/person\\\/080e2335249b906465250f5cca6f5e90\",\"name\":\"portesdusud21gt34se\",\"image\":{\"@type\":\"ImageObject\",\"inLanguage\":\"fr-FR\",\"@id\":\"https:\\\/\\\/secure.gravatar.com\\\/avatar\\\/99b9c83f82817b1e53d8c18ab2646bc81653acac881e0d2e4b5253b63b283282?s=96&d=mm&r=g\",\"url\":\"https:\\\/\\\/secure.gravatar.com\\\/avatar\\\/99b9c83f82817b1e53d8c18ab2646bc81653acac881e0d2e4b5253b63b283282?s=96&d=mm&r=g\",\"contentUrl\":\"https:\\\/\\\/secure.gravatar.com\\\/avatar\\\/99b9c83f82817b1e53d8c18ab2646bc81653acac881e0d2e4b5253b63b283282?s=96&d=mm&r=g\",\"caption\":\"portesdusud21gt34se\"},\"url\":\"https:\\\/\\\/isatis.asso.fr\\\/les-portes-du-sud\\\/author\\\/portesdusud21gt34se\\\/\"}]}<\/script>\n<!-- \/ Yoast SEO plugin. -->","yoast_head_json":{"title":"Compte-rendu r\u00e9union des usagers LPDS - Les Portes du Sud","robots":{"index":"index","follow":"follow","max-snippet":"max-snippet:-1","max-image-preview":"max-image-preview:large","max-video-preview":"max-video-preview:-1"},"canonical":"https:\/\/isatis.asso.fr\/les-portes-du-sud\/2025\/08\/11\/compte-rendu-reunion-des-usagers-lpds\/","og_locale":"fr_FR","og_type":"article","og_title":"Compte-rendu r\u00e9union des usagers LPDS - Les Portes du Sud","og_description":"Vous trouverez ci-joint le compte-rendu de la r\u00e9union des usagers ayant eu lieu le 23\/06\/2025 en cliquant sur le lien suivant : Vous souhaitant bonne r\u00e9ception et avec toutes nos excuses pour le d\u00e9lai de publication.","og_url":"https:\/\/isatis.asso.fr\/les-portes-du-sud\/2025\/08\/11\/compte-rendu-reunion-des-usagers-lpds\/","og_site_name":"Les Portes du Sud","article_published_time":"2025-08-11T13:39:39+00:00","article_modified_time":"2025-08-11T13:39:40+00:00","author":"portesdusud21gt34se","twitter_card":"summary_large_image","twitter_misc":{"\u00c9crit par":"portesdusud21gt34se","Dur\u00e9e de lecture estim\u00e9e":"1 minute"},"schema":{"@context":"https:\/\/schema.org","@graph":[{"@type":"Article","@id":"https:\/\/isatis.asso.fr\/les-portes-du-sud\/2025\/08\/11\/compte-rendu-reunion-des-usagers-lpds\/#article","isPartOf":{"@id":"https:\/\/isatis.asso.fr\/les-portes-du-sud\/2025\/08\/11\/compte-rendu-reunion-des-usagers-lpds\/"},"author":{"name":"portesdusud21gt34se","@id":"https:\/\/isatis.asso.fr\/les-portes-du-sud\/#\/schema\/person\/080e2335249b906465250f5cca6f5e90"},"headline":"Compte-rendu r\u00e9union des usagers LPDS","datePublished":"2025-08-11T13:39:39+00:00","dateModified":"2025-08-11T13:39:40+00:00","mainEntityOfPage":{"@id":"https:\/\/isatis.asso.fr\/les-portes-du-sud\/2025\/08\/11\/compte-rendu-reunion-des-usagers-lpds\/"},"wordCount":52,"commentCount":0,"inLanguage":"fr-FR","potentialAction":[{"@type":"CommentAction","name":"Comment","target":["https:\/\/isatis.asso.fr\/les-portes-du-sud\/2025\/08\/11\/compte-rendu-reunion-des-usagers-lpds\/#respond"]}]},{"@type":"WebPage","@id":"https:\/\/isatis.asso.fr\/les-portes-du-sud\/2025\/08\/11\/compte-rendu-reunion-des-usagers-lpds\/","url":"https:\/\/isatis.asso.fr\/les-portes-du-sud\/2025\/08\/11\/compte-rendu-reunion-des-usagers-lpds\/","name":"Compte-rendu r\u00e9union des usagers LPDS - Les Portes du Sud","isPartOf":{"@id":"https:\/\/isatis.asso.fr\/les-portes-du-sud\/#website"},"datePublished":"2025-08-11T13:39:39+00:00","dateModified":"2025-08-11T13:39:40+00:00","author":{"@id":"https:\/\/isatis.asso.fr\/les-portes-du-sud\/#\/schema\/person\/080e2335249b906465250f5cca6f5e90"},"breadcrumb":{"@id":"https:\/\/isatis.asso.fr\/les-portes-du-sud\/2025\/08\/11\/compte-rendu-reunion-des-usagers-lpds\/#breadcrumb"},"inLanguage":"fr-FR","potentialAction":[{"@type":"ReadAction","target":["https:\/\/isatis.asso.fr\/les-portes-du-sud\/2025\/08\/11\/compte-rendu-reunion-des-usagers-lpds\/"]}]},{"@type":"BreadcrumbList","@id":"https:\/\/isatis.asso.fr\/les-portes-du-sud\/2025\/08\/11\/compte-rendu-reunion-des-usagers-lpds\/#breadcrumb","itemListElement":[{"@type":"ListItem","position":1,"name":"Accueil","item":"https:\/\/isatis.asso.fr\/les-portes-du-sud\/"},{"@type":"ListItem","position":2,"name":"Compte-rendu r\u00e9union des usagers LPDS"}]},{"@type":"WebSite","@id":"https:\/\/isatis.asso.fr\/les-portes-du-sud\/#website","url":"https:\/\/isatis.asso.fr\/les-portes-du-sud\/","name":"Les Portes du Sud","description":"CENTRE D\u2019ACCUEIL DE JOUR","potentialAction":[{"@type":"SearchAction","target":{"@type":"EntryPoint","urlTemplate":"https:\/\/isatis.asso.fr\/les-portes-du-sud\/?s={search_term_string}"},"query-input":{"@type":"PropertyValueSpecification","valueRequired":true,"valueName":"search_term_string"}}],"inLanguage":"fr-FR"},{"@type":"Person","@id":"https:\/\/isatis.asso.fr\/les-portes-du-sud\/#\/schema\/person\/080e2335249b906465250f5cca6f5e90","name":"portesdusud21gt34se","image":{"@type":"ImageObject","inLanguage":"fr-FR","@id":"https:\/\/secure.gravatar.com\/avatar\/99b9c83f82817b1e53d8c18ab2646bc81653acac881e0d2e4b5253b63b283282?s=96&d=mm&r=g","url":"https:\/\/secure.gravatar.com\/avatar\/99b9c83f82817b1e53d8c18ab2646bc81653acac881e0d2e4b5253b63b283282?s=96&d=mm&r=g","contentUrl":"https:\/\/secure.gravatar.com\/avatar\/99b9c83f82817b1e53d8c18ab2646bc81653acac881e0d2e4b5253b63b283282?s=96&d=mm&r=g","caption":"portesdusud21gt34se"},"url":"https:\/\/isatis.asso.fr\/les-portes-du-sud\/author\/portesdusud21gt34se\/"}]}},"_links":{"self":[{"href":"https:\/\/isatis.asso.fr\/les-portes-du-sud\/wp-json\/wp\/v2\/posts\/800","targetHints":{"allow":["GET"]}}],"collection":[{"href":"https:\/\/isatis.asso.fr\/les-portes-du-sud\/wp-json\/wp\/v2\/posts"}],"about":[{"href":"https:\/\/isatis.asso.fr\/les-portes-du-sud\/wp-json\/wp\/v2\/types\/post"}],"author":[{"embeddable":true,"href":"https:\/\/isatis.asso.fr\/les-portes-du-sud\/wp-json\/wp\/v2\/users\/16"}],"replies":[{"embeddable":true,"href":"https:\/\/isatis.asso.fr\/les-portes-du-sud\/wp-json\/wp\/v2\/comments?post=800"}],"version-history":[{"count":1,"href":"https:\/\/isatis.asso.fr\/les-portes-du-sud\/wp-json\/wp\/v2\/posts\/800\/revisions"}],"predecessor-version":[{"id":802,"href":"https:\/\/isatis.asso.fr\/les-portes-du-sud\/wp-json\/wp\/v2\/posts\/800\/revisions\/802"}],"wp:attachment":[{"href":"https:\/\/isatis.asso.fr\/les-portes-du-sud\/wp-json\/wp\/v2\/media?parent=800"}],"wp:term":[{"taxonomy":"category","embeddable":true,"href":"https:\/\/isatis.asso.fr\/les-portes-du-sud\/wp-json\/wp\/v2\/categories?post=800"},{"taxonomy":"post_tag","embeddable":true,"href":"https:\/\/isatis.asso.fr\/les-portes-du-sud\/wp-json\/wp\/v2\/tags?post=800"}],"curies":[{"name":"wp","href":"https:\/\/api.w.org\/{rel}","templated":true}]}}