{"id":772,"date":"2025-06-23T14:43:41","date_gmt":"2025-06-23T12:43:41","guid":{"rendered":"https:\/\/isatis.asso.fr\/les-portes-du-sud\/?p=772"},"modified":"2025-06-23T14:43:41","modified_gmt":"2025-06-23T12:43:41","slug":"sorties-mois-de-mai-2025","status":"publish","type":"post","link":"https:\/\/isatis.asso.fr\/les-portes-du-sud\/2025\/06\/23\/sorties-mois-de-mai-2025\/","title":{"rendered":"Sorties mois de mai 2025"},"content":{"rendered":"\n<ul class=\"wp-block-list\">\n<li><strong>Mus\u00e9e National d&rsquo;Histoire Naturelle<\/strong> &#8211; <strong>7\/05\/2025<\/strong><\/li>\n<\/ul>\n\n\n\n<p>Par une belle journ\u00e9e printani\u00e8re, l&rsquo;association Claude Pompidou a accompagn\u00e9 5 personnes accueillies au Mus\u00e9e National d&rsquo;Histoire Naturelle (MNHN) pour une exploration du d\u00e9sert ! Chaud ou froid, ces \u00e9tendues inhospitali\u00e8res intrigues. Nous avons fait la rencontre d&rsquo;ours polaire, d&rsquo;oryx, de caracal, de li\u00e8vre arctique&#8230;<\/p>\n\n\n\n<p>Apr\u00e8s la visite de l&rsquo;exposition nous avons pris le temps de fl\u00e2ner dans le jardin des plantes et admirer les fleurs nouvellement apparues.<\/p>\n\n\n\n<p>Paroles de personnes accueillies : \u00ab\u00a0on a appris tellement de choses, une tr\u00e8s belle visite\u00a0\u00bb; \u00ab\u00a0on s&rsquo;est transport\u00e9 dans un autre temps, un temps qui n&rsquo;existe plus\u00a0\u00bb; \u00ab\u00a0j&rsquo;adore regarder tomber la neige\u00a0\u00bb; \u00ab\u00a0on est venus tellement de fois au jardin des plantes avec les enfants\u00a0\u00bb.<\/p>\n\n\n\n<div class=\"wp-block-columns is-layout-flex wp-container-core-columns-is-layout-9d6595d7 wp-block-columns-is-layout-flex\">\n<div class=\"wp-block-column is-layout-flow wp-block-column-is-layout-flow\">\n<figure class=\"wp-block-image size-large\"><img loading=\"lazy\" decoding=\"async\" width=\"768\" height=\"1024\" src=\"https:\/\/isatis.asso.fr\/les-portes-du-sud\/wp-content\/uploads\/sites\/23\/2025\/06\/img-1249-bis-768x1024.jpg\" alt=\"\" class=\"wp-image-773\" srcset=\"https:\/\/isatis.asso.fr\/les-portes-du-sud\/wp-content\/uploads\/sites\/23\/2025\/06\/img-1249-bis-768x1024.jpg 768w, https:\/\/isatis.asso.fr\/les-portes-du-sud\/wp-content\/uploads\/sites\/23\/2025\/06\/img-1249-bis-225x300.jpg 225w, https:\/\/isatis.asso.fr\/les-portes-du-sud\/wp-content\/uploads\/sites\/23\/2025\/06\/img-1249-bis-1152x1536.jpg 1152w, https:\/\/isatis.asso.fr\/les-portes-du-sud\/wp-content\/uploads\/sites\/23\/2025\/06\/img-1249-bis-1536x2048.jpg 1536w, https:\/\/isatis.asso.fr\/les-portes-du-sud\/wp-content\/uploads\/sites\/23\/2025\/06\/img-1249-bis-750x1000.jpg 750w, https:\/\/isatis.asso.fr\/les-portes-du-sud\/wp-content\/uploads\/sites\/23\/2025\/06\/img-1249-bis-scaled.jpg 1920w\" sizes=\"auto, (max-width: 768px) 100vw, 768px\" \/><\/figure>\n<\/div>\n\n\n\n<div class=\"wp-block-column is-layout-flow wp-block-column-is-layout-flow\">\n<figure class=\"wp-block-image size-large\"><img loading=\"lazy\" decoding=\"async\" width=\"768\" height=\"1024\" src=\"https:\/\/isatis.asso.fr\/les-portes-du-sud\/wp-content\/uploads\/sites\/23\/2025\/06\/img-1260-bis-768x1024.jpg\" alt=\"\" class=\"wp-image-774\" srcset=\"https:\/\/isatis.asso.fr\/les-portes-du-sud\/wp-content\/uploads\/sites\/23\/2025\/06\/img-1260-bis-768x1024.jpg 768w, https:\/\/isatis.asso.fr\/les-portes-du-sud\/wp-content\/uploads\/sites\/23\/2025\/06\/img-1260-bis-225x300.jpg 225w, https:\/\/isatis.asso.fr\/les-portes-du-sud\/wp-content\/uploads\/sites\/23\/2025\/06\/img-1260-bis-1152x1536.jpg 1152w, https:\/\/isatis.asso.fr\/les-portes-du-sud\/wp-content\/uploads\/sites\/23\/2025\/06\/img-1260-bis-1536x2048.jpg 1536w, https:\/\/isatis.asso.fr\/les-portes-du-sud\/wp-content\/uploads\/sites\/23\/2025\/06\/img-1260-bis-750x1000.jpg 750w, https:\/\/isatis.asso.fr\/les-portes-du-sud\/wp-content\/uploads\/sites\/23\/2025\/06\/img-1260-bis-scaled.jpg 1920w\" sizes=\"auto, (max-width: 768px) 100vw, 768px\" \/><\/figure>\n<\/div>\n\n\n\n<div class=\"wp-block-column is-layout-flow wp-block-column-is-layout-flow\">\n<figure class=\"wp-block-image size-large\"><img loading=\"lazy\" decoding=\"async\" width=\"768\" height=\"1024\" src=\"https:\/\/isatis.asso.fr\/les-portes-du-sud\/wp-content\/uploads\/sites\/23\/2025\/06\/img-1257-bis-768x1024.jpg\" alt=\"\" class=\"wp-image-775\" srcset=\"https:\/\/isatis.asso.fr\/les-portes-du-sud\/wp-content\/uploads\/sites\/23\/2025\/06\/img-1257-bis-768x1024.jpg 768w, https:\/\/isatis.asso.fr\/les-portes-du-sud\/wp-content\/uploads\/sites\/23\/2025\/06\/img-1257-bis-225x300.jpg 225w, https:\/\/isatis.asso.fr\/les-portes-du-sud\/wp-content\/uploads\/sites\/23\/2025\/06\/img-1257-bis-1152x1536.jpg 1152w, https:\/\/isatis.asso.fr\/les-portes-du-sud\/wp-content\/uploads\/sites\/23\/2025\/06\/img-1257-bis-1536x2048.jpg 1536w, https:\/\/isatis.asso.fr\/les-portes-du-sud\/wp-content\/uploads\/sites\/23\/2025\/06\/img-1257-bis-750x1000.jpg 750w, https:\/\/isatis.asso.fr\/les-portes-du-sud\/wp-content\/uploads\/sites\/23\/2025\/06\/img-1257-bis-scaled.jpg 1920w\" sizes=\"auto, (max-width: 768px) 100vw, 768px\" \/><\/figure>\n<\/div>\n<\/div>\n","protected":false},"excerpt":{"rendered":"<p>Par une belle journ\u00e9e printani\u00e8re, l&rsquo;association Claude Pompidou a accompagn\u00e9 5 personnes accueillies au Mus\u00e9e National d&rsquo;Histoire Naturelle (MNHN) pour une exploration du d\u00e9sert ! Chaud ou froid, ces \u00e9tendues inhospitali\u00e8res intrigues. Nous avons fait la rencontre d&rsquo;ours polaire, d&rsquo;oryx, de caracal, de li\u00e8vre arctique&#8230; Apr\u00e8s la visite de l&rsquo;exposition nous avons pris le temps [&hellip;]<\/p>\n","protected":false},"author":16,"featured_media":776,"comment_status":"open","ping_status":"open","sticky":false,"template":"","format":"standard","meta":{"_acf_changed":false,"footnotes":""},"categories":[1],"tags":[],"class_list":["post-772","post","type-post","status-publish","format-standard","has-post-thumbnail","hentry","category-non-classe"],"acf":[],"yoast_head":"<!-- This site is optimized with the Yoast SEO plugin v27.3 - https:\/\/yoast.com\/product\/yoast-seo-wordpress\/ -->\n<title>Sorties mois de mai 2025 - Les Portes du Sud<\/title>\n<meta name=\"robots\" content=\"index, follow, max-snippet:-1, max-image-preview:large, max-video-preview:-1\" \/>\n<link rel=\"canonical\" href=\"https:\/\/isatis.asso.fr\/les-portes-du-sud\/2025\/06\/23\/sorties-mois-de-mai-2025\/\" \/>\n<meta property=\"og:locale\" content=\"fr_FR\" \/>\n<meta property=\"og:type\" content=\"article\" \/>\n<meta property=\"og:title\" content=\"Sorties mois de mai 2025 - Les Portes du Sud\" \/>\n<meta property=\"og:description\" content=\"Par une belle journ\u00e9e printani\u00e8re, l&rsquo;association Claude Pompidou a accompagn\u00e9 5 personnes accueillies au Mus\u00e9e National d&rsquo;Histoire Naturelle (MNHN) pour une exploration du d\u00e9sert ! Chaud ou froid, ces \u00e9tendues inhospitali\u00e8res intrigues. Nous avons fait la rencontre d&rsquo;ours polaire, d&rsquo;oryx, de caracal, de li\u00e8vre arctique&#8230; Apr\u00e8s la visite de l&rsquo;exposition nous avons pris le temps [&hellip;]\" \/>\n<meta property=\"og:url\" content=\"https:\/\/isatis.asso.fr\/les-portes-du-sud\/2025\/06\/23\/sorties-mois-de-mai-2025\/\" \/>\n<meta property=\"og:site_name\" content=\"Les Portes du Sud\" \/>\n<meta property=\"article:published_time\" content=\"2025-06-23T12:43:41+00:00\" \/>\n<meta property=\"og:image\" content=\"https:\/\/isatis.asso.fr\/les-portes-du-sud\/wp-content\/uploads\/sites\/23\/2025\/06\/img-1250-bis-scaled.jpg\" \/>\n\t<meta property=\"og:image:width\" content=\"1920\" \/>\n\t<meta property=\"og:image:height\" content=\"2560\" \/>\n\t<meta property=\"og:image:type\" content=\"image\/jpeg\" \/>\n<meta name=\"author\" content=\"portesdusud21gt34se\" \/>\n<meta name=\"twitter:card\" content=\"summary_large_image\" \/>\n<meta name=\"twitter:label1\" content=\"\u00c9crit par\" \/>\n\t<meta name=\"twitter:data1\" content=\"portesdusud21gt34se\" \/>\n\t<meta name=\"twitter:label2\" content=\"Dur\u00e9e de lecture estim\u00e9e\" \/>\n\t<meta name=\"twitter:data2\" content=\"2 minutes\" \/>\n<script type=\"application\/ld+json\" class=\"yoast-schema-graph\">{\"@context\":\"https:\\\/\\\/schema.org\",\"@graph\":[{\"@type\":\"Article\",\"@id\":\"https:\\\/\\\/isatis.asso.fr\\\/les-portes-du-sud\\\/2025\\\/06\\\/23\\\/sorties-mois-de-mai-2025\\\/#article\",\"isPartOf\":{\"@id\":\"https:\\\/\\\/isatis.asso.fr\\\/les-portes-du-sud\\\/2025\\\/06\\\/23\\\/sorties-mois-de-mai-2025\\\/\"},\"author\":{\"name\":\"portesdusud21gt34se\",\"@id\":\"https:\\\/\\\/isatis.asso.fr\\\/les-portes-du-sud\\\/#\\\/schema\\\/person\\\/080e2335249b906465250f5cca6f5e90\"},\"headline\":\"Sorties mois de mai 2025\",\"datePublished\":\"2025-06-23T12:43:41+00:00\",\"mainEntityOfPage\":{\"@id\":\"https:\\\/\\\/isatis.asso.fr\\\/les-portes-du-sud\\\/2025\\\/06\\\/23\\\/sorties-mois-de-mai-2025\\\/\"},\"wordCount\":138,\"commentCount\":0,\"image\":{\"@id\":\"https:\\\/\\\/isatis.asso.fr\\\/les-portes-du-sud\\\/2025\\\/06\\\/23\\\/sorties-mois-de-mai-2025\\\/#primaryimage\"},\"thumbnailUrl\":\"https:\\\/\\\/isatis.asso.fr\\\/les-portes-du-sud\\\/wp-content\\\/uploads\\\/sites\\\/23\\\/2025\\\/06\\\/img-1250-bis-scaled.jpg\",\"inLanguage\":\"fr-FR\",\"potentialAction\":[{\"@type\":\"CommentAction\",\"name\":\"Comment\",\"target\":[\"https:\\\/\\\/isatis.asso.fr\\\/les-portes-du-sud\\\/2025\\\/06\\\/23\\\/sorties-mois-de-mai-2025\\\/#respond\"]}]},{\"@type\":\"WebPage\",\"@id\":\"https:\\\/\\\/isatis.asso.fr\\\/les-portes-du-sud\\\/2025\\\/06\\\/23\\\/sorties-mois-de-mai-2025\\\/\",\"url\":\"https:\\\/\\\/isatis.asso.fr\\\/les-portes-du-sud\\\/2025\\\/06\\\/23\\\/sorties-mois-de-mai-2025\\\/\",\"name\":\"Sorties mois de mai 2025 - Les Portes du Sud\",\"isPartOf\":{\"@id\":\"https:\\\/\\\/isatis.asso.fr\\\/les-portes-du-sud\\\/#website\"},\"primaryImageOfPage\":{\"@id\":\"https:\\\/\\\/isatis.asso.fr\\\/les-portes-du-sud\\\/2025\\\/06\\\/23\\\/sorties-mois-de-mai-2025\\\/#primaryimage\"},\"image\":{\"@id\":\"https:\\\/\\\/isatis.asso.fr\\\/les-portes-du-sud\\\/2025\\\/06\\\/23\\\/sorties-mois-de-mai-2025\\\/#primaryimage\"},\"thumbnailUrl\":\"https:\\\/\\\/isatis.asso.fr\\\/les-portes-du-sud\\\/wp-content\\\/uploads\\\/sites\\\/23\\\/2025\\\/06\\\/img-1250-bis-scaled.jpg\",\"datePublished\":\"2025-06-23T12:43:41+00:00\",\"author\":{\"@id\":\"https:\\\/\\\/isatis.asso.fr\\\/les-portes-du-sud\\\/#\\\/schema\\\/person\\\/080e2335249b906465250f5cca6f5e90\"},\"breadcrumb\":{\"@id\":\"https:\\\/\\\/isatis.asso.fr\\\/les-portes-du-sud\\\/2025\\\/06\\\/23\\\/sorties-mois-de-mai-2025\\\/#breadcrumb\"},\"inLanguage\":\"fr-FR\",\"potentialAction\":[{\"@type\":\"ReadAction\",\"target\":[\"https:\\\/\\\/isatis.asso.fr\\\/les-portes-du-sud\\\/2025\\\/06\\\/23\\\/sorties-mois-de-mai-2025\\\/\"]}]},{\"@type\":\"ImageObject\",\"inLanguage\":\"fr-FR\",\"@id\":\"https:\\\/\\\/isatis.asso.fr\\\/les-portes-du-sud\\\/2025\\\/06\\\/23\\\/sorties-mois-de-mai-2025\\\/#primaryimage\",\"url\":\"https:\\\/\\\/isatis.asso.fr\\\/les-portes-du-sud\\\/wp-content\\\/uploads\\\/sites\\\/23\\\/2025\\\/06\\\/img-1250-bis-scaled.jpg\",\"contentUrl\":\"https:\\\/\\\/isatis.asso.fr\\\/les-portes-du-sud\\\/wp-content\\\/uploads\\\/sites\\\/23\\\/2025\\\/06\\\/img-1250-bis-scaled.jpg\",\"width\":1920,\"height\":2560},{\"@type\":\"BreadcrumbList\",\"@id\":\"https:\\\/\\\/isatis.asso.fr\\\/les-portes-du-sud\\\/2025\\\/06\\\/23\\\/sorties-mois-de-mai-2025\\\/#breadcrumb\",\"itemListElement\":[{\"@type\":\"ListItem\",\"position\":1,\"name\":\"Accueil\",\"item\":\"https:\\\/\\\/isatis.asso.fr\\\/les-portes-du-sud\\\/\"},{\"@type\":\"ListItem\",\"position\":2,\"name\":\"Sorties mois de mai 2025\"}]},{\"@type\":\"WebSite\",\"@id\":\"https:\\\/\\\/isatis.asso.fr\\\/les-portes-du-sud\\\/#website\",\"url\":\"https:\\\/\\\/isatis.asso.fr\\\/les-portes-du-sud\\\/\",\"name\":\"Les Portes du Sud\",\"description\":\"CENTRE D\u2019ACCUEIL DE JOUR\",\"potentialAction\":[{\"@type\":\"SearchAction\",\"target\":{\"@type\":\"EntryPoint\",\"urlTemplate\":\"https:\\\/\\\/isatis.asso.fr\\\/les-portes-du-sud\\\/?s={search_term_string}\"},\"query-input\":{\"@type\":\"PropertyValueSpecification\",\"valueRequired\":true,\"valueName\":\"search_term_string\"}}],\"inLanguage\":\"fr-FR\"},{\"@type\":\"Person\",\"@id\":\"https:\\\/\\\/isatis.asso.fr\\\/les-portes-du-sud\\\/#\\\/schema\\\/person\\\/080e2335249b906465250f5cca6f5e90\",\"name\":\"portesdusud21gt34se\",\"image\":{\"@type\":\"ImageObject\",\"inLanguage\":\"fr-FR\",\"@id\":\"https:\\\/\\\/secure.gravatar.com\\\/avatar\\\/99b9c83f82817b1e53d8c18ab2646bc81653acac881e0d2e4b5253b63b283282?s=96&d=mm&r=g\",\"url\":\"https:\\\/\\\/secure.gravatar.com\\\/avatar\\\/99b9c83f82817b1e53d8c18ab2646bc81653acac881e0d2e4b5253b63b283282?s=96&d=mm&r=g\",\"contentUrl\":\"https:\\\/\\\/secure.gravatar.com\\\/avatar\\\/99b9c83f82817b1e53d8c18ab2646bc81653acac881e0d2e4b5253b63b283282?s=96&d=mm&r=g\",\"caption\":\"portesdusud21gt34se\"},\"url\":\"https:\\\/\\\/isatis.asso.fr\\\/les-portes-du-sud\\\/author\\\/portesdusud21gt34se\\\/\"}]}<\/script>\n<!-- \/ Yoast SEO plugin. -->","yoast_head_json":{"title":"Sorties mois de mai 2025 - Les Portes du Sud","robots":{"index":"index","follow":"follow","max-snippet":"max-snippet:-1","max-image-preview":"max-image-preview:large","max-video-preview":"max-video-preview:-1"},"canonical":"https:\/\/isatis.asso.fr\/les-portes-du-sud\/2025\/06\/23\/sorties-mois-de-mai-2025\/","og_locale":"fr_FR","og_type":"article","og_title":"Sorties mois de mai 2025 - Les Portes du Sud","og_description":"Par une belle journ\u00e9e printani\u00e8re, l&rsquo;association Claude Pompidou a accompagn\u00e9 5 personnes accueillies au Mus\u00e9e National d&rsquo;Histoire Naturelle (MNHN) pour une exploration du d\u00e9sert ! Chaud ou froid, ces \u00e9tendues inhospitali\u00e8res intrigues. Nous avons fait la rencontre d&rsquo;ours polaire, d&rsquo;oryx, de caracal, de li\u00e8vre arctique&#8230; Apr\u00e8s la visite de l&rsquo;exposition nous avons pris le temps [&hellip;]","og_url":"https:\/\/isatis.asso.fr\/les-portes-du-sud\/2025\/06\/23\/sorties-mois-de-mai-2025\/","og_site_name":"Les Portes du Sud","article_published_time":"2025-06-23T12:43:41+00:00","og_image":[{"width":1920,"height":2560,"url":"https:\/\/isatis.asso.fr\/les-portes-du-sud\/wp-content\/uploads\/sites\/23\/2025\/06\/img-1250-bis-scaled.jpg","type":"image\/jpeg"}],"author":"portesdusud21gt34se","twitter_card":"summary_large_image","twitter_misc":{"\u00c9crit par":"portesdusud21gt34se","Dur\u00e9e de lecture estim\u00e9e":"2 minutes"},"schema":{"@context":"https:\/\/schema.org","@graph":[{"@type":"Article","@id":"https:\/\/isatis.asso.fr\/les-portes-du-sud\/2025\/06\/23\/sorties-mois-de-mai-2025\/#article","isPartOf":{"@id":"https:\/\/isatis.asso.fr\/les-portes-du-sud\/2025\/06\/23\/sorties-mois-de-mai-2025\/"},"author":{"name":"portesdusud21gt34se","@id":"https:\/\/isatis.asso.fr\/les-portes-du-sud\/#\/schema\/person\/080e2335249b906465250f5cca6f5e90"},"headline":"Sorties mois de mai 2025","datePublished":"2025-06-23T12:43:41+00:00","mainEntityOfPage":{"@id":"https:\/\/isatis.asso.fr\/les-portes-du-sud\/2025\/06\/23\/sorties-mois-de-mai-2025\/"},"wordCount":138,"commentCount":0,"image":{"@id":"https:\/\/isatis.asso.fr\/les-portes-du-sud\/2025\/06\/23\/sorties-mois-de-mai-2025\/#primaryimage"},"thumbnailUrl":"https:\/\/isatis.asso.fr\/les-portes-du-sud\/wp-content\/uploads\/sites\/23\/2025\/06\/img-1250-bis-scaled.jpg","inLanguage":"fr-FR","potentialAction":[{"@type":"CommentAction","name":"Comment","target":["https:\/\/isatis.asso.fr\/les-portes-du-sud\/2025\/06\/23\/sorties-mois-de-mai-2025\/#respond"]}]},{"@type":"WebPage","@id":"https:\/\/isatis.asso.fr\/les-portes-du-sud\/2025\/06\/23\/sorties-mois-de-mai-2025\/","url":"https:\/\/isatis.asso.fr\/les-portes-du-sud\/2025\/06\/23\/sorties-mois-de-mai-2025\/","name":"Sorties mois de mai 2025 - Les Portes du Sud","isPartOf":{"@id":"https:\/\/isatis.asso.fr\/les-portes-du-sud\/#website"},"primaryImageOfPage":{"@id":"https:\/\/isatis.asso.fr\/les-portes-du-sud\/2025\/06\/23\/sorties-mois-de-mai-2025\/#primaryimage"},"image":{"@id":"https:\/\/isatis.asso.fr\/les-portes-du-sud\/2025\/06\/23\/sorties-mois-de-mai-2025\/#primaryimage"},"thumbnailUrl":"https:\/\/isatis.asso.fr\/les-portes-du-sud\/wp-content\/uploads\/sites\/23\/2025\/06\/img-1250-bis-scaled.jpg","datePublished":"2025-06-23T12:43:41+00:00","author":{"@id":"https:\/\/isatis.asso.fr\/les-portes-du-sud\/#\/schema\/person\/080e2335249b906465250f5cca6f5e90"},"breadcrumb":{"@id":"https:\/\/isatis.asso.fr\/les-portes-du-sud\/2025\/06\/23\/sorties-mois-de-mai-2025\/#breadcrumb"},"inLanguage":"fr-FR","potentialAction":[{"@type":"ReadAction","target":["https:\/\/isatis.asso.fr\/les-portes-du-sud\/2025\/06\/23\/sorties-mois-de-mai-2025\/"]}]},{"@type":"ImageObject","inLanguage":"fr-FR","@id":"https:\/\/isatis.asso.fr\/les-portes-du-sud\/2025\/06\/23\/sorties-mois-de-mai-2025\/#primaryimage","url":"https:\/\/isatis.asso.fr\/les-portes-du-sud\/wp-content\/uploads\/sites\/23\/2025\/06\/img-1250-bis-scaled.jpg","contentUrl":"https:\/\/isatis.asso.fr\/les-portes-du-sud\/wp-content\/uploads\/sites\/23\/2025\/06\/img-1250-bis-scaled.jpg","width":1920,"height":2560},{"@type":"BreadcrumbList","@id":"https:\/\/isatis.asso.fr\/les-portes-du-sud\/2025\/06\/23\/sorties-mois-de-mai-2025\/#breadcrumb","itemListElement":[{"@type":"ListItem","position":1,"name":"Accueil","item":"https:\/\/isatis.asso.fr\/les-portes-du-sud\/"},{"@type":"ListItem","position":2,"name":"Sorties mois de mai 2025"}]},{"@type":"WebSite","@id":"https:\/\/isatis.asso.fr\/les-portes-du-sud\/#website","url":"https:\/\/isatis.asso.fr\/les-portes-du-sud\/","name":"Les Portes du Sud","description":"CENTRE D\u2019ACCUEIL DE JOUR","potentialAction":[{"@type":"SearchAction","target":{"@type":"EntryPoint","urlTemplate":"https:\/\/isatis.asso.fr\/les-portes-du-sud\/?s={search_term_string}"},"query-input":{"@type":"PropertyValueSpecification","valueRequired":true,"valueName":"search_term_string"}}],"inLanguage":"fr-FR"},{"@type":"Person","@id":"https:\/\/isatis.asso.fr\/les-portes-du-sud\/#\/schema\/person\/080e2335249b906465250f5cca6f5e90","name":"portesdusud21gt34se","image":{"@type":"ImageObject","inLanguage":"fr-FR","@id":"https:\/\/secure.gravatar.com\/avatar\/99b9c83f82817b1e53d8c18ab2646bc81653acac881e0d2e4b5253b63b283282?s=96&d=mm&r=g","url":"https:\/\/secure.gravatar.com\/avatar\/99b9c83f82817b1e53d8c18ab2646bc81653acac881e0d2e4b5253b63b283282?s=96&d=mm&r=g","contentUrl":"https:\/\/secure.gravatar.com\/avatar\/99b9c83f82817b1e53d8c18ab2646bc81653acac881e0d2e4b5253b63b283282?s=96&d=mm&r=g","caption":"portesdusud21gt34se"},"url":"https:\/\/isatis.asso.fr\/les-portes-du-sud\/author\/portesdusud21gt34se\/"}]}},"_links":{"self":[{"href":"https:\/\/isatis.asso.fr\/les-portes-du-sud\/wp-json\/wp\/v2\/posts\/772","targetHints":{"allow":["GET"]}}],"collection":[{"href":"https:\/\/isatis.asso.fr\/les-portes-du-sud\/wp-json\/wp\/v2\/posts"}],"about":[{"href":"https:\/\/isatis.asso.fr\/les-portes-du-sud\/wp-json\/wp\/v2\/types\/post"}],"author":[{"embeddable":true,"href":"https:\/\/isatis.asso.fr\/les-portes-du-sud\/wp-json\/wp\/v2\/users\/16"}],"replies":[{"embeddable":true,"href":"https:\/\/isatis.asso.fr\/les-portes-du-sud\/wp-json\/wp\/v2\/comments?post=772"}],"version-history":[{"count":2,"href":"https:\/\/isatis.asso.fr\/les-portes-du-sud\/wp-json\/wp\/v2\/posts\/772\/revisions"}],"predecessor-version":[{"id":778,"href":"https:\/\/isatis.asso.fr\/les-portes-du-sud\/wp-json\/wp\/v2\/posts\/772\/revisions\/778"}],"wp:featuredmedia":[{"embeddable":true,"href":"https:\/\/isatis.asso.fr\/les-portes-du-sud\/wp-json\/wp\/v2\/media\/776"}],"wp:attachment":[{"href":"https:\/\/isatis.asso.fr\/les-portes-du-sud\/wp-json\/wp\/v2\/media?parent=772"}],"wp:term":[{"taxonomy":"category","embeddable":true,"href":"https:\/\/isatis.asso.fr\/les-portes-du-sud\/wp-json\/wp\/v2\/categories?post=772"},{"taxonomy":"post_tag","embeddable":true,"href":"https:\/\/isatis.asso.fr\/les-portes-du-sud\/wp-json\/wp\/v2\/tags?post=772"}],"curies":[{"name":"wp","href":"https:\/\/api.w.org\/{rel}","templated":true}]}}