{"id":747,"date":"2025-04-07T15:36:08","date_gmt":"2025-04-07T13:36:08","guid":{"rendered":"https:\/\/isatis.asso.fr\/les-portes-du-sud\/?p=747"},"modified":"2025-04-07T15:53:45","modified_gmt":"2025-04-07T13:53:45","slug":"sorties-mois-de-mars-2025","status":"publish","type":"post","link":"https:\/\/isatis.asso.fr\/les-portes-du-sud\/2025\/04\/07\/sorties-mois-de-mars-2025\/","title":{"rendered":"Sorties mois de mars 2025 &#8211; LPDS"},"content":{"rendered":"\n<ul class=\"wp-block-list\">\n<li><strong>Mus\u00e9e Zadkine<\/strong><\/li>\n<\/ul>\n\n\n<div class=\"wp-block-image\">\n<figure class=\"aligncenter size-large is-resized\"><img loading=\"lazy\" decoding=\"async\" src=\"https:\/\/isatis.asso.fr\/les-portes-du-sud\/wp-content\/uploads\/sites\/23\/2025\/03\/img-3606-1024x768.jpeg\" alt=\"\" class=\"wp-image-748\" width=\"490\" height=\"368\" srcset=\"https:\/\/isatis.asso.fr\/les-portes-du-sud\/wp-content\/uploads\/sites\/23\/2025\/03\/img-3606-1024x768.jpeg 1024w, https:\/\/isatis.asso.fr\/les-portes-du-sud\/wp-content\/uploads\/sites\/23\/2025\/03\/img-3606-300x225.jpeg 300w, https:\/\/isatis.asso.fr\/les-portes-du-sud\/wp-content\/uploads\/sites\/23\/2025\/03\/img-3606-768x576.jpeg 768w, https:\/\/isatis.asso.fr\/les-portes-du-sud\/wp-content\/uploads\/sites\/23\/2025\/03\/img-3606-1536x1152.jpeg 1536w, https:\/\/isatis.asso.fr\/les-portes-du-sud\/wp-content\/uploads\/sites\/23\/2025\/03\/img-3606-2048x1536.jpeg 2048w, https:\/\/isatis.asso.fr\/les-portes-du-sud\/wp-content\/uploads\/sites\/23\/2025\/03\/img-3606-1333x1000.jpeg 1333w\" sizes=\"auto, (max-width: 490px) 100vw, 490px\" \/><\/figure>\n<\/div>\n\n\n<p>Jeudi 13 mars 2025 un groupe de 5 personnes accueillies, 1 soignant et 3 b\u00e9n\u00e9voles sont all\u00e9s visiter le mus\u00e9e Zadkine, \u00e0 l\u2019occasion de l&rsquo;exposition : MODIGLIANI \/ ZADKINE. Une amiti\u00e9 ininterrompue. Ils ont eu la joie de visiter les \u0153uvres de ses deux artistes dans l\u2019ancienne maison de Zadkine qui a \u00e9t\u00e9 transform\u00e9e en mus\u00e9e, malheureusement il n\u2019\u00e9tait pas l\u00e0 ce jour.&nbsp;Pour finir cette sortie, le groupe s&rsquo;est rendu dans un caf\u00e9 du coin et a \u00e9chang\u00e9 ensemble autour d\u2019un bon chocolat chaud !<\/p>\n\n\n<div class=\"wp-block-image\">\n<figure class=\"aligncenter size-large is-resized\"><img loading=\"lazy\" decoding=\"async\" src=\"https:\/\/isatis.asso.fr\/les-portes-du-sud\/wp-content\/uploads\/sites\/23\/2025\/04\/img-3613-bis-1024x768.jpg\" alt=\"\" class=\"wp-image-751\" width=\"451\" height=\"338\" srcset=\"https:\/\/isatis.asso.fr\/les-portes-du-sud\/wp-content\/uploads\/sites\/23\/2025\/04\/img-3613-bis-1024x768.jpg 1024w, https:\/\/isatis.asso.fr\/les-portes-du-sud\/wp-content\/uploads\/sites\/23\/2025\/04\/img-3613-bis-300x225.jpg 300w, https:\/\/isatis.asso.fr\/les-portes-du-sud\/wp-content\/uploads\/sites\/23\/2025\/04\/img-3613-bis-768x576.jpg 768w, https:\/\/isatis.asso.fr\/les-portes-du-sud\/wp-content\/uploads\/sites\/23\/2025\/04\/img-3613-bis-1536x1152.jpg 1536w, https:\/\/isatis.asso.fr\/les-portes-du-sud\/wp-content\/uploads\/sites\/23\/2025\/04\/img-3613-bis-2048x1536.jpg 2048w, https:\/\/isatis.asso.fr\/les-portes-du-sud\/wp-content\/uploads\/sites\/23\/2025\/04\/img-3613-bis-1333x1000.jpg 1333w\" sizes=\"auto, (max-width: 451px) 100vw, 451px\" \/><\/figure>\n<\/div>\n\n\n<p><\/p>\n\n\n\n<p><\/p>\n\n\n\n<ul class=\"wp-block-list\">\n<li><strong>Sortie Truffaut<\/strong><\/li>\n<\/ul>\n\n\n\n<div class=\"wp-block-columns is-layout-flex wp-container-core-columns-is-layout-9d6595d7 wp-block-columns-is-layout-flex\">\n<div class=\"wp-block-column is-layout-flow wp-block-column-is-layout-flow\">\n<figure class=\"wp-block-image size-large is-resized\"><img loading=\"lazy\" decoding=\"async\" src=\"https:\/\/isatis.asso.fr\/les-portes-du-sud\/wp-content\/uploads\/sites\/23\/2025\/04\/img-3650-bis-1-768x1024.jpg\" alt=\"\" class=\"wp-image-753\" width=\"298\" height=\"397\" srcset=\"https:\/\/isatis.asso.fr\/les-portes-du-sud\/wp-content\/uploads\/sites\/23\/2025\/04\/img-3650-bis-1-768x1024.jpg 768w, https:\/\/isatis.asso.fr\/les-portes-du-sud\/wp-content\/uploads\/sites\/23\/2025\/04\/img-3650-bis-1-225x300.jpg 225w, https:\/\/isatis.asso.fr\/les-portes-du-sud\/wp-content\/uploads\/sites\/23\/2025\/04\/img-3650-bis-1-1152x1536.jpg 1152w, https:\/\/isatis.asso.fr\/les-portes-du-sud\/wp-content\/uploads\/sites\/23\/2025\/04\/img-3650-bis-1-1536x2048.jpg 1536w, https:\/\/isatis.asso.fr\/les-portes-du-sud\/wp-content\/uploads\/sites\/23\/2025\/04\/img-3650-bis-1-750x1000.jpg 750w, https:\/\/isatis.asso.fr\/les-portes-du-sud\/wp-content\/uploads\/sites\/23\/2025\/04\/img-3650-bis-1-scaled.jpg 1920w\" sizes=\"auto, (max-width: 298px) 100vw, 298px\" \/><\/figure>\n<\/div>\n\n\n\n<div class=\"wp-block-column is-layout-flow wp-block-column-is-layout-flow\">\n<figure class=\"wp-block-image size-large is-resized\"><img loading=\"lazy\" decoding=\"async\" src=\"https:\/\/isatis.asso.fr\/les-portes-du-sud\/wp-content\/uploads\/sites\/23\/2025\/04\/img-3649-1-edited-scaled.jpg\" alt=\"\" class=\"wp-image-755\" width=\"304\" height=\"405\" srcset=\"https:\/\/isatis.asso.fr\/les-portes-du-sud\/wp-content\/uploads\/sites\/23\/2025\/04\/img-3649-1-edited-scaled.jpg 1920w, https:\/\/isatis.asso.fr\/les-portes-du-sud\/wp-content\/uploads\/sites\/23\/2025\/04\/img-3649-1-edited-225x300.jpg 225w, https:\/\/isatis.asso.fr\/les-portes-du-sud\/wp-content\/uploads\/sites\/23\/2025\/04\/img-3649-1-edited-768x1024.jpg 768w, https:\/\/isatis.asso.fr\/les-portes-du-sud\/wp-content\/uploads\/sites\/23\/2025\/04\/img-3649-1-edited-1152x1536.jpg 1152w, https:\/\/isatis.asso.fr\/les-portes-du-sud\/wp-content\/uploads\/sites\/23\/2025\/04\/img-3649-1-edited-1536x2048.jpg 1536w, https:\/\/isatis.asso.fr\/les-portes-du-sud\/wp-content\/uploads\/sites\/23\/2025\/04\/img-3649-1-edited-750x1000.jpg 750w\" sizes=\"auto, (max-width: 304px) 100vw, 304px\" \/><\/figure>\n<\/div>\n<\/div>\n\n\n\n<p>Vendredi 28 Mars 2025 nous sommes all\u00e9s au magasin Truffaut \u00e0 Ivry sur Seine. L\u2019objectif \u00e9tait en lien avec l\u2019atelier bricolage et jardinage, d\u2019aller chercher des plantes pour fleurir la terrasse de l&rsquo;accueil de jour.&nbsp;<\/p>\n\n\n\n<p>Cette ann\u00e9e nous avons choisi des plantes qui se mangent ! Arriv\u00e9s dans le magasin nous n\u2019\u00e9tions pas les seules belles plantes ! Nous avons visit\u00e9 l\u2019animalerie et y avons vu pas mal de petites b\u00eates.&nbsp; Nous avons aussi vu les meubles de jardin et avons pu r\u00eaver de plusieurs choses, comme un \u00e9norme barbecue ou un beau salon de jardin pour boire des mojitos cet \u00e9t\u00e9 !<\/p>\n\n\n\n<p>Finalement nous avons choisi de prendre des tomates, des piments, des tomates cerise, des aubergines, des fraises et des camomilles! Vivement le temps des fleurs !<\/p>\n\n\n\n<p><\/p>\n","protected":false},"excerpt":{"rendered":"<p>Jeudi 13 mars 2025 un groupe de 5 personnes accueillies, 1 soignant et 3 b\u00e9n\u00e9voles sont all\u00e9s visiter le mus\u00e9e Zadkine, \u00e0 l\u2019occasion de l&rsquo;exposition : MODIGLIANI \/ ZADKINE. Une amiti\u00e9 ininterrompue. Ils ont eu la joie de visiter les \u0153uvres de ses deux artistes dans l\u2019ancienne maison de Zadkine qui a \u00e9t\u00e9 transform\u00e9e en [&hellip;]<\/p>\n","protected":false},"author":16,"featured_media":756,"comment_status":"open","ping_status":"open","sticky":false,"template":"","format":"standard","meta":{"_acf_changed":false,"footnotes":""},"categories":[1],"tags":[],"class_list":["post-747","post","type-post","status-publish","format-standard","has-post-thumbnail","hentry","category-non-classe"],"acf":[],"yoast_head":"<!-- This site is optimized with the Yoast SEO plugin v27.3 - https:\/\/yoast.com\/product\/yoast-seo-wordpress\/ -->\n<title>Sorties mois de mars 2025 - LPDS - Les Portes du Sud<\/title>\n<meta name=\"robots\" content=\"index, follow, max-snippet:-1, max-image-preview:large, max-video-preview:-1\" \/>\n<link rel=\"canonical\" href=\"https:\/\/isatis.asso.fr\/les-portes-du-sud\/2025\/04\/07\/sorties-mois-de-mars-2025\/\" \/>\n<meta property=\"og:locale\" content=\"fr_FR\" \/>\n<meta property=\"og:type\" content=\"article\" \/>\n<meta property=\"og:title\" content=\"Sorties mois de mars 2025 - LPDS - Les Portes du Sud\" \/>\n<meta property=\"og:description\" content=\"Jeudi 13 mars 2025 un groupe de 5 personnes accueillies, 1 soignant et 3 b\u00e9n\u00e9voles sont all\u00e9s visiter le mus\u00e9e Zadkine, \u00e0 l\u2019occasion de l&rsquo;exposition : MODIGLIANI \/ ZADKINE. Une amiti\u00e9 ininterrompue. Ils ont eu la joie de visiter les \u0153uvres de ses deux artistes dans l\u2019ancienne maison de Zadkine qui a \u00e9t\u00e9 transform\u00e9e en [&hellip;]\" \/>\n<meta property=\"og:url\" content=\"https:\/\/isatis.asso.fr\/les-portes-du-sud\/2025\/04\/07\/sorties-mois-de-mars-2025\/\" \/>\n<meta property=\"og:site_name\" content=\"Les Portes du Sud\" \/>\n<meta property=\"article:published_time\" content=\"2025-04-07T13:36:08+00:00\" \/>\n<meta property=\"article:modified_time\" content=\"2025-04-07T13:53:45+00:00\" \/>\n<meta property=\"og:image\" content=\"https:\/\/isatis.asso.fr\/les-portes-du-sud\/wp-content\/uploads\/sites\/23\/2025\/04\/img-3638-bis-scaled.jpg\" \/>\n\t<meta property=\"og:image:width\" content=\"2560\" \/>\n\t<meta property=\"og:image:height\" content=\"2174\" \/>\n\t<meta property=\"og:image:type\" content=\"image\/jpeg\" \/>\n<meta name=\"author\" content=\"portesdusud21gt34se\" \/>\n<meta name=\"twitter:card\" content=\"summary_large_image\" \/>\n<meta name=\"twitter:label1\" content=\"\u00c9crit par\" \/>\n\t<meta name=\"twitter:data1\" content=\"portesdusud21gt34se\" \/>\n\t<meta name=\"twitter:label2\" content=\"Dur\u00e9e de lecture estim\u00e9e\" \/>\n\t<meta name=\"twitter:data2\" content=\"2 minutes\" \/>\n<script type=\"application\/ld+json\" class=\"yoast-schema-graph\">{\"@context\":\"https:\\\/\\\/schema.org\",\"@graph\":[{\"@type\":\"Article\",\"@id\":\"https:\\\/\\\/isatis.asso.fr\\\/les-portes-du-sud\\\/2025\\\/04\\\/07\\\/sorties-mois-de-mars-2025\\\/#article\",\"isPartOf\":{\"@id\":\"https:\\\/\\\/isatis.asso.fr\\\/les-portes-du-sud\\\/2025\\\/04\\\/07\\\/sorties-mois-de-mars-2025\\\/\"},\"author\":{\"name\":\"portesdusud21gt34se\",\"@id\":\"https:\\\/\\\/isatis.asso.fr\\\/les-portes-du-sud\\\/#\\\/schema\\\/person\\\/080e2335249b906465250f5cca6f5e90\"},\"headline\":\"Sorties mois de mars 2025 &#8211; LPDS\",\"datePublished\":\"2025-04-07T13:36:08+00:00\",\"dateModified\":\"2025-04-07T13:53:45+00:00\",\"mainEntityOfPage\":{\"@id\":\"https:\\\/\\\/isatis.asso.fr\\\/les-portes-du-sud\\\/2025\\\/04\\\/07\\\/sorties-mois-de-mars-2025\\\/\"},\"wordCount\":236,\"commentCount\":0,\"image\":{\"@id\":\"https:\\\/\\\/isatis.asso.fr\\\/les-portes-du-sud\\\/2025\\\/04\\\/07\\\/sorties-mois-de-mars-2025\\\/#primaryimage\"},\"thumbnailUrl\":\"https:\\\/\\\/isatis.asso.fr\\\/les-portes-du-sud\\\/wp-content\\\/uploads\\\/sites\\\/23\\\/2025\\\/04\\\/img-3638-bis-scaled.jpg\",\"inLanguage\":\"fr-FR\",\"potentialAction\":[{\"@type\":\"CommentAction\",\"name\":\"Comment\",\"target\":[\"https:\\\/\\\/isatis.asso.fr\\\/les-portes-du-sud\\\/2025\\\/04\\\/07\\\/sorties-mois-de-mars-2025\\\/#respond\"]}]},{\"@type\":\"WebPage\",\"@id\":\"https:\\\/\\\/isatis.asso.fr\\\/les-portes-du-sud\\\/2025\\\/04\\\/07\\\/sorties-mois-de-mars-2025\\\/\",\"url\":\"https:\\\/\\\/isatis.asso.fr\\\/les-portes-du-sud\\\/2025\\\/04\\\/07\\\/sorties-mois-de-mars-2025\\\/\",\"name\":\"Sorties mois de mars 2025 - LPDS - Les Portes du Sud\",\"isPartOf\":{\"@id\":\"https:\\\/\\\/isatis.asso.fr\\\/les-portes-du-sud\\\/#website\"},\"primaryImageOfPage\":{\"@id\":\"https:\\\/\\\/isatis.asso.fr\\\/les-portes-du-sud\\\/2025\\\/04\\\/07\\\/sorties-mois-de-mars-2025\\\/#primaryimage\"},\"image\":{\"@id\":\"https:\\\/\\\/isatis.asso.fr\\\/les-portes-du-sud\\\/2025\\\/04\\\/07\\\/sorties-mois-de-mars-2025\\\/#primaryimage\"},\"thumbnailUrl\":\"https:\\\/\\\/isatis.asso.fr\\\/les-portes-du-sud\\\/wp-content\\\/uploads\\\/sites\\\/23\\\/2025\\\/04\\\/img-3638-bis-scaled.jpg\",\"datePublished\":\"2025-04-07T13:36:08+00:00\",\"dateModified\":\"2025-04-07T13:53:45+00:00\",\"author\":{\"@id\":\"https:\\\/\\\/isatis.asso.fr\\\/les-portes-du-sud\\\/#\\\/schema\\\/person\\\/080e2335249b906465250f5cca6f5e90\"},\"breadcrumb\":{\"@id\":\"https:\\\/\\\/isatis.asso.fr\\\/les-portes-du-sud\\\/2025\\\/04\\\/07\\\/sorties-mois-de-mars-2025\\\/#breadcrumb\"},\"inLanguage\":\"fr-FR\",\"potentialAction\":[{\"@type\":\"ReadAction\",\"target\":[\"https:\\\/\\\/isatis.asso.fr\\\/les-portes-du-sud\\\/2025\\\/04\\\/07\\\/sorties-mois-de-mars-2025\\\/\"]}]},{\"@type\":\"ImageObject\",\"inLanguage\":\"fr-FR\",\"@id\":\"https:\\\/\\\/isatis.asso.fr\\\/les-portes-du-sud\\\/2025\\\/04\\\/07\\\/sorties-mois-de-mars-2025\\\/#primaryimage\",\"url\":\"https:\\\/\\\/isatis.asso.fr\\\/les-portes-du-sud\\\/wp-content\\\/uploads\\\/sites\\\/23\\\/2025\\\/04\\\/img-3638-bis-scaled.jpg\",\"contentUrl\":\"https:\\\/\\\/isatis.asso.fr\\\/les-portes-du-sud\\\/wp-content\\\/uploads\\\/sites\\\/23\\\/2025\\\/04\\\/img-3638-bis-scaled.jpg\",\"width\":2560,\"height\":2174},{\"@type\":\"BreadcrumbList\",\"@id\":\"https:\\\/\\\/isatis.asso.fr\\\/les-portes-du-sud\\\/2025\\\/04\\\/07\\\/sorties-mois-de-mars-2025\\\/#breadcrumb\",\"itemListElement\":[{\"@type\":\"ListItem\",\"position\":1,\"name\":\"Accueil\",\"item\":\"https:\\\/\\\/isatis.asso.fr\\\/les-portes-du-sud\\\/\"},{\"@type\":\"ListItem\",\"position\":2,\"name\":\"Sorties mois de mars 2025 &#8211; LPDS\"}]},{\"@type\":\"WebSite\",\"@id\":\"https:\\\/\\\/isatis.asso.fr\\\/les-portes-du-sud\\\/#website\",\"url\":\"https:\\\/\\\/isatis.asso.fr\\\/les-portes-du-sud\\\/\",\"name\":\"Les Portes du Sud\",\"description\":\"CENTRE D\u2019ACCUEIL DE JOUR\",\"potentialAction\":[{\"@type\":\"SearchAction\",\"target\":{\"@type\":\"EntryPoint\",\"urlTemplate\":\"https:\\\/\\\/isatis.asso.fr\\\/les-portes-du-sud\\\/?s={search_term_string}\"},\"query-input\":{\"@type\":\"PropertyValueSpecification\",\"valueRequired\":true,\"valueName\":\"search_term_string\"}}],\"inLanguage\":\"fr-FR\"},{\"@type\":\"Person\",\"@id\":\"https:\\\/\\\/isatis.asso.fr\\\/les-portes-du-sud\\\/#\\\/schema\\\/person\\\/080e2335249b906465250f5cca6f5e90\",\"name\":\"portesdusud21gt34se\",\"image\":{\"@type\":\"ImageObject\",\"inLanguage\":\"fr-FR\",\"@id\":\"https:\\\/\\\/secure.gravatar.com\\\/avatar\\\/99b9c83f82817b1e53d8c18ab2646bc81653acac881e0d2e4b5253b63b283282?s=96&d=mm&r=g\",\"url\":\"https:\\\/\\\/secure.gravatar.com\\\/avatar\\\/99b9c83f82817b1e53d8c18ab2646bc81653acac881e0d2e4b5253b63b283282?s=96&d=mm&r=g\",\"contentUrl\":\"https:\\\/\\\/secure.gravatar.com\\\/avatar\\\/99b9c83f82817b1e53d8c18ab2646bc81653acac881e0d2e4b5253b63b283282?s=96&d=mm&r=g\",\"caption\":\"portesdusud21gt34se\"},\"url\":\"https:\\\/\\\/isatis.asso.fr\\\/les-portes-du-sud\\\/author\\\/portesdusud21gt34se\\\/\"}]}<\/script>\n<!-- \/ Yoast SEO plugin. -->","yoast_head_json":{"title":"Sorties mois de mars 2025 - LPDS - Les Portes du Sud","robots":{"index":"index","follow":"follow","max-snippet":"max-snippet:-1","max-image-preview":"max-image-preview:large","max-video-preview":"max-video-preview:-1"},"canonical":"https:\/\/isatis.asso.fr\/les-portes-du-sud\/2025\/04\/07\/sorties-mois-de-mars-2025\/","og_locale":"fr_FR","og_type":"article","og_title":"Sorties mois de mars 2025 - LPDS - Les Portes du Sud","og_description":"Jeudi 13 mars 2025 un groupe de 5 personnes accueillies, 1 soignant et 3 b\u00e9n\u00e9voles sont all\u00e9s visiter le mus\u00e9e Zadkine, \u00e0 l\u2019occasion de l&rsquo;exposition : MODIGLIANI \/ ZADKINE. Une amiti\u00e9 ininterrompue. Ils ont eu la joie de visiter les \u0153uvres de ses deux artistes dans l\u2019ancienne maison de Zadkine qui a \u00e9t\u00e9 transform\u00e9e en [&hellip;]","og_url":"https:\/\/isatis.asso.fr\/les-portes-du-sud\/2025\/04\/07\/sorties-mois-de-mars-2025\/","og_site_name":"Les Portes du Sud","article_published_time":"2025-04-07T13:36:08+00:00","article_modified_time":"2025-04-07T13:53:45+00:00","og_image":[{"width":2560,"height":2174,"url":"https:\/\/isatis.asso.fr\/les-portes-du-sud\/wp-content\/uploads\/sites\/23\/2025\/04\/img-3638-bis-scaled.jpg","type":"image\/jpeg"}],"author":"portesdusud21gt34se","twitter_card":"summary_large_image","twitter_misc":{"\u00c9crit par":"portesdusud21gt34se","Dur\u00e9e de lecture estim\u00e9e":"2 minutes"},"schema":{"@context":"https:\/\/schema.org","@graph":[{"@type":"Article","@id":"https:\/\/isatis.asso.fr\/les-portes-du-sud\/2025\/04\/07\/sorties-mois-de-mars-2025\/#article","isPartOf":{"@id":"https:\/\/isatis.asso.fr\/les-portes-du-sud\/2025\/04\/07\/sorties-mois-de-mars-2025\/"},"author":{"name":"portesdusud21gt34se","@id":"https:\/\/isatis.asso.fr\/les-portes-du-sud\/#\/schema\/person\/080e2335249b906465250f5cca6f5e90"},"headline":"Sorties mois de mars 2025 &#8211; LPDS","datePublished":"2025-04-07T13:36:08+00:00","dateModified":"2025-04-07T13:53:45+00:00","mainEntityOfPage":{"@id":"https:\/\/isatis.asso.fr\/les-portes-du-sud\/2025\/04\/07\/sorties-mois-de-mars-2025\/"},"wordCount":236,"commentCount":0,"image":{"@id":"https:\/\/isatis.asso.fr\/les-portes-du-sud\/2025\/04\/07\/sorties-mois-de-mars-2025\/#primaryimage"},"thumbnailUrl":"https:\/\/isatis.asso.fr\/les-portes-du-sud\/wp-content\/uploads\/sites\/23\/2025\/04\/img-3638-bis-scaled.jpg","inLanguage":"fr-FR","potentialAction":[{"@type":"CommentAction","name":"Comment","target":["https:\/\/isatis.asso.fr\/les-portes-du-sud\/2025\/04\/07\/sorties-mois-de-mars-2025\/#respond"]}]},{"@type":"WebPage","@id":"https:\/\/isatis.asso.fr\/les-portes-du-sud\/2025\/04\/07\/sorties-mois-de-mars-2025\/","url":"https:\/\/isatis.asso.fr\/les-portes-du-sud\/2025\/04\/07\/sorties-mois-de-mars-2025\/","name":"Sorties mois de mars 2025 - LPDS - Les Portes du Sud","isPartOf":{"@id":"https:\/\/isatis.asso.fr\/les-portes-du-sud\/#website"},"primaryImageOfPage":{"@id":"https:\/\/isatis.asso.fr\/les-portes-du-sud\/2025\/04\/07\/sorties-mois-de-mars-2025\/#primaryimage"},"image":{"@id":"https:\/\/isatis.asso.fr\/les-portes-du-sud\/2025\/04\/07\/sorties-mois-de-mars-2025\/#primaryimage"},"thumbnailUrl":"https:\/\/isatis.asso.fr\/les-portes-du-sud\/wp-content\/uploads\/sites\/23\/2025\/04\/img-3638-bis-scaled.jpg","datePublished":"2025-04-07T13:36:08+00:00","dateModified":"2025-04-07T13:53:45+00:00","author":{"@id":"https:\/\/isatis.asso.fr\/les-portes-du-sud\/#\/schema\/person\/080e2335249b906465250f5cca6f5e90"},"breadcrumb":{"@id":"https:\/\/isatis.asso.fr\/les-portes-du-sud\/2025\/04\/07\/sorties-mois-de-mars-2025\/#breadcrumb"},"inLanguage":"fr-FR","potentialAction":[{"@type":"ReadAction","target":["https:\/\/isatis.asso.fr\/les-portes-du-sud\/2025\/04\/07\/sorties-mois-de-mars-2025\/"]}]},{"@type":"ImageObject","inLanguage":"fr-FR","@id":"https:\/\/isatis.asso.fr\/les-portes-du-sud\/2025\/04\/07\/sorties-mois-de-mars-2025\/#primaryimage","url":"https:\/\/isatis.asso.fr\/les-portes-du-sud\/wp-content\/uploads\/sites\/23\/2025\/04\/img-3638-bis-scaled.jpg","contentUrl":"https:\/\/isatis.asso.fr\/les-portes-du-sud\/wp-content\/uploads\/sites\/23\/2025\/04\/img-3638-bis-scaled.jpg","width":2560,"height":2174},{"@type":"BreadcrumbList","@id":"https:\/\/isatis.asso.fr\/les-portes-du-sud\/2025\/04\/07\/sorties-mois-de-mars-2025\/#breadcrumb","itemListElement":[{"@type":"ListItem","position":1,"name":"Accueil","item":"https:\/\/isatis.asso.fr\/les-portes-du-sud\/"},{"@type":"ListItem","position":2,"name":"Sorties mois de mars 2025 &#8211; LPDS"}]},{"@type":"WebSite","@id":"https:\/\/isatis.asso.fr\/les-portes-du-sud\/#website","url":"https:\/\/isatis.asso.fr\/les-portes-du-sud\/","name":"Les Portes du Sud","description":"CENTRE D\u2019ACCUEIL DE JOUR","potentialAction":[{"@type":"SearchAction","target":{"@type":"EntryPoint","urlTemplate":"https:\/\/isatis.asso.fr\/les-portes-du-sud\/?s={search_term_string}"},"query-input":{"@type":"PropertyValueSpecification","valueRequired":true,"valueName":"search_term_string"}}],"inLanguage":"fr-FR"},{"@type":"Person","@id":"https:\/\/isatis.asso.fr\/les-portes-du-sud\/#\/schema\/person\/080e2335249b906465250f5cca6f5e90","name":"portesdusud21gt34se","image":{"@type":"ImageObject","inLanguage":"fr-FR","@id":"https:\/\/secure.gravatar.com\/avatar\/99b9c83f82817b1e53d8c18ab2646bc81653acac881e0d2e4b5253b63b283282?s=96&d=mm&r=g","url":"https:\/\/secure.gravatar.com\/avatar\/99b9c83f82817b1e53d8c18ab2646bc81653acac881e0d2e4b5253b63b283282?s=96&d=mm&r=g","contentUrl":"https:\/\/secure.gravatar.com\/avatar\/99b9c83f82817b1e53d8c18ab2646bc81653acac881e0d2e4b5253b63b283282?s=96&d=mm&r=g","caption":"portesdusud21gt34se"},"url":"https:\/\/isatis.asso.fr\/les-portes-du-sud\/author\/portesdusud21gt34se\/"}]}},"_links":{"self":[{"href":"https:\/\/isatis.asso.fr\/les-portes-du-sud\/wp-json\/wp\/v2\/posts\/747","targetHints":{"allow":["GET"]}}],"collection":[{"href":"https:\/\/isatis.asso.fr\/les-portes-du-sud\/wp-json\/wp\/v2\/posts"}],"about":[{"href":"https:\/\/isatis.asso.fr\/les-portes-du-sud\/wp-json\/wp\/v2\/types\/post"}],"author":[{"embeddable":true,"href":"https:\/\/isatis.asso.fr\/les-portes-du-sud\/wp-json\/wp\/v2\/users\/16"}],"replies":[{"embeddable":true,"href":"https:\/\/isatis.asso.fr\/les-portes-du-sud\/wp-json\/wp\/v2\/comments?post=747"}],"version-history":[{"count":5,"href":"https:\/\/isatis.asso.fr\/les-portes-du-sud\/wp-json\/wp\/v2\/posts\/747\/revisions"}],"predecessor-version":[{"id":761,"href":"https:\/\/isatis.asso.fr\/les-portes-du-sud\/wp-json\/wp\/v2\/posts\/747\/revisions\/761"}],"wp:featuredmedia":[{"embeddable":true,"href":"https:\/\/isatis.asso.fr\/les-portes-du-sud\/wp-json\/wp\/v2\/media\/756"}],"wp:attachment":[{"href":"https:\/\/isatis.asso.fr\/les-portes-du-sud\/wp-json\/wp\/v2\/media?parent=747"}],"wp:term":[{"taxonomy":"category","embeddable":true,"href":"https:\/\/isatis.asso.fr\/les-portes-du-sud\/wp-json\/wp\/v2\/categories?post=747"},{"taxonomy":"post_tag","embeddable":true,"href":"https:\/\/isatis.asso.fr\/les-portes-du-sud\/wp-json\/wp\/v2\/tags?post=747"}],"curies":[{"name":"wp","href":"https:\/\/api.w.org\/{rel}","templated":true}]}}