{"id":707,"date":"2025-02-03T15:43:42","date_gmt":"2025-02-03T14:43:42","guid":{"rendered":"https:\/\/isatis.asso.fr\/les-portes-du-sud\/?p=707"},"modified":"2025-03-12T16:00:28","modified_gmt":"2025-03-12T15:00:28","slug":"sorties-mois-de-janvier-2025","status":"publish","type":"post","link":"https:\/\/isatis.asso.fr\/les-portes-du-sud\/2025\/02\/03\/sorties-mois-de-janvier-2025\/","title":{"rendered":"Sorties mois de janvier 2025"},"content":{"rendered":"\n<p>Les Portes du Sud organisent r\u00e9guli\u00e8rement des sorties appr\u00e9ci\u00e9es de toutes et de tous&#8230;<\/p>\n\n\n\n<ul class=\"wp-block-list\">\n<li><strong>Aquarium tropical du palais de la Porte Dor\u00e9e<\/strong> <strong>&#8211; 23\/01\/2025<\/strong><\/li>\n<\/ul>\n\n\n\n<div class=\"wp-block-columns is-layout-flex wp-container-core-columns-is-layout-9d6595d7 wp-block-columns-is-layout-flex\">\n<div class=\"wp-block-column is-layout-flow wp-block-column-is-layout-flow\">\n<figure class=\"wp-block-image size-full is-resized\"><img loading=\"lazy\" decoding=\"async\" src=\"https:\/\/isatis.asso.fr\/les-portes-du-sud\/wp-content\/uploads\/sites\/23\/2025\/02\/img-0701-2-scaled.jpg\" alt=\"\" class=\"wp-image-708\" width=\"304\" height=\"405\" srcset=\"https:\/\/isatis.asso.fr\/les-portes-du-sud\/wp-content\/uploads\/sites\/23\/2025\/02\/img-0701-2-scaled.jpg 1920w, https:\/\/isatis.asso.fr\/les-portes-du-sud\/wp-content\/uploads\/sites\/23\/2025\/02\/img-0701-2-225x300.jpg 225w, https:\/\/isatis.asso.fr\/les-portes-du-sud\/wp-content\/uploads\/sites\/23\/2025\/02\/img-0701-2-768x1024.jpg 768w, https:\/\/isatis.asso.fr\/les-portes-du-sud\/wp-content\/uploads\/sites\/23\/2025\/02\/img-0701-2-1152x1536.jpg 1152w, https:\/\/isatis.asso.fr\/les-portes-du-sud\/wp-content\/uploads\/sites\/23\/2025\/02\/img-0701-2-1536x2048.jpg 1536w, https:\/\/isatis.asso.fr\/les-portes-du-sud\/wp-content\/uploads\/sites\/23\/2025\/02\/img-0701-2-750x1000.jpg 750w\" sizes=\"auto, (max-width: 304px) 100vw, 304px\" \/><\/figure>\n<\/div>\n<\/div>\n\n\n\n<p>Sortie exotique par temps gris, l&rsquo;aquarium tropical de la Porte Dor\u00e9e nous a fait voyager sous le soleil : mer des Cara\u00efbes, lacs africains, rivi\u00e8res asiatiques, oc\u00e9an indien&#8230; Nous avons pu observer des sp\u00e9cimens rares tel que l&rsquo;alligator albinos, dans sa fosse spectaculaire lui \u00e9tant r\u00e9serv\u00e9e; ainsi que la tortue \u00e0 nez de cochon. D&rsquo;autres esp\u00e8ces plus connues sont abrit\u00e9es \u00e0 l&rsquo;aquarium tels que les Piranhas, hippocampes, raies, poissons \u00e9lectriques, poissons clowns, poissons chirurgiens&#8230;<\/p>\n\n\n\n<p>Un moment des plus agr\u00e9ables, accompagn\u00e9s par 3 b\u00e9n\u00e9voles de la Fondation Claude Pompidou, qui ont agr\u00e9ment\u00e9s la visite d&rsquo;anecdotes originales.<\/p>\n\n\n\n<p>Paroles de personnes accueillies : \u00ab\u00a0j&rsquo;ai beaucoup admir\u00e9\u00a0\u00bb, \u00ab\u00a0bonnes explications, concis et clair\u00a0\u00bb, \u00ab\u00a0un sans faute\u00a0\u00bb, \u00ab\u00a0une sortie magnifique, j&rsquo;ai pu revivre mon pays, la lagune, la mer&#8230;\u00a0\u00bb.<\/p>\n\n\n\n<div class=\"wp-block-columns is-layout-flex wp-container-core-columns-is-layout-9d6595d7 wp-block-columns-is-layout-flex\">\n<div class=\"wp-block-column is-layout-flow wp-block-column-is-layout-flow\">\n<figure class=\"wp-block-image size-full\"><img loading=\"lazy\" decoding=\"async\" width=\"2560\" height=\"1920\" src=\"https:\/\/isatis.asso.fr\/les-portes-du-sud\/wp-content\/uploads\/sites\/23\/2025\/02\/img-0693-1-scaled.jpg\" alt=\"\" class=\"wp-image-711\" srcset=\"https:\/\/isatis.asso.fr\/les-portes-du-sud\/wp-content\/uploads\/sites\/23\/2025\/02\/img-0693-1-scaled.jpg 2560w, https:\/\/isatis.asso.fr\/les-portes-du-sud\/wp-content\/uploads\/sites\/23\/2025\/02\/img-0693-1-300x225.jpg 300w, https:\/\/isatis.asso.fr\/les-portes-du-sud\/wp-content\/uploads\/sites\/23\/2025\/02\/img-0693-1-1024x768.jpg 1024w, https:\/\/isatis.asso.fr\/les-portes-du-sud\/wp-content\/uploads\/sites\/23\/2025\/02\/img-0693-1-768x576.jpg 768w, https:\/\/isatis.asso.fr\/les-portes-du-sud\/wp-content\/uploads\/sites\/23\/2025\/02\/img-0693-1-1536x1152.jpg 1536w, https:\/\/isatis.asso.fr\/les-portes-du-sud\/wp-content\/uploads\/sites\/23\/2025\/02\/img-0693-1-2048x1536.jpg 2048w, https:\/\/isatis.asso.fr\/les-portes-du-sud\/wp-content\/uploads\/sites\/23\/2025\/02\/img-0693-1-1333x1000.jpg 1333w\" sizes=\"auto, (max-width: 2560px) 100vw, 2560px\" \/><\/figure>\n<\/div>\n\n\n\n<div class=\"wp-block-column is-layout-flow wp-block-column-is-layout-flow\">\n<figure class=\"wp-block-image size-full\"><img loading=\"lazy\" decoding=\"async\" width=\"1920\" height=\"2560\" src=\"https:\/\/isatis.asso.fr\/les-portes-du-sud\/wp-content\/uploads\/sites\/23\/2025\/02\/img-0705-1-scaled.jpg\" alt=\"\" class=\"wp-image-712\" srcset=\"https:\/\/isatis.asso.fr\/les-portes-du-sud\/wp-content\/uploads\/sites\/23\/2025\/02\/img-0705-1-scaled.jpg 1920w, https:\/\/isatis.asso.fr\/les-portes-du-sud\/wp-content\/uploads\/sites\/23\/2025\/02\/img-0705-1-225x300.jpg 225w, https:\/\/isatis.asso.fr\/les-portes-du-sud\/wp-content\/uploads\/sites\/23\/2025\/02\/img-0705-1-768x1024.jpg 768w, https:\/\/isatis.asso.fr\/les-portes-du-sud\/wp-content\/uploads\/sites\/23\/2025\/02\/img-0705-1-1152x1536.jpg 1152w, https:\/\/isatis.asso.fr\/les-portes-du-sud\/wp-content\/uploads\/sites\/23\/2025\/02\/img-0705-1-1536x2048.jpg 1536w, https:\/\/isatis.asso.fr\/les-portes-du-sud\/wp-content\/uploads\/sites\/23\/2025\/02\/img-0705-1-750x1000.jpg 750w\" sizes=\"auto, (max-width: 1920px) 100vw, 1920px\" \/><\/figure>\n<\/div>\n\n\n\n<div class=\"wp-block-column is-layout-flow wp-block-column-is-layout-flow\">\n<figure class=\"wp-block-image size-full\"><img loading=\"lazy\" decoding=\"async\" width=\"2560\" height=\"1920\" src=\"https:\/\/isatis.asso.fr\/les-portes-du-sud\/wp-content\/uploads\/sites\/23\/2025\/02\/img-0711-1-scaled.jpg\" alt=\"\" class=\"wp-image-713\" srcset=\"https:\/\/isatis.asso.fr\/les-portes-du-sud\/wp-content\/uploads\/sites\/23\/2025\/02\/img-0711-1-scaled.jpg 2560w, https:\/\/isatis.asso.fr\/les-portes-du-sud\/wp-content\/uploads\/sites\/23\/2025\/02\/img-0711-1-300x225.jpg 300w, https:\/\/isatis.asso.fr\/les-portes-du-sud\/wp-content\/uploads\/sites\/23\/2025\/02\/img-0711-1-1024x768.jpg 1024w, https:\/\/isatis.asso.fr\/les-portes-du-sud\/wp-content\/uploads\/sites\/23\/2025\/02\/img-0711-1-768x576.jpg 768w, https:\/\/isatis.asso.fr\/les-portes-du-sud\/wp-content\/uploads\/sites\/23\/2025\/02\/img-0711-1-1536x1152.jpg 1536w, https:\/\/isatis.asso.fr\/les-portes-du-sud\/wp-content\/uploads\/sites\/23\/2025\/02\/img-0711-1-2048x1536.jpg 2048w, https:\/\/isatis.asso.fr\/les-portes-du-sud\/wp-content\/uploads\/sites\/23\/2025\/02\/img-0711-1-1333x1000.jpg 1333w\" sizes=\"auto, (max-width: 2560px) 100vw, 2560px\" \/><\/figure>\n\n\n\n<figure class=\"wp-block-image size-large\"><img loading=\"lazy\" decoding=\"async\" width=\"1024\" height=\"768\" src=\"https:\/\/isatis.asso.fr\/les-portes-du-sud\/wp-content\/uploads\/sites\/23\/2025\/02\/img-0699-1-1024x768.jpg\" alt=\"\" class=\"wp-image-719\" srcset=\"https:\/\/isatis.asso.fr\/les-portes-du-sud\/wp-content\/uploads\/sites\/23\/2025\/02\/img-0699-1-1024x768.jpg 1024w, https:\/\/isatis.asso.fr\/les-portes-du-sud\/wp-content\/uploads\/sites\/23\/2025\/02\/img-0699-1-300x225.jpg 300w, https:\/\/isatis.asso.fr\/les-portes-du-sud\/wp-content\/uploads\/sites\/23\/2025\/02\/img-0699-1-768x576.jpg 768w, https:\/\/isatis.asso.fr\/les-portes-du-sud\/wp-content\/uploads\/sites\/23\/2025\/02\/img-0699-1-1536x1152.jpg 1536w, https:\/\/isatis.asso.fr\/les-portes-du-sud\/wp-content\/uploads\/sites\/23\/2025\/02\/img-0699-1-2048x1536.jpg 2048w, https:\/\/isatis.asso.fr\/les-portes-du-sud\/wp-content\/uploads\/sites\/23\/2025\/02\/img-0699-1-1333x1000.jpg 1333w\" sizes=\"auto, (max-width: 1024px) 100vw, 1024px\" \/><\/figure>\n<\/div>\n<\/div>\n\n\n\n<ul class=\"wp-block-list\">\n<li><strong>Sortie au bowling &#8211; 31\/01\/2025<\/strong><\/li>\n<\/ul>\n\n\n\n<div class=\"wp-block-columns is-layout-flex wp-container-core-columns-is-layout-9d6595d7 wp-block-columns-is-layout-flex\">\n<div class=\"wp-block-column is-layout-flow wp-block-column-is-layout-flow\">\n<figure class=\"wp-block-image size-full\"><img loading=\"lazy\" decoding=\"async\" width=\"2560\" height=\"1920\" src=\"https:\/\/isatis.asso.fr\/les-portes-du-sud\/wp-content\/uploads\/sites\/23\/2025\/02\/dsc02132-1-scaled.jpg\" alt=\"\" class=\"wp-image-715\" srcset=\"https:\/\/isatis.asso.fr\/les-portes-du-sud\/wp-content\/uploads\/sites\/23\/2025\/02\/dsc02132-1-scaled.jpg 2560w, https:\/\/isatis.asso.fr\/les-portes-du-sud\/wp-content\/uploads\/sites\/23\/2025\/02\/dsc02132-1-300x225.jpg 300w, https:\/\/isatis.asso.fr\/les-portes-du-sud\/wp-content\/uploads\/sites\/23\/2025\/02\/dsc02132-1-1024x768.jpg 1024w, https:\/\/isatis.asso.fr\/les-portes-du-sud\/wp-content\/uploads\/sites\/23\/2025\/02\/dsc02132-1-768x576.jpg 768w, https:\/\/isatis.asso.fr\/les-portes-du-sud\/wp-content\/uploads\/sites\/23\/2025\/02\/dsc02132-1-1536x1152.jpg 1536w, https:\/\/isatis.asso.fr\/les-portes-du-sud\/wp-content\/uploads\/sites\/23\/2025\/02\/dsc02132-1-2048x1536.jpg 2048w, https:\/\/isatis.asso.fr\/les-portes-du-sud\/wp-content\/uploads\/sites\/23\/2025\/02\/dsc02132-1-1333x1000.jpg 1333w\" sizes=\"auto, (max-width: 2560px) 100vw, 2560px\" \/><\/figure>\n<\/div>\n\n\n\n<div class=\"wp-block-column is-layout-flow wp-block-column-is-layout-flow\">\n<figure class=\"wp-block-image size-full\"><img loading=\"lazy\" decoding=\"async\" width=\"2560\" height=\"2022\" src=\"https:\/\/isatis.asso.fr\/les-portes-du-sud\/wp-content\/uploads\/sites\/23\/2025\/02\/dsc02131-1-scaled.jpg\" alt=\"\" class=\"wp-image-716\" srcset=\"https:\/\/isatis.asso.fr\/les-portes-du-sud\/wp-content\/uploads\/sites\/23\/2025\/02\/dsc02131-1-scaled.jpg 2560w, https:\/\/isatis.asso.fr\/les-portes-du-sud\/wp-content\/uploads\/sites\/23\/2025\/02\/dsc02131-1-300x237.jpg 300w, https:\/\/isatis.asso.fr\/les-portes-du-sud\/wp-content\/uploads\/sites\/23\/2025\/02\/dsc02131-1-1024x809.jpg 1024w, https:\/\/isatis.asso.fr\/les-portes-du-sud\/wp-content\/uploads\/sites\/23\/2025\/02\/dsc02131-1-768x607.jpg 768w, https:\/\/isatis.asso.fr\/les-portes-du-sud\/wp-content\/uploads\/sites\/23\/2025\/02\/dsc02131-1-1536x1213.jpg 1536w, https:\/\/isatis.asso.fr\/les-portes-du-sud\/wp-content\/uploads\/sites\/23\/2025\/02\/dsc02131-1-2048x1618.jpg 2048w, https:\/\/isatis.asso.fr\/les-portes-du-sud\/wp-content\/uploads\/sites\/23\/2025\/02\/dsc02131-1-1266x1000.jpg 1266w\" sizes=\"auto, (max-width: 2560px) 100vw, 2560px\" \/><\/figure>\n<\/div>\n<\/div>\n\n\n\n<p>Apr\u00e8s la victoire de l&rsquo;\u00e9quipe des Portes du Sud aux olympiades inter-CAJ en octobre 2024, une sortie au bowling s&rsquo;est av\u00e9r\u00e9e n\u00e9cessaire ! Un moment sportif et convivial partag\u00e9 entre 5 personnes accueillies, 1 soignante et 3 b\u00e9n\u00e9voles de la Fondation Pompidou.<\/p>\n","protected":false},"excerpt":{"rendered":"<p>Les Portes du Sud organisent r\u00e9guli\u00e8rement des sorties appr\u00e9ci\u00e9es de toutes et de tous&#8230; Sortie exotique par temps gris, l&rsquo;aquarium tropical de la Porte Dor\u00e9e nous a fait voyager sous le soleil : mer des Cara\u00efbes, lacs africains, rivi\u00e8res asiatiques, oc\u00e9an indien&#8230; Nous avons pu observer des sp\u00e9cimens rares tel que l&rsquo;alligator albinos, dans sa [&hellip;]<\/p>\n","protected":false},"author":16,"featured_media":709,"comment_status":"open","ping_status":"open","sticky":false,"template":"","format":"standard","meta":{"_acf_changed":false,"footnotes":""},"categories":[1],"tags":[],"class_list":["post-707","post","type-post","status-publish","format-standard","has-post-thumbnail","hentry","category-non-classe"],"acf":[],"yoast_head":"<!-- This site is optimized with the Yoast SEO plugin v27.3 - https:\/\/yoast.com\/product\/yoast-seo-wordpress\/ -->\n<title>Sorties mois de janvier 2025 - Les Portes du Sud<\/title>\n<meta name=\"robots\" content=\"index, follow, max-snippet:-1, max-image-preview:large, max-video-preview:-1\" \/>\n<link rel=\"canonical\" href=\"https:\/\/isatis.asso.fr\/les-portes-du-sud\/2025\/02\/03\/sorties-mois-de-janvier-2025\/\" \/>\n<meta property=\"og:locale\" content=\"fr_FR\" \/>\n<meta property=\"og:type\" content=\"article\" \/>\n<meta property=\"og:title\" content=\"Sorties mois de janvier 2025 - Les Portes du Sud\" \/>\n<meta property=\"og:description\" content=\"Les Portes du Sud organisent r\u00e9guli\u00e8rement des sorties appr\u00e9ci\u00e9es de toutes et de tous&#8230; Sortie exotique par temps gris, l&rsquo;aquarium tropical de la Porte Dor\u00e9e nous a fait voyager sous le soleil : mer des Cara\u00efbes, lacs africains, rivi\u00e8res asiatiques, oc\u00e9an indien&#8230; Nous avons pu observer des sp\u00e9cimens rares tel que l&rsquo;alligator albinos, dans sa [&hellip;]\" \/>\n<meta property=\"og:url\" content=\"https:\/\/isatis.asso.fr\/les-portes-du-sud\/2025\/02\/03\/sorties-mois-de-janvier-2025\/\" \/>\n<meta property=\"og:site_name\" content=\"Les Portes du Sud\" \/>\n<meta property=\"article:published_time\" content=\"2025-02-03T14:43:42+00:00\" \/>\n<meta property=\"article:modified_time\" content=\"2025-03-12T15:00:28+00:00\" \/>\n<meta property=\"og:image\" content=\"https:\/\/isatis.asso.fr\/les-portes-du-sud\/wp-content\/uploads\/sites\/23\/2025\/02\/img-0690-3-scaled.jpg\" \/>\n\t<meta property=\"og:image:width\" content=\"2533\" \/>\n\t<meta property=\"og:image:height\" content=\"2560\" \/>\n\t<meta property=\"og:image:type\" content=\"image\/jpeg\" \/>\n<meta name=\"author\" content=\"portesdusud21gt34se\" \/>\n<meta name=\"twitter:card\" content=\"summary_large_image\" \/>\n<meta name=\"twitter:label1\" content=\"\u00c9crit par\" \/>\n\t<meta name=\"twitter:data1\" content=\"portesdusud21gt34se\" \/>\n\t<meta name=\"twitter:label2\" content=\"Dur\u00e9e de lecture estim\u00e9e\" \/>\n\t<meta name=\"twitter:data2\" content=\"3 minutes\" \/>\n<script type=\"application\/ld+json\" class=\"yoast-schema-graph\">{\"@context\":\"https:\\\/\\\/schema.org\",\"@graph\":[{\"@type\":\"Article\",\"@id\":\"https:\\\/\\\/isatis.asso.fr\\\/les-portes-du-sud\\\/2025\\\/02\\\/03\\\/sorties-mois-de-janvier-2025\\\/#article\",\"isPartOf\":{\"@id\":\"https:\\\/\\\/isatis.asso.fr\\\/les-portes-du-sud\\\/2025\\\/02\\\/03\\\/sorties-mois-de-janvier-2025\\\/\"},\"author\":{\"name\":\"portesdusud21gt34se\",\"@id\":\"https:\\\/\\\/isatis.asso.fr\\\/les-portes-du-sud\\\/#\\\/schema\\\/person\\\/080e2335249b906465250f5cca6f5e90\"},\"headline\":\"Sorties mois de janvier 2025\",\"datePublished\":\"2025-02-03T14:43:42+00:00\",\"dateModified\":\"2025-03-12T15:00:28+00:00\",\"mainEntityOfPage\":{\"@id\":\"https:\\\/\\\/isatis.asso.fr\\\/les-portes-du-sud\\\/2025\\\/02\\\/03\\\/sorties-mois-de-janvier-2025\\\/\"},\"wordCount\":221,\"commentCount\":0,\"image\":{\"@id\":\"https:\\\/\\\/isatis.asso.fr\\\/les-portes-du-sud\\\/2025\\\/02\\\/03\\\/sorties-mois-de-janvier-2025\\\/#primaryimage\"},\"thumbnailUrl\":\"https:\\\/\\\/isatis.asso.fr\\\/les-portes-du-sud\\\/wp-content\\\/uploads\\\/sites\\\/23\\\/2025\\\/02\\\/img-0690-3-scaled.jpg\",\"inLanguage\":\"fr-FR\",\"potentialAction\":[{\"@type\":\"CommentAction\",\"name\":\"Comment\",\"target\":[\"https:\\\/\\\/isatis.asso.fr\\\/les-portes-du-sud\\\/2025\\\/02\\\/03\\\/sorties-mois-de-janvier-2025\\\/#respond\"]}]},{\"@type\":\"WebPage\",\"@id\":\"https:\\\/\\\/isatis.asso.fr\\\/les-portes-du-sud\\\/2025\\\/02\\\/03\\\/sorties-mois-de-janvier-2025\\\/\",\"url\":\"https:\\\/\\\/isatis.asso.fr\\\/les-portes-du-sud\\\/2025\\\/02\\\/03\\\/sorties-mois-de-janvier-2025\\\/\",\"name\":\"Sorties mois de janvier 2025 - Les Portes du Sud\",\"isPartOf\":{\"@id\":\"https:\\\/\\\/isatis.asso.fr\\\/les-portes-du-sud\\\/#website\"},\"primaryImageOfPage\":{\"@id\":\"https:\\\/\\\/isatis.asso.fr\\\/les-portes-du-sud\\\/2025\\\/02\\\/03\\\/sorties-mois-de-janvier-2025\\\/#primaryimage\"},\"image\":{\"@id\":\"https:\\\/\\\/isatis.asso.fr\\\/les-portes-du-sud\\\/2025\\\/02\\\/03\\\/sorties-mois-de-janvier-2025\\\/#primaryimage\"},\"thumbnailUrl\":\"https:\\\/\\\/isatis.asso.fr\\\/les-portes-du-sud\\\/wp-content\\\/uploads\\\/sites\\\/23\\\/2025\\\/02\\\/img-0690-3-scaled.jpg\",\"datePublished\":\"2025-02-03T14:43:42+00:00\",\"dateModified\":\"2025-03-12T15:00:28+00:00\",\"author\":{\"@id\":\"https:\\\/\\\/isatis.asso.fr\\\/les-portes-du-sud\\\/#\\\/schema\\\/person\\\/080e2335249b906465250f5cca6f5e90\"},\"breadcrumb\":{\"@id\":\"https:\\\/\\\/isatis.asso.fr\\\/les-portes-du-sud\\\/2025\\\/02\\\/03\\\/sorties-mois-de-janvier-2025\\\/#breadcrumb\"},\"inLanguage\":\"fr-FR\",\"potentialAction\":[{\"@type\":\"ReadAction\",\"target\":[\"https:\\\/\\\/isatis.asso.fr\\\/les-portes-du-sud\\\/2025\\\/02\\\/03\\\/sorties-mois-de-janvier-2025\\\/\"]}]},{\"@type\":\"ImageObject\",\"inLanguage\":\"fr-FR\",\"@id\":\"https:\\\/\\\/isatis.asso.fr\\\/les-portes-du-sud\\\/2025\\\/02\\\/03\\\/sorties-mois-de-janvier-2025\\\/#primaryimage\",\"url\":\"https:\\\/\\\/isatis.asso.fr\\\/les-portes-du-sud\\\/wp-content\\\/uploads\\\/sites\\\/23\\\/2025\\\/02\\\/img-0690-3-scaled.jpg\",\"contentUrl\":\"https:\\\/\\\/isatis.asso.fr\\\/les-portes-du-sud\\\/wp-content\\\/uploads\\\/sites\\\/23\\\/2025\\\/02\\\/img-0690-3-scaled.jpg\",\"width\":2533,\"height\":2560},{\"@type\":\"BreadcrumbList\",\"@id\":\"https:\\\/\\\/isatis.asso.fr\\\/les-portes-du-sud\\\/2025\\\/02\\\/03\\\/sorties-mois-de-janvier-2025\\\/#breadcrumb\",\"itemListElement\":[{\"@type\":\"ListItem\",\"position\":1,\"name\":\"Accueil\",\"item\":\"https:\\\/\\\/isatis.asso.fr\\\/les-portes-du-sud\\\/\"},{\"@type\":\"ListItem\",\"position\":2,\"name\":\"Sorties mois de janvier 2025\"}]},{\"@type\":\"WebSite\",\"@id\":\"https:\\\/\\\/isatis.asso.fr\\\/les-portes-du-sud\\\/#website\",\"url\":\"https:\\\/\\\/isatis.asso.fr\\\/les-portes-du-sud\\\/\",\"name\":\"Les Portes du Sud\",\"description\":\"CENTRE D\u2019ACCUEIL DE JOUR\",\"potentialAction\":[{\"@type\":\"SearchAction\",\"target\":{\"@type\":\"EntryPoint\",\"urlTemplate\":\"https:\\\/\\\/isatis.asso.fr\\\/les-portes-du-sud\\\/?s={search_term_string}\"},\"query-input\":{\"@type\":\"PropertyValueSpecification\",\"valueRequired\":true,\"valueName\":\"search_term_string\"}}],\"inLanguage\":\"fr-FR\"},{\"@type\":\"Person\",\"@id\":\"https:\\\/\\\/isatis.asso.fr\\\/les-portes-du-sud\\\/#\\\/schema\\\/person\\\/080e2335249b906465250f5cca6f5e90\",\"name\":\"portesdusud21gt34se\",\"image\":{\"@type\":\"ImageObject\",\"inLanguage\":\"fr-FR\",\"@id\":\"https:\\\/\\\/secure.gravatar.com\\\/avatar\\\/99b9c83f82817b1e53d8c18ab2646bc81653acac881e0d2e4b5253b63b283282?s=96&d=mm&r=g\",\"url\":\"https:\\\/\\\/secure.gravatar.com\\\/avatar\\\/99b9c83f82817b1e53d8c18ab2646bc81653acac881e0d2e4b5253b63b283282?s=96&d=mm&r=g\",\"contentUrl\":\"https:\\\/\\\/secure.gravatar.com\\\/avatar\\\/99b9c83f82817b1e53d8c18ab2646bc81653acac881e0d2e4b5253b63b283282?s=96&d=mm&r=g\",\"caption\":\"portesdusud21gt34se\"},\"url\":\"https:\\\/\\\/isatis.asso.fr\\\/les-portes-du-sud\\\/author\\\/portesdusud21gt34se\\\/\"}]}<\/script>\n<!-- \/ Yoast SEO plugin. -->","yoast_head_json":{"title":"Sorties mois de janvier 2025 - Les Portes du Sud","robots":{"index":"index","follow":"follow","max-snippet":"max-snippet:-1","max-image-preview":"max-image-preview:large","max-video-preview":"max-video-preview:-1"},"canonical":"https:\/\/isatis.asso.fr\/les-portes-du-sud\/2025\/02\/03\/sorties-mois-de-janvier-2025\/","og_locale":"fr_FR","og_type":"article","og_title":"Sorties mois de janvier 2025 - Les Portes du Sud","og_description":"Les Portes du Sud organisent r\u00e9guli\u00e8rement des sorties appr\u00e9ci\u00e9es de toutes et de tous&#8230; Sortie exotique par temps gris, l&rsquo;aquarium tropical de la Porte Dor\u00e9e nous a fait voyager sous le soleil : mer des Cara\u00efbes, lacs africains, rivi\u00e8res asiatiques, oc\u00e9an indien&#8230; Nous avons pu observer des sp\u00e9cimens rares tel que l&rsquo;alligator albinos, dans sa [&hellip;]","og_url":"https:\/\/isatis.asso.fr\/les-portes-du-sud\/2025\/02\/03\/sorties-mois-de-janvier-2025\/","og_site_name":"Les Portes du Sud","article_published_time":"2025-02-03T14:43:42+00:00","article_modified_time":"2025-03-12T15:00:28+00:00","og_image":[{"width":2533,"height":2560,"url":"https:\/\/isatis.asso.fr\/les-portes-du-sud\/wp-content\/uploads\/sites\/23\/2025\/02\/img-0690-3-scaled.jpg","type":"image\/jpeg"}],"author":"portesdusud21gt34se","twitter_card":"summary_large_image","twitter_misc":{"\u00c9crit par":"portesdusud21gt34se","Dur\u00e9e de lecture estim\u00e9e":"3 minutes"},"schema":{"@context":"https:\/\/schema.org","@graph":[{"@type":"Article","@id":"https:\/\/isatis.asso.fr\/les-portes-du-sud\/2025\/02\/03\/sorties-mois-de-janvier-2025\/#article","isPartOf":{"@id":"https:\/\/isatis.asso.fr\/les-portes-du-sud\/2025\/02\/03\/sorties-mois-de-janvier-2025\/"},"author":{"name":"portesdusud21gt34se","@id":"https:\/\/isatis.asso.fr\/les-portes-du-sud\/#\/schema\/person\/080e2335249b906465250f5cca6f5e90"},"headline":"Sorties mois de janvier 2025","datePublished":"2025-02-03T14:43:42+00:00","dateModified":"2025-03-12T15:00:28+00:00","mainEntityOfPage":{"@id":"https:\/\/isatis.asso.fr\/les-portes-du-sud\/2025\/02\/03\/sorties-mois-de-janvier-2025\/"},"wordCount":221,"commentCount":0,"image":{"@id":"https:\/\/isatis.asso.fr\/les-portes-du-sud\/2025\/02\/03\/sorties-mois-de-janvier-2025\/#primaryimage"},"thumbnailUrl":"https:\/\/isatis.asso.fr\/les-portes-du-sud\/wp-content\/uploads\/sites\/23\/2025\/02\/img-0690-3-scaled.jpg","inLanguage":"fr-FR","potentialAction":[{"@type":"CommentAction","name":"Comment","target":["https:\/\/isatis.asso.fr\/les-portes-du-sud\/2025\/02\/03\/sorties-mois-de-janvier-2025\/#respond"]}]},{"@type":"WebPage","@id":"https:\/\/isatis.asso.fr\/les-portes-du-sud\/2025\/02\/03\/sorties-mois-de-janvier-2025\/","url":"https:\/\/isatis.asso.fr\/les-portes-du-sud\/2025\/02\/03\/sorties-mois-de-janvier-2025\/","name":"Sorties mois de janvier 2025 - Les Portes du Sud","isPartOf":{"@id":"https:\/\/isatis.asso.fr\/les-portes-du-sud\/#website"},"primaryImageOfPage":{"@id":"https:\/\/isatis.asso.fr\/les-portes-du-sud\/2025\/02\/03\/sorties-mois-de-janvier-2025\/#primaryimage"},"image":{"@id":"https:\/\/isatis.asso.fr\/les-portes-du-sud\/2025\/02\/03\/sorties-mois-de-janvier-2025\/#primaryimage"},"thumbnailUrl":"https:\/\/isatis.asso.fr\/les-portes-du-sud\/wp-content\/uploads\/sites\/23\/2025\/02\/img-0690-3-scaled.jpg","datePublished":"2025-02-03T14:43:42+00:00","dateModified":"2025-03-12T15:00:28+00:00","author":{"@id":"https:\/\/isatis.asso.fr\/les-portes-du-sud\/#\/schema\/person\/080e2335249b906465250f5cca6f5e90"},"breadcrumb":{"@id":"https:\/\/isatis.asso.fr\/les-portes-du-sud\/2025\/02\/03\/sorties-mois-de-janvier-2025\/#breadcrumb"},"inLanguage":"fr-FR","potentialAction":[{"@type":"ReadAction","target":["https:\/\/isatis.asso.fr\/les-portes-du-sud\/2025\/02\/03\/sorties-mois-de-janvier-2025\/"]}]},{"@type":"ImageObject","inLanguage":"fr-FR","@id":"https:\/\/isatis.asso.fr\/les-portes-du-sud\/2025\/02\/03\/sorties-mois-de-janvier-2025\/#primaryimage","url":"https:\/\/isatis.asso.fr\/les-portes-du-sud\/wp-content\/uploads\/sites\/23\/2025\/02\/img-0690-3-scaled.jpg","contentUrl":"https:\/\/isatis.asso.fr\/les-portes-du-sud\/wp-content\/uploads\/sites\/23\/2025\/02\/img-0690-3-scaled.jpg","width":2533,"height":2560},{"@type":"BreadcrumbList","@id":"https:\/\/isatis.asso.fr\/les-portes-du-sud\/2025\/02\/03\/sorties-mois-de-janvier-2025\/#breadcrumb","itemListElement":[{"@type":"ListItem","position":1,"name":"Accueil","item":"https:\/\/isatis.asso.fr\/les-portes-du-sud\/"},{"@type":"ListItem","position":2,"name":"Sorties mois de janvier 2025"}]},{"@type":"WebSite","@id":"https:\/\/isatis.asso.fr\/les-portes-du-sud\/#website","url":"https:\/\/isatis.asso.fr\/les-portes-du-sud\/","name":"Les Portes du Sud","description":"CENTRE D\u2019ACCUEIL DE JOUR","potentialAction":[{"@type":"SearchAction","target":{"@type":"EntryPoint","urlTemplate":"https:\/\/isatis.asso.fr\/les-portes-du-sud\/?s={search_term_string}"},"query-input":{"@type":"PropertyValueSpecification","valueRequired":true,"valueName":"search_term_string"}}],"inLanguage":"fr-FR"},{"@type":"Person","@id":"https:\/\/isatis.asso.fr\/les-portes-du-sud\/#\/schema\/person\/080e2335249b906465250f5cca6f5e90","name":"portesdusud21gt34se","image":{"@type":"ImageObject","inLanguage":"fr-FR","@id":"https:\/\/secure.gravatar.com\/avatar\/99b9c83f82817b1e53d8c18ab2646bc81653acac881e0d2e4b5253b63b283282?s=96&d=mm&r=g","url":"https:\/\/secure.gravatar.com\/avatar\/99b9c83f82817b1e53d8c18ab2646bc81653acac881e0d2e4b5253b63b283282?s=96&d=mm&r=g","contentUrl":"https:\/\/secure.gravatar.com\/avatar\/99b9c83f82817b1e53d8c18ab2646bc81653acac881e0d2e4b5253b63b283282?s=96&d=mm&r=g","caption":"portesdusud21gt34se"},"url":"https:\/\/isatis.asso.fr\/les-portes-du-sud\/author\/portesdusud21gt34se\/"}]}},"_links":{"self":[{"href":"https:\/\/isatis.asso.fr\/les-portes-du-sud\/wp-json\/wp\/v2\/posts\/707","targetHints":{"allow":["GET"]}}],"collection":[{"href":"https:\/\/isatis.asso.fr\/les-portes-du-sud\/wp-json\/wp\/v2\/posts"}],"about":[{"href":"https:\/\/isatis.asso.fr\/les-portes-du-sud\/wp-json\/wp\/v2\/types\/post"}],"author":[{"embeddable":true,"href":"https:\/\/isatis.asso.fr\/les-portes-du-sud\/wp-json\/wp\/v2\/users\/16"}],"replies":[{"embeddable":true,"href":"https:\/\/isatis.asso.fr\/les-portes-du-sud\/wp-json\/wp\/v2\/comments?post=707"}],"version-history":[{"count":13,"href":"https:\/\/isatis.asso.fr\/les-portes-du-sud\/wp-json\/wp\/v2\/posts\/707\/revisions"}],"predecessor-version":[{"id":735,"href":"https:\/\/isatis.asso.fr\/les-portes-du-sud\/wp-json\/wp\/v2\/posts\/707\/revisions\/735"}],"wp:featuredmedia":[{"embeddable":true,"href":"https:\/\/isatis.asso.fr\/les-portes-du-sud\/wp-json\/wp\/v2\/media\/709"}],"wp:attachment":[{"href":"https:\/\/isatis.asso.fr\/les-portes-du-sud\/wp-json\/wp\/v2\/media?parent=707"}],"wp:term":[{"taxonomy":"category","embeddable":true,"href":"https:\/\/isatis.asso.fr\/les-portes-du-sud\/wp-json\/wp\/v2\/categories?post=707"},{"taxonomy":"post_tag","embeddable":true,"href":"https:\/\/isatis.asso.fr\/les-portes-du-sud\/wp-json\/wp\/v2\/tags?post=707"}],"curies":[{"name":"wp","href":"https:\/\/api.w.org\/{rel}","templated":true}]}}