{"id":675,"date":"2024-12-23T15:26:16","date_gmt":"2024-12-23T14:26:16","guid":{"rendered":"https:\/\/isatis.asso.fr\/les-portes-du-sud\/?p=675"},"modified":"2024-12-26T14:03:12","modified_gmt":"2024-12-26T13:03:12","slug":"sortie-decembre-2024","status":"publish","type":"post","link":"https:\/\/isatis.asso.fr\/les-portes-du-sud\/2024\/12\/23\/sortie-decembre-2024\/","title":{"rendered":"Sortie d\u00e9cembre 2024"},"content":{"rendered":"\n<ul class=\"wp-block-list\">\n<li><strong>March\u00e9 de No\u00ebl des Tuileries<\/strong> <strong>&#8211; 9\/12\/2024<\/strong><\/li>\n<\/ul>\n\n\n\n<div class=\"wp-block-columns is-layout-flex wp-container-core-columns-is-layout-9d6595d7 wp-block-columns-is-layout-flex\">\n<div class=\"wp-block-column is-layout-flow wp-block-column-is-layout-flow\"><\/div>\n\n\n\n<div class=\"wp-block-column is-layout-flow wp-block-column-is-layout-flow\"><\/div>\n<\/div>\n\n\n\n<p>Comme chaque ann\u00e9e au moment des f\u00eates, gr\u00e2ce \u00e0 la fondation C.Pompidou, 5 personnes accueillies sont all\u00e9es au march\u00e9 de No\u00ebl des Tuileries accompagn\u00e9s de 2 b\u00e9n\u00e9voles et 2 soignantes. L&rsquo;occasion de profiter du cadre exceptionnel du jardin pour finir ses achats, fl\u00e2ner dans les all\u00e9es ou encore boire un chocolat chaud. Un moment convivial appr\u00e9ci\u00e9 de tous, surtout pour \u00ab\u00a0les odeurs et les couleurs\u00a0\u00bb et \u00ab\u00a0acheter des marrons chauds \u00e0 partager avec le groupe\u00a0\u00bb.<\/p>\n\n\n\n<ul class=\"wp-block-list\">\n<li><strong>Parc de Vincennes &#8211; 17\/12\/2024<\/strong><\/li>\n<\/ul>\n\n\n\n<div class=\"wp-block-columns is-layout-flex wp-container-core-columns-is-layout-9d6595d7 wp-block-columns-is-layout-flex\">\n<div class=\"wp-block-column is-layout-flow wp-block-column-is-layout-flow\">\n<figure class=\"wp-block-image size-large\"><img loading=\"lazy\" decoding=\"async\" width=\"1024\" height=\"768\" src=\"https:\/\/isatis.asso.fr\/les-portes-du-sud\/wp-content\/uploads\/sites\/23\/2024\/12\/7fda8b46-7c7a-41f2-8f28-377b27f848e5-1024x768.jpeg\" alt=\"\" class=\"wp-image-676\" srcset=\"https:\/\/isatis.asso.fr\/les-portes-du-sud\/wp-content\/uploads\/sites\/23\/2024\/12\/7fda8b46-7c7a-41f2-8f28-377b27f848e5-1024x768.jpeg 1024w, https:\/\/isatis.asso.fr\/les-portes-du-sud\/wp-content\/uploads\/sites\/23\/2024\/12\/7fda8b46-7c7a-41f2-8f28-377b27f848e5-300x225.jpeg 300w, https:\/\/isatis.asso.fr\/les-portes-du-sud\/wp-content\/uploads\/sites\/23\/2024\/12\/7fda8b46-7c7a-41f2-8f28-377b27f848e5-768x576.jpeg 768w, https:\/\/isatis.asso.fr\/les-portes-du-sud\/wp-content\/uploads\/sites\/23\/2024\/12\/7fda8b46-7c7a-41f2-8f28-377b27f848e5-1536x1152.jpeg 1536w, https:\/\/isatis.asso.fr\/les-portes-du-sud\/wp-content\/uploads\/sites\/23\/2024\/12\/7fda8b46-7c7a-41f2-8f28-377b27f848e5-1333x1000.jpeg 1333w, https:\/\/isatis.asso.fr\/les-portes-du-sud\/wp-content\/uploads\/sites\/23\/2024\/12\/7fda8b46-7c7a-41f2-8f28-377b27f848e5.jpeg 1600w\" sizes=\"auto, (max-width: 1024px) 100vw, 1024px\" \/><\/figure>\n<\/div>\n\n\n\n<div class=\"wp-block-column is-layout-flow wp-block-column-is-layout-flow\">\n<figure class=\"wp-block-image size-large\"><img loading=\"lazy\" decoding=\"async\" width=\"1024\" height=\"768\" src=\"https:\/\/isatis.asso.fr\/les-portes-du-sud\/wp-content\/uploads\/sites\/23\/2024\/12\/img-3444-2-1024x768.jpg\" alt=\"\" class=\"wp-image-677\" srcset=\"https:\/\/isatis.asso.fr\/les-portes-du-sud\/wp-content\/uploads\/sites\/23\/2024\/12\/img-3444-2-1024x768.jpg 1024w, https:\/\/isatis.asso.fr\/les-portes-du-sud\/wp-content\/uploads\/sites\/23\/2024\/12\/img-3444-2-300x225.jpg 300w, https:\/\/isatis.asso.fr\/les-portes-du-sud\/wp-content\/uploads\/sites\/23\/2024\/12\/img-3444-2-768x576.jpg 768w, https:\/\/isatis.asso.fr\/les-portes-du-sud\/wp-content\/uploads\/sites\/23\/2024\/12\/img-3444-2-1536x1152.jpg 1536w, https:\/\/isatis.asso.fr\/les-portes-du-sud\/wp-content\/uploads\/sites\/23\/2024\/12\/img-3444-2-2048x1536.jpg 2048w, https:\/\/isatis.asso.fr\/les-portes-du-sud\/wp-content\/uploads\/sites\/23\/2024\/12\/img-3444-2-1333x1000.jpg 1333w\" sizes=\"auto, (max-width: 1024px) 100vw, 1024px\" \/><\/figure>\n<\/div>\n<\/div>\n\n\n\n<p>De nouveau une sortie au parc floral, mais cette fois-ci nous sommes partis \u00e0 la d\u00e9couverte d&rsquo;un paysage de l&rsquo;<strong>\u00e8re du Jurassique<\/strong>. Nous avons pu voir des foug\u00e8res du jurassique, des plantes carnivores et m\u00eame un baobab ! A Vincennes ! Ca nous a bien d\u00e9pays\u00e9 ! Nous \u00e9tions accompagn\u00e9s d\u2019un guide qui nous a expliqu\u00e9 toute l\u2019histoire de ces plantes. <\/p>\n\n\n\n<p>Nous avons aussi pu observer la faune de Vincennes entre oie, paon, canard et m\u00eame un petit chat !&nbsp;<\/p>\n\n\n\n<p>En bref, aucune raison de s\u2019enraciner, allons visiter les serres du jardin de Vincennes !<\/p>\n\n\n\n<p>Paroles de personnes accueillies :&nbsp; \u00ab\u00a0\u00e7a sent bon\u00a0\u00bb, \u00ab\u00a0on est bien dans la nature\u00a0\u00bb, \u00ab\u00a0c\u2019est agr\u00e9able et propre\u00a0\u00bb, \u00ab\u00a0stup\u00e9fiant!\u00a0\u00bb, \u00ab\u00a0c\u2019est bien nous avons tout notre temps, ca nous fait voyager\u00a0\u00bb.<\/p>\n\n\n\n<div class=\"wp-block-columns is-layout-flex wp-container-core-columns-is-layout-9d6595d7 wp-block-columns-is-layout-flex\">\n<div class=\"wp-block-column is-layout-flow wp-block-column-is-layout-flow\">\n<figure class=\"wp-block-image size-large\"><img loading=\"lazy\" decoding=\"async\" width=\"1024\" height=\"768\" src=\"https:\/\/isatis.asso.fr\/les-portes-du-sud\/wp-content\/uploads\/sites\/23\/2024\/12\/img-3443-1-1024x768.jpg\" alt=\"\" class=\"wp-image-678\" srcset=\"https:\/\/isatis.asso.fr\/les-portes-du-sud\/wp-content\/uploads\/sites\/23\/2024\/12\/img-3443-1-1024x768.jpg 1024w, https:\/\/isatis.asso.fr\/les-portes-du-sud\/wp-content\/uploads\/sites\/23\/2024\/12\/img-3443-1-300x225.jpg 300w, https:\/\/isatis.asso.fr\/les-portes-du-sud\/wp-content\/uploads\/sites\/23\/2024\/12\/img-3443-1-768x576.jpg 768w, https:\/\/isatis.asso.fr\/les-portes-du-sud\/wp-content\/uploads\/sites\/23\/2024\/12\/img-3443-1-1536x1152.jpg 1536w, https:\/\/isatis.asso.fr\/les-portes-du-sud\/wp-content\/uploads\/sites\/23\/2024\/12\/img-3443-1-2048x1536.jpg 2048w, https:\/\/isatis.asso.fr\/les-portes-du-sud\/wp-content\/uploads\/sites\/23\/2024\/12\/img-3443-1-1333x1000.jpg 1333w\" sizes=\"auto, (max-width: 1024px) 100vw, 1024px\" \/><\/figure>\n<\/div>\n\n\n\n<div class=\"wp-block-column is-layout-flow wp-block-column-is-layout-flow\">\n<figure class=\"wp-block-image size-large\"><img loading=\"lazy\" decoding=\"async\" width=\"1024\" height=\"768\" src=\"https:\/\/isatis.asso.fr\/les-portes-du-sud\/wp-content\/uploads\/sites\/23\/2024\/12\/img-3474-1024x768.jpg\" alt=\"\" class=\"wp-image-679\" srcset=\"https:\/\/isatis.asso.fr\/les-portes-du-sud\/wp-content\/uploads\/sites\/23\/2024\/12\/img-3474-1024x768.jpg 1024w, https:\/\/isatis.asso.fr\/les-portes-du-sud\/wp-content\/uploads\/sites\/23\/2024\/12\/img-3474-300x225.jpg 300w, https:\/\/isatis.asso.fr\/les-portes-du-sud\/wp-content\/uploads\/sites\/23\/2024\/12\/img-3474-768x576.jpg 768w, https:\/\/isatis.asso.fr\/les-portes-du-sud\/wp-content\/uploads\/sites\/23\/2024\/12\/img-3474-1536x1152.jpg 1536w, https:\/\/isatis.asso.fr\/les-portes-du-sud\/wp-content\/uploads\/sites\/23\/2024\/12\/img-3474-2048x1536.jpg 2048w, https:\/\/isatis.asso.fr\/les-portes-du-sud\/wp-content\/uploads\/sites\/23\/2024\/12\/img-3474-1333x1000.jpg 1333w\" sizes=\"auto, (max-width: 1024px) 100vw, 1024px\" \/><\/figure>\n<\/div>\n<\/div>\n","protected":false},"excerpt":{"rendered":"<p>Comme chaque ann\u00e9e au moment des f\u00eates, gr\u00e2ce \u00e0 la fondation C.Pompidou, 5 personnes accueillies sont all\u00e9es au march\u00e9 de No\u00ebl des Tuileries accompagn\u00e9s de 2 b\u00e9n\u00e9voles et 2 soignantes. L&rsquo;occasion de profiter du cadre exceptionnel du jardin pour finir ses achats, fl\u00e2ner dans les all\u00e9es ou encore boire un chocolat chaud. Un moment convivial [&hellip;]<\/p>\n","protected":false},"author":16,"featured_media":0,"comment_status":"open","ping_status":"open","sticky":false,"template":"","format":"standard","meta":{"_acf_changed":false,"footnotes":""},"categories":[1],"tags":[],"class_list":["post-675","post","type-post","status-publish","format-standard","hentry","category-non-classe"],"acf":[],"yoast_head":"<!-- This site is optimized with the Yoast SEO plugin v27.3 - https:\/\/yoast.com\/product\/yoast-seo-wordpress\/ -->\n<title>Sortie d\u00e9cembre 2024 - Les Portes du Sud<\/title>\n<meta name=\"robots\" content=\"index, follow, max-snippet:-1, max-image-preview:large, max-video-preview:-1\" \/>\n<link rel=\"canonical\" href=\"https:\/\/isatis.asso.fr\/les-portes-du-sud\/2024\/12\/23\/sortie-decembre-2024\/\" \/>\n<meta property=\"og:locale\" content=\"fr_FR\" \/>\n<meta property=\"og:type\" content=\"article\" \/>\n<meta property=\"og:title\" content=\"Sortie d\u00e9cembre 2024 - Les Portes du Sud\" \/>\n<meta property=\"og:description\" content=\"Comme chaque ann\u00e9e au moment des f\u00eates, gr\u00e2ce \u00e0 la fondation C.Pompidou, 5 personnes accueillies sont all\u00e9es au march\u00e9 de No\u00ebl des Tuileries accompagn\u00e9s de 2 b\u00e9n\u00e9voles et 2 soignantes. L&rsquo;occasion de profiter du cadre exceptionnel du jardin pour finir ses achats, fl\u00e2ner dans les all\u00e9es ou encore boire un chocolat chaud. Un moment convivial [&hellip;]\" \/>\n<meta property=\"og:url\" content=\"https:\/\/isatis.asso.fr\/les-portes-du-sud\/2024\/12\/23\/sortie-decembre-2024\/\" \/>\n<meta property=\"og:site_name\" content=\"Les Portes du Sud\" \/>\n<meta property=\"article:published_time\" content=\"2024-12-23T14:26:16+00:00\" \/>\n<meta property=\"article:modified_time\" content=\"2024-12-26T13:03:12+00:00\" \/>\n<meta property=\"og:image\" content=\"https:\/\/isatis.asso.fr\/les-portes-du-sud\/wp-content\/uploads\/sites\/23\/2024\/12\/7fda8b46-7c7a-41f2-8f28-377b27f848e5-1024x768.jpeg\" \/>\n<meta name=\"author\" content=\"portesdusud21gt34se\" \/>\n<meta name=\"twitter:card\" content=\"summary_large_image\" \/>\n<meta name=\"twitter:label1\" content=\"\u00c9crit par\" \/>\n\t<meta name=\"twitter:data1\" content=\"portesdusud21gt34se\" \/>\n\t<meta name=\"twitter:label2\" content=\"Dur\u00e9e de lecture estim\u00e9e\" \/>\n\t<meta name=\"twitter:data2\" content=\"3 minutes\" \/>\n<script type=\"application\/ld+json\" class=\"yoast-schema-graph\">{\"@context\":\"https:\\\/\\\/schema.org\",\"@graph\":[{\"@type\":\"Article\",\"@id\":\"https:\\\/\\\/isatis.asso.fr\\\/les-portes-du-sud\\\/2024\\\/12\\\/23\\\/sortie-decembre-2024\\\/#article\",\"isPartOf\":{\"@id\":\"https:\\\/\\\/isatis.asso.fr\\\/les-portes-du-sud\\\/2024\\\/12\\\/23\\\/sortie-decembre-2024\\\/\"},\"author\":{\"name\":\"portesdusud21gt34se\",\"@id\":\"https:\\\/\\\/isatis.asso.fr\\\/les-portes-du-sud\\\/#\\\/schema\\\/person\\\/080e2335249b906465250f5cca6f5e90\"},\"headline\":\"Sortie d\u00e9cembre 2024\",\"datePublished\":\"2024-12-23T14:26:16+00:00\",\"dateModified\":\"2024-12-26T13:03:12+00:00\",\"mainEntityOfPage\":{\"@id\":\"https:\\\/\\\/isatis.asso.fr\\\/les-portes-du-sud\\\/2024\\\/12\\\/23\\\/sortie-decembre-2024\\\/\"},\"wordCount\":232,\"commentCount\":0,\"image\":{\"@id\":\"https:\\\/\\\/isatis.asso.fr\\\/les-portes-du-sud\\\/2024\\\/12\\\/23\\\/sortie-decembre-2024\\\/#primaryimage\"},\"thumbnailUrl\":\"https:\\\/\\\/isatis.asso.fr\\\/les-portes-du-sud\\\/wp-content\\\/uploads\\\/sites\\\/23\\\/2024\\\/12\\\/7fda8b46-7c7a-41f2-8f28-377b27f848e5-1024x768.jpeg\",\"inLanguage\":\"fr-FR\",\"potentialAction\":[{\"@type\":\"CommentAction\",\"name\":\"Comment\",\"target\":[\"https:\\\/\\\/isatis.asso.fr\\\/les-portes-du-sud\\\/2024\\\/12\\\/23\\\/sortie-decembre-2024\\\/#respond\"]}]},{\"@type\":\"WebPage\",\"@id\":\"https:\\\/\\\/isatis.asso.fr\\\/les-portes-du-sud\\\/2024\\\/12\\\/23\\\/sortie-decembre-2024\\\/\",\"url\":\"https:\\\/\\\/isatis.asso.fr\\\/les-portes-du-sud\\\/2024\\\/12\\\/23\\\/sortie-decembre-2024\\\/\",\"name\":\"Sortie d\u00e9cembre 2024 - Les Portes du Sud\",\"isPartOf\":{\"@id\":\"https:\\\/\\\/isatis.asso.fr\\\/les-portes-du-sud\\\/#website\"},\"primaryImageOfPage\":{\"@id\":\"https:\\\/\\\/isatis.asso.fr\\\/les-portes-du-sud\\\/2024\\\/12\\\/23\\\/sortie-decembre-2024\\\/#primaryimage\"},\"image\":{\"@id\":\"https:\\\/\\\/isatis.asso.fr\\\/les-portes-du-sud\\\/2024\\\/12\\\/23\\\/sortie-decembre-2024\\\/#primaryimage\"},\"thumbnailUrl\":\"https:\\\/\\\/isatis.asso.fr\\\/les-portes-du-sud\\\/wp-content\\\/uploads\\\/sites\\\/23\\\/2024\\\/12\\\/7fda8b46-7c7a-41f2-8f28-377b27f848e5-1024x768.jpeg\",\"datePublished\":\"2024-12-23T14:26:16+00:00\",\"dateModified\":\"2024-12-26T13:03:12+00:00\",\"author\":{\"@id\":\"https:\\\/\\\/isatis.asso.fr\\\/les-portes-du-sud\\\/#\\\/schema\\\/person\\\/080e2335249b906465250f5cca6f5e90\"},\"breadcrumb\":{\"@id\":\"https:\\\/\\\/isatis.asso.fr\\\/les-portes-du-sud\\\/2024\\\/12\\\/23\\\/sortie-decembre-2024\\\/#breadcrumb\"},\"inLanguage\":\"fr-FR\",\"potentialAction\":[{\"@type\":\"ReadAction\",\"target\":[\"https:\\\/\\\/isatis.asso.fr\\\/les-portes-du-sud\\\/2024\\\/12\\\/23\\\/sortie-decembre-2024\\\/\"]}]},{\"@type\":\"ImageObject\",\"inLanguage\":\"fr-FR\",\"@id\":\"https:\\\/\\\/isatis.asso.fr\\\/les-portes-du-sud\\\/2024\\\/12\\\/23\\\/sortie-decembre-2024\\\/#primaryimage\",\"url\":\"https:\\\/\\\/isatis.asso.fr\\\/les-portes-du-sud\\\/wp-content\\\/uploads\\\/sites\\\/23\\\/2024\\\/12\\\/7fda8b46-7c7a-41f2-8f28-377b27f848e5-1024x768.jpeg\",\"contentUrl\":\"https:\\\/\\\/isatis.asso.fr\\\/les-portes-du-sud\\\/wp-content\\\/uploads\\\/sites\\\/23\\\/2024\\\/12\\\/7fda8b46-7c7a-41f2-8f28-377b27f848e5-1024x768.jpeg\"},{\"@type\":\"BreadcrumbList\",\"@id\":\"https:\\\/\\\/isatis.asso.fr\\\/les-portes-du-sud\\\/2024\\\/12\\\/23\\\/sortie-decembre-2024\\\/#breadcrumb\",\"itemListElement\":[{\"@type\":\"ListItem\",\"position\":1,\"name\":\"Accueil\",\"item\":\"https:\\\/\\\/isatis.asso.fr\\\/les-portes-du-sud\\\/\"},{\"@type\":\"ListItem\",\"position\":2,\"name\":\"Sortie d\u00e9cembre 2024\"}]},{\"@type\":\"WebSite\",\"@id\":\"https:\\\/\\\/isatis.asso.fr\\\/les-portes-du-sud\\\/#website\",\"url\":\"https:\\\/\\\/isatis.asso.fr\\\/les-portes-du-sud\\\/\",\"name\":\"Les Portes du Sud\",\"description\":\"CENTRE D\u2019ACCUEIL DE JOUR\",\"potentialAction\":[{\"@type\":\"SearchAction\",\"target\":{\"@type\":\"EntryPoint\",\"urlTemplate\":\"https:\\\/\\\/isatis.asso.fr\\\/les-portes-du-sud\\\/?s={search_term_string}\"},\"query-input\":{\"@type\":\"PropertyValueSpecification\",\"valueRequired\":true,\"valueName\":\"search_term_string\"}}],\"inLanguage\":\"fr-FR\"},{\"@type\":\"Person\",\"@id\":\"https:\\\/\\\/isatis.asso.fr\\\/les-portes-du-sud\\\/#\\\/schema\\\/person\\\/080e2335249b906465250f5cca6f5e90\",\"name\":\"portesdusud21gt34se\",\"image\":{\"@type\":\"ImageObject\",\"inLanguage\":\"fr-FR\",\"@id\":\"https:\\\/\\\/secure.gravatar.com\\\/avatar\\\/99b9c83f82817b1e53d8c18ab2646bc81653acac881e0d2e4b5253b63b283282?s=96&d=mm&r=g\",\"url\":\"https:\\\/\\\/secure.gravatar.com\\\/avatar\\\/99b9c83f82817b1e53d8c18ab2646bc81653acac881e0d2e4b5253b63b283282?s=96&d=mm&r=g\",\"contentUrl\":\"https:\\\/\\\/secure.gravatar.com\\\/avatar\\\/99b9c83f82817b1e53d8c18ab2646bc81653acac881e0d2e4b5253b63b283282?s=96&d=mm&r=g\",\"caption\":\"portesdusud21gt34se\"},\"url\":\"https:\\\/\\\/isatis.asso.fr\\\/les-portes-du-sud\\\/author\\\/portesdusud21gt34se\\\/\"}]}<\/script>\n<!-- \/ Yoast SEO plugin. -->","yoast_head_json":{"title":"Sortie d\u00e9cembre 2024 - Les Portes du Sud","robots":{"index":"index","follow":"follow","max-snippet":"max-snippet:-1","max-image-preview":"max-image-preview:large","max-video-preview":"max-video-preview:-1"},"canonical":"https:\/\/isatis.asso.fr\/les-portes-du-sud\/2024\/12\/23\/sortie-decembre-2024\/","og_locale":"fr_FR","og_type":"article","og_title":"Sortie d\u00e9cembre 2024 - Les Portes du Sud","og_description":"Comme chaque ann\u00e9e au moment des f\u00eates, gr\u00e2ce \u00e0 la fondation C.Pompidou, 5 personnes accueillies sont all\u00e9es au march\u00e9 de No\u00ebl des Tuileries accompagn\u00e9s de 2 b\u00e9n\u00e9voles et 2 soignantes. L&rsquo;occasion de profiter du cadre exceptionnel du jardin pour finir ses achats, fl\u00e2ner dans les all\u00e9es ou encore boire un chocolat chaud. Un moment convivial [&hellip;]","og_url":"https:\/\/isatis.asso.fr\/les-portes-du-sud\/2024\/12\/23\/sortie-decembre-2024\/","og_site_name":"Les Portes du Sud","article_published_time":"2024-12-23T14:26:16+00:00","article_modified_time":"2024-12-26T13:03:12+00:00","og_image":[{"url":"https:\/\/isatis.asso.fr\/les-portes-du-sud\/wp-content\/uploads\/sites\/23\/2024\/12\/7fda8b46-7c7a-41f2-8f28-377b27f848e5-1024x768.jpeg","type":"","width":"","height":""}],"author":"portesdusud21gt34se","twitter_card":"summary_large_image","twitter_misc":{"\u00c9crit par":"portesdusud21gt34se","Dur\u00e9e de lecture estim\u00e9e":"3 minutes"},"schema":{"@context":"https:\/\/schema.org","@graph":[{"@type":"Article","@id":"https:\/\/isatis.asso.fr\/les-portes-du-sud\/2024\/12\/23\/sortie-decembre-2024\/#article","isPartOf":{"@id":"https:\/\/isatis.asso.fr\/les-portes-du-sud\/2024\/12\/23\/sortie-decembre-2024\/"},"author":{"name":"portesdusud21gt34se","@id":"https:\/\/isatis.asso.fr\/les-portes-du-sud\/#\/schema\/person\/080e2335249b906465250f5cca6f5e90"},"headline":"Sortie d\u00e9cembre 2024","datePublished":"2024-12-23T14:26:16+00:00","dateModified":"2024-12-26T13:03:12+00:00","mainEntityOfPage":{"@id":"https:\/\/isatis.asso.fr\/les-portes-du-sud\/2024\/12\/23\/sortie-decembre-2024\/"},"wordCount":232,"commentCount":0,"image":{"@id":"https:\/\/isatis.asso.fr\/les-portes-du-sud\/2024\/12\/23\/sortie-decembre-2024\/#primaryimage"},"thumbnailUrl":"https:\/\/isatis.asso.fr\/les-portes-du-sud\/wp-content\/uploads\/sites\/23\/2024\/12\/7fda8b46-7c7a-41f2-8f28-377b27f848e5-1024x768.jpeg","inLanguage":"fr-FR","potentialAction":[{"@type":"CommentAction","name":"Comment","target":["https:\/\/isatis.asso.fr\/les-portes-du-sud\/2024\/12\/23\/sortie-decembre-2024\/#respond"]}]},{"@type":"WebPage","@id":"https:\/\/isatis.asso.fr\/les-portes-du-sud\/2024\/12\/23\/sortie-decembre-2024\/","url":"https:\/\/isatis.asso.fr\/les-portes-du-sud\/2024\/12\/23\/sortie-decembre-2024\/","name":"Sortie d\u00e9cembre 2024 - Les Portes du Sud","isPartOf":{"@id":"https:\/\/isatis.asso.fr\/les-portes-du-sud\/#website"},"primaryImageOfPage":{"@id":"https:\/\/isatis.asso.fr\/les-portes-du-sud\/2024\/12\/23\/sortie-decembre-2024\/#primaryimage"},"image":{"@id":"https:\/\/isatis.asso.fr\/les-portes-du-sud\/2024\/12\/23\/sortie-decembre-2024\/#primaryimage"},"thumbnailUrl":"https:\/\/isatis.asso.fr\/les-portes-du-sud\/wp-content\/uploads\/sites\/23\/2024\/12\/7fda8b46-7c7a-41f2-8f28-377b27f848e5-1024x768.jpeg","datePublished":"2024-12-23T14:26:16+00:00","dateModified":"2024-12-26T13:03:12+00:00","author":{"@id":"https:\/\/isatis.asso.fr\/les-portes-du-sud\/#\/schema\/person\/080e2335249b906465250f5cca6f5e90"},"breadcrumb":{"@id":"https:\/\/isatis.asso.fr\/les-portes-du-sud\/2024\/12\/23\/sortie-decembre-2024\/#breadcrumb"},"inLanguage":"fr-FR","potentialAction":[{"@type":"ReadAction","target":["https:\/\/isatis.asso.fr\/les-portes-du-sud\/2024\/12\/23\/sortie-decembre-2024\/"]}]},{"@type":"ImageObject","inLanguage":"fr-FR","@id":"https:\/\/isatis.asso.fr\/les-portes-du-sud\/2024\/12\/23\/sortie-decembre-2024\/#primaryimage","url":"https:\/\/isatis.asso.fr\/les-portes-du-sud\/wp-content\/uploads\/sites\/23\/2024\/12\/7fda8b46-7c7a-41f2-8f28-377b27f848e5-1024x768.jpeg","contentUrl":"https:\/\/isatis.asso.fr\/les-portes-du-sud\/wp-content\/uploads\/sites\/23\/2024\/12\/7fda8b46-7c7a-41f2-8f28-377b27f848e5-1024x768.jpeg"},{"@type":"BreadcrumbList","@id":"https:\/\/isatis.asso.fr\/les-portes-du-sud\/2024\/12\/23\/sortie-decembre-2024\/#breadcrumb","itemListElement":[{"@type":"ListItem","position":1,"name":"Accueil","item":"https:\/\/isatis.asso.fr\/les-portes-du-sud\/"},{"@type":"ListItem","position":2,"name":"Sortie d\u00e9cembre 2024"}]},{"@type":"WebSite","@id":"https:\/\/isatis.asso.fr\/les-portes-du-sud\/#website","url":"https:\/\/isatis.asso.fr\/les-portes-du-sud\/","name":"Les Portes du Sud","description":"CENTRE D\u2019ACCUEIL DE JOUR","potentialAction":[{"@type":"SearchAction","target":{"@type":"EntryPoint","urlTemplate":"https:\/\/isatis.asso.fr\/les-portes-du-sud\/?s={search_term_string}"},"query-input":{"@type":"PropertyValueSpecification","valueRequired":true,"valueName":"search_term_string"}}],"inLanguage":"fr-FR"},{"@type":"Person","@id":"https:\/\/isatis.asso.fr\/les-portes-du-sud\/#\/schema\/person\/080e2335249b906465250f5cca6f5e90","name":"portesdusud21gt34se","image":{"@type":"ImageObject","inLanguage":"fr-FR","@id":"https:\/\/secure.gravatar.com\/avatar\/99b9c83f82817b1e53d8c18ab2646bc81653acac881e0d2e4b5253b63b283282?s=96&d=mm&r=g","url":"https:\/\/secure.gravatar.com\/avatar\/99b9c83f82817b1e53d8c18ab2646bc81653acac881e0d2e4b5253b63b283282?s=96&d=mm&r=g","contentUrl":"https:\/\/secure.gravatar.com\/avatar\/99b9c83f82817b1e53d8c18ab2646bc81653acac881e0d2e4b5253b63b283282?s=96&d=mm&r=g","caption":"portesdusud21gt34se"},"url":"https:\/\/isatis.asso.fr\/les-portes-du-sud\/author\/portesdusud21gt34se\/"}]}},"_links":{"self":[{"href":"https:\/\/isatis.asso.fr\/les-portes-du-sud\/wp-json\/wp\/v2\/posts\/675","targetHints":{"allow":["GET"]}}],"collection":[{"href":"https:\/\/isatis.asso.fr\/les-portes-du-sud\/wp-json\/wp\/v2\/posts"}],"about":[{"href":"https:\/\/isatis.asso.fr\/les-portes-du-sud\/wp-json\/wp\/v2\/types\/post"}],"author":[{"embeddable":true,"href":"https:\/\/isatis.asso.fr\/les-portes-du-sud\/wp-json\/wp\/v2\/users\/16"}],"replies":[{"embeddable":true,"href":"https:\/\/isatis.asso.fr\/les-portes-du-sud\/wp-json\/wp\/v2\/comments?post=675"}],"version-history":[{"count":2,"href":"https:\/\/isatis.asso.fr\/les-portes-du-sud\/wp-json\/wp\/v2\/posts\/675\/revisions"}],"predecessor-version":[{"id":686,"href":"https:\/\/isatis.asso.fr\/les-portes-du-sud\/wp-json\/wp\/v2\/posts\/675\/revisions\/686"}],"wp:attachment":[{"href":"https:\/\/isatis.asso.fr\/les-portes-du-sud\/wp-json\/wp\/v2\/media?parent=675"}],"wp:term":[{"taxonomy":"category","embeddable":true,"href":"https:\/\/isatis.asso.fr\/les-portes-du-sud\/wp-json\/wp\/v2\/categories?post=675"},{"taxonomy":"post_tag","embeddable":true,"href":"https:\/\/isatis.asso.fr\/les-portes-du-sud\/wp-json\/wp\/v2\/tags?post=675"}],"curies":[{"name":"wp","href":"https:\/\/api.w.org\/{rel}","templated":true}]}}