{"id":670,"date":"2024-12-18T12:01:18","date_gmt":"2024-12-18T11:01:18","guid":{"rendered":"https:\/\/isatis.asso.fr\/les-portes-du-sud\/?p=670"},"modified":"2024-12-18T12:01:20","modified_gmt":"2024-12-18T11:01:20","slug":"seances-socio-esthetique-chantal-noguero","status":"publish","type":"post","link":"https:\/\/isatis.asso.fr\/les-portes-du-sud\/2024\/12\/18\/seances-socio-esthetique-chantal-noguero\/","title":{"rendered":"S\u00e9ances socio-esth\u00e9tique\u00a0: Chantal Noguero"},"content":{"rendered":"\n<p>Durant 8 mois , je suis intervenue une fois par semaine en tant que socio-esth\u00e9ticienne \u00e0 l\u2019Accueil de Jour \u00ab\u00a0Les Portes du Sud\u00a0\u00bb sous forme de s\u00e9ances de socio-esth\u00e9tique individuelles et d\u2019ateliers collectifs :<\/p>\n\n\n\n<p>. <strong>Soin individuel<\/strong> aupr\u00e8s de personnes qui ont besoin d\u2019un moment de d\u00e9tente, de bien-\u00eatre, de conseils.\u00a0<\/p>\n\n\n\n<p>. <strong>Atelier collectif <\/strong>pour prendre soin de soi, \u00e9changer, stimuler la communication \u00e0 travers le toucher.<\/p>\n\n\n\n<p><strong>La socio-esth\u00e9tique<\/strong> est la pratique professionnelle de soins esth\u00e9tiques aupr\u00e8s de populations\u00a0\u00a0souffrantes et fragilis\u00e9es par une atteinte \u00e0 leur int\u00e9grit\u00e9 physique ( maladie, accident, vieillesse\u2026), psychique ( maladie mentale, addiction\u2026) et\/ou en d\u00e9tresse sociale.\u00a0<\/p>\n\n\n\n<p><strong>T\u00e9moignages de personnes accueillies <\/strong>: \u00ab\u00a0c&rsquo;est merveilleux ! Je ne me reconnais pas ! De plus j&rsquo;ai l&rsquo;impression de revenir de la plage ! Ma peau est chaude et je ne sais plus si je suis au matin ou au soir. J&rsquo;ai mon moment pour moi, tout va bien.\u00a0\u00bb<\/p>\n\n\n\n<p>\u00ab\u00a0Au d\u00e9but cela m&rsquo;aga\u00e7ait, je ne voyais pas pourquoi on me proposait cela. Soin agr\u00e9able par des personnes attentives et attentionn\u00e9es. Un plaisir pour moi inattendu ! J&rsquo;\u00e9tais de mauvaise humeur, je suis surprise, ravie et ce soin a \u00e9t\u00e9 si agr\u00e9able; un grand plaisir, \u00e0 renouveler !\u00a0\u00bb<\/p>\n\n\n\n<p>\u00ab\u00a0S\u00e9ance agr\u00e9able, le plaisir d&rsquo;\u00eatre plus jolie; je me sens bien comme tout\u00a0\u00bb.<\/p>\n\n\n\n<p>\u00ab\u00a0Cela m&rsquo;a apport\u00e9 beaucoup de bien, et cela me permet par la suite de m&rsquo;occuper de moi-m\u00eame gr\u00e2ce aux soins prodigu\u00e9s par le personnel gentil et comp\u00e9tent. J&rsquo;attends avec impatience une prochaine s\u00e9ance\u00a0\u00bb.<\/p>\n","protected":false},"excerpt":{"rendered":"<p>Durant 8 mois , je suis intervenue une fois par semaine en tant que socio-esth\u00e9ticienne \u00e0 l\u2019Accueil de Jour \u00ab\u00a0Les Portes du Sud\u00a0\u00bb sous forme de s\u00e9ances de socio-esth\u00e9tique individuelles et d\u2019ateliers collectifs : . Soin individuel aupr\u00e8s de personnes qui ont besoin d\u2019un moment de d\u00e9tente, de bien-\u00eatre, de conseils.\u00a0 . Atelier collectif pour [&hellip;]<\/p>\n","protected":false},"author":16,"featured_media":671,"comment_status":"open","ping_status":"open","sticky":false,"template":"","format":"standard","meta":{"_acf_changed":false,"footnotes":""},"categories":[1],"tags":[],"class_list":["post-670","post","type-post","status-publish","format-standard","has-post-thumbnail","hentry","category-non-classe"],"acf":[],"yoast_head":"<!-- This site is optimized with the Yoast SEO plugin v27.3 - https:\/\/yoast.com\/product\/yoast-seo-wordpress\/ -->\n<title>S\u00e9ances socio-esth\u00e9tique\u00a0: Chantal Noguero - Les Portes du Sud<\/title>\n<meta name=\"robots\" content=\"index, follow, max-snippet:-1, max-image-preview:large, max-video-preview:-1\" \/>\n<link rel=\"canonical\" href=\"https:\/\/isatis.asso.fr\/les-portes-du-sud\/2024\/12\/18\/seances-socio-esthetique-chantal-noguero\/\" \/>\n<meta property=\"og:locale\" content=\"fr_FR\" \/>\n<meta property=\"og:type\" content=\"article\" \/>\n<meta property=\"og:title\" content=\"S\u00e9ances socio-esth\u00e9tique\u00a0: Chantal Noguero - Les Portes du Sud\" \/>\n<meta property=\"og:description\" content=\"Durant 8 mois , je suis intervenue une fois par semaine en tant que socio-esth\u00e9ticienne \u00e0 l\u2019Accueil de Jour \u00ab\u00a0Les Portes du Sud\u00a0\u00bb sous forme de s\u00e9ances de socio-esth\u00e9tique individuelles et d\u2019ateliers collectifs : . Soin individuel aupr\u00e8s de personnes qui ont besoin d\u2019un moment de d\u00e9tente, de bien-\u00eatre, de conseils.\u00a0 . Atelier collectif pour [&hellip;]\" \/>\n<meta property=\"og:url\" content=\"https:\/\/isatis.asso.fr\/les-portes-du-sud\/2024\/12\/18\/seances-socio-esthetique-chantal-noguero\/\" \/>\n<meta property=\"og:site_name\" content=\"Les Portes du Sud\" \/>\n<meta property=\"article:published_time\" content=\"2024-12-18T11:01:18+00:00\" \/>\n<meta property=\"article:modified_time\" content=\"2024-12-18T11:01:20+00:00\" \/>\n<meta property=\"og:image\" content=\"https:\/\/isatis.asso.fr\/les-portes-du-sud\/wp-content\/uploads\/sites\/23\/2024\/12\/img-1320.jpg\" \/>\n\t<meta property=\"og:image:width\" content=\"2016\" \/>\n\t<meta property=\"og:image:height\" content=\"1512\" \/>\n\t<meta property=\"og:image:type\" content=\"image\/jpeg\" \/>\n<meta name=\"author\" content=\"portesdusud21gt34se\" \/>\n<meta name=\"twitter:card\" content=\"summary_large_image\" \/>\n<meta name=\"twitter:label1\" content=\"\u00c9crit par\" \/>\n\t<meta name=\"twitter:data1\" content=\"portesdusud21gt34se\" \/>\n\t<meta name=\"twitter:label2\" content=\"Dur\u00e9e de lecture estim\u00e9e\" \/>\n\t<meta name=\"twitter:data2\" content=\"2 minutes\" \/>\n<script type=\"application\/ld+json\" class=\"yoast-schema-graph\">{\"@context\":\"https:\\\/\\\/schema.org\",\"@graph\":[{\"@type\":\"Article\",\"@id\":\"https:\\\/\\\/isatis.asso.fr\\\/les-portes-du-sud\\\/2024\\\/12\\\/18\\\/seances-socio-esthetique-chantal-noguero\\\/#article\",\"isPartOf\":{\"@id\":\"https:\\\/\\\/isatis.asso.fr\\\/les-portes-du-sud\\\/2024\\\/12\\\/18\\\/seances-socio-esthetique-chantal-noguero\\\/\"},\"author\":{\"name\":\"portesdusud21gt34se\",\"@id\":\"https:\\\/\\\/isatis.asso.fr\\\/les-portes-du-sud\\\/#\\\/schema\\\/person\\\/080e2335249b906465250f5cca6f5e90\"},\"headline\":\"S\u00e9ances socio-esth\u00e9tique\u00a0: Chantal Noguero\",\"datePublished\":\"2024-12-18T11:01:18+00:00\",\"dateModified\":\"2024-12-18T11:01:20+00:00\",\"mainEntityOfPage\":{\"@id\":\"https:\\\/\\\/isatis.asso.fr\\\/les-portes-du-sud\\\/2024\\\/12\\\/18\\\/seances-socio-esthetique-chantal-noguero\\\/\"},\"wordCount\":273,\"commentCount\":0,\"image\":{\"@id\":\"https:\\\/\\\/isatis.asso.fr\\\/les-portes-du-sud\\\/2024\\\/12\\\/18\\\/seances-socio-esthetique-chantal-noguero\\\/#primaryimage\"},\"thumbnailUrl\":\"https:\\\/\\\/isatis.asso.fr\\\/les-portes-du-sud\\\/wp-content\\\/uploads\\\/sites\\\/23\\\/2024\\\/12\\\/img-1320.jpg\",\"inLanguage\":\"fr-FR\",\"potentialAction\":[{\"@type\":\"CommentAction\",\"name\":\"Comment\",\"target\":[\"https:\\\/\\\/isatis.asso.fr\\\/les-portes-du-sud\\\/2024\\\/12\\\/18\\\/seances-socio-esthetique-chantal-noguero\\\/#respond\"]}]},{\"@type\":\"WebPage\",\"@id\":\"https:\\\/\\\/isatis.asso.fr\\\/les-portes-du-sud\\\/2024\\\/12\\\/18\\\/seances-socio-esthetique-chantal-noguero\\\/\",\"url\":\"https:\\\/\\\/isatis.asso.fr\\\/les-portes-du-sud\\\/2024\\\/12\\\/18\\\/seances-socio-esthetique-chantal-noguero\\\/\",\"name\":\"S\u00e9ances socio-esth\u00e9tique\u00a0: Chantal Noguero - Les Portes du Sud\",\"isPartOf\":{\"@id\":\"https:\\\/\\\/isatis.asso.fr\\\/les-portes-du-sud\\\/#website\"},\"primaryImageOfPage\":{\"@id\":\"https:\\\/\\\/isatis.asso.fr\\\/les-portes-du-sud\\\/2024\\\/12\\\/18\\\/seances-socio-esthetique-chantal-noguero\\\/#primaryimage\"},\"image\":{\"@id\":\"https:\\\/\\\/isatis.asso.fr\\\/les-portes-du-sud\\\/2024\\\/12\\\/18\\\/seances-socio-esthetique-chantal-noguero\\\/#primaryimage\"},\"thumbnailUrl\":\"https:\\\/\\\/isatis.asso.fr\\\/les-portes-du-sud\\\/wp-content\\\/uploads\\\/sites\\\/23\\\/2024\\\/12\\\/img-1320.jpg\",\"datePublished\":\"2024-12-18T11:01:18+00:00\",\"dateModified\":\"2024-12-18T11:01:20+00:00\",\"author\":{\"@id\":\"https:\\\/\\\/isatis.asso.fr\\\/les-portes-du-sud\\\/#\\\/schema\\\/person\\\/080e2335249b906465250f5cca6f5e90\"},\"breadcrumb\":{\"@id\":\"https:\\\/\\\/isatis.asso.fr\\\/les-portes-du-sud\\\/2024\\\/12\\\/18\\\/seances-socio-esthetique-chantal-noguero\\\/#breadcrumb\"},\"inLanguage\":\"fr-FR\",\"potentialAction\":[{\"@type\":\"ReadAction\",\"target\":[\"https:\\\/\\\/isatis.asso.fr\\\/les-portes-du-sud\\\/2024\\\/12\\\/18\\\/seances-socio-esthetique-chantal-noguero\\\/\"]}]},{\"@type\":\"ImageObject\",\"inLanguage\":\"fr-FR\",\"@id\":\"https:\\\/\\\/isatis.asso.fr\\\/les-portes-du-sud\\\/2024\\\/12\\\/18\\\/seances-socio-esthetique-chantal-noguero\\\/#primaryimage\",\"url\":\"https:\\\/\\\/isatis.asso.fr\\\/les-portes-du-sud\\\/wp-content\\\/uploads\\\/sites\\\/23\\\/2024\\\/12\\\/img-1320.jpg\",\"contentUrl\":\"https:\\\/\\\/isatis.asso.fr\\\/les-portes-du-sud\\\/wp-content\\\/uploads\\\/sites\\\/23\\\/2024\\\/12\\\/img-1320.jpg\",\"width\":2016,\"height\":1512},{\"@type\":\"BreadcrumbList\",\"@id\":\"https:\\\/\\\/isatis.asso.fr\\\/les-portes-du-sud\\\/2024\\\/12\\\/18\\\/seances-socio-esthetique-chantal-noguero\\\/#breadcrumb\",\"itemListElement\":[{\"@type\":\"ListItem\",\"position\":1,\"name\":\"Accueil\",\"item\":\"https:\\\/\\\/isatis.asso.fr\\\/les-portes-du-sud\\\/\"},{\"@type\":\"ListItem\",\"position\":2,\"name\":\"S\u00e9ances socio-esth\u00e9tique\u00a0: Chantal Noguero\"}]},{\"@type\":\"WebSite\",\"@id\":\"https:\\\/\\\/isatis.asso.fr\\\/les-portes-du-sud\\\/#website\",\"url\":\"https:\\\/\\\/isatis.asso.fr\\\/les-portes-du-sud\\\/\",\"name\":\"Les Portes du Sud\",\"description\":\"CENTRE D\u2019ACCUEIL DE JOUR\",\"potentialAction\":[{\"@type\":\"SearchAction\",\"target\":{\"@type\":\"EntryPoint\",\"urlTemplate\":\"https:\\\/\\\/isatis.asso.fr\\\/les-portes-du-sud\\\/?s={search_term_string}\"},\"query-input\":{\"@type\":\"PropertyValueSpecification\",\"valueRequired\":true,\"valueName\":\"search_term_string\"}}],\"inLanguage\":\"fr-FR\"},{\"@type\":\"Person\",\"@id\":\"https:\\\/\\\/isatis.asso.fr\\\/les-portes-du-sud\\\/#\\\/schema\\\/person\\\/080e2335249b906465250f5cca6f5e90\",\"name\":\"portesdusud21gt34se\",\"image\":{\"@type\":\"ImageObject\",\"inLanguage\":\"fr-FR\",\"@id\":\"https:\\\/\\\/secure.gravatar.com\\\/avatar\\\/99b9c83f82817b1e53d8c18ab2646bc81653acac881e0d2e4b5253b63b283282?s=96&d=mm&r=g\",\"url\":\"https:\\\/\\\/secure.gravatar.com\\\/avatar\\\/99b9c83f82817b1e53d8c18ab2646bc81653acac881e0d2e4b5253b63b283282?s=96&d=mm&r=g\",\"contentUrl\":\"https:\\\/\\\/secure.gravatar.com\\\/avatar\\\/99b9c83f82817b1e53d8c18ab2646bc81653acac881e0d2e4b5253b63b283282?s=96&d=mm&r=g\",\"caption\":\"portesdusud21gt34se\"},\"url\":\"https:\\\/\\\/isatis.asso.fr\\\/les-portes-du-sud\\\/author\\\/portesdusud21gt34se\\\/\"}]}<\/script>\n<!-- \/ Yoast SEO plugin. -->","yoast_head_json":{"title":"S\u00e9ances socio-esth\u00e9tique\u00a0: Chantal Noguero - Les Portes du Sud","robots":{"index":"index","follow":"follow","max-snippet":"max-snippet:-1","max-image-preview":"max-image-preview:large","max-video-preview":"max-video-preview:-1"},"canonical":"https:\/\/isatis.asso.fr\/les-portes-du-sud\/2024\/12\/18\/seances-socio-esthetique-chantal-noguero\/","og_locale":"fr_FR","og_type":"article","og_title":"S\u00e9ances socio-esth\u00e9tique\u00a0: Chantal Noguero - Les Portes du Sud","og_description":"Durant 8 mois , je suis intervenue une fois par semaine en tant que socio-esth\u00e9ticienne \u00e0 l\u2019Accueil de Jour \u00ab\u00a0Les Portes du Sud\u00a0\u00bb sous forme de s\u00e9ances de socio-esth\u00e9tique individuelles et d\u2019ateliers collectifs : . Soin individuel aupr\u00e8s de personnes qui ont besoin d\u2019un moment de d\u00e9tente, de bien-\u00eatre, de conseils.\u00a0 . Atelier collectif pour [&hellip;]","og_url":"https:\/\/isatis.asso.fr\/les-portes-du-sud\/2024\/12\/18\/seances-socio-esthetique-chantal-noguero\/","og_site_name":"Les Portes du Sud","article_published_time":"2024-12-18T11:01:18+00:00","article_modified_time":"2024-12-18T11:01:20+00:00","og_image":[{"width":2016,"height":1512,"url":"https:\/\/isatis.asso.fr\/les-portes-du-sud\/wp-content\/uploads\/sites\/23\/2024\/12\/img-1320.jpg","type":"image\/jpeg"}],"author":"portesdusud21gt34se","twitter_card":"summary_large_image","twitter_misc":{"\u00c9crit par":"portesdusud21gt34se","Dur\u00e9e de lecture estim\u00e9e":"2 minutes"},"schema":{"@context":"https:\/\/schema.org","@graph":[{"@type":"Article","@id":"https:\/\/isatis.asso.fr\/les-portes-du-sud\/2024\/12\/18\/seances-socio-esthetique-chantal-noguero\/#article","isPartOf":{"@id":"https:\/\/isatis.asso.fr\/les-portes-du-sud\/2024\/12\/18\/seances-socio-esthetique-chantal-noguero\/"},"author":{"name":"portesdusud21gt34se","@id":"https:\/\/isatis.asso.fr\/les-portes-du-sud\/#\/schema\/person\/080e2335249b906465250f5cca6f5e90"},"headline":"S\u00e9ances socio-esth\u00e9tique\u00a0: Chantal Noguero","datePublished":"2024-12-18T11:01:18+00:00","dateModified":"2024-12-18T11:01:20+00:00","mainEntityOfPage":{"@id":"https:\/\/isatis.asso.fr\/les-portes-du-sud\/2024\/12\/18\/seances-socio-esthetique-chantal-noguero\/"},"wordCount":273,"commentCount":0,"image":{"@id":"https:\/\/isatis.asso.fr\/les-portes-du-sud\/2024\/12\/18\/seances-socio-esthetique-chantal-noguero\/#primaryimage"},"thumbnailUrl":"https:\/\/isatis.asso.fr\/les-portes-du-sud\/wp-content\/uploads\/sites\/23\/2024\/12\/img-1320.jpg","inLanguage":"fr-FR","potentialAction":[{"@type":"CommentAction","name":"Comment","target":["https:\/\/isatis.asso.fr\/les-portes-du-sud\/2024\/12\/18\/seances-socio-esthetique-chantal-noguero\/#respond"]}]},{"@type":"WebPage","@id":"https:\/\/isatis.asso.fr\/les-portes-du-sud\/2024\/12\/18\/seances-socio-esthetique-chantal-noguero\/","url":"https:\/\/isatis.asso.fr\/les-portes-du-sud\/2024\/12\/18\/seances-socio-esthetique-chantal-noguero\/","name":"S\u00e9ances socio-esth\u00e9tique\u00a0: Chantal Noguero - Les Portes du Sud","isPartOf":{"@id":"https:\/\/isatis.asso.fr\/les-portes-du-sud\/#website"},"primaryImageOfPage":{"@id":"https:\/\/isatis.asso.fr\/les-portes-du-sud\/2024\/12\/18\/seances-socio-esthetique-chantal-noguero\/#primaryimage"},"image":{"@id":"https:\/\/isatis.asso.fr\/les-portes-du-sud\/2024\/12\/18\/seances-socio-esthetique-chantal-noguero\/#primaryimage"},"thumbnailUrl":"https:\/\/isatis.asso.fr\/les-portes-du-sud\/wp-content\/uploads\/sites\/23\/2024\/12\/img-1320.jpg","datePublished":"2024-12-18T11:01:18+00:00","dateModified":"2024-12-18T11:01:20+00:00","author":{"@id":"https:\/\/isatis.asso.fr\/les-portes-du-sud\/#\/schema\/person\/080e2335249b906465250f5cca6f5e90"},"breadcrumb":{"@id":"https:\/\/isatis.asso.fr\/les-portes-du-sud\/2024\/12\/18\/seances-socio-esthetique-chantal-noguero\/#breadcrumb"},"inLanguage":"fr-FR","potentialAction":[{"@type":"ReadAction","target":["https:\/\/isatis.asso.fr\/les-portes-du-sud\/2024\/12\/18\/seances-socio-esthetique-chantal-noguero\/"]}]},{"@type":"ImageObject","inLanguage":"fr-FR","@id":"https:\/\/isatis.asso.fr\/les-portes-du-sud\/2024\/12\/18\/seances-socio-esthetique-chantal-noguero\/#primaryimage","url":"https:\/\/isatis.asso.fr\/les-portes-du-sud\/wp-content\/uploads\/sites\/23\/2024\/12\/img-1320.jpg","contentUrl":"https:\/\/isatis.asso.fr\/les-portes-du-sud\/wp-content\/uploads\/sites\/23\/2024\/12\/img-1320.jpg","width":2016,"height":1512},{"@type":"BreadcrumbList","@id":"https:\/\/isatis.asso.fr\/les-portes-du-sud\/2024\/12\/18\/seances-socio-esthetique-chantal-noguero\/#breadcrumb","itemListElement":[{"@type":"ListItem","position":1,"name":"Accueil","item":"https:\/\/isatis.asso.fr\/les-portes-du-sud\/"},{"@type":"ListItem","position":2,"name":"S\u00e9ances socio-esth\u00e9tique\u00a0: Chantal Noguero"}]},{"@type":"WebSite","@id":"https:\/\/isatis.asso.fr\/les-portes-du-sud\/#website","url":"https:\/\/isatis.asso.fr\/les-portes-du-sud\/","name":"Les Portes du Sud","description":"CENTRE D\u2019ACCUEIL DE JOUR","potentialAction":[{"@type":"SearchAction","target":{"@type":"EntryPoint","urlTemplate":"https:\/\/isatis.asso.fr\/les-portes-du-sud\/?s={search_term_string}"},"query-input":{"@type":"PropertyValueSpecification","valueRequired":true,"valueName":"search_term_string"}}],"inLanguage":"fr-FR"},{"@type":"Person","@id":"https:\/\/isatis.asso.fr\/les-portes-du-sud\/#\/schema\/person\/080e2335249b906465250f5cca6f5e90","name":"portesdusud21gt34se","image":{"@type":"ImageObject","inLanguage":"fr-FR","@id":"https:\/\/secure.gravatar.com\/avatar\/99b9c83f82817b1e53d8c18ab2646bc81653acac881e0d2e4b5253b63b283282?s=96&d=mm&r=g","url":"https:\/\/secure.gravatar.com\/avatar\/99b9c83f82817b1e53d8c18ab2646bc81653acac881e0d2e4b5253b63b283282?s=96&d=mm&r=g","contentUrl":"https:\/\/secure.gravatar.com\/avatar\/99b9c83f82817b1e53d8c18ab2646bc81653acac881e0d2e4b5253b63b283282?s=96&d=mm&r=g","caption":"portesdusud21gt34se"},"url":"https:\/\/isatis.asso.fr\/les-portes-du-sud\/author\/portesdusud21gt34se\/"}]}},"_links":{"self":[{"href":"https:\/\/isatis.asso.fr\/les-portes-du-sud\/wp-json\/wp\/v2\/posts\/670","targetHints":{"allow":["GET"]}}],"collection":[{"href":"https:\/\/isatis.asso.fr\/les-portes-du-sud\/wp-json\/wp\/v2\/posts"}],"about":[{"href":"https:\/\/isatis.asso.fr\/les-portes-du-sud\/wp-json\/wp\/v2\/types\/post"}],"author":[{"embeddable":true,"href":"https:\/\/isatis.asso.fr\/les-portes-du-sud\/wp-json\/wp\/v2\/users\/16"}],"replies":[{"embeddable":true,"href":"https:\/\/isatis.asso.fr\/les-portes-du-sud\/wp-json\/wp\/v2\/comments?post=670"}],"version-history":[{"count":1,"href":"https:\/\/isatis.asso.fr\/les-portes-du-sud\/wp-json\/wp\/v2\/posts\/670\/revisions"}],"predecessor-version":[{"id":672,"href":"https:\/\/isatis.asso.fr\/les-portes-du-sud\/wp-json\/wp\/v2\/posts\/670\/revisions\/672"}],"wp:featuredmedia":[{"embeddable":true,"href":"https:\/\/isatis.asso.fr\/les-portes-du-sud\/wp-json\/wp\/v2\/media\/671"}],"wp:attachment":[{"href":"https:\/\/isatis.asso.fr\/les-portes-du-sud\/wp-json\/wp\/v2\/media?parent=670"}],"wp:term":[{"taxonomy":"category","embeddable":true,"href":"https:\/\/isatis.asso.fr\/les-portes-du-sud\/wp-json\/wp\/v2\/categories?post=670"},{"taxonomy":"post_tag","embeddable":true,"href":"https:\/\/isatis.asso.fr\/les-portes-du-sud\/wp-json\/wp\/v2\/tags?post=670"}],"curies":[{"name":"wp","href":"https:\/\/api.w.org\/{rel}","templated":true}]}}