{"id":651,"date":"2024-11-18T15:30:13","date_gmt":"2024-11-18T14:30:13","guid":{"rendered":"https:\/\/isatis.asso.fr\/les-portes-du-sud\/?p=651"},"modified":"2024-11-18T15:30:14","modified_gmt":"2024-11-18T14:30:14","slug":"sortie-novembre-2024","status":"publish","type":"post","link":"https:\/\/isatis.asso.fr\/les-portes-du-sud\/2024\/11\/18\/sortie-novembre-2024\/","title":{"rendered":"Sortie novembre 2024"},"content":{"rendered":"\n<ul class=\"wp-block-list\">\n<li><strong>Mus\u00e9e de la lib\u00e9ration \/ mus\u00e9e du g\u00e9n\u00e9ral Leclerc \/ mus\u00e9e Jean Moulin<\/strong><\/li>\n<\/ul>\n\n\n\n<div class=\"wp-block-columns is-layout-flex wp-container-core-columns-is-layout-9d6595d7 wp-block-columns-is-layout-flex\">\n<div class=\"wp-block-column is-layout-flow wp-block-column-is-layout-flow\">\n<figure class=\"wp-block-image size-large\"><img loading=\"lazy\" decoding=\"async\" width=\"768\" height=\"1024\" src=\"https:\/\/isatis.asso.fr\/les-portes-du-sud\/wp-content\/uploads\/sites\/23\/2024\/11\/image3-768x1024.jpeg\" alt=\"\" class=\"wp-image-652\" srcset=\"https:\/\/isatis.asso.fr\/les-portes-du-sud\/wp-content\/uploads\/sites\/23\/2024\/11\/image3-768x1024.jpeg 768w, https:\/\/isatis.asso.fr\/les-portes-du-sud\/wp-content\/uploads\/sites\/23\/2024\/11\/image3-225x300.jpeg 225w, https:\/\/isatis.asso.fr\/les-portes-du-sud\/wp-content\/uploads\/sites\/23\/2024\/11\/image3-1152x1536.jpeg 1152w, https:\/\/isatis.asso.fr\/les-portes-du-sud\/wp-content\/uploads\/sites\/23\/2024\/11\/image3-750x1000.jpeg 750w, https:\/\/isatis.asso.fr\/les-portes-du-sud\/wp-content\/uploads\/sites\/23\/2024\/11\/image3-rotated.jpeg 1512w\" sizes=\"auto, (max-width: 768px) 100vw, 768px\" \/><\/figure>\n<\/div>\n\n\n\n<div class=\"wp-block-column is-layout-flow wp-block-column-is-layout-flow\">\n<figure class=\"wp-block-image size-large\"><img loading=\"lazy\" decoding=\"async\" width=\"768\" height=\"1024\" src=\"https:\/\/isatis.asso.fr\/les-portes-du-sud\/wp-content\/uploads\/sites\/23\/2024\/11\/img-9936-bis-768x1024.jpg\" alt=\"\" class=\"wp-image-653\" srcset=\"https:\/\/isatis.asso.fr\/les-portes-du-sud\/wp-content\/uploads\/sites\/23\/2024\/11\/img-9936-bis-768x1024.jpg 768w, https:\/\/isatis.asso.fr\/les-portes-du-sud\/wp-content\/uploads\/sites\/23\/2024\/11\/img-9936-bis-225x300.jpg 225w, https:\/\/isatis.asso.fr\/les-portes-du-sud\/wp-content\/uploads\/sites\/23\/2024\/11\/img-9936-bis-1152x1536.jpg 1152w, https:\/\/isatis.asso.fr\/les-portes-du-sud\/wp-content\/uploads\/sites\/23\/2024\/11\/img-9936-bis-1536x2048.jpg 1536w, https:\/\/isatis.asso.fr\/les-portes-du-sud\/wp-content\/uploads\/sites\/23\/2024\/11\/img-9936-bis-750x1000.jpg 750w, https:\/\/isatis.asso.fr\/les-portes-du-sud\/wp-content\/uploads\/sites\/23\/2024\/11\/img-9936-bis-scaled.jpg 1920w\" sizes=\"auto, (max-width: 768px) 100vw, 768px\" \/><\/figure>\n<\/div>\n\n\n\n<div class=\"wp-block-column is-layout-flow wp-block-column-is-layout-flow\">\n<figure class=\"wp-block-image size-large\"><img loading=\"lazy\" decoding=\"async\" width=\"768\" height=\"1024\" src=\"https:\/\/isatis.asso.fr\/les-portes-du-sud\/wp-content\/uploads\/sites\/23\/2024\/11\/img-9931-bis-768x1024.jpg\" alt=\"\" class=\"wp-image-654\" srcset=\"https:\/\/isatis.asso.fr\/les-portes-du-sud\/wp-content\/uploads\/sites\/23\/2024\/11\/img-9931-bis-768x1024.jpg 768w, https:\/\/isatis.asso.fr\/les-portes-du-sud\/wp-content\/uploads\/sites\/23\/2024\/11\/img-9931-bis-225x300.jpg 225w, https:\/\/isatis.asso.fr\/les-portes-du-sud\/wp-content\/uploads\/sites\/23\/2024\/11\/img-9931-bis-1152x1536.jpg 1152w, https:\/\/isatis.asso.fr\/les-portes-du-sud\/wp-content\/uploads\/sites\/23\/2024\/11\/img-9931-bis-1536x2048.jpg 1536w, https:\/\/isatis.asso.fr\/les-portes-du-sud\/wp-content\/uploads\/sites\/23\/2024\/11\/img-9931-bis-750x1000.jpg 750w, https:\/\/isatis.asso.fr\/les-portes-du-sud\/wp-content\/uploads\/sites\/23\/2024\/11\/img-9931-bis-scaled.jpg 1920w\" sizes=\"auto, (max-width: 768px) 100vw, 768px\" \/><\/figure>\n<\/div>\n<\/div>\n\n\n\n<p>Vendredi 8 novembre un petit groupe de personnes accueillies a pu b\u00e9n\u00e9ficier d&rsquo;une sortie au mus\u00e9e de la lib\u00e9ration de Paris, en plein c\u0153ur du 14\u00e8me arrondissement de Paris; l&rsquo;occasion de voir ou revoir le Lion de Belfort ! <\/p>\n\n\n\n<p>\u00c0 l&rsquo;occasion du\u00a075<sup>e<\/sup>\u00a0anniversaire de la lib\u00e9ration de Paris, le m\u00e9morial du mar\u00e9chal Leclerc de Hauteclocque et de la lib\u00e9ration de Paris est inaugur\u00e9 le\u00a025 ao\u00fbt 2019. Ce mus\u00e9e permet de d\u00e9couvrir une page fondamentale de l\u2019histoire de France au travers du parcours de deux hommes tr\u00e8s diff\u00e9rents, Jean Moulin et Philippe de Hauteclocque. Leur objectif commun ? La lib\u00e9ration de la France dont la Lib\u00e9ration de Paris est le symbole le plus fort.<\/p>\n\n\n\n<p>Commentaires de personnes accueillies : \u00ab\u00a0c&rsquo;est tr\u00e8s instructif\u00a0\u00bb, \u00ab\u00a0fantastique !\u00a0\u00bb.<\/p>\n\n\n\n<ul class=\"wp-block-list\">\n<li><strong>Mus\u00e9e de la Poste<\/strong><\/li>\n<\/ul>\n\n\n\n<p>Le jeudi 14 novembre nous avons pu visiter le mus\u00e9e de la Poste gr\u00e2ce \u00e0 la fondation Claude Pompidou. Une id\u00e9e sacr\u00e9ment timbr\u00e9e ! Nous avons pu voir l&rsquo;\u00e9volution des techniques et des moyens mis en \u0153uvre afin que nous puissions \u00e9crire \u00e0 nos \u00eatres chers.\u00a0Nous avons pu voir les fameux postillons, la poste a\u00e9rienne mais aussi l&rsquo;arriv\u00e9e du la t\u00e9l\u00e9phonie avec leurs op\u00e9ratrices et m\u00eame l\u2019arriv\u00e9e du minitel : 36 15 code incroyable !\u00a0<\/p>\n\n\n\n<p>Pour finir nous avons pu admirer l\u2019Art de la Poste avec de magnifiques timbres mais aussi les bo\u00eetes aux lettres, et les enveloppes travaill\u00e9es par diff\u00e9rents artistes.<br>Finalement on peut dire que sur notre front: y&rsquo; a pas marqu\u00e9 la Poste !<\/p>\n\n\n\n<div class=\"wp-block-columns is-layout-flex wp-container-core-columns-is-layout-9d6595d7 wp-block-columns-is-layout-flex\">\n<div class=\"wp-block-column is-layout-flow wp-block-column-is-layout-flow\">\n<figure class=\"wp-block-image size-large\"><img loading=\"lazy\" decoding=\"async\" width=\"768\" height=\"1024\" src=\"https:\/\/isatis.asso.fr\/les-portes-du-sud\/wp-content\/uploads\/sites\/23\/2024\/11\/img-0215-1-768x1024.jpg\" alt=\"\" class=\"wp-image-657\" srcset=\"https:\/\/isatis.asso.fr\/les-portes-du-sud\/wp-content\/uploads\/sites\/23\/2024\/11\/img-0215-1-768x1024.jpg 768w, https:\/\/isatis.asso.fr\/les-portes-du-sud\/wp-content\/uploads\/sites\/23\/2024\/11\/img-0215-1-225x300.jpg 225w, https:\/\/isatis.asso.fr\/les-portes-du-sud\/wp-content\/uploads\/sites\/23\/2024\/11\/img-0215-1-1152x1536.jpg 1152w, https:\/\/isatis.asso.fr\/les-portes-du-sud\/wp-content\/uploads\/sites\/23\/2024\/11\/img-0215-1-1536x2048.jpg 1536w, https:\/\/isatis.asso.fr\/les-portes-du-sud\/wp-content\/uploads\/sites\/23\/2024\/11\/img-0215-1-750x1000.jpg 750w, https:\/\/isatis.asso.fr\/les-portes-du-sud\/wp-content\/uploads\/sites\/23\/2024\/11\/img-0215-1-scaled.jpg 1920w\" sizes=\"auto, (max-width: 768px) 100vw, 768px\" \/><\/figure>\n<\/div>\n\n\n\n<div class=\"wp-block-column is-layout-flow wp-block-column-is-layout-flow\">\n<figure class=\"wp-block-image size-large\"><img loading=\"lazy\" decoding=\"async\" width=\"768\" height=\"1024\" src=\"https:\/\/isatis.asso.fr\/les-portes-du-sud\/wp-content\/uploads\/sites\/23\/2024\/11\/img-0217-1-768x1024.jpg\" alt=\"\" class=\"wp-image-658\" srcset=\"https:\/\/isatis.asso.fr\/les-portes-du-sud\/wp-content\/uploads\/sites\/23\/2024\/11\/img-0217-1-768x1024.jpg 768w, https:\/\/isatis.asso.fr\/les-portes-du-sud\/wp-content\/uploads\/sites\/23\/2024\/11\/img-0217-1-225x300.jpg 225w, https:\/\/isatis.asso.fr\/les-portes-du-sud\/wp-content\/uploads\/sites\/23\/2024\/11\/img-0217-1-1152x1536.jpg 1152w, https:\/\/isatis.asso.fr\/les-portes-du-sud\/wp-content\/uploads\/sites\/23\/2024\/11\/img-0217-1-1536x2048.jpg 1536w, https:\/\/isatis.asso.fr\/les-portes-du-sud\/wp-content\/uploads\/sites\/23\/2024\/11\/img-0217-1-750x1000.jpg 750w, https:\/\/isatis.asso.fr\/les-portes-du-sud\/wp-content\/uploads\/sites\/23\/2024\/11\/img-0217-1-scaled.jpg 1920w\" sizes=\"auto, (max-width: 768px) 100vw, 768px\" \/><\/figure>\n<\/div>\n\n\n\n<div class=\"wp-block-column is-layout-flow wp-block-column-is-layout-flow\">\n<figure class=\"wp-block-image size-large\"><img loading=\"lazy\" decoding=\"async\" width=\"768\" height=\"1024\" src=\"https:\/\/isatis.asso.fr\/les-portes-du-sud\/wp-content\/uploads\/sites\/23\/2024\/11\/img-0246-1-768x1024.jpg\" alt=\"\" class=\"wp-image-659\" srcset=\"https:\/\/isatis.asso.fr\/les-portes-du-sud\/wp-content\/uploads\/sites\/23\/2024\/11\/img-0246-1-768x1024.jpg 768w, https:\/\/isatis.asso.fr\/les-portes-du-sud\/wp-content\/uploads\/sites\/23\/2024\/11\/img-0246-1-225x300.jpg 225w, https:\/\/isatis.asso.fr\/les-portes-du-sud\/wp-content\/uploads\/sites\/23\/2024\/11\/img-0246-1-1152x1536.jpg 1152w, https:\/\/isatis.asso.fr\/les-portes-du-sud\/wp-content\/uploads\/sites\/23\/2024\/11\/img-0246-1-1536x2048.jpg 1536w, https:\/\/isatis.asso.fr\/les-portes-du-sud\/wp-content\/uploads\/sites\/23\/2024\/11\/img-0246-1-750x1000.jpg 750w, https:\/\/isatis.asso.fr\/les-portes-du-sud\/wp-content\/uploads\/sites\/23\/2024\/11\/img-0246-1-scaled.jpg 1920w\" sizes=\"auto, (max-width: 768px) 100vw, 768px\" \/><\/figure>\n<\/div>\n<\/div>\n\n\n\n<p>Commentaires de personnes accueillies : \u00ab\u00a0int\u00e9ressant\u00a0\u00bb, \u00ab\u00a0les locaux sont modernes\u00a0\u00bb, \u00ab\u00a0on est tous timbr\u00e9s\u00a0\u00bb, \u00ab\u00a0c\u2019est nouveau et instructif\u00a0\u00bb.<\/p>\n","protected":false},"excerpt":{"rendered":"<p>Vendredi 8 novembre un petit groupe de personnes accueillies a pu b\u00e9n\u00e9ficier d&rsquo;une sortie au mus\u00e9e de la lib\u00e9ration de Paris, en plein c\u0153ur du 14\u00e8me arrondissement de Paris; l&rsquo;occasion de voir ou revoir le Lion de Belfort ! \u00c0 l&rsquo;occasion du\u00a075e\u00a0anniversaire de la lib\u00e9ration de Paris, le m\u00e9morial du mar\u00e9chal Leclerc de Hauteclocque et [&hellip;]<\/p>\n","protected":false},"author":16,"featured_media":661,"comment_status":"closed","ping_status":"closed","sticky":false,"template":"","format":"standard","meta":{"_acf_changed":false,"footnotes":""},"categories":[1],"tags":[],"class_list":["post-651","post","type-post","status-publish","format-standard","has-post-thumbnail","hentry","category-non-classe"],"acf":[],"yoast_head":"<!-- This site is optimized with the Yoast SEO plugin v27.3 - https:\/\/yoast.com\/product\/yoast-seo-wordpress\/ -->\n<title>Sortie novembre 2024 - Les Portes du Sud<\/title>\n<meta name=\"robots\" content=\"index, follow, max-snippet:-1, max-image-preview:large, max-video-preview:-1\" \/>\n<link rel=\"canonical\" href=\"https:\/\/isatis.asso.fr\/les-portes-du-sud\/2024\/11\/18\/sortie-novembre-2024\/\" \/>\n<meta property=\"og:locale\" content=\"fr_FR\" \/>\n<meta property=\"og:type\" content=\"article\" \/>\n<meta property=\"og:title\" content=\"Sortie novembre 2024 - Les Portes du Sud\" \/>\n<meta property=\"og:description\" content=\"Vendredi 8 novembre un petit groupe de personnes accueillies a pu b\u00e9n\u00e9ficier d&rsquo;une sortie au mus\u00e9e de la lib\u00e9ration de Paris, en plein c\u0153ur du 14\u00e8me arrondissement de Paris; l&rsquo;occasion de voir ou revoir le Lion de Belfort ! \u00c0 l&rsquo;occasion du\u00a075e\u00a0anniversaire de la lib\u00e9ration de Paris, le m\u00e9morial du mar\u00e9chal Leclerc de Hauteclocque et [&hellip;]\" \/>\n<meta property=\"og:url\" content=\"https:\/\/isatis.asso.fr\/les-portes-du-sud\/2024\/11\/18\/sortie-novembre-2024\/\" \/>\n<meta property=\"og:site_name\" content=\"Les Portes du Sud\" \/>\n<meta property=\"article:published_time\" content=\"2024-11-18T14:30:13+00:00\" \/>\n<meta property=\"article:modified_time\" content=\"2024-11-18T14:30:14+00:00\" \/>\n<meta property=\"og:image\" content=\"https:\/\/isatis.asso.fr\/les-portes-du-sud\/wp-content\/uploads\/sites\/23\/2024\/11\/img-9941-bis-scaled.jpg\" \/>\n\t<meta property=\"og:image:width\" content=\"2560\" \/>\n\t<meta property=\"og:image:height\" content=\"1920\" \/>\n\t<meta property=\"og:image:type\" content=\"image\/jpeg\" \/>\n<meta name=\"author\" content=\"portesdusud21gt34se\" \/>\n<meta name=\"twitter:card\" content=\"summary_large_image\" \/>\n<meta name=\"twitter:label1\" content=\"\u00c9crit par\" \/>\n\t<meta name=\"twitter:data1\" content=\"portesdusud21gt34se\" \/>\n\t<meta name=\"twitter:label2\" content=\"Dur\u00e9e de lecture estim\u00e9e\" \/>\n\t<meta name=\"twitter:data2\" content=\"3 minutes\" \/>\n<script type=\"application\/ld+json\" class=\"yoast-schema-graph\">{\"@context\":\"https:\\\/\\\/schema.org\",\"@graph\":[{\"@type\":\"Article\",\"@id\":\"https:\\\/\\\/isatis.asso.fr\\\/les-portes-du-sud\\\/2024\\\/11\\\/18\\\/sortie-novembre-2024\\\/#article\",\"isPartOf\":{\"@id\":\"https:\\\/\\\/isatis.asso.fr\\\/les-portes-du-sud\\\/2024\\\/11\\\/18\\\/sortie-novembre-2024\\\/\"},\"author\":{\"name\":\"portesdusud21gt34se\",\"@id\":\"https:\\\/\\\/isatis.asso.fr\\\/les-portes-du-sud\\\/#\\\/schema\\\/person\\\/080e2335249b906465250f5cca6f5e90\"},\"headline\":\"Sortie novembre 2024\",\"datePublished\":\"2024-11-18T14:30:13+00:00\",\"dateModified\":\"2024-11-18T14:30:14+00:00\",\"mainEntityOfPage\":{\"@id\":\"https:\\\/\\\/isatis.asso.fr\\\/les-portes-du-sud\\\/2024\\\/11\\\/18\\\/sortie-novembre-2024\\\/\"},\"wordCount\":311,\"image\":{\"@id\":\"https:\\\/\\\/isatis.asso.fr\\\/les-portes-du-sud\\\/2024\\\/11\\\/18\\\/sortie-novembre-2024\\\/#primaryimage\"},\"thumbnailUrl\":\"https:\\\/\\\/isatis.asso.fr\\\/les-portes-du-sud\\\/wp-content\\\/uploads\\\/sites\\\/23\\\/2024\\\/11\\\/img-9941-bis-scaled.jpg\",\"inLanguage\":\"fr-FR\"},{\"@type\":\"WebPage\",\"@id\":\"https:\\\/\\\/isatis.asso.fr\\\/les-portes-du-sud\\\/2024\\\/11\\\/18\\\/sortie-novembre-2024\\\/\",\"url\":\"https:\\\/\\\/isatis.asso.fr\\\/les-portes-du-sud\\\/2024\\\/11\\\/18\\\/sortie-novembre-2024\\\/\",\"name\":\"Sortie novembre 2024 - Les Portes du Sud\",\"isPartOf\":{\"@id\":\"https:\\\/\\\/isatis.asso.fr\\\/les-portes-du-sud\\\/#website\"},\"primaryImageOfPage\":{\"@id\":\"https:\\\/\\\/isatis.asso.fr\\\/les-portes-du-sud\\\/2024\\\/11\\\/18\\\/sortie-novembre-2024\\\/#primaryimage\"},\"image\":{\"@id\":\"https:\\\/\\\/isatis.asso.fr\\\/les-portes-du-sud\\\/2024\\\/11\\\/18\\\/sortie-novembre-2024\\\/#primaryimage\"},\"thumbnailUrl\":\"https:\\\/\\\/isatis.asso.fr\\\/les-portes-du-sud\\\/wp-content\\\/uploads\\\/sites\\\/23\\\/2024\\\/11\\\/img-9941-bis-scaled.jpg\",\"datePublished\":\"2024-11-18T14:30:13+00:00\",\"dateModified\":\"2024-11-18T14:30:14+00:00\",\"author\":{\"@id\":\"https:\\\/\\\/isatis.asso.fr\\\/les-portes-du-sud\\\/#\\\/schema\\\/person\\\/080e2335249b906465250f5cca6f5e90\"},\"breadcrumb\":{\"@id\":\"https:\\\/\\\/isatis.asso.fr\\\/les-portes-du-sud\\\/2024\\\/11\\\/18\\\/sortie-novembre-2024\\\/#breadcrumb\"},\"inLanguage\":\"fr-FR\",\"potentialAction\":[{\"@type\":\"ReadAction\",\"target\":[\"https:\\\/\\\/isatis.asso.fr\\\/les-portes-du-sud\\\/2024\\\/11\\\/18\\\/sortie-novembre-2024\\\/\"]}]},{\"@type\":\"ImageObject\",\"inLanguage\":\"fr-FR\",\"@id\":\"https:\\\/\\\/isatis.asso.fr\\\/les-portes-du-sud\\\/2024\\\/11\\\/18\\\/sortie-novembre-2024\\\/#primaryimage\",\"url\":\"https:\\\/\\\/isatis.asso.fr\\\/les-portes-du-sud\\\/wp-content\\\/uploads\\\/sites\\\/23\\\/2024\\\/11\\\/img-9941-bis-scaled.jpg\",\"contentUrl\":\"https:\\\/\\\/isatis.asso.fr\\\/les-portes-du-sud\\\/wp-content\\\/uploads\\\/sites\\\/23\\\/2024\\\/11\\\/img-9941-bis-scaled.jpg\",\"width\":2560,\"height\":1920},{\"@type\":\"BreadcrumbList\",\"@id\":\"https:\\\/\\\/isatis.asso.fr\\\/les-portes-du-sud\\\/2024\\\/11\\\/18\\\/sortie-novembre-2024\\\/#breadcrumb\",\"itemListElement\":[{\"@type\":\"ListItem\",\"position\":1,\"name\":\"Accueil\",\"item\":\"https:\\\/\\\/isatis.asso.fr\\\/les-portes-du-sud\\\/\"},{\"@type\":\"ListItem\",\"position\":2,\"name\":\"Sortie novembre 2024\"}]},{\"@type\":\"WebSite\",\"@id\":\"https:\\\/\\\/isatis.asso.fr\\\/les-portes-du-sud\\\/#website\",\"url\":\"https:\\\/\\\/isatis.asso.fr\\\/les-portes-du-sud\\\/\",\"name\":\"Les Portes du Sud\",\"description\":\"CENTRE D\u2019ACCUEIL DE JOUR\",\"potentialAction\":[{\"@type\":\"SearchAction\",\"target\":{\"@type\":\"EntryPoint\",\"urlTemplate\":\"https:\\\/\\\/isatis.asso.fr\\\/les-portes-du-sud\\\/?s={search_term_string}\"},\"query-input\":{\"@type\":\"PropertyValueSpecification\",\"valueRequired\":true,\"valueName\":\"search_term_string\"}}],\"inLanguage\":\"fr-FR\"},{\"@type\":\"Person\",\"@id\":\"https:\\\/\\\/isatis.asso.fr\\\/les-portes-du-sud\\\/#\\\/schema\\\/person\\\/080e2335249b906465250f5cca6f5e90\",\"name\":\"portesdusud21gt34se\",\"image\":{\"@type\":\"ImageObject\",\"inLanguage\":\"fr-FR\",\"@id\":\"https:\\\/\\\/secure.gravatar.com\\\/avatar\\\/99b9c83f82817b1e53d8c18ab2646bc81653acac881e0d2e4b5253b63b283282?s=96&d=mm&r=g\",\"url\":\"https:\\\/\\\/secure.gravatar.com\\\/avatar\\\/99b9c83f82817b1e53d8c18ab2646bc81653acac881e0d2e4b5253b63b283282?s=96&d=mm&r=g\",\"contentUrl\":\"https:\\\/\\\/secure.gravatar.com\\\/avatar\\\/99b9c83f82817b1e53d8c18ab2646bc81653acac881e0d2e4b5253b63b283282?s=96&d=mm&r=g\",\"caption\":\"portesdusud21gt34se\"},\"url\":\"https:\\\/\\\/isatis.asso.fr\\\/les-portes-du-sud\\\/author\\\/portesdusud21gt34se\\\/\"}]}<\/script>\n<!-- \/ Yoast SEO plugin. -->","yoast_head_json":{"title":"Sortie novembre 2024 - Les Portes du Sud","robots":{"index":"index","follow":"follow","max-snippet":"max-snippet:-1","max-image-preview":"max-image-preview:large","max-video-preview":"max-video-preview:-1"},"canonical":"https:\/\/isatis.asso.fr\/les-portes-du-sud\/2024\/11\/18\/sortie-novembre-2024\/","og_locale":"fr_FR","og_type":"article","og_title":"Sortie novembre 2024 - Les Portes du Sud","og_description":"Vendredi 8 novembre un petit groupe de personnes accueillies a pu b\u00e9n\u00e9ficier d&rsquo;une sortie au mus\u00e9e de la lib\u00e9ration de Paris, en plein c\u0153ur du 14\u00e8me arrondissement de Paris; l&rsquo;occasion de voir ou revoir le Lion de Belfort ! \u00c0 l&rsquo;occasion du\u00a075e\u00a0anniversaire de la lib\u00e9ration de Paris, le m\u00e9morial du mar\u00e9chal Leclerc de Hauteclocque et [&hellip;]","og_url":"https:\/\/isatis.asso.fr\/les-portes-du-sud\/2024\/11\/18\/sortie-novembre-2024\/","og_site_name":"Les Portes du Sud","article_published_time":"2024-11-18T14:30:13+00:00","article_modified_time":"2024-11-18T14:30:14+00:00","og_image":[{"width":2560,"height":1920,"url":"https:\/\/isatis.asso.fr\/les-portes-du-sud\/wp-content\/uploads\/sites\/23\/2024\/11\/img-9941-bis-scaled.jpg","type":"image\/jpeg"}],"author":"portesdusud21gt34se","twitter_card":"summary_large_image","twitter_misc":{"\u00c9crit par":"portesdusud21gt34se","Dur\u00e9e de lecture estim\u00e9e":"3 minutes"},"schema":{"@context":"https:\/\/schema.org","@graph":[{"@type":"Article","@id":"https:\/\/isatis.asso.fr\/les-portes-du-sud\/2024\/11\/18\/sortie-novembre-2024\/#article","isPartOf":{"@id":"https:\/\/isatis.asso.fr\/les-portes-du-sud\/2024\/11\/18\/sortie-novembre-2024\/"},"author":{"name":"portesdusud21gt34se","@id":"https:\/\/isatis.asso.fr\/les-portes-du-sud\/#\/schema\/person\/080e2335249b906465250f5cca6f5e90"},"headline":"Sortie novembre 2024","datePublished":"2024-11-18T14:30:13+00:00","dateModified":"2024-11-18T14:30:14+00:00","mainEntityOfPage":{"@id":"https:\/\/isatis.asso.fr\/les-portes-du-sud\/2024\/11\/18\/sortie-novembre-2024\/"},"wordCount":311,"image":{"@id":"https:\/\/isatis.asso.fr\/les-portes-du-sud\/2024\/11\/18\/sortie-novembre-2024\/#primaryimage"},"thumbnailUrl":"https:\/\/isatis.asso.fr\/les-portes-du-sud\/wp-content\/uploads\/sites\/23\/2024\/11\/img-9941-bis-scaled.jpg","inLanguage":"fr-FR"},{"@type":"WebPage","@id":"https:\/\/isatis.asso.fr\/les-portes-du-sud\/2024\/11\/18\/sortie-novembre-2024\/","url":"https:\/\/isatis.asso.fr\/les-portes-du-sud\/2024\/11\/18\/sortie-novembre-2024\/","name":"Sortie novembre 2024 - Les Portes du Sud","isPartOf":{"@id":"https:\/\/isatis.asso.fr\/les-portes-du-sud\/#website"},"primaryImageOfPage":{"@id":"https:\/\/isatis.asso.fr\/les-portes-du-sud\/2024\/11\/18\/sortie-novembre-2024\/#primaryimage"},"image":{"@id":"https:\/\/isatis.asso.fr\/les-portes-du-sud\/2024\/11\/18\/sortie-novembre-2024\/#primaryimage"},"thumbnailUrl":"https:\/\/isatis.asso.fr\/les-portes-du-sud\/wp-content\/uploads\/sites\/23\/2024\/11\/img-9941-bis-scaled.jpg","datePublished":"2024-11-18T14:30:13+00:00","dateModified":"2024-11-18T14:30:14+00:00","author":{"@id":"https:\/\/isatis.asso.fr\/les-portes-du-sud\/#\/schema\/person\/080e2335249b906465250f5cca6f5e90"},"breadcrumb":{"@id":"https:\/\/isatis.asso.fr\/les-portes-du-sud\/2024\/11\/18\/sortie-novembre-2024\/#breadcrumb"},"inLanguage":"fr-FR","potentialAction":[{"@type":"ReadAction","target":["https:\/\/isatis.asso.fr\/les-portes-du-sud\/2024\/11\/18\/sortie-novembre-2024\/"]}]},{"@type":"ImageObject","inLanguage":"fr-FR","@id":"https:\/\/isatis.asso.fr\/les-portes-du-sud\/2024\/11\/18\/sortie-novembre-2024\/#primaryimage","url":"https:\/\/isatis.asso.fr\/les-portes-du-sud\/wp-content\/uploads\/sites\/23\/2024\/11\/img-9941-bis-scaled.jpg","contentUrl":"https:\/\/isatis.asso.fr\/les-portes-du-sud\/wp-content\/uploads\/sites\/23\/2024\/11\/img-9941-bis-scaled.jpg","width":2560,"height":1920},{"@type":"BreadcrumbList","@id":"https:\/\/isatis.asso.fr\/les-portes-du-sud\/2024\/11\/18\/sortie-novembre-2024\/#breadcrumb","itemListElement":[{"@type":"ListItem","position":1,"name":"Accueil","item":"https:\/\/isatis.asso.fr\/les-portes-du-sud\/"},{"@type":"ListItem","position":2,"name":"Sortie novembre 2024"}]},{"@type":"WebSite","@id":"https:\/\/isatis.asso.fr\/les-portes-du-sud\/#website","url":"https:\/\/isatis.asso.fr\/les-portes-du-sud\/","name":"Les Portes du Sud","description":"CENTRE D\u2019ACCUEIL DE JOUR","potentialAction":[{"@type":"SearchAction","target":{"@type":"EntryPoint","urlTemplate":"https:\/\/isatis.asso.fr\/les-portes-du-sud\/?s={search_term_string}"},"query-input":{"@type":"PropertyValueSpecification","valueRequired":true,"valueName":"search_term_string"}}],"inLanguage":"fr-FR"},{"@type":"Person","@id":"https:\/\/isatis.asso.fr\/les-portes-du-sud\/#\/schema\/person\/080e2335249b906465250f5cca6f5e90","name":"portesdusud21gt34se","image":{"@type":"ImageObject","inLanguage":"fr-FR","@id":"https:\/\/secure.gravatar.com\/avatar\/99b9c83f82817b1e53d8c18ab2646bc81653acac881e0d2e4b5253b63b283282?s=96&d=mm&r=g","url":"https:\/\/secure.gravatar.com\/avatar\/99b9c83f82817b1e53d8c18ab2646bc81653acac881e0d2e4b5253b63b283282?s=96&d=mm&r=g","contentUrl":"https:\/\/secure.gravatar.com\/avatar\/99b9c83f82817b1e53d8c18ab2646bc81653acac881e0d2e4b5253b63b283282?s=96&d=mm&r=g","caption":"portesdusud21gt34se"},"url":"https:\/\/isatis.asso.fr\/les-portes-du-sud\/author\/portesdusud21gt34se\/"}]}},"_links":{"self":[{"href":"https:\/\/isatis.asso.fr\/les-portes-du-sud\/wp-json\/wp\/v2\/posts\/651","targetHints":{"allow":["GET"]}}],"collection":[{"href":"https:\/\/isatis.asso.fr\/les-portes-du-sud\/wp-json\/wp\/v2\/posts"}],"about":[{"href":"https:\/\/isatis.asso.fr\/les-portes-du-sud\/wp-json\/wp\/v2\/types\/post"}],"author":[{"embeddable":true,"href":"https:\/\/isatis.asso.fr\/les-portes-du-sud\/wp-json\/wp\/v2\/users\/16"}],"replies":[{"embeddable":true,"href":"https:\/\/isatis.asso.fr\/les-portes-du-sud\/wp-json\/wp\/v2\/comments?post=651"}],"version-history":[{"count":2,"href":"https:\/\/isatis.asso.fr\/les-portes-du-sud\/wp-json\/wp\/v2\/posts\/651\/revisions"}],"predecessor-version":[{"id":660,"href":"https:\/\/isatis.asso.fr\/les-portes-du-sud\/wp-json\/wp\/v2\/posts\/651\/revisions\/660"}],"wp:featuredmedia":[{"embeddable":true,"href":"https:\/\/isatis.asso.fr\/les-portes-du-sud\/wp-json\/wp\/v2\/media\/661"}],"wp:attachment":[{"href":"https:\/\/isatis.asso.fr\/les-portes-du-sud\/wp-json\/wp\/v2\/media?parent=651"}],"wp:term":[{"taxonomy":"category","embeddable":true,"href":"https:\/\/isatis.asso.fr\/les-portes-du-sud\/wp-json\/wp\/v2\/categories?post=651"},{"taxonomy":"post_tag","embeddable":true,"href":"https:\/\/isatis.asso.fr\/les-portes-du-sud\/wp-json\/wp\/v2\/tags?post=651"}],"curies":[{"name":"wp","href":"https:\/\/api.w.org\/{rel}","templated":true}]}}