{"id":540,"date":"2024-04-29T15:46:18","date_gmt":"2024-04-29T13:46:18","guid":{"rendered":"https:\/\/isatis.asso.fr\/les-portes-du-sud\/?p=540"},"modified":"2024-04-29T15:46:20","modified_gmt":"2024-04-29T13:46:20","slug":"sortie-avril-2024","status":"publish","type":"post","link":"https:\/\/isatis.asso.fr\/les-portes-du-sud\/2024\/04\/29\/sortie-avril-2024\/","title":{"rendered":"Sortie avril 2024"},"content":{"rendered":"\n<ul class=\"wp-block-list\">\n<li class=\"has-medium-font-size\"><strong>Jardin du mus\u00e9e Rodin &#8211; 2\/04\/24<\/strong><\/li>\n<\/ul>\n\n\n<div class=\"wp-block-image\">\n<figure class=\"alignleft size-full is-resized\"><img loading=\"lazy\" decoding=\"async\" src=\"https:\/\/isatis.asso.fr\/les-portes-du-sud\/wp-content\/uploads\/sites\/23\/2024\/04\/15.jpg\" alt=\"\" class=\"wp-image-544\" width=\"319\" height=\"425\" srcset=\"https:\/\/isatis.asso.fr\/les-portes-du-sud\/wp-content\/uploads\/sites\/23\/2024\/04\/15.jpg 480w, https:\/\/isatis.asso.fr\/les-portes-du-sud\/wp-content\/uploads\/sites\/23\/2024\/04\/15-225x300.jpg 225w\" sizes=\"auto, (max-width: 319px) 100vw, 319px\" \/><\/figure>\n<\/div>\n\n<div class=\"wp-block-image\">\n<figure class=\"alignright size-full is-resized\"><img loading=\"lazy\" decoding=\"async\" src=\"https:\/\/isatis.asso.fr\/les-portes-du-sud\/wp-content\/uploads\/sites\/23\/2024\/04\/4.jpg\" alt=\"\" class=\"wp-image-545\" width=\"317\" height=\"422\" srcset=\"https:\/\/isatis.asso.fr\/les-portes-du-sud\/wp-content\/uploads\/sites\/23\/2024\/04\/4.jpg 480w, https:\/\/isatis.asso.fr\/les-portes-du-sud\/wp-content\/uploads\/sites\/23\/2024\/04\/4-225x300.jpg 225w\" sizes=\"auto, (max-width: 317px) 100vw, 317px\" \/><\/figure>\n<\/div>\n\n\n<p class=\"has-small-font-size\">Nous avons profit\u00e9 d&rsquo;une belle \u00e9claircie pour visiter les jardins du mus\u00e9e Rodin, une aubaine en ce d\u00e9but de mois d&rsquo;avril ! Les personnes accueillies ont pu admirer toutes les sculptures ext\u00e9rieures telles que : Le Penseur, Balzac, la Porte de l&rsquo;Enfer, ou encore le monument aux Bourgeois de Calais. La visite a \u00e9t\u00e9 rythm\u00e9e par les anecdotes de notre b\u00e9n\u00e9vole accompagnateur et par les plaisanteries de tous le groupe. Commentaire d&rsquo;une personne accueillie : \u00ab\u00a0\u00e0 quoi pense-t-il le Penseur?\u00a0\u00bb \u00ab\u00a0A ce qu&rsquo;il va manger ce soir !\u00a0\u00bb<\/p>\n\n\n\n<ul class=\"wp-block-list\">\n<li class=\"has-medium-font-size\"><strong>Op\u00e9ra Garnier &#8211; 8\/04\/24<\/strong><\/li>\n<\/ul>\n\n\n<div class=\"wp-block-image\">\n<figure class=\"alignleft size-large is-resized\"><img loading=\"lazy\" decoding=\"async\" src=\"https:\/\/isatis.asso.fr\/les-portes-du-sud\/wp-content\/uploads\/sites\/23\/2024\/04\/dsc01678-bis-768x1024.jpg\" alt=\"\" class=\"wp-image-547\" width=\"339\" height=\"451\" srcset=\"https:\/\/isatis.asso.fr\/les-portes-du-sud\/wp-content\/uploads\/sites\/23\/2024\/04\/dsc01678-bis-768x1024.jpg 768w, https:\/\/isatis.asso.fr\/les-portes-du-sud\/wp-content\/uploads\/sites\/23\/2024\/04\/dsc01678-bis-225x300.jpg 225w, https:\/\/isatis.asso.fr\/les-portes-du-sud\/wp-content\/uploads\/sites\/23\/2024\/04\/dsc01678-bis-1152x1536.jpg 1152w, https:\/\/isatis.asso.fr\/les-portes-du-sud\/wp-content\/uploads\/sites\/23\/2024\/04\/dsc01678-bis-1536x2048.jpg 1536w, https:\/\/isatis.asso.fr\/les-portes-du-sud\/wp-content\/uploads\/sites\/23\/2024\/04\/dsc01678-bis-750x1000.jpg 750w, https:\/\/isatis.asso.fr\/les-portes-du-sud\/wp-content\/uploads\/sites\/23\/2024\/04\/dsc01678-bis-scaled.jpg 1920w\" sizes=\"auto, (max-width: 339px) 100vw, 339px\" \/><\/figure>\n<\/div>\n\n<div class=\"wp-block-image\">\n<figure class=\"alignright size-large is-resized\"><img loading=\"lazy\" decoding=\"async\" src=\"https:\/\/isatis.asso.fr\/les-portes-du-sud\/wp-content\/uploads\/sites\/23\/2024\/04\/dsc01658-bis-768x1024.jpg\" alt=\"\" class=\"wp-image-548\" width=\"322\" height=\"430\" srcset=\"https:\/\/isatis.asso.fr\/les-portes-du-sud\/wp-content\/uploads\/sites\/23\/2024\/04\/dsc01658-bis-768x1024.jpg 768w, https:\/\/isatis.asso.fr\/les-portes-du-sud\/wp-content\/uploads\/sites\/23\/2024\/04\/dsc01658-bis-225x300.jpg 225w, https:\/\/isatis.asso.fr\/les-portes-du-sud\/wp-content\/uploads\/sites\/23\/2024\/04\/dsc01658-bis-1152x1536.jpg 1152w, https:\/\/isatis.asso.fr\/les-portes-du-sud\/wp-content\/uploads\/sites\/23\/2024\/04\/dsc01658-bis-1536x2048.jpg 1536w, https:\/\/isatis.asso.fr\/les-portes-du-sud\/wp-content\/uploads\/sites\/23\/2024\/04\/dsc01658-bis-750x1000.jpg 750w, https:\/\/isatis.asso.fr\/les-portes-du-sud\/wp-content\/uploads\/sites\/23\/2024\/04\/dsc01658-bis-scaled.jpg 1920w\" sizes=\"auto, (max-width: 322px) 100vw, 322px\" \/><\/figure>\n<\/div>\n\n\n<p class=\"has-small-font-size\">Une escapade en plein Paris \u00e0 l&rsquo;Op\u00e9ra Garnier, une chance qu&rsquo;on pu vivre 5 personnes accueillies accompagn\u00e9es par 2 soignants et 2 b\u00e9n\u00e9voles de la Fondation Pompidou.  <\/p>\n\n\n\n<p class=\"has-small-font-size\">Le clou de la visite : les fresques de Chagall au plafond de l&rsquo;op\u00e9ra ainsi que la loge du fant\u00f4me de l&rsquo;op\u00e9ra.<\/p>\n","protected":false},"excerpt":{"rendered":"<p>Nous avons profit\u00e9 d&rsquo;une belle \u00e9claircie pour visiter les jardins du mus\u00e9e Rodin, une aubaine en ce d\u00e9but de mois d&rsquo;avril ! Les personnes accueillies ont pu admirer toutes les sculptures ext\u00e9rieures telles que : Le Penseur, Balzac, la Porte de l&rsquo;Enfer, ou encore le monument aux Bourgeois de Calais. La visite a \u00e9t\u00e9 rythm\u00e9e [&hellip;]<\/p>\n","protected":false},"author":16,"featured_media":550,"comment_status":"open","ping_status":"open","sticky":false,"template":"","format":"standard","meta":{"_acf_changed":false,"footnotes":""},"categories":[1],"tags":[],"class_list":["post-540","post","type-post","status-publish","format-standard","has-post-thumbnail","hentry","category-non-classe"],"acf":[],"yoast_head":"<!-- This site is optimized with the Yoast SEO plugin v27.3 - https:\/\/yoast.com\/product\/yoast-seo-wordpress\/ -->\n<title>Sortie avril 2024 - Les Portes du Sud<\/title>\n<meta name=\"robots\" content=\"index, follow, max-snippet:-1, max-image-preview:large, max-video-preview:-1\" \/>\n<link rel=\"canonical\" href=\"https:\/\/isatis.asso.fr\/les-portes-du-sud\/2024\/04\/29\/sortie-avril-2024\/\" \/>\n<meta property=\"og:locale\" content=\"fr_FR\" \/>\n<meta property=\"og:type\" content=\"article\" \/>\n<meta property=\"og:title\" content=\"Sortie avril 2024 - Les Portes du Sud\" \/>\n<meta property=\"og:description\" content=\"Nous avons profit\u00e9 d&rsquo;une belle \u00e9claircie pour visiter les jardins du mus\u00e9e Rodin, une aubaine en ce d\u00e9but de mois d&rsquo;avril ! Les personnes accueillies ont pu admirer toutes les sculptures ext\u00e9rieures telles que : Le Penseur, Balzac, la Porte de l&rsquo;Enfer, ou encore le monument aux Bourgeois de Calais. La visite a \u00e9t\u00e9 rythm\u00e9e [&hellip;]\" \/>\n<meta property=\"og:url\" content=\"https:\/\/isatis.asso.fr\/les-portes-du-sud\/2024\/04\/29\/sortie-avril-2024\/\" \/>\n<meta property=\"og:site_name\" content=\"Les Portes du Sud\" \/>\n<meta property=\"article:published_time\" content=\"2024-04-29T13:46:18+00:00\" \/>\n<meta property=\"article:modified_time\" content=\"2024-04-29T13:46:20+00:00\" \/>\n<meta property=\"og:image\" content=\"https:\/\/isatis.asso.fr\/les-portes-du-sud\/wp-content\/uploads\/sites\/23\/2024\/04\/7.jpg\" \/>\n\t<meta property=\"og:image:width\" content=\"480\" \/>\n\t<meta property=\"og:image:height\" content=\"640\" \/>\n\t<meta property=\"og:image:type\" content=\"image\/jpeg\" \/>\n<meta name=\"author\" content=\"portesdusud21gt34se\" \/>\n<meta name=\"twitter:card\" content=\"summary_large_image\" \/>\n<meta name=\"twitter:label1\" content=\"\u00c9crit par\" \/>\n\t<meta name=\"twitter:data1\" content=\"portesdusud21gt34se\" \/>\n\t<meta name=\"twitter:label2\" content=\"Dur\u00e9e de lecture estim\u00e9e\" \/>\n\t<meta name=\"twitter:data2\" content=\"2 minutes\" \/>\n<script type=\"application\/ld+json\" class=\"yoast-schema-graph\">{\"@context\":\"https:\\\/\\\/schema.org\",\"@graph\":[{\"@type\":\"Article\",\"@id\":\"https:\\\/\\\/isatis.asso.fr\\\/les-portes-du-sud\\\/2024\\\/04\\\/29\\\/sortie-avril-2024\\\/#article\",\"isPartOf\":{\"@id\":\"https:\\\/\\\/isatis.asso.fr\\\/les-portes-du-sud\\\/2024\\\/04\\\/29\\\/sortie-avril-2024\\\/\"},\"author\":{\"name\":\"portesdusud21gt34se\",\"@id\":\"https:\\\/\\\/isatis.asso.fr\\\/les-portes-du-sud\\\/#\\\/schema\\\/person\\\/080e2335249b906465250f5cca6f5e90\"},\"headline\":\"Sortie avril 2024\",\"datePublished\":\"2024-04-29T13:46:18+00:00\",\"dateModified\":\"2024-04-29T13:46:20+00:00\",\"mainEntityOfPage\":{\"@id\":\"https:\\\/\\\/isatis.asso.fr\\\/les-portes-du-sud\\\/2024\\\/04\\\/29\\\/sortie-avril-2024\\\/\"},\"wordCount\":161,\"commentCount\":0,\"image\":{\"@id\":\"https:\\\/\\\/isatis.asso.fr\\\/les-portes-du-sud\\\/2024\\\/04\\\/29\\\/sortie-avril-2024\\\/#primaryimage\"},\"thumbnailUrl\":\"https:\\\/\\\/isatis.asso.fr\\\/les-portes-du-sud\\\/wp-content\\\/uploads\\\/sites\\\/23\\\/2024\\\/04\\\/7.jpg\",\"inLanguage\":\"fr-FR\",\"potentialAction\":[{\"@type\":\"CommentAction\",\"name\":\"Comment\",\"target\":[\"https:\\\/\\\/isatis.asso.fr\\\/les-portes-du-sud\\\/2024\\\/04\\\/29\\\/sortie-avril-2024\\\/#respond\"]}]},{\"@type\":\"WebPage\",\"@id\":\"https:\\\/\\\/isatis.asso.fr\\\/les-portes-du-sud\\\/2024\\\/04\\\/29\\\/sortie-avril-2024\\\/\",\"url\":\"https:\\\/\\\/isatis.asso.fr\\\/les-portes-du-sud\\\/2024\\\/04\\\/29\\\/sortie-avril-2024\\\/\",\"name\":\"Sortie avril 2024 - Les Portes du Sud\",\"isPartOf\":{\"@id\":\"https:\\\/\\\/isatis.asso.fr\\\/les-portes-du-sud\\\/#website\"},\"primaryImageOfPage\":{\"@id\":\"https:\\\/\\\/isatis.asso.fr\\\/les-portes-du-sud\\\/2024\\\/04\\\/29\\\/sortie-avril-2024\\\/#primaryimage\"},\"image\":{\"@id\":\"https:\\\/\\\/isatis.asso.fr\\\/les-portes-du-sud\\\/2024\\\/04\\\/29\\\/sortie-avril-2024\\\/#primaryimage\"},\"thumbnailUrl\":\"https:\\\/\\\/isatis.asso.fr\\\/les-portes-du-sud\\\/wp-content\\\/uploads\\\/sites\\\/23\\\/2024\\\/04\\\/7.jpg\",\"datePublished\":\"2024-04-29T13:46:18+00:00\",\"dateModified\":\"2024-04-29T13:46:20+00:00\",\"author\":{\"@id\":\"https:\\\/\\\/isatis.asso.fr\\\/les-portes-du-sud\\\/#\\\/schema\\\/person\\\/080e2335249b906465250f5cca6f5e90\"},\"breadcrumb\":{\"@id\":\"https:\\\/\\\/isatis.asso.fr\\\/les-portes-du-sud\\\/2024\\\/04\\\/29\\\/sortie-avril-2024\\\/#breadcrumb\"},\"inLanguage\":\"fr-FR\",\"potentialAction\":[{\"@type\":\"ReadAction\",\"target\":[\"https:\\\/\\\/isatis.asso.fr\\\/les-portes-du-sud\\\/2024\\\/04\\\/29\\\/sortie-avril-2024\\\/\"]}]},{\"@type\":\"ImageObject\",\"inLanguage\":\"fr-FR\",\"@id\":\"https:\\\/\\\/isatis.asso.fr\\\/les-portes-du-sud\\\/2024\\\/04\\\/29\\\/sortie-avril-2024\\\/#primaryimage\",\"url\":\"https:\\\/\\\/isatis.asso.fr\\\/les-portes-du-sud\\\/wp-content\\\/uploads\\\/sites\\\/23\\\/2024\\\/04\\\/7.jpg\",\"contentUrl\":\"https:\\\/\\\/isatis.asso.fr\\\/les-portes-du-sud\\\/wp-content\\\/uploads\\\/sites\\\/23\\\/2024\\\/04\\\/7.jpg\",\"width\":480,\"height\":640},{\"@type\":\"BreadcrumbList\",\"@id\":\"https:\\\/\\\/isatis.asso.fr\\\/les-portes-du-sud\\\/2024\\\/04\\\/29\\\/sortie-avril-2024\\\/#breadcrumb\",\"itemListElement\":[{\"@type\":\"ListItem\",\"position\":1,\"name\":\"Accueil\",\"item\":\"https:\\\/\\\/isatis.asso.fr\\\/les-portes-du-sud\\\/\"},{\"@type\":\"ListItem\",\"position\":2,\"name\":\"Sortie avril 2024\"}]},{\"@type\":\"WebSite\",\"@id\":\"https:\\\/\\\/isatis.asso.fr\\\/les-portes-du-sud\\\/#website\",\"url\":\"https:\\\/\\\/isatis.asso.fr\\\/les-portes-du-sud\\\/\",\"name\":\"Les Portes du Sud\",\"description\":\"CENTRE D\u2019ACCUEIL DE JOUR\",\"potentialAction\":[{\"@type\":\"SearchAction\",\"target\":{\"@type\":\"EntryPoint\",\"urlTemplate\":\"https:\\\/\\\/isatis.asso.fr\\\/les-portes-du-sud\\\/?s={search_term_string}\"},\"query-input\":{\"@type\":\"PropertyValueSpecification\",\"valueRequired\":true,\"valueName\":\"search_term_string\"}}],\"inLanguage\":\"fr-FR\"},{\"@type\":\"Person\",\"@id\":\"https:\\\/\\\/isatis.asso.fr\\\/les-portes-du-sud\\\/#\\\/schema\\\/person\\\/080e2335249b906465250f5cca6f5e90\",\"name\":\"portesdusud21gt34se\",\"image\":{\"@type\":\"ImageObject\",\"inLanguage\":\"fr-FR\",\"@id\":\"https:\\\/\\\/secure.gravatar.com\\\/avatar\\\/99b9c83f82817b1e53d8c18ab2646bc81653acac881e0d2e4b5253b63b283282?s=96&d=mm&r=g\",\"url\":\"https:\\\/\\\/secure.gravatar.com\\\/avatar\\\/99b9c83f82817b1e53d8c18ab2646bc81653acac881e0d2e4b5253b63b283282?s=96&d=mm&r=g\",\"contentUrl\":\"https:\\\/\\\/secure.gravatar.com\\\/avatar\\\/99b9c83f82817b1e53d8c18ab2646bc81653acac881e0d2e4b5253b63b283282?s=96&d=mm&r=g\",\"caption\":\"portesdusud21gt34se\"},\"url\":\"https:\\\/\\\/isatis.asso.fr\\\/les-portes-du-sud\\\/author\\\/portesdusud21gt34se\\\/\"}]}<\/script>\n<!-- \/ Yoast SEO plugin. -->","yoast_head_json":{"title":"Sortie avril 2024 - Les Portes du Sud","robots":{"index":"index","follow":"follow","max-snippet":"max-snippet:-1","max-image-preview":"max-image-preview:large","max-video-preview":"max-video-preview:-1"},"canonical":"https:\/\/isatis.asso.fr\/les-portes-du-sud\/2024\/04\/29\/sortie-avril-2024\/","og_locale":"fr_FR","og_type":"article","og_title":"Sortie avril 2024 - Les Portes du Sud","og_description":"Nous avons profit\u00e9 d&rsquo;une belle \u00e9claircie pour visiter les jardins du mus\u00e9e Rodin, une aubaine en ce d\u00e9but de mois d&rsquo;avril ! Les personnes accueillies ont pu admirer toutes les sculptures ext\u00e9rieures telles que : Le Penseur, Balzac, la Porte de l&rsquo;Enfer, ou encore le monument aux Bourgeois de Calais. La visite a \u00e9t\u00e9 rythm\u00e9e [&hellip;]","og_url":"https:\/\/isatis.asso.fr\/les-portes-du-sud\/2024\/04\/29\/sortie-avril-2024\/","og_site_name":"Les Portes du Sud","article_published_time":"2024-04-29T13:46:18+00:00","article_modified_time":"2024-04-29T13:46:20+00:00","og_image":[{"width":480,"height":640,"url":"https:\/\/isatis.asso.fr\/les-portes-du-sud\/wp-content\/uploads\/sites\/23\/2024\/04\/7.jpg","type":"image\/jpeg"}],"author":"portesdusud21gt34se","twitter_card":"summary_large_image","twitter_misc":{"\u00c9crit par":"portesdusud21gt34se","Dur\u00e9e de lecture estim\u00e9e":"2 minutes"},"schema":{"@context":"https:\/\/schema.org","@graph":[{"@type":"Article","@id":"https:\/\/isatis.asso.fr\/les-portes-du-sud\/2024\/04\/29\/sortie-avril-2024\/#article","isPartOf":{"@id":"https:\/\/isatis.asso.fr\/les-portes-du-sud\/2024\/04\/29\/sortie-avril-2024\/"},"author":{"name":"portesdusud21gt34se","@id":"https:\/\/isatis.asso.fr\/les-portes-du-sud\/#\/schema\/person\/080e2335249b906465250f5cca6f5e90"},"headline":"Sortie avril 2024","datePublished":"2024-04-29T13:46:18+00:00","dateModified":"2024-04-29T13:46:20+00:00","mainEntityOfPage":{"@id":"https:\/\/isatis.asso.fr\/les-portes-du-sud\/2024\/04\/29\/sortie-avril-2024\/"},"wordCount":161,"commentCount":0,"image":{"@id":"https:\/\/isatis.asso.fr\/les-portes-du-sud\/2024\/04\/29\/sortie-avril-2024\/#primaryimage"},"thumbnailUrl":"https:\/\/isatis.asso.fr\/les-portes-du-sud\/wp-content\/uploads\/sites\/23\/2024\/04\/7.jpg","inLanguage":"fr-FR","potentialAction":[{"@type":"CommentAction","name":"Comment","target":["https:\/\/isatis.asso.fr\/les-portes-du-sud\/2024\/04\/29\/sortie-avril-2024\/#respond"]}]},{"@type":"WebPage","@id":"https:\/\/isatis.asso.fr\/les-portes-du-sud\/2024\/04\/29\/sortie-avril-2024\/","url":"https:\/\/isatis.asso.fr\/les-portes-du-sud\/2024\/04\/29\/sortie-avril-2024\/","name":"Sortie avril 2024 - Les Portes du Sud","isPartOf":{"@id":"https:\/\/isatis.asso.fr\/les-portes-du-sud\/#website"},"primaryImageOfPage":{"@id":"https:\/\/isatis.asso.fr\/les-portes-du-sud\/2024\/04\/29\/sortie-avril-2024\/#primaryimage"},"image":{"@id":"https:\/\/isatis.asso.fr\/les-portes-du-sud\/2024\/04\/29\/sortie-avril-2024\/#primaryimage"},"thumbnailUrl":"https:\/\/isatis.asso.fr\/les-portes-du-sud\/wp-content\/uploads\/sites\/23\/2024\/04\/7.jpg","datePublished":"2024-04-29T13:46:18+00:00","dateModified":"2024-04-29T13:46:20+00:00","author":{"@id":"https:\/\/isatis.asso.fr\/les-portes-du-sud\/#\/schema\/person\/080e2335249b906465250f5cca6f5e90"},"breadcrumb":{"@id":"https:\/\/isatis.asso.fr\/les-portes-du-sud\/2024\/04\/29\/sortie-avril-2024\/#breadcrumb"},"inLanguage":"fr-FR","potentialAction":[{"@type":"ReadAction","target":["https:\/\/isatis.asso.fr\/les-portes-du-sud\/2024\/04\/29\/sortie-avril-2024\/"]}]},{"@type":"ImageObject","inLanguage":"fr-FR","@id":"https:\/\/isatis.asso.fr\/les-portes-du-sud\/2024\/04\/29\/sortie-avril-2024\/#primaryimage","url":"https:\/\/isatis.asso.fr\/les-portes-du-sud\/wp-content\/uploads\/sites\/23\/2024\/04\/7.jpg","contentUrl":"https:\/\/isatis.asso.fr\/les-portes-du-sud\/wp-content\/uploads\/sites\/23\/2024\/04\/7.jpg","width":480,"height":640},{"@type":"BreadcrumbList","@id":"https:\/\/isatis.asso.fr\/les-portes-du-sud\/2024\/04\/29\/sortie-avril-2024\/#breadcrumb","itemListElement":[{"@type":"ListItem","position":1,"name":"Accueil","item":"https:\/\/isatis.asso.fr\/les-portes-du-sud\/"},{"@type":"ListItem","position":2,"name":"Sortie avril 2024"}]},{"@type":"WebSite","@id":"https:\/\/isatis.asso.fr\/les-portes-du-sud\/#website","url":"https:\/\/isatis.asso.fr\/les-portes-du-sud\/","name":"Les Portes du Sud","description":"CENTRE D\u2019ACCUEIL DE JOUR","potentialAction":[{"@type":"SearchAction","target":{"@type":"EntryPoint","urlTemplate":"https:\/\/isatis.asso.fr\/les-portes-du-sud\/?s={search_term_string}"},"query-input":{"@type":"PropertyValueSpecification","valueRequired":true,"valueName":"search_term_string"}}],"inLanguage":"fr-FR"},{"@type":"Person","@id":"https:\/\/isatis.asso.fr\/les-portes-du-sud\/#\/schema\/person\/080e2335249b906465250f5cca6f5e90","name":"portesdusud21gt34se","image":{"@type":"ImageObject","inLanguage":"fr-FR","@id":"https:\/\/secure.gravatar.com\/avatar\/99b9c83f82817b1e53d8c18ab2646bc81653acac881e0d2e4b5253b63b283282?s=96&d=mm&r=g","url":"https:\/\/secure.gravatar.com\/avatar\/99b9c83f82817b1e53d8c18ab2646bc81653acac881e0d2e4b5253b63b283282?s=96&d=mm&r=g","contentUrl":"https:\/\/secure.gravatar.com\/avatar\/99b9c83f82817b1e53d8c18ab2646bc81653acac881e0d2e4b5253b63b283282?s=96&d=mm&r=g","caption":"portesdusud21gt34se"},"url":"https:\/\/isatis.asso.fr\/les-portes-du-sud\/author\/portesdusud21gt34se\/"}]}},"_links":{"self":[{"href":"https:\/\/isatis.asso.fr\/les-portes-du-sud\/wp-json\/wp\/v2\/posts\/540","targetHints":{"allow":["GET"]}}],"collection":[{"href":"https:\/\/isatis.asso.fr\/les-portes-du-sud\/wp-json\/wp\/v2\/posts"}],"about":[{"href":"https:\/\/isatis.asso.fr\/les-portes-du-sud\/wp-json\/wp\/v2\/types\/post"}],"author":[{"embeddable":true,"href":"https:\/\/isatis.asso.fr\/les-portes-du-sud\/wp-json\/wp\/v2\/users\/16"}],"replies":[{"embeddable":true,"href":"https:\/\/isatis.asso.fr\/les-portes-du-sud\/wp-json\/wp\/v2\/comments?post=540"}],"version-history":[{"count":6,"href":"https:\/\/isatis.asso.fr\/les-portes-du-sud\/wp-json\/wp\/v2\/posts\/540\/revisions"}],"predecessor-version":[{"id":553,"href":"https:\/\/isatis.asso.fr\/les-portes-du-sud\/wp-json\/wp\/v2\/posts\/540\/revisions\/553"}],"wp:featuredmedia":[{"embeddable":true,"href":"https:\/\/isatis.asso.fr\/les-portes-du-sud\/wp-json\/wp\/v2\/media\/550"}],"wp:attachment":[{"href":"https:\/\/isatis.asso.fr\/les-portes-du-sud\/wp-json\/wp\/v2\/media?parent=540"}],"wp:term":[{"taxonomy":"category","embeddable":true,"href":"https:\/\/isatis.asso.fr\/les-portes-du-sud\/wp-json\/wp\/v2\/categories?post=540"},{"taxonomy":"post_tag","embeddable":true,"href":"https:\/\/isatis.asso.fr\/les-portes-du-sud\/wp-json\/wp\/v2\/tags?post=540"}],"curies":[{"name":"wp","href":"https:\/\/api.w.org\/{rel}","templated":true}]}}