{"id":217,"date":"2021-02-15T15:59:47","date_gmt":"2021-02-15T14:59:47","guid":{"rendered":"https:\/\/isatis.asso.fr\/les-portes-du-sud\/?p=217"},"modified":"2021-03-01T12:02:23","modified_gmt":"2021-03-01T11:02:23","slug":"la-chronique-des-portes-du-sud-2","status":"publish","type":"post","link":"https:\/\/isatis.asso.fr\/les-portes-du-sud\/2021\/02\/15\/la-chronique-des-portes-du-sud-2\/","title":{"rendered":"La chronique des Portes du Sud"},"content":{"rendered":"\n<p><strong>Pr\u00e9sentation d&rsquo;ateliers<\/strong><\/p>\n\n\n\n<p class=\"has-text-align-center\"><span class=\"has-inline-color has-luminous-vivid-amber-color\">******<\/span><\/p>\n\n\n\n<p class=\"has-text-align-center\"><strong><span class=\"has-inline-color has-vivid-green-cyan-color\">Le&nbsp; bal masqu\u00e9\u2026<\/span>&nbsp;<\/strong><\/p>\n\n\n\n<p><strong>\u00ab&nbsp;Le bal masqu\u00e9&nbsp;\u00bb est un atelier autour de la chanson. Paroles retrouv\u00e9es, refrains en ch\u0153ur, les corps se mettent \u00e0 danser traduisant, plaisir, joie et convivialit\u00e9.<\/strong><\/p>\n\n\n\n<p><strong>Mais ce sont les personnes qui en parle le &nbsp;mieux\u2026<\/strong><\/p>\n\n\n\n<p><strong>M.M&nbsp;: &#8211; \u00ab&nbsp;Je suis un Italiano vero\u2026&nbsp;\u00bb chante -t- il claquant des doigts<\/strong><\/p>\n\n\n\n<p><strong>M.B&nbsp;: -\u00ab&nbsp;C\u2019est magnifique&nbsp;!&nbsp;\u00bb<\/strong><\/p>\n\n\n\n<p><strong>Mme O&nbsp;: &#8211; \u00abDalida, Besamo mucho&nbsp; j\u2019adore&nbsp;!&nbsp;\u00bb<\/strong><\/p>\n\n\n\n<p><strong>M.C&nbsp;: &#8211; \u00ab&nbsp;Le zouk, c\u2019est un m\u00e9dicament&nbsp;! On danse et on ne se rend m\u00eame pas compte qu\u2019on est fatigu\u00e9s&nbsp;! \u00c7a c\u2019est de la bonne musique&nbsp;!&nbsp;\u00bb<\/strong><\/p>\n\n\n\n<p class=\"has-text-align-center\"><span class=\"has-inline-color has-luminous-vivid-amber-color\">******<\/span><\/p>\n\n\n\n<p class=\"has-text-align-center\"><strong><span class=\"has-inline-color has-vivid-red-color\">Atelier Discussion<\/span><\/strong><\/p>\n\n\n\n<p><strong>Nous nous retrouvons toutes les semaines. Chacun s\u2019assoit \u00e0 une place d\u00e9termin\u00e9e dans le cercle. Le sujet de discussion n\u2019est pas choisi \u00e0 l\u2019avance et tout le monde a son mot \u00e0 dire&nbsp;!<\/strong><\/p>\n\n\n\n<p>&nbsp;<strong>Elise est l\u00e0 pour r\u00e9guler les \u00e9changes.<\/strong><\/p>\n\n\n\n<p><strong>\u00ab&nbsp;C\u2019est important de parler \u00e0 des gens qu\u2019on ne connait pas&nbsp;\u00bb \u00ab&nbsp;Il faut aller vers les autres&nbsp;\u00bb \u00ab&nbsp;Tr\u00e8s souvent on oublie&nbsp;; on fait semblant\u2026 Ici on parle de nous-m\u00eame&nbsp;\u00bb \u00ab&nbsp;Le meilleur m\u00e9dicament c\u2019est les autres&nbsp;!&nbsp;\u00bb<\/strong><\/p>\n\n\n\n<p class=\"has-text-align-center\"><span class=\"has-inline-color has-luminous-vivid-amber-color\">******<\/span><\/p>\n\n\n\n<p class=\"has-text-align-center\"><strong><span class=\"has-inline-color has-vivid-green-cyan-color\">Jeux d\u2019adresse<\/span><\/strong><\/p>\n\n\n\n<p><strong>Dans cet atelier nous avons pour vocation de prendre du plaisir tout en mettant notre corps en action. L\u2019\u00e9quilibre, la concentration, la pr\u00e9cision et surtout la bonne humeur sont le maitre mot de ce moment sportif . Ici tout y passe P\u00e9tanque, Bowling, Fl\u00e9chette, Volley etc\u2026.<\/strong><\/p>\n\n\n\n<p><strong>Un petit mot de nos joueurs&nbsp;:<\/strong><\/p>\n\n\n\n<p><strong>\u00ab&nbsp; J\u2019aime bien jouer&nbsp;\u00bb \u00ab&nbsp;Ca me rappelle mon enfance&nbsp;\u00bb \u00ab&nbsp;J\u2019aime bien&nbsp; parce que je gagne un petit peu&nbsp;\u00bb \u00ab&nbsp;Ca fait travailler l\u2019adresse, le syst\u00e8me nerveux, l\u2019\u00e9quilibre, l\u2019attention, le c\u0153ur&nbsp;\u00bb \u00ab&nbsp;C\u2019\u00e9tait lent,&nbsp; mais c\u2019\u00e9tait bien&nbsp;\u00bb \u00ab&nbsp;On rigole, on s\u2019amuse, et comment&nbsp;!&nbsp;\u00bb \u00ab&nbsp;Bonne humeur, c\u2019est joyeux, on s\u2019amuse bien, c\u2019est bon pour le moral&nbsp;\u00bb<\/strong><\/p>\n\n\n\n<p class=\"has-text-align-center\"><span class=\"has-inline-color has-luminous-vivid-amber-color\">******<\/span><\/p>\n\n\n\n<p class=\"has-text-align-center\"><strong><span class=\"has-inline-color has-vivid-red-color\">Atelier Chants et souvenirs<\/span><\/strong><\/p>\n\n\n\n<p><strong>Parole d\u2019une personne accueillie&nbsp;:<\/strong><\/p>\n\n\n\n<p><strong>\u00ab&nbsp;Le mercredi matin, je participe \u00e0 un atelier nomm\u00e9&nbsp;Chants et souvenirs&nbsp;\u00bb.<\/strong><\/p>\n\n\n\n<p><strong>Dans cet atelier, je suis amen\u00e9 \u00e0 reconnaitre l\u2019artiste et parler un peu de sa vie. Ensuite, je chante et\/ou, j\u2019\u00e9coute des chansons.<\/strong><\/p>\n\n\n\n<p><strong>Impressions des participants&nbsp;:<\/strong><\/p>\n\n\n\n<p><strong>&#8211; \u00ab&nbsp;Je suis content d\u2019\u00eatre l\u00e0&nbsp;\u00bb<\/strong><\/p>\n\n\n\n<p><strong>&#8211; \u00ab&nbsp;Les souvenirs reviennent&nbsp;\u00bb<\/strong><\/p>\n\n\n\n<p><strong>&#8211; \u00ab&nbsp;\u00catre avec les autres cela me pla\u00eet&nbsp;\u00bb<\/strong><\/p>\n\n\n\n<p><strong>-\u00ab&nbsp;Je me sens accueilli&nbsp;\u00bb<\/strong><\/p>\n\n\n\n<p><strong>&#8211; \u00ab&nbsp;Merci de votre gentillesse&nbsp;\u00bb<\/strong><\/p>\n\n\n\n<p><strong>&#8211; \u00ab&nbsp;Vous savez prendre les gens comme il faut&nbsp;\u00bb<\/strong><\/p>\n\n\n\n<p><strong>-\u00ab&nbsp;Quand je chante, \u00e7a me donne la chair de poule&nbsp;\u00bb<\/strong><\/p>\n\n\n\n<p class=\"has-text-align-center\"><span class=\"has-inline-color has-luminous-vivid-amber-color\">******<\/span><\/p>\n\n\n\n<p class=\"has-text-align-center\"><strong><span class=\"has-inline-color has-vivid-green-cyan-color\">Atelier Cuisine<\/span><\/strong><\/p>\n\n\n\n<p><strong>Dans cet atelier, digne de \u00ab&nbsp;top chef&nbsp;\u00bb (en toute modestie), nous avons la noble mission de pr\u00e9parer un petit ap\u00e9ritif, tous les lundi midi, !<\/strong><\/p>\n\n\n\n<p><strong>\u00ab&nbsp;C\u2019est sympa&nbsp;\u00bb, et \u00ab&nbsp;au moins&nbsp;c\u2019est de la bonne bouffe&nbsp;\u00bb&nbsp;!<\/strong><\/p>\n\n\n\n<p><strong>\u00ab&nbsp;on s\u2019amuse bien&nbsp;\u00bb tout en cuisinant \u00ab des l\u00e9gumes&nbsp;de saison&nbsp;\u00bb<\/strong><\/p>\n\n\n\n<p><strong>Tout en faisant,, on se rem\u00e9more des bons souvenirs\u2026 \u00ab&nbsp;j\u2019aime bien cuisiner, chez moi ma maman cuisinait beaucoup, il y en avait toujours pour un r\u00e9giment, mais qu\u2019est-ce que c\u2019\u00e9tait bon\u2026&nbsp;\u00bb<\/strong><\/p>\n\n\n\n<p><strong>Mais bon\u2026 c\u2019est pas tout mais apr\u00e8s s\u2019\u00eatre bien amus\u00e9, viens le moment fatidique de la d\u00e9gustation par tous les membres de l\u2019accueil de jour. \u00ab&nbsp;J\u2019esp\u00e8re qu\u2019ils vont aimer\u2026 Vous pensez qu\u2019ils aimeront ce qu\u2019on a pr\u00e9par\u00e9&nbsp;?&nbsp;\u00bb<\/strong><\/p>\n\n\n\n<p><strong>Que tout le monde se rassure, l\u2019atelier Cuisine ne fait QUE de la qualit\u00e9&nbsp;! Les compliments re\u00e7us chaque semaine en t\u00e9moigne\u2026 \u00ab&nbsp;C\u2019est vraiment tr\u00e8s bon, f\u00e9licitations&nbsp;\u00bb, \u00ab&nbsp;pourrais-t-on en avoir un deuxi\u00e8me&nbsp;?&nbsp;\u00bb, \u00ab&nbsp;pourrais-t-on en avoir un troisi\u00e8me&nbsp;?&nbsp;\u00bb<\/strong><\/p>\n\n\n\n<p><strong>En bref, c\u2019est un atelier attendu tous les lundi,, autant par les chefs cuistot que par les gouteurs officiels&nbsp;!<\/strong><\/p>\n","protected":false},"excerpt":{"rendered":"<p>Pr\u00e9sentation d&rsquo;ateliers ****** Le&nbsp; bal masqu\u00e9\u2026&nbsp; \u00ab&nbsp;Le bal masqu\u00e9&nbsp;\u00bb est un atelier autour de la chanson. Paroles retrouv\u00e9es, refrains en ch\u0153ur, les corps se mettent \u00e0 danser traduisant, plaisir, joie et convivialit\u00e9. Mais ce sont les personnes qui en parle le &nbsp;mieux\u2026 M.M&nbsp;: &#8211; \u00ab&nbsp;Je suis un Italiano vero\u2026&nbsp;\u00bb chante -t- il claquant des doigts [&hellip;]<\/p>\n","protected":false},"author":16,"featured_media":246,"comment_status":"open","ping_status":"open","sticky":false,"template":"","format":"standard","meta":{"_acf_changed":false,"footnotes":""},"categories":[1],"tags":[],"class_list":["post-217","post","type-post","status-publish","format-standard","has-post-thumbnail","hentry","category-non-classe"],"acf":[],"yoast_head":"<!-- This site is optimized with the Yoast SEO plugin v27.3 - https:\/\/yoast.com\/product\/yoast-seo-wordpress\/ -->\n<title>La chronique des Portes du Sud - Les Portes du Sud<\/title>\n<meta name=\"robots\" content=\"index, follow, max-snippet:-1, max-image-preview:large, max-video-preview:-1\" \/>\n<link rel=\"canonical\" href=\"https:\/\/isatis.asso.fr\/les-portes-du-sud\/2021\/02\/15\/la-chronique-des-portes-du-sud-2\/\" \/>\n<meta property=\"og:locale\" content=\"fr_FR\" \/>\n<meta property=\"og:type\" content=\"article\" \/>\n<meta property=\"og:title\" content=\"La chronique des Portes du Sud - Les Portes du Sud\" \/>\n<meta property=\"og:description\" content=\"Pr\u00e9sentation d&rsquo;ateliers ****** Le&nbsp; bal masqu\u00e9\u2026&nbsp; \u00ab&nbsp;Le bal masqu\u00e9&nbsp;\u00bb est un atelier autour de la chanson. Paroles retrouv\u00e9es, refrains en ch\u0153ur, les corps se mettent \u00e0 danser traduisant, plaisir, joie et convivialit\u00e9. Mais ce sont les personnes qui en parle le &nbsp;mieux\u2026 M.M&nbsp;: &#8211; \u00ab&nbsp;Je suis un Italiano vero\u2026&nbsp;\u00bb chante -t- il claquant des doigts [&hellip;]\" \/>\n<meta property=\"og:url\" content=\"https:\/\/isatis.asso.fr\/les-portes-du-sud\/2021\/02\/15\/la-chronique-des-portes-du-sud-2\/\" \/>\n<meta property=\"og:site_name\" content=\"Les Portes du Sud\" \/>\n<meta property=\"article:published_time\" content=\"2021-02-15T14:59:47+00:00\" \/>\n<meta property=\"article:modified_time\" content=\"2021-03-01T11:02:23+00:00\" \/>\n<meta property=\"og:image\" content=\"https:\/\/isatis.asso.fr\/les-portes-du-sud\/wp-content\/uploads\/sites\/23\/2021\/02\/dsc063911.jpg\" \/>\n\t<meta property=\"og:image:width\" content=\"1067\" \/>\n\t<meta property=\"og:image:height\" content=\"1553\" \/>\n\t<meta property=\"og:image:type\" content=\"image\/jpeg\" \/>\n<meta name=\"author\" content=\"portesdusud21gt34se\" \/>\n<meta name=\"twitter:card\" content=\"summary_large_image\" \/>\n<meta name=\"twitter:label1\" content=\"\u00c9crit par\" \/>\n\t<meta name=\"twitter:data1\" content=\"portesdusud21gt34se\" \/>\n\t<meta name=\"twitter:label2\" content=\"Dur\u00e9e de lecture estim\u00e9e\" \/>\n\t<meta name=\"twitter:data2\" content=\"4 minutes\" \/>\n<script type=\"application\/ld+json\" class=\"yoast-schema-graph\">{\"@context\":\"https:\\\/\\\/schema.org\",\"@graph\":[{\"@type\":\"Article\",\"@id\":\"https:\\\/\\\/isatis.asso.fr\\\/les-portes-du-sud\\\/2021\\\/02\\\/15\\\/la-chronique-des-portes-du-sud-2\\\/#article\",\"isPartOf\":{\"@id\":\"https:\\\/\\\/isatis.asso.fr\\\/les-portes-du-sud\\\/2021\\\/02\\\/15\\\/la-chronique-des-portes-du-sud-2\\\/\"},\"author\":{\"name\":\"portesdusud21gt34se\",\"@id\":\"https:\\\/\\\/isatis.asso.fr\\\/les-portes-du-sud\\\/#\\\/schema\\\/person\\\/080e2335249b906465250f5cca6f5e90\"},\"headline\":\"La chronique des Portes du Sud\",\"datePublished\":\"2021-02-15T14:59:47+00:00\",\"dateModified\":\"2021-03-01T11:02:23+00:00\",\"mainEntityOfPage\":{\"@id\":\"https:\\\/\\\/isatis.asso.fr\\\/les-portes-du-sud\\\/2021\\\/02\\\/15\\\/la-chronique-des-portes-du-sud-2\\\/\"},\"wordCount\":714,\"commentCount\":0,\"image\":{\"@id\":\"https:\\\/\\\/isatis.asso.fr\\\/les-portes-du-sud\\\/2021\\\/02\\\/15\\\/la-chronique-des-portes-du-sud-2\\\/#primaryimage\"},\"thumbnailUrl\":\"https:\\\/\\\/isatis.asso.fr\\\/les-portes-du-sud\\\/wp-content\\\/uploads\\\/sites\\\/23\\\/2021\\\/02\\\/dsc063911.jpg\",\"inLanguage\":\"fr-FR\",\"potentialAction\":[{\"@type\":\"CommentAction\",\"name\":\"Comment\",\"target\":[\"https:\\\/\\\/isatis.asso.fr\\\/les-portes-du-sud\\\/2021\\\/02\\\/15\\\/la-chronique-des-portes-du-sud-2\\\/#respond\"]}]},{\"@type\":\"WebPage\",\"@id\":\"https:\\\/\\\/isatis.asso.fr\\\/les-portes-du-sud\\\/2021\\\/02\\\/15\\\/la-chronique-des-portes-du-sud-2\\\/\",\"url\":\"https:\\\/\\\/isatis.asso.fr\\\/les-portes-du-sud\\\/2021\\\/02\\\/15\\\/la-chronique-des-portes-du-sud-2\\\/\",\"name\":\"La chronique des Portes du Sud - Les Portes du Sud\",\"isPartOf\":{\"@id\":\"https:\\\/\\\/isatis.asso.fr\\\/les-portes-du-sud\\\/#website\"},\"primaryImageOfPage\":{\"@id\":\"https:\\\/\\\/isatis.asso.fr\\\/les-portes-du-sud\\\/2021\\\/02\\\/15\\\/la-chronique-des-portes-du-sud-2\\\/#primaryimage\"},\"image\":{\"@id\":\"https:\\\/\\\/isatis.asso.fr\\\/les-portes-du-sud\\\/2021\\\/02\\\/15\\\/la-chronique-des-portes-du-sud-2\\\/#primaryimage\"},\"thumbnailUrl\":\"https:\\\/\\\/isatis.asso.fr\\\/les-portes-du-sud\\\/wp-content\\\/uploads\\\/sites\\\/23\\\/2021\\\/02\\\/dsc063911.jpg\",\"datePublished\":\"2021-02-15T14:59:47+00:00\",\"dateModified\":\"2021-03-01T11:02:23+00:00\",\"author\":{\"@id\":\"https:\\\/\\\/isatis.asso.fr\\\/les-portes-du-sud\\\/#\\\/schema\\\/person\\\/080e2335249b906465250f5cca6f5e90\"},\"breadcrumb\":{\"@id\":\"https:\\\/\\\/isatis.asso.fr\\\/les-portes-du-sud\\\/2021\\\/02\\\/15\\\/la-chronique-des-portes-du-sud-2\\\/#breadcrumb\"},\"inLanguage\":\"fr-FR\",\"potentialAction\":[{\"@type\":\"ReadAction\",\"target\":[\"https:\\\/\\\/isatis.asso.fr\\\/les-portes-du-sud\\\/2021\\\/02\\\/15\\\/la-chronique-des-portes-du-sud-2\\\/\"]}]},{\"@type\":\"ImageObject\",\"inLanguage\":\"fr-FR\",\"@id\":\"https:\\\/\\\/isatis.asso.fr\\\/les-portes-du-sud\\\/2021\\\/02\\\/15\\\/la-chronique-des-portes-du-sud-2\\\/#primaryimage\",\"url\":\"https:\\\/\\\/isatis.asso.fr\\\/les-portes-du-sud\\\/wp-content\\\/uploads\\\/sites\\\/23\\\/2021\\\/02\\\/dsc063911.jpg\",\"contentUrl\":\"https:\\\/\\\/isatis.asso.fr\\\/les-portes-du-sud\\\/wp-content\\\/uploads\\\/sites\\\/23\\\/2021\\\/02\\\/dsc063911.jpg\",\"width\":1067,\"height\":1553},{\"@type\":\"BreadcrumbList\",\"@id\":\"https:\\\/\\\/isatis.asso.fr\\\/les-portes-du-sud\\\/2021\\\/02\\\/15\\\/la-chronique-des-portes-du-sud-2\\\/#breadcrumb\",\"itemListElement\":[{\"@type\":\"ListItem\",\"position\":1,\"name\":\"Accueil\",\"item\":\"https:\\\/\\\/isatis.asso.fr\\\/les-portes-du-sud\\\/\"},{\"@type\":\"ListItem\",\"position\":2,\"name\":\"La chronique des Portes du Sud\"}]},{\"@type\":\"WebSite\",\"@id\":\"https:\\\/\\\/isatis.asso.fr\\\/les-portes-du-sud\\\/#website\",\"url\":\"https:\\\/\\\/isatis.asso.fr\\\/les-portes-du-sud\\\/\",\"name\":\"Les Portes du Sud\",\"description\":\"CENTRE D\u2019ACCUEIL DE JOUR\",\"potentialAction\":[{\"@type\":\"SearchAction\",\"target\":{\"@type\":\"EntryPoint\",\"urlTemplate\":\"https:\\\/\\\/isatis.asso.fr\\\/les-portes-du-sud\\\/?s={search_term_string}\"},\"query-input\":{\"@type\":\"PropertyValueSpecification\",\"valueRequired\":true,\"valueName\":\"search_term_string\"}}],\"inLanguage\":\"fr-FR\"},{\"@type\":\"Person\",\"@id\":\"https:\\\/\\\/isatis.asso.fr\\\/les-portes-du-sud\\\/#\\\/schema\\\/person\\\/080e2335249b906465250f5cca6f5e90\",\"name\":\"portesdusud21gt34se\",\"image\":{\"@type\":\"ImageObject\",\"inLanguage\":\"fr-FR\",\"@id\":\"https:\\\/\\\/secure.gravatar.com\\\/avatar\\\/99b9c83f82817b1e53d8c18ab2646bc81653acac881e0d2e4b5253b63b283282?s=96&d=mm&r=g\",\"url\":\"https:\\\/\\\/secure.gravatar.com\\\/avatar\\\/99b9c83f82817b1e53d8c18ab2646bc81653acac881e0d2e4b5253b63b283282?s=96&d=mm&r=g\",\"contentUrl\":\"https:\\\/\\\/secure.gravatar.com\\\/avatar\\\/99b9c83f82817b1e53d8c18ab2646bc81653acac881e0d2e4b5253b63b283282?s=96&d=mm&r=g\",\"caption\":\"portesdusud21gt34se\"},\"url\":\"https:\\\/\\\/isatis.asso.fr\\\/les-portes-du-sud\\\/author\\\/portesdusud21gt34se\\\/\"}]}<\/script>\n<!-- \/ Yoast SEO plugin. -->","yoast_head_json":{"title":"La chronique des Portes du Sud - Les Portes du Sud","robots":{"index":"index","follow":"follow","max-snippet":"max-snippet:-1","max-image-preview":"max-image-preview:large","max-video-preview":"max-video-preview:-1"},"canonical":"https:\/\/isatis.asso.fr\/les-portes-du-sud\/2021\/02\/15\/la-chronique-des-portes-du-sud-2\/","og_locale":"fr_FR","og_type":"article","og_title":"La chronique des Portes du Sud - Les Portes du Sud","og_description":"Pr\u00e9sentation d&rsquo;ateliers ****** Le&nbsp; bal masqu\u00e9\u2026&nbsp; \u00ab&nbsp;Le bal masqu\u00e9&nbsp;\u00bb est un atelier autour de la chanson. Paroles retrouv\u00e9es, refrains en ch\u0153ur, les corps se mettent \u00e0 danser traduisant, plaisir, joie et convivialit\u00e9. Mais ce sont les personnes qui en parle le &nbsp;mieux\u2026 M.M&nbsp;: &#8211; \u00ab&nbsp;Je suis un Italiano vero\u2026&nbsp;\u00bb chante -t- il claquant des doigts [&hellip;]","og_url":"https:\/\/isatis.asso.fr\/les-portes-du-sud\/2021\/02\/15\/la-chronique-des-portes-du-sud-2\/","og_site_name":"Les Portes du Sud","article_published_time":"2021-02-15T14:59:47+00:00","article_modified_time":"2021-03-01T11:02:23+00:00","og_image":[{"width":1067,"height":1553,"url":"https:\/\/isatis.asso.fr\/les-portes-du-sud\/wp-content\/uploads\/sites\/23\/2021\/02\/dsc063911.jpg","type":"image\/jpeg"}],"author":"portesdusud21gt34se","twitter_card":"summary_large_image","twitter_misc":{"\u00c9crit par":"portesdusud21gt34se","Dur\u00e9e de lecture estim\u00e9e":"4 minutes"},"schema":{"@context":"https:\/\/schema.org","@graph":[{"@type":"Article","@id":"https:\/\/isatis.asso.fr\/les-portes-du-sud\/2021\/02\/15\/la-chronique-des-portes-du-sud-2\/#article","isPartOf":{"@id":"https:\/\/isatis.asso.fr\/les-portes-du-sud\/2021\/02\/15\/la-chronique-des-portes-du-sud-2\/"},"author":{"name":"portesdusud21gt34se","@id":"https:\/\/isatis.asso.fr\/les-portes-du-sud\/#\/schema\/person\/080e2335249b906465250f5cca6f5e90"},"headline":"La chronique des Portes du Sud","datePublished":"2021-02-15T14:59:47+00:00","dateModified":"2021-03-01T11:02:23+00:00","mainEntityOfPage":{"@id":"https:\/\/isatis.asso.fr\/les-portes-du-sud\/2021\/02\/15\/la-chronique-des-portes-du-sud-2\/"},"wordCount":714,"commentCount":0,"image":{"@id":"https:\/\/isatis.asso.fr\/les-portes-du-sud\/2021\/02\/15\/la-chronique-des-portes-du-sud-2\/#primaryimage"},"thumbnailUrl":"https:\/\/isatis.asso.fr\/les-portes-du-sud\/wp-content\/uploads\/sites\/23\/2021\/02\/dsc063911.jpg","inLanguage":"fr-FR","potentialAction":[{"@type":"CommentAction","name":"Comment","target":["https:\/\/isatis.asso.fr\/les-portes-du-sud\/2021\/02\/15\/la-chronique-des-portes-du-sud-2\/#respond"]}]},{"@type":"WebPage","@id":"https:\/\/isatis.asso.fr\/les-portes-du-sud\/2021\/02\/15\/la-chronique-des-portes-du-sud-2\/","url":"https:\/\/isatis.asso.fr\/les-portes-du-sud\/2021\/02\/15\/la-chronique-des-portes-du-sud-2\/","name":"La chronique des Portes du Sud - Les Portes du Sud","isPartOf":{"@id":"https:\/\/isatis.asso.fr\/les-portes-du-sud\/#website"},"primaryImageOfPage":{"@id":"https:\/\/isatis.asso.fr\/les-portes-du-sud\/2021\/02\/15\/la-chronique-des-portes-du-sud-2\/#primaryimage"},"image":{"@id":"https:\/\/isatis.asso.fr\/les-portes-du-sud\/2021\/02\/15\/la-chronique-des-portes-du-sud-2\/#primaryimage"},"thumbnailUrl":"https:\/\/isatis.asso.fr\/les-portes-du-sud\/wp-content\/uploads\/sites\/23\/2021\/02\/dsc063911.jpg","datePublished":"2021-02-15T14:59:47+00:00","dateModified":"2021-03-01T11:02:23+00:00","author":{"@id":"https:\/\/isatis.asso.fr\/les-portes-du-sud\/#\/schema\/person\/080e2335249b906465250f5cca6f5e90"},"breadcrumb":{"@id":"https:\/\/isatis.asso.fr\/les-portes-du-sud\/2021\/02\/15\/la-chronique-des-portes-du-sud-2\/#breadcrumb"},"inLanguage":"fr-FR","potentialAction":[{"@type":"ReadAction","target":["https:\/\/isatis.asso.fr\/les-portes-du-sud\/2021\/02\/15\/la-chronique-des-portes-du-sud-2\/"]}]},{"@type":"ImageObject","inLanguage":"fr-FR","@id":"https:\/\/isatis.asso.fr\/les-portes-du-sud\/2021\/02\/15\/la-chronique-des-portes-du-sud-2\/#primaryimage","url":"https:\/\/isatis.asso.fr\/les-portes-du-sud\/wp-content\/uploads\/sites\/23\/2021\/02\/dsc063911.jpg","contentUrl":"https:\/\/isatis.asso.fr\/les-portes-du-sud\/wp-content\/uploads\/sites\/23\/2021\/02\/dsc063911.jpg","width":1067,"height":1553},{"@type":"BreadcrumbList","@id":"https:\/\/isatis.asso.fr\/les-portes-du-sud\/2021\/02\/15\/la-chronique-des-portes-du-sud-2\/#breadcrumb","itemListElement":[{"@type":"ListItem","position":1,"name":"Accueil","item":"https:\/\/isatis.asso.fr\/les-portes-du-sud\/"},{"@type":"ListItem","position":2,"name":"La chronique des Portes du Sud"}]},{"@type":"WebSite","@id":"https:\/\/isatis.asso.fr\/les-portes-du-sud\/#website","url":"https:\/\/isatis.asso.fr\/les-portes-du-sud\/","name":"Les Portes du Sud","description":"CENTRE D\u2019ACCUEIL DE JOUR","potentialAction":[{"@type":"SearchAction","target":{"@type":"EntryPoint","urlTemplate":"https:\/\/isatis.asso.fr\/les-portes-du-sud\/?s={search_term_string}"},"query-input":{"@type":"PropertyValueSpecification","valueRequired":true,"valueName":"search_term_string"}}],"inLanguage":"fr-FR"},{"@type":"Person","@id":"https:\/\/isatis.asso.fr\/les-portes-du-sud\/#\/schema\/person\/080e2335249b906465250f5cca6f5e90","name":"portesdusud21gt34se","image":{"@type":"ImageObject","inLanguage":"fr-FR","@id":"https:\/\/secure.gravatar.com\/avatar\/99b9c83f82817b1e53d8c18ab2646bc81653acac881e0d2e4b5253b63b283282?s=96&d=mm&r=g","url":"https:\/\/secure.gravatar.com\/avatar\/99b9c83f82817b1e53d8c18ab2646bc81653acac881e0d2e4b5253b63b283282?s=96&d=mm&r=g","contentUrl":"https:\/\/secure.gravatar.com\/avatar\/99b9c83f82817b1e53d8c18ab2646bc81653acac881e0d2e4b5253b63b283282?s=96&d=mm&r=g","caption":"portesdusud21gt34se"},"url":"https:\/\/isatis.asso.fr\/les-portes-du-sud\/author\/portesdusud21gt34se\/"}]}},"_links":{"self":[{"href":"https:\/\/isatis.asso.fr\/les-portes-du-sud\/wp-json\/wp\/v2\/posts\/217","targetHints":{"allow":["GET"]}}],"collection":[{"href":"https:\/\/isatis.asso.fr\/les-portes-du-sud\/wp-json\/wp\/v2\/posts"}],"about":[{"href":"https:\/\/isatis.asso.fr\/les-portes-du-sud\/wp-json\/wp\/v2\/types\/post"}],"author":[{"embeddable":true,"href":"https:\/\/isatis.asso.fr\/les-portes-du-sud\/wp-json\/wp\/v2\/users\/16"}],"replies":[{"embeddable":true,"href":"https:\/\/isatis.asso.fr\/les-portes-du-sud\/wp-json\/wp\/v2\/comments?post=217"}],"version-history":[{"count":4,"href":"https:\/\/isatis.asso.fr\/les-portes-du-sud\/wp-json\/wp\/v2\/posts\/217\/revisions"}],"predecessor-version":[{"id":247,"href":"https:\/\/isatis.asso.fr\/les-portes-du-sud\/wp-json\/wp\/v2\/posts\/217\/revisions\/247"}],"wp:featuredmedia":[{"embeddable":true,"href":"https:\/\/isatis.asso.fr\/les-portes-du-sud\/wp-json\/wp\/v2\/media\/246"}],"wp:attachment":[{"href":"https:\/\/isatis.asso.fr\/les-portes-du-sud\/wp-json\/wp\/v2\/media?parent=217"}],"wp:term":[{"taxonomy":"category","embeddable":true,"href":"https:\/\/isatis.asso.fr\/les-portes-du-sud\/wp-json\/wp\/v2\/categories?post=217"},{"taxonomy":"post_tag","embeddable":true,"href":"https:\/\/isatis.asso.fr\/les-portes-du-sud\/wp-json\/wp\/v2\/tags?post=217"}],"curies":[{"name":"wp","href":"https:\/\/api.w.org\/{rel}","templated":true}]}}