{"id":129,"date":"2018-11-20T10:22:13","date_gmt":"2018-11-20T09:22:13","guid":{"rendered":"https:\/\/isatis.asso.fr\/les-portes-du-sud\/?p=129"},"modified":"2019-11-18T10:24:50","modified_gmt":"2019-11-18T09:24:50","slug":"instant-magique-porte-du-sud","status":"publish","type":"post","link":"https:\/\/isatis.asso.fr\/les-portes-du-sud\/2018\/11\/20\/instant-magique-porte-du-sud\/","title":{"rendered":"Instant Magique : Porte du Sud"},"content":{"rendered":"<p style=\"font-weight: 400;\">Tout les jeudi apr\u00e8s midi jusqu&rsquo;au 13 D\u00e9cembre nous avons la chance d&rsquo;accueillir la compagnie Tecem pour un Atelier Clown en Ehpad\/Adj.<\/p>\n<p style=\"font-weight: 400;\">Clowns en EHPAD\/ ADJ s\u2019articule autour d\u2019animations et d\u2019interventions de clowns professionnels \u00e0 raison de 5 interventions par ann\u00e9e et par EHPAD\/ADJ.<br \/>\nLes clowns interviennent avec de petites improvisations \u00e0 l\u2019\u00e9coute du moment pr\u00e9sent, sans force et avec douceur, afin d\u2019ouvrir un espace de communication intime et diff\u00e9rent.<\/p>\n<h4>\nInteraction avec des savoir-faire<\/h4>\n<p>Un savoir-faire particulier en interaction avec le chant, la musique, la relation \u00e0 l\u2019enfance, les couleurs, le langage po\u00e9tique, le corps revisit\u00e9, les jeux et improvisations, permet de cr\u00e9er des passerelles et des liens avec la pratique quotidienne du soignant.<\/p>\n<h4>\nLes objectifs<\/h4>\n<ul>\n<li>Aller \u00e0 la rencontre de personnes \u00e2g\u00e9es, tout en portant une attention particuli\u00e8re envers les personnes souffrant de la maladie d\u2019Alzheimer et autres d\u00e9mences apparent\u00e9es.<\/li>\n<li>Redonner un souffle r\u00e9parateur et bienfaisant aux r\u00e9sidents.<\/li>\n<li>Apporter un plus \u00e0 la qualit\u00e9 de vie au sein des \u00e9tablissements choisis.<\/li>\n<\/ul>\n<h4>\nLes soutiens<\/h4>\n<p>Clown en EHPAD\/ADJ est soutenu par la Ville de Paris<\/p>\n","protected":false},"excerpt":{"rendered":"<p>Tout les jeudi apr\u00e8s midi jusqu&rsquo;au 13 D\u00e9cembre nous avons la chance d&rsquo;accueillir la compagnie Tecem pour un Atelier Clown en Ehpad\/Adj. Clowns en EHPAD\/ ADJ s\u2019articule autour d\u2019animations et d\u2019interventions de clowns professionnels \u00e0 raison de 5 interventions par ann\u00e9e et par EHPAD\/ADJ. Les clowns interviennent avec de petites improvisations \u00e0 l\u2019\u00e9coute du moment [&hellip;]<\/p>\n","protected":false},"author":1,"featured_media":0,"comment_status":"open","ping_status":"open","sticky":false,"template":"","format":"standard","meta":{"_acf_changed":false,"footnotes":""},"categories":[1],"tags":[],"class_list":["post-129","post","type-post","status-publish","format-standard","hentry","category-non-classe"],"acf":[],"yoast_head":"<!-- This site is optimized with the Yoast SEO plugin v27.3 - https:\/\/yoast.com\/product\/yoast-seo-wordpress\/ -->\n<title>Instant Magique : Porte du Sud - Les Portes du Sud<\/title>\n<meta name=\"robots\" content=\"index, follow, max-snippet:-1, max-image-preview:large, max-video-preview:-1\" \/>\n<link rel=\"canonical\" href=\"https:\/\/isatis.asso.fr\/les-portes-du-sud\/2018\/11\/20\/instant-magique-porte-du-sud\/\" \/>\n<meta property=\"og:locale\" content=\"fr_FR\" \/>\n<meta property=\"og:type\" content=\"article\" \/>\n<meta property=\"og:title\" content=\"Instant Magique : Porte du Sud - Les Portes du Sud\" \/>\n<meta property=\"og:description\" content=\"Tout les jeudi apr\u00e8s midi jusqu&rsquo;au 13 D\u00e9cembre nous avons la chance d&rsquo;accueillir la compagnie Tecem pour un Atelier Clown en Ehpad\/Adj. Clowns en EHPAD\/ ADJ s\u2019articule autour d\u2019animations et d\u2019interventions de clowns professionnels \u00e0 raison de 5 interventions par ann\u00e9e et par EHPAD\/ADJ. Les clowns interviennent avec de petites improvisations \u00e0 l\u2019\u00e9coute du moment [&hellip;]\" \/>\n<meta property=\"og:url\" content=\"https:\/\/isatis.asso.fr\/les-portes-du-sud\/2018\/11\/20\/instant-magique-porte-du-sud\/\" \/>\n<meta property=\"og:site_name\" content=\"Les Portes du Sud\" \/>\n<meta property=\"article:published_time\" content=\"2018-11-20T09:22:13+00:00\" \/>\n<meta property=\"article:modified_time\" content=\"2019-11-18T09:24:50+00:00\" \/>\n<meta name=\"author\" content=\"admin-JvSCLhrNBE\" \/>\n<meta name=\"twitter:card\" content=\"summary_large_image\" \/>\n<meta name=\"twitter:label1\" content=\"\u00c9crit par\" \/>\n\t<meta name=\"twitter:data1\" content=\"admin-JvSCLhrNBE\" \/>\n\t<meta name=\"twitter:label2\" content=\"Dur\u00e9e de lecture estim\u00e9e\" \/>\n\t<meta name=\"twitter:data2\" content=\"1 minute\" \/>\n<script type=\"application\/ld+json\" class=\"yoast-schema-graph\">{\"@context\":\"https:\\\/\\\/schema.org\",\"@graph\":[{\"@type\":\"Article\",\"@id\":\"https:\\\/\\\/isatis.asso.fr\\\/les-portes-du-sud\\\/2018\\\/11\\\/20\\\/instant-magique-porte-du-sud\\\/#article\",\"isPartOf\":{\"@id\":\"https:\\\/\\\/isatis.asso.fr\\\/les-portes-du-sud\\\/2018\\\/11\\\/20\\\/instant-magique-porte-du-sud\\\/\"},\"author\":{\"name\":\"admin-JvSCLhrNBE\",\"@id\":\"https:\\\/\\\/isatis.asso.fr\\\/les-portes-du-sud\\\/#\\\/schema\\\/person\\\/943b5c9342f7eca9dde826898907ac00\"},\"headline\":\"Instant Magique : Porte du Sud\",\"datePublished\":\"2018-11-20T09:22:13+00:00\",\"dateModified\":\"2019-11-18T09:24:50+00:00\",\"mainEntityOfPage\":{\"@id\":\"https:\\\/\\\/isatis.asso.fr\\\/les-portes-du-sud\\\/2018\\\/11\\\/20\\\/instant-magique-porte-du-sud\\\/\"},\"wordCount\":197,\"commentCount\":0,\"inLanguage\":\"fr-FR\",\"potentialAction\":[{\"@type\":\"CommentAction\",\"name\":\"Comment\",\"target\":[\"https:\\\/\\\/isatis.asso.fr\\\/les-portes-du-sud\\\/2018\\\/11\\\/20\\\/instant-magique-porte-du-sud\\\/#respond\"]}]},{\"@type\":\"WebPage\",\"@id\":\"https:\\\/\\\/isatis.asso.fr\\\/les-portes-du-sud\\\/2018\\\/11\\\/20\\\/instant-magique-porte-du-sud\\\/\",\"url\":\"https:\\\/\\\/isatis.asso.fr\\\/les-portes-du-sud\\\/2018\\\/11\\\/20\\\/instant-magique-porte-du-sud\\\/\",\"name\":\"Instant Magique : Porte du Sud - Les Portes du Sud\",\"isPartOf\":{\"@id\":\"https:\\\/\\\/isatis.asso.fr\\\/les-portes-du-sud\\\/#website\"},\"datePublished\":\"2018-11-20T09:22:13+00:00\",\"dateModified\":\"2019-11-18T09:24:50+00:00\",\"author\":{\"@id\":\"https:\\\/\\\/isatis.asso.fr\\\/les-portes-du-sud\\\/#\\\/schema\\\/person\\\/943b5c9342f7eca9dde826898907ac00\"},\"breadcrumb\":{\"@id\":\"https:\\\/\\\/isatis.asso.fr\\\/les-portes-du-sud\\\/2018\\\/11\\\/20\\\/instant-magique-porte-du-sud\\\/#breadcrumb\"},\"inLanguage\":\"fr-FR\",\"potentialAction\":[{\"@type\":\"ReadAction\",\"target\":[\"https:\\\/\\\/isatis.asso.fr\\\/les-portes-du-sud\\\/2018\\\/11\\\/20\\\/instant-magique-porte-du-sud\\\/\"]}]},{\"@type\":\"BreadcrumbList\",\"@id\":\"https:\\\/\\\/isatis.asso.fr\\\/les-portes-du-sud\\\/2018\\\/11\\\/20\\\/instant-magique-porte-du-sud\\\/#breadcrumb\",\"itemListElement\":[{\"@type\":\"ListItem\",\"position\":1,\"name\":\"Accueil\",\"item\":\"https:\\\/\\\/isatis.asso.fr\\\/les-portes-du-sud\\\/\"},{\"@type\":\"ListItem\",\"position\":2,\"name\":\"Instant Magique : Porte du Sud\"}]},{\"@type\":\"WebSite\",\"@id\":\"https:\\\/\\\/isatis.asso.fr\\\/les-portes-du-sud\\\/#website\",\"url\":\"https:\\\/\\\/isatis.asso.fr\\\/les-portes-du-sud\\\/\",\"name\":\"Les Portes du Sud\",\"description\":\"CENTRE D\u2019ACCUEIL DE JOUR\",\"potentialAction\":[{\"@type\":\"SearchAction\",\"target\":{\"@type\":\"EntryPoint\",\"urlTemplate\":\"https:\\\/\\\/isatis.asso.fr\\\/les-portes-du-sud\\\/?s={search_term_string}\"},\"query-input\":{\"@type\":\"PropertyValueSpecification\",\"valueRequired\":true,\"valueName\":\"search_term_string\"}}],\"inLanguage\":\"fr-FR\"},{\"@type\":\"Person\",\"@id\":\"https:\\\/\\\/isatis.asso.fr\\\/les-portes-du-sud\\\/#\\\/schema\\\/person\\\/943b5c9342f7eca9dde826898907ac00\",\"name\":\"admin-JvSCLhrNBE\",\"image\":{\"@type\":\"ImageObject\",\"inLanguage\":\"fr-FR\",\"@id\":\"https:\\\/\\\/secure.gravatar.com\\\/avatar\\\/304b15a49c4ff21bb5bc68be1b5a77972169f0608361401c9f9676ec044d15dc?s=96&d=mm&r=g\",\"url\":\"https:\\\/\\\/secure.gravatar.com\\\/avatar\\\/304b15a49c4ff21bb5bc68be1b5a77972169f0608361401c9f9676ec044d15dc?s=96&d=mm&r=g\",\"contentUrl\":\"https:\\\/\\\/secure.gravatar.com\\\/avatar\\\/304b15a49c4ff21bb5bc68be1b5a77972169f0608361401c9f9676ec044d15dc?s=96&d=mm&r=g\",\"caption\":\"admin-JvSCLhrNBE\"},\"url\":\"https:\\\/\\\/isatis.asso.fr\\\/les-portes-du-sud\\\/author\\\/admin-jvsclhrnbe\\\/\"}]}<\/script>\n<!-- \/ Yoast SEO plugin. -->","yoast_head_json":{"title":"Instant Magique : Porte du Sud - Les Portes du Sud","robots":{"index":"index","follow":"follow","max-snippet":"max-snippet:-1","max-image-preview":"max-image-preview:large","max-video-preview":"max-video-preview:-1"},"canonical":"https:\/\/isatis.asso.fr\/les-portes-du-sud\/2018\/11\/20\/instant-magique-porte-du-sud\/","og_locale":"fr_FR","og_type":"article","og_title":"Instant Magique : Porte du Sud - Les Portes du Sud","og_description":"Tout les jeudi apr\u00e8s midi jusqu&rsquo;au 13 D\u00e9cembre nous avons la chance d&rsquo;accueillir la compagnie Tecem pour un Atelier Clown en Ehpad\/Adj. Clowns en EHPAD\/ ADJ s\u2019articule autour d\u2019animations et d\u2019interventions de clowns professionnels \u00e0 raison de 5 interventions par ann\u00e9e et par EHPAD\/ADJ. Les clowns interviennent avec de petites improvisations \u00e0 l\u2019\u00e9coute du moment [&hellip;]","og_url":"https:\/\/isatis.asso.fr\/les-portes-du-sud\/2018\/11\/20\/instant-magique-porte-du-sud\/","og_site_name":"Les Portes du Sud","article_published_time":"2018-11-20T09:22:13+00:00","article_modified_time":"2019-11-18T09:24:50+00:00","author":"admin-JvSCLhrNBE","twitter_card":"summary_large_image","twitter_misc":{"\u00c9crit par":"admin-JvSCLhrNBE","Dur\u00e9e de lecture estim\u00e9e":"1 minute"},"schema":{"@context":"https:\/\/schema.org","@graph":[{"@type":"Article","@id":"https:\/\/isatis.asso.fr\/les-portes-du-sud\/2018\/11\/20\/instant-magique-porte-du-sud\/#article","isPartOf":{"@id":"https:\/\/isatis.asso.fr\/les-portes-du-sud\/2018\/11\/20\/instant-magique-porte-du-sud\/"},"author":{"name":"admin-JvSCLhrNBE","@id":"https:\/\/isatis.asso.fr\/les-portes-du-sud\/#\/schema\/person\/943b5c9342f7eca9dde826898907ac00"},"headline":"Instant Magique : Porte du Sud","datePublished":"2018-11-20T09:22:13+00:00","dateModified":"2019-11-18T09:24:50+00:00","mainEntityOfPage":{"@id":"https:\/\/isatis.asso.fr\/les-portes-du-sud\/2018\/11\/20\/instant-magique-porte-du-sud\/"},"wordCount":197,"commentCount":0,"inLanguage":"fr-FR","potentialAction":[{"@type":"CommentAction","name":"Comment","target":["https:\/\/isatis.asso.fr\/les-portes-du-sud\/2018\/11\/20\/instant-magique-porte-du-sud\/#respond"]}]},{"@type":"WebPage","@id":"https:\/\/isatis.asso.fr\/les-portes-du-sud\/2018\/11\/20\/instant-magique-porte-du-sud\/","url":"https:\/\/isatis.asso.fr\/les-portes-du-sud\/2018\/11\/20\/instant-magique-porte-du-sud\/","name":"Instant Magique : Porte du Sud - Les Portes du Sud","isPartOf":{"@id":"https:\/\/isatis.asso.fr\/les-portes-du-sud\/#website"},"datePublished":"2018-11-20T09:22:13+00:00","dateModified":"2019-11-18T09:24:50+00:00","author":{"@id":"https:\/\/isatis.asso.fr\/les-portes-du-sud\/#\/schema\/person\/943b5c9342f7eca9dde826898907ac00"},"breadcrumb":{"@id":"https:\/\/isatis.asso.fr\/les-portes-du-sud\/2018\/11\/20\/instant-magique-porte-du-sud\/#breadcrumb"},"inLanguage":"fr-FR","potentialAction":[{"@type":"ReadAction","target":["https:\/\/isatis.asso.fr\/les-portes-du-sud\/2018\/11\/20\/instant-magique-porte-du-sud\/"]}]},{"@type":"BreadcrumbList","@id":"https:\/\/isatis.asso.fr\/les-portes-du-sud\/2018\/11\/20\/instant-magique-porte-du-sud\/#breadcrumb","itemListElement":[{"@type":"ListItem","position":1,"name":"Accueil","item":"https:\/\/isatis.asso.fr\/les-portes-du-sud\/"},{"@type":"ListItem","position":2,"name":"Instant Magique : Porte du Sud"}]},{"@type":"WebSite","@id":"https:\/\/isatis.asso.fr\/les-portes-du-sud\/#website","url":"https:\/\/isatis.asso.fr\/les-portes-du-sud\/","name":"Les Portes du Sud","description":"CENTRE D\u2019ACCUEIL DE JOUR","potentialAction":[{"@type":"SearchAction","target":{"@type":"EntryPoint","urlTemplate":"https:\/\/isatis.asso.fr\/les-portes-du-sud\/?s={search_term_string}"},"query-input":{"@type":"PropertyValueSpecification","valueRequired":true,"valueName":"search_term_string"}}],"inLanguage":"fr-FR"},{"@type":"Person","@id":"https:\/\/isatis.asso.fr\/les-portes-du-sud\/#\/schema\/person\/943b5c9342f7eca9dde826898907ac00","name":"admin-JvSCLhrNBE","image":{"@type":"ImageObject","inLanguage":"fr-FR","@id":"https:\/\/secure.gravatar.com\/avatar\/304b15a49c4ff21bb5bc68be1b5a77972169f0608361401c9f9676ec044d15dc?s=96&d=mm&r=g","url":"https:\/\/secure.gravatar.com\/avatar\/304b15a49c4ff21bb5bc68be1b5a77972169f0608361401c9f9676ec044d15dc?s=96&d=mm&r=g","contentUrl":"https:\/\/secure.gravatar.com\/avatar\/304b15a49c4ff21bb5bc68be1b5a77972169f0608361401c9f9676ec044d15dc?s=96&d=mm&r=g","caption":"admin-JvSCLhrNBE"},"url":"https:\/\/isatis.asso.fr\/les-portes-du-sud\/author\/admin-jvsclhrnbe\/"}]}},"_links":{"self":[{"href":"https:\/\/isatis.asso.fr\/les-portes-du-sud\/wp-json\/wp\/v2\/posts\/129","targetHints":{"allow":["GET"]}}],"collection":[{"href":"https:\/\/isatis.asso.fr\/les-portes-du-sud\/wp-json\/wp\/v2\/posts"}],"about":[{"href":"https:\/\/isatis.asso.fr\/les-portes-du-sud\/wp-json\/wp\/v2\/types\/post"}],"author":[{"embeddable":true,"href":"https:\/\/isatis.asso.fr\/les-portes-du-sud\/wp-json\/wp\/v2\/users\/1"}],"replies":[{"embeddable":true,"href":"https:\/\/isatis.asso.fr\/les-portes-du-sud\/wp-json\/wp\/v2\/comments?post=129"}],"version-history":[{"count":4,"href":"https:\/\/isatis.asso.fr\/les-portes-du-sud\/wp-json\/wp\/v2\/posts\/129\/revisions"}],"predecessor-version":[{"id":134,"href":"https:\/\/isatis.asso.fr\/les-portes-du-sud\/wp-json\/wp\/v2\/posts\/129\/revisions\/134"}],"wp:attachment":[{"href":"https:\/\/isatis.asso.fr\/les-portes-du-sud\/wp-json\/wp\/v2\/media?parent=129"}],"wp:term":[{"taxonomy":"category","embeddable":true,"href":"https:\/\/isatis.asso.fr\/les-portes-du-sud\/wp-json\/wp\/v2\/categories?post=129"},{"taxonomy":"post_tag","embeddable":true,"href":"https:\/\/isatis.asso.fr\/les-portes-du-sud\/wp-json\/wp\/v2\/tags?post=129"}],"curies":[{"name":"wp","href":"https:\/\/api.w.org\/{rel}","templated":true}]}}