{"id":122,"date":"2020-02-08T10:15:00","date_gmt":"2020-02-08T09:15:00","guid":{"rendered":"https:\/\/isatis.asso.fr\/les-portes-du-sud\/?p=122"},"modified":"2021-04-07T12:39:16","modified_gmt":"2021-04-07T10:39:16","slug":"balade-artistique-dans-le-13eme-a-travers-les-fresques-murales","status":"publish","type":"post","link":"https:\/\/isatis.asso.fr\/les-portes-du-sud\/2020\/02\/08\/balade-artistique-dans-le-13eme-a-travers-les-fresques-murales\/","title":{"rendered":"Balade artistique dans le 13e \u00e0 travers les fresques murales"},"content":{"rendered":"<p>Accompagn\u00e9 de deux b\u00e9n\u00e9voles de la Fondation Claude Pompidou, 5 personnes accueillies se sont balad\u00e9es autour de la place d&rsquo;Italie afin d&rsquo;admirer certaines \u0153uvres de \u00ab&nbsp;street art&nbsp;\u00bb. Un art peu connu, mais qui permet selon les personnes pr\u00e9sentes de red\u00e9couvrir leur quartier sous un autre angle.<\/p>\n","protected":false},"excerpt":{"rendered":"<p>Accompagn\u00e9 de deux b\u00e9n\u00e9voles de la Fondation Claude Pompidou, 5 personnes accueillies se sont balad\u00e9es autour de la place d&rsquo;Italie afin d&rsquo;admirer certaines \u0153uvres de \u00ab&nbsp;street art&nbsp;\u00bb. Un art peu connu, mais qui permet selon les personnes pr\u00e9sentes de red\u00e9couvrir leur quartier sous un autre angle.<\/p>\n","protected":false},"author":1,"featured_media":123,"comment_status":"open","ping_status":"open","sticky":false,"template":"","format":"standard","meta":{"_acf_changed":false,"footnotes":""},"categories":[1],"tags":[],"class_list":["post-122","post","type-post","status-publish","format-standard","has-post-thumbnail","hentry","category-non-classe"],"acf":[],"yoast_head":"<!-- This site is optimized with the Yoast SEO plugin v27.3 - https:\/\/yoast.com\/product\/yoast-seo-wordpress\/ -->\n<title>Balade artistique dans le 13e \u00e0 travers les fresques murales - Les Portes du Sud<\/title>\n<meta name=\"robots\" content=\"index, follow, max-snippet:-1, max-image-preview:large, max-video-preview:-1\" \/>\n<link rel=\"canonical\" href=\"https:\/\/isatis.asso.fr\/les-portes-du-sud\/2020\/02\/08\/balade-artistique-dans-le-13eme-a-travers-les-fresques-murales\/\" \/>\n<meta property=\"og:locale\" content=\"fr_FR\" \/>\n<meta property=\"og:type\" content=\"article\" \/>\n<meta property=\"og:title\" content=\"Balade artistique dans le 13e \u00e0 travers les fresques murales - Les Portes du Sud\" \/>\n<meta property=\"og:description\" content=\"Accompagn\u00e9 de deux b\u00e9n\u00e9voles de la Fondation Claude Pompidou, 5 personnes accueillies se sont balad\u00e9es autour de la place d&rsquo;Italie afin d&rsquo;admirer certaines \u0153uvres de \u00ab&nbsp;street art&nbsp;\u00bb. Un art peu connu, mais qui permet selon les personnes pr\u00e9sentes de red\u00e9couvrir leur quartier sous un autre angle.\" \/>\n<meta property=\"og:url\" content=\"https:\/\/isatis.asso.fr\/les-portes-du-sud\/2020\/02\/08\/balade-artistique-dans-le-13eme-a-travers-les-fresques-murales\/\" \/>\n<meta property=\"og:site_name\" content=\"Les Portes du Sud\" \/>\n<meta property=\"article:published_time\" content=\"2020-02-08T09:15:00+00:00\" \/>\n<meta property=\"article:modified_time\" content=\"2021-04-07T10:39:16+00:00\" \/>\n<meta property=\"og:image\" content=\"https:\/\/isatis.asso.fr\/les-portes-du-sud\/wp-content\/uploads\/sites\/23\/2019\/11\/955d9077eff716310103b09918b80c449cb69e2b.jpg\" \/>\n\t<meta property=\"og:image:width\" content=\"1200\" \/>\n\t<meta property=\"og:image:height\" content=\"900\" \/>\n\t<meta property=\"og:image:type\" content=\"image\/jpeg\" \/>\n<meta name=\"author\" content=\"admin-JvSCLhrNBE\" \/>\n<meta name=\"twitter:card\" content=\"summary_large_image\" \/>\n<meta name=\"twitter:label1\" content=\"\u00c9crit par\" \/>\n\t<meta name=\"twitter:data1\" content=\"admin-JvSCLhrNBE\" \/>\n\t<meta name=\"twitter:label2\" content=\"Dur\u00e9e de lecture estim\u00e9e\" \/>\n\t<meta name=\"twitter:data2\" content=\"1 minute\" \/>\n<script type=\"application\/ld+json\" class=\"yoast-schema-graph\">{\"@context\":\"https:\\\/\\\/schema.org\",\"@graph\":[{\"@type\":\"Article\",\"@id\":\"https:\\\/\\\/isatis.asso.fr\\\/les-portes-du-sud\\\/2020\\\/02\\\/08\\\/balade-artistique-dans-le-13eme-a-travers-les-fresques-murales\\\/#article\",\"isPartOf\":{\"@id\":\"https:\\\/\\\/isatis.asso.fr\\\/les-portes-du-sud\\\/2020\\\/02\\\/08\\\/balade-artistique-dans-le-13eme-a-travers-les-fresques-murales\\\/\"},\"author\":{\"name\":\"admin-JvSCLhrNBE\",\"@id\":\"https:\\\/\\\/isatis.asso.fr\\\/les-portes-du-sud\\\/#\\\/schema\\\/person\\\/943b5c9342f7eca9dde826898907ac00\"},\"headline\":\"Balade artistique dans le 13e \u00e0 travers les fresques murales\",\"datePublished\":\"2020-02-08T09:15:00+00:00\",\"dateModified\":\"2021-04-07T10:39:16+00:00\",\"mainEntityOfPage\":{\"@id\":\"https:\\\/\\\/isatis.asso.fr\\\/les-portes-du-sud\\\/2020\\\/02\\\/08\\\/balade-artistique-dans-le-13eme-a-travers-les-fresques-murales\\\/\"},\"wordCount\":63,\"commentCount\":0,\"image\":{\"@id\":\"https:\\\/\\\/isatis.asso.fr\\\/les-portes-du-sud\\\/2020\\\/02\\\/08\\\/balade-artistique-dans-le-13eme-a-travers-les-fresques-murales\\\/#primaryimage\"},\"thumbnailUrl\":\"https:\\\/\\\/isatis.asso.fr\\\/les-portes-du-sud\\\/wp-content\\\/uploads\\\/sites\\\/23\\\/2019\\\/11\\\/955d9077eff716310103b09918b80c449cb69e2b.jpg\",\"inLanguage\":\"fr-FR\",\"potentialAction\":[{\"@type\":\"CommentAction\",\"name\":\"Comment\",\"target\":[\"https:\\\/\\\/isatis.asso.fr\\\/les-portes-du-sud\\\/2020\\\/02\\\/08\\\/balade-artistique-dans-le-13eme-a-travers-les-fresques-murales\\\/#respond\"]}]},{\"@type\":\"WebPage\",\"@id\":\"https:\\\/\\\/isatis.asso.fr\\\/les-portes-du-sud\\\/2020\\\/02\\\/08\\\/balade-artistique-dans-le-13eme-a-travers-les-fresques-murales\\\/\",\"url\":\"https:\\\/\\\/isatis.asso.fr\\\/les-portes-du-sud\\\/2020\\\/02\\\/08\\\/balade-artistique-dans-le-13eme-a-travers-les-fresques-murales\\\/\",\"name\":\"Balade artistique dans le 13e \u00e0 travers les fresques murales - Les Portes du Sud\",\"isPartOf\":{\"@id\":\"https:\\\/\\\/isatis.asso.fr\\\/les-portes-du-sud\\\/#website\"},\"primaryImageOfPage\":{\"@id\":\"https:\\\/\\\/isatis.asso.fr\\\/les-portes-du-sud\\\/2020\\\/02\\\/08\\\/balade-artistique-dans-le-13eme-a-travers-les-fresques-murales\\\/#primaryimage\"},\"image\":{\"@id\":\"https:\\\/\\\/isatis.asso.fr\\\/les-portes-du-sud\\\/2020\\\/02\\\/08\\\/balade-artistique-dans-le-13eme-a-travers-les-fresques-murales\\\/#primaryimage\"},\"thumbnailUrl\":\"https:\\\/\\\/isatis.asso.fr\\\/les-portes-du-sud\\\/wp-content\\\/uploads\\\/sites\\\/23\\\/2019\\\/11\\\/955d9077eff716310103b09918b80c449cb69e2b.jpg\",\"datePublished\":\"2020-02-08T09:15:00+00:00\",\"dateModified\":\"2021-04-07T10:39:16+00:00\",\"author\":{\"@id\":\"https:\\\/\\\/isatis.asso.fr\\\/les-portes-du-sud\\\/#\\\/schema\\\/person\\\/943b5c9342f7eca9dde826898907ac00\"},\"breadcrumb\":{\"@id\":\"https:\\\/\\\/isatis.asso.fr\\\/les-portes-du-sud\\\/2020\\\/02\\\/08\\\/balade-artistique-dans-le-13eme-a-travers-les-fresques-murales\\\/#breadcrumb\"},\"inLanguage\":\"fr-FR\",\"potentialAction\":[{\"@type\":\"ReadAction\",\"target\":[\"https:\\\/\\\/isatis.asso.fr\\\/les-portes-du-sud\\\/2020\\\/02\\\/08\\\/balade-artistique-dans-le-13eme-a-travers-les-fresques-murales\\\/\"]}]},{\"@type\":\"ImageObject\",\"inLanguage\":\"fr-FR\",\"@id\":\"https:\\\/\\\/isatis.asso.fr\\\/les-portes-du-sud\\\/2020\\\/02\\\/08\\\/balade-artistique-dans-le-13eme-a-travers-les-fresques-murales\\\/#primaryimage\",\"url\":\"https:\\\/\\\/isatis.asso.fr\\\/les-portes-du-sud\\\/wp-content\\\/uploads\\\/sites\\\/23\\\/2019\\\/11\\\/955d9077eff716310103b09918b80c449cb69e2b.jpg\",\"contentUrl\":\"https:\\\/\\\/isatis.asso.fr\\\/les-portes-du-sud\\\/wp-content\\\/uploads\\\/sites\\\/23\\\/2019\\\/11\\\/955d9077eff716310103b09918b80c449cb69e2b.jpg\",\"width\":1200,\"height\":900},{\"@type\":\"BreadcrumbList\",\"@id\":\"https:\\\/\\\/isatis.asso.fr\\\/les-portes-du-sud\\\/2020\\\/02\\\/08\\\/balade-artistique-dans-le-13eme-a-travers-les-fresques-murales\\\/#breadcrumb\",\"itemListElement\":[{\"@type\":\"ListItem\",\"position\":1,\"name\":\"Accueil\",\"item\":\"https:\\\/\\\/isatis.asso.fr\\\/les-portes-du-sud\\\/\"},{\"@type\":\"ListItem\",\"position\":2,\"name\":\"Balade artistique dans le 13e \u00e0 travers les fresques murales\"}]},{\"@type\":\"WebSite\",\"@id\":\"https:\\\/\\\/isatis.asso.fr\\\/les-portes-du-sud\\\/#website\",\"url\":\"https:\\\/\\\/isatis.asso.fr\\\/les-portes-du-sud\\\/\",\"name\":\"Les Portes du Sud\",\"description\":\"CENTRE D\u2019ACCUEIL DE JOUR\",\"potentialAction\":[{\"@type\":\"SearchAction\",\"target\":{\"@type\":\"EntryPoint\",\"urlTemplate\":\"https:\\\/\\\/isatis.asso.fr\\\/les-portes-du-sud\\\/?s={search_term_string}\"},\"query-input\":{\"@type\":\"PropertyValueSpecification\",\"valueRequired\":true,\"valueName\":\"search_term_string\"}}],\"inLanguage\":\"fr-FR\"},{\"@type\":\"Person\",\"@id\":\"https:\\\/\\\/isatis.asso.fr\\\/les-portes-du-sud\\\/#\\\/schema\\\/person\\\/943b5c9342f7eca9dde826898907ac00\",\"name\":\"admin-JvSCLhrNBE\",\"image\":{\"@type\":\"ImageObject\",\"inLanguage\":\"fr-FR\",\"@id\":\"https:\\\/\\\/secure.gravatar.com\\\/avatar\\\/304b15a49c4ff21bb5bc68be1b5a77972169f0608361401c9f9676ec044d15dc?s=96&d=mm&r=g\",\"url\":\"https:\\\/\\\/secure.gravatar.com\\\/avatar\\\/304b15a49c4ff21bb5bc68be1b5a77972169f0608361401c9f9676ec044d15dc?s=96&d=mm&r=g\",\"contentUrl\":\"https:\\\/\\\/secure.gravatar.com\\\/avatar\\\/304b15a49c4ff21bb5bc68be1b5a77972169f0608361401c9f9676ec044d15dc?s=96&d=mm&r=g\",\"caption\":\"admin-JvSCLhrNBE\"},\"url\":\"https:\\\/\\\/isatis.asso.fr\\\/les-portes-du-sud\\\/author\\\/admin-jvsclhrnbe\\\/\"}]}<\/script>\n<!-- \/ Yoast SEO plugin. -->","yoast_head_json":{"title":"Balade artistique dans le 13e \u00e0 travers les fresques murales - Les Portes du Sud","robots":{"index":"index","follow":"follow","max-snippet":"max-snippet:-1","max-image-preview":"max-image-preview:large","max-video-preview":"max-video-preview:-1"},"canonical":"https:\/\/isatis.asso.fr\/les-portes-du-sud\/2020\/02\/08\/balade-artistique-dans-le-13eme-a-travers-les-fresques-murales\/","og_locale":"fr_FR","og_type":"article","og_title":"Balade artistique dans le 13e \u00e0 travers les fresques murales - Les Portes du Sud","og_description":"Accompagn\u00e9 de deux b\u00e9n\u00e9voles de la Fondation Claude Pompidou, 5 personnes accueillies se sont balad\u00e9es autour de la place d&rsquo;Italie afin d&rsquo;admirer certaines \u0153uvres de \u00ab&nbsp;street art&nbsp;\u00bb. Un art peu connu, mais qui permet selon les personnes pr\u00e9sentes de red\u00e9couvrir leur quartier sous un autre angle.","og_url":"https:\/\/isatis.asso.fr\/les-portes-du-sud\/2020\/02\/08\/balade-artistique-dans-le-13eme-a-travers-les-fresques-murales\/","og_site_name":"Les Portes du Sud","article_published_time":"2020-02-08T09:15:00+00:00","article_modified_time":"2021-04-07T10:39:16+00:00","og_image":[{"width":1200,"height":900,"url":"https:\/\/isatis.asso.fr\/les-portes-du-sud\/wp-content\/uploads\/sites\/23\/2019\/11\/955d9077eff716310103b09918b80c449cb69e2b.jpg","type":"image\/jpeg"}],"author":"admin-JvSCLhrNBE","twitter_card":"summary_large_image","twitter_misc":{"\u00c9crit par":"admin-JvSCLhrNBE","Dur\u00e9e de lecture estim\u00e9e":"1 minute"},"schema":{"@context":"https:\/\/schema.org","@graph":[{"@type":"Article","@id":"https:\/\/isatis.asso.fr\/les-portes-du-sud\/2020\/02\/08\/balade-artistique-dans-le-13eme-a-travers-les-fresques-murales\/#article","isPartOf":{"@id":"https:\/\/isatis.asso.fr\/les-portes-du-sud\/2020\/02\/08\/balade-artistique-dans-le-13eme-a-travers-les-fresques-murales\/"},"author":{"name":"admin-JvSCLhrNBE","@id":"https:\/\/isatis.asso.fr\/les-portes-du-sud\/#\/schema\/person\/943b5c9342f7eca9dde826898907ac00"},"headline":"Balade artistique dans le 13e \u00e0 travers les fresques murales","datePublished":"2020-02-08T09:15:00+00:00","dateModified":"2021-04-07T10:39:16+00:00","mainEntityOfPage":{"@id":"https:\/\/isatis.asso.fr\/les-portes-du-sud\/2020\/02\/08\/balade-artistique-dans-le-13eme-a-travers-les-fresques-murales\/"},"wordCount":63,"commentCount":0,"image":{"@id":"https:\/\/isatis.asso.fr\/les-portes-du-sud\/2020\/02\/08\/balade-artistique-dans-le-13eme-a-travers-les-fresques-murales\/#primaryimage"},"thumbnailUrl":"https:\/\/isatis.asso.fr\/les-portes-du-sud\/wp-content\/uploads\/sites\/23\/2019\/11\/955d9077eff716310103b09918b80c449cb69e2b.jpg","inLanguage":"fr-FR","potentialAction":[{"@type":"CommentAction","name":"Comment","target":["https:\/\/isatis.asso.fr\/les-portes-du-sud\/2020\/02\/08\/balade-artistique-dans-le-13eme-a-travers-les-fresques-murales\/#respond"]}]},{"@type":"WebPage","@id":"https:\/\/isatis.asso.fr\/les-portes-du-sud\/2020\/02\/08\/balade-artistique-dans-le-13eme-a-travers-les-fresques-murales\/","url":"https:\/\/isatis.asso.fr\/les-portes-du-sud\/2020\/02\/08\/balade-artistique-dans-le-13eme-a-travers-les-fresques-murales\/","name":"Balade artistique dans le 13e \u00e0 travers les fresques murales - Les Portes du Sud","isPartOf":{"@id":"https:\/\/isatis.asso.fr\/les-portes-du-sud\/#website"},"primaryImageOfPage":{"@id":"https:\/\/isatis.asso.fr\/les-portes-du-sud\/2020\/02\/08\/balade-artistique-dans-le-13eme-a-travers-les-fresques-murales\/#primaryimage"},"image":{"@id":"https:\/\/isatis.asso.fr\/les-portes-du-sud\/2020\/02\/08\/balade-artistique-dans-le-13eme-a-travers-les-fresques-murales\/#primaryimage"},"thumbnailUrl":"https:\/\/isatis.asso.fr\/les-portes-du-sud\/wp-content\/uploads\/sites\/23\/2019\/11\/955d9077eff716310103b09918b80c449cb69e2b.jpg","datePublished":"2020-02-08T09:15:00+00:00","dateModified":"2021-04-07T10:39:16+00:00","author":{"@id":"https:\/\/isatis.asso.fr\/les-portes-du-sud\/#\/schema\/person\/943b5c9342f7eca9dde826898907ac00"},"breadcrumb":{"@id":"https:\/\/isatis.asso.fr\/les-portes-du-sud\/2020\/02\/08\/balade-artistique-dans-le-13eme-a-travers-les-fresques-murales\/#breadcrumb"},"inLanguage":"fr-FR","potentialAction":[{"@type":"ReadAction","target":["https:\/\/isatis.asso.fr\/les-portes-du-sud\/2020\/02\/08\/balade-artistique-dans-le-13eme-a-travers-les-fresques-murales\/"]}]},{"@type":"ImageObject","inLanguage":"fr-FR","@id":"https:\/\/isatis.asso.fr\/les-portes-du-sud\/2020\/02\/08\/balade-artistique-dans-le-13eme-a-travers-les-fresques-murales\/#primaryimage","url":"https:\/\/isatis.asso.fr\/les-portes-du-sud\/wp-content\/uploads\/sites\/23\/2019\/11\/955d9077eff716310103b09918b80c449cb69e2b.jpg","contentUrl":"https:\/\/isatis.asso.fr\/les-portes-du-sud\/wp-content\/uploads\/sites\/23\/2019\/11\/955d9077eff716310103b09918b80c449cb69e2b.jpg","width":1200,"height":900},{"@type":"BreadcrumbList","@id":"https:\/\/isatis.asso.fr\/les-portes-du-sud\/2020\/02\/08\/balade-artistique-dans-le-13eme-a-travers-les-fresques-murales\/#breadcrumb","itemListElement":[{"@type":"ListItem","position":1,"name":"Accueil","item":"https:\/\/isatis.asso.fr\/les-portes-du-sud\/"},{"@type":"ListItem","position":2,"name":"Balade artistique dans le 13e \u00e0 travers les fresques murales"}]},{"@type":"WebSite","@id":"https:\/\/isatis.asso.fr\/les-portes-du-sud\/#website","url":"https:\/\/isatis.asso.fr\/les-portes-du-sud\/","name":"Les Portes du Sud","description":"CENTRE D\u2019ACCUEIL DE JOUR","potentialAction":[{"@type":"SearchAction","target":{"@type":"EntryPoint","urlTemplate":"https:\/\/isatis.asso.fr\/les-portes-du-sud\/?s={search_term_string}"},"query-input":{"@type":"PropertyValueSpecification","valueRequired":true,"valueName":"search_term_string"}}],"inLanguage":"fr-FR"},{"@type":"Person","@id":"https:\/\/isatis.asso.fr\/les-portes-du-sud\/#\/schema\/person\/943b5c9342f7eca9dde826898907ac00","name":"admin-JvSCLhrNBE","image":{"@type":"ImageObject","inLanguage":"fr-FR","@id":"https:\/\/secure.gravatar.com\/avatar\/304b15a49c4ff21bb5bc68be1b5a77972169f0608361401c9f9676ec044d15dc?s=96&d=mm&r=g","url":"https:\/\/secure.gravatar.com\/avatar\/304b15a49c4ff21bb5bc68be1b5a77972169f0608361401c9f9676ec044d15dc?s=96&d=mm&r=g","contentUrl":"https:\/\/secure.gravatar.com\/avatar\/304b15a49c4ff21bb5bc68be1b5a77972169f0608361401c9f9676ec044d15dc?s=96&d=mm&r=g","caption":"admin-JvSCLhrNBE"},"url":"https:\/\/isatis.asso.fr\/les-portes-du-sud\/author\/admin-jvsclhrnbe\/"}]}},"_links":{"self":[{"href":"https:\/\/isatis.asso.fr\/les-portes-du-sud\/wp-json\/wp\/v2\/posts\/122","targetHints":{"allow":["GET"]}}],"collection":[{"href":"https:\/\/isatis.asso.fr\/les-portes-du-sud\/wp-json\/wp\/v2\/posts"}],"about":[{"href":"https:\/\/isatis.asso.fr\/les-portes-du-sud\/wp-json\/wp\/v2\/types\/post"}],"author":[{"embeddable":true,"href":"https:\/\/isatis.asso.fr\/les-portes-du-sud\/wp-json\/wp\/v2\/users\/1"}],"replies":[{"embeddable":true,"href":"https:\/\/isatis.asso.fr\/les-portes-du-sud\/wp-json\/wp\/v2\/comments?post=122"}],"version-history":[{"count":5,"href":"https:\/\/isatis.asso.fr\/les-portes-du-sud\/wp-json\/wp\/v2\/posts\/122\/revisions"}],"predecessor-version":[{"id":276,"href":"https:\/\/isatis.asso.fr\/les-portes-du-sud\/wp-json\/wp\/v2\/posts\/122\/revisions\/276"}],"wp:featuredmedia":[{"embeddable":true,"href":"https:\/\/isatis.asso.fr\/les-portes-du-sud\/wp-json\/wp\/v2\/media\/123"}],"wp:attachment":[{"href":"https:\/\/isatis.asso.fr\/les-portes-du-sud\/wp-json\/wp\/v2\/media?parent=122"}],"wp:term":[{"taxonomy":"category","embeddable":true,"href":"https:\/\/isatis.asso.fr\/les-portes-du-sud\/wp-json\/wp\/v2\/categories?post=122"},{"taxonomy":"post_tag","embeddable":true,"href":"https:\/\/isatis.asso.fr\/les-portes-du-sud\/wp-json\/wp\/v2\/tags?post=122"}],"curies":[{"name":"wp","href":"https:\/\/api.w.org\/{rel}","templated":true}]}}