{"id":1240,"date":"2026-09-01T11:33:28","date_gmt":"2026-09-01T09:33:28","guid":{"rendered":"https:\/\/isatis.asso.fr\/la-maison-du-soleil\/?p=1240"},"modified":"2026-09-01T11:33:29","modified_gmt":"2026-09-01T09:33:29","slug":"une-belle-apres-midi-au-point-fort-daubervilliers","status":"publish","type":"post","link":"https:\/\/isatis.asso.fr\/la-maison-du-soleil\/2026\/09\/01\/une-belle-apres-midi-au-point-fort-daubervilliers\/","title":{"rendered":"Une belle apr\u00e8s-midi au Point Fort d\u2019Aubervilliers"},"content":{"rendered":"\n<h3 class=\"wp-block-heading\">Une apr\u00e8s-midi pleine de d\u00e9couvertes.<\/h3>\n\n\n\n<p class=\"wp-block-paragraph\">Plusieurs r\u00e9sidents ont r\u00e9pondu pr\u00e9sents pour une sortie au <strong>Point Fort d\u2019Aubervilliers<\/strong>, un lieu culturel et de loisirs install\u00e9 dans un ancien fort militaire r\u00e9habilit\u00e9. Cet espace accueille aujourd\u2019hui diff\u00e9rentes activit\u00e9s, \u00e9v\u00e9nements et animations, dans un cadre original au c\u0153ur d\u2019Aubervilliers.<\/p>\n\n\n\n<figure class=\"wp-block-image size-full\"><img loading=\"lazy\" decoding=\"async\" width=\"828\" height=\"587\" src=\"https:\/\/isatis.asso.fr\/la-maison-du-soleil\/wp-content\/uploads\/sites\/24\/2026\/09\/capture-decran-2026-09-01-111853.png\" alt=\"\" class=\"wp-image-1241\" srcset=\"https:\/\/isatis.asso.fr\/la-maison-du-soleil\/wp-content\/uploads\/sites\/24\/2026\/09\/capture-decran-2026-09-01-111853.png 828w, https:\/\/isatis.asso.fr\/la-maison-du-soleil\/wp-content\/uploads\/sites\/24\/2026\/09\/capture-decran-2026-09-01-111853-300x213.png 300w, https:\/\/isatis.asso.fr\/la-maison-du-soleil\/wp-content\/uploads\/sites\/24\/2026\/09\/capture-decran-2026-09-01-111853-768x544.png 768w\" sizes=\"auto, (max-width: 828px) 100vw, 828px\" \/><\/figure>\n\n\n\n<p class=\"wp-block-paragraph\">Pour cette sortie, les r\u00e9sidents ont pu profiter d\u2019une apr\u00e8s-midi riche en activit\u00e9s et en d\u00e9couvertes. Au programme : <strong>danse des foulards<\/strong>, jeux de casse-t\u00eates et \u00e9nigmes pour faire travailler les m\u00e9ninges, mais aussi <strong>mini-golf<\/strong> pour les plus joueurs !<\/p>\n\n\n\n<figure class=\"wp-block-image size-full\"><img loading=\"lazy\" decoding=\"async\" width=\"829\" height=\"595\" src=\"https:\/\/isatis.asso.fr\/la-maison-du-soleil\/wp-content\/uploads\/sites\/24\/2026\/09\/capture-decran-2026-09-01-112051.png\" alt=\"\" class=\"wp-image-1242\" srcset=\"https:\/\/isatis.asso.fr\/la-maison-du-soleil\/wp-content\/uploads\/sites\/24\/2026\/09\/capture-decran-2026-09-01-112051.png 829w, https:\/\/isatis.asso.fr\/la-maison-du-soleil\/wp-content\/uploads\/sites\/24\/2026\/09\/capture-decran-2026-09-01-112051-300x215.png 300w, https:\/\/isatis.asso.fr\/la-maison-du-soleil\/wp-content\/uploads\/sites\/24\/2026\/09\/capture-decran-2026-09-01-112051-768x551.png 768w\" sizes=\"auto, (max-width: 829px) 100vw, 829px\" \/><\/figure>\n\n\n\n<figure class=\"wp-block-image size-full\"><img loading=\"lazy\" decoding=\"async\" width=\"461\" height=\"605\" src=\"https:\/\/isatis.asso.fr\/la-maison-du-soleil\/wp-content\/uploads\/sites\/24\/2026\/09\/capture-decran-2026-09-01-112135.png\" alt=\"\" class=\"wp-image-1243\" srcset=\"https:\/\/isatis.asso.fr\/la-maison-du-soleil\/wp-content\/uploads\/sites\/24\/2026\/09\/capture-decran-2026-09-01-112135.png 461w, https:\/\/isatis.asso.fr\/la-maison-du-soleil\/wp-content\/uploads\/sites\/24\/2026\/09\/capture-decran-2026-09-01-112135-229x300.png 229w\" sizes=\"auto, (max-width: 461px) 100vw, 461px\" \/><\/figure>\n\n\n\n<figure class=\"wp-block-image size-full\"><img loading=\"lazy\" decoding=\"async\" width=\"465\" height=\"608\" src=\"https:\/\/isatis.asso.fr\/la-maison-du-soleil\/wp-content\/uploads\/sites\/24\/2026\/09\/capture-decran-2026-09-01-112234.png\" alt=\"\" class=\"wp-image-1244\" srcset=\"https:\/\/isatis.asso.fr\/la-maison-du-soleil\/wp-content\/uploads\/sites\/24\/2026\/09\/capture-decran-2026-09-01-112234.png 465w, https:\/\/isatis.asso.fr\/la-maison-du-soleil\/wp-content\/uploads\/sites\/24\/2026\/09\/capture-decran-2026-09-01-112234-229x300.png 229w\" sizes=\"auto, (max-width: 465px) 100vw, 465px\" \/><\/figure>\n\n\n\n<figure class=\"wp-block-image size-full\"><img loading=\"lazy\" decoding=\"async\" width=\"467\" height=\"578\" src=\"https:\/\/isatis.asso.fr\/la-maison-du-soleil\/wp-content\/uploads\/sites\/24\/2026\/09\/capture-decran-2026-09-01-112403.png\" alt=\"\" class=\"wp-image-1245\" srcset=\"https:\/\/isatis.asso.fr\/la-maison-du-soleil\/wp-content\/uploads\/sites\/24\/2026\/09\/capture-decran-2026-09-01-112403.png 467w, https:\/\/isatis.asso.fr\/la-maison-du-soleil\/wp-content\/uploads\/sites\/24\/2026\/09\/capture-decran-2026-09-01-112403-242x300.png 242w\" sizes=\"auto, (max-width: 467px) 100vw, 467px\" \/><\/figure>\n\n\n\n<p class=\"wp-block-paragraph\">Et pour terminer l\u2019apr\u00e8s-midi sur une note gourmande, nous avons eu le plaisir de d\u00e9guster un d\u00e9licieux <strong>bissap pr\u00e9par\u00e9 par l\u2019association Les \u00c9toiles d\u2019Auber<\/strong>. Une boisson fra\u00eeche et savoureuse qui a \u00e9t\u00e9 tr\u00e8s appr\u00e9ci\u00e9e !<\/p>\n\n\n\n<p class=\"wp-block-paragraph\">Une sortie r\u00e9ussie, plac\u00e9e sous le signe de la d\u00e9couverte, du jeu et du plaisir de partager un bon moment ensemble.<\/p>\n\n\n\n<figure class=\"wp-block-image size-full\"><img loading=\"lazy\" decoding=\"async\" width=\"716\" height=\"539\" src=\"https:\/\/isatis.asso.fr\/la-maison-du-soleil\/wp-content\/uploads\/sites\/24\/2026\/09\/capture-decran-2026-09-01-113133.png\" alt=\"\" class=\"wp-image-1247\" srcset=\"https:\/\/isatis.asso.fr\/la-maison-du-soleil\/wp-content\/uploads\/sites\/24\/2026\/09\/capture-decran-2026-09-01-113133.png 716w, https:\/\/isatis.asso.fr\/la-maison-du-soleil\/wp-content\/uploads\/sites\/24\/2026\/09\/capture-decran-2026-09-01-113133-300x226.png 300w\" sizes=\"auto, (max-width: 716px) 100vw, 716px\" \/><\/figure>\n","protected":false},"excerpt":{"rendered":"<p>Une apr\u00e8s-midi pleine de d\u00e9couvertes. Plusieurs r\u00e9sidents ont r\u00e9pondu pr\u00e9sents pour une sortie au Point Fort d\u2019Aubervilliers, un lieu culturel et de loisirs install\u00e9 dans un ancien fort militaire r\u00e9habilit\u00e9. Cet espace accueille aujourd\u2019hui diff\u00e9rentes activit\u00e9s, \u00e9v\u00e9nements et animations, dans un cadre original au c\u0153ur d\u2019Aubervilliers. Pour cette sortie, les r\u00e9sidents ont pu profiter d\u2019une [&hellip;]<\/p>\n","protected":false},"author":24,"featured_media":1248,"comment_status":"open","ping_status":"open","sticky":false,"template":"","format":"standard","meta":{"_acf_changed":false,"footnotes":""},"categories":[1],"tags":[],"class_list":["post-1240","post","type-post","status-publish","format-standard","has-post-thumbnail","hentry","category-non-classe"],"acf":[],"yoast_head":"<!-- This site is optimized with the Yoast SEO plugin v28.0 - https:\/\/yoast.com\/product\/yoast-seo-wordpress\/ -->\n<title>Une belle apr\u00e8s-midi au Point Fort d\u2019Aubervilliers - La Maison du Soleil<\/title>\n<meta name=\"robots\" content=\"index, follow, max-snippet:-1, max-image-preview:large, max-video-preview:-1\" \/>\n<link rel=\"canonical\" href=\"https:\/\/isatis.asso.fr\/la-maison-du-soleil\/2026\/09\/01\/une-belle-apres-midi-au-point-fort-daubervilliers\/\" \/>\n<meta property=\"og:locale\" content=\"fr_FR\" \/>\n<meta property=\"og:type\" content=\"article\" \/>\n<meta property=\"og:title\" content=\"Une belle apr\u00e8s-midi au Point Fort d\u2019Aubervilliers - La Maison du Soleil\" \/>\n<meta property=\"og:description\" content=\"Une apr\u00e8s-midi pleine de d\u00e9couvertes. Plusieurs r\u00e9sidents ont r\u00e9pondu pr\u00e9sents pour une sortie au Point Fort d\u2019Aubervilliers, un lieu culturel et de loisirs install\u00e9 dans un ancien fort militaire r\u00e9habilit\u00e9. Cet espace accueille aujourd\u2019hui diff\u00e9rentes activit\u00e9s, \u00e9v\u00e9nements et animations, dans un cadre original au c\u0153ur d\u2019Aubervilliers. Pour cette sortie, les r\u00e9sidents ont pu profiter d\u2019une [&hellip;]\" \/>\n<meta property=\"og:url\" content=\"https:\/\/isatis.asso.fr\/la-maison-du-soleil\/2026\/09\/01\/une-belle-apres-midi-au-point-fort-daubervilliers\/\" \/>\n<meta property=\"og:site_name\" content=\"La Maison du Soleil\" \/>\n<meta property=\"article:published_time\" content=\"2026-09-01T09:33:28+00:00\" \/>\n<meta property=\"article:modified_time\" content=\"2026-09-01T09:33:29+00:00\" \/>\n<meta property=\"og:image\" content=\"https:\/\/isatis.asso.fr\/la-maison-du-soleil\/wp-content\/uploads\/sites\/24\/2026\/09\/capture-decran-2026-09-01-113231.png\" \/>\n\t<meta property=\"og:image:width\" content=\"467\" \/>\n\t<meta property=\"og:image:height\" content=\"590\" \/>\n\t<meta property=\"og:image:type\" content=\"image\/png\" \/>\n<meta name=\"author\" content=\"maisonsdusoleil86bd4xa\" \/>\n<meta name=\"twitter:card\" content=\"summary_large_image\" \/>\n<meta name=\"twitter:label1\" content=\"\u00c9crit par\" \/>\n\t<meta name=\"twitter:data1\" content=\"maisonsdusoleil86bd4xa\" \/>\n\t<meta name=\"twitter:label2\" content=\"Dur\u00e9e de lecture estim\u00e9e\" \/>\n\t<meta name=\"twitter:data2\" content=\"3 minutes\" \/>\n<script type=\"application\/ld+json\" class=\"yoast-schema-graph\">{\"@context\":\"https:\\\/\\\/schema.org\",\"@graph\":[{\"@type\":\"Article\",\"@id\":\"https:\\\/\\\/isatis.asso.fr\\\/la-maison-du-soleil\\\/2026\\\/09\\\/01\\\/une-belle-apres-midi-au-point-fort-daubervilliers\\\/#article\",\"isPartOf\":{\"@id\":\"https:\\\/\\\/isatis.asso.fr\\\/la-maison-du-soleil\\\/2026\\\/09\\\/01\\\/une-belle-apres-midi-au-point-fort-daubervilliers\\\/\"},\"author\":{\"name\":\"maisonsdusoleil86bd4xa\",\"@id\":\"https:\\\/\\\/isatis.asso.fr\\\/la-maison-du-soleil\\\/#\\\/schema\\\/person\\\/6e6bac02e15a2c866899ea393f6a9291\"},\"headline\":\"Une belle apr\u00e8s-midi au Point Fort d\u2019Aubervilliers\",\"datePublished\":\"2026-09-01T09:33:28+00:00\",\"dateModified\":\"2026-09-01T09:33:29+00:00\",\"mainEntityOfPage\":{\"@id\":\"https:\\\/\\\/isatis.asso.fr\\\/la-maison-du-soleil\\\/2026\\\/09\\\/01\\\/une-belle-apres-midi-au-point-fort-daubervilliers\\\/\"},\"wordCount\":182,\"commentCount\":0,\"image\":{\"@id\":\"https:\\\/\\\/isatis.asso.fr\\\/la-maison-du-soleil\\\/2026\\\/09\\\/01\\\/une-belle-apres-midi-au-point-fort-daubervilliers\\\/#primaryimage\"},\"thumbnailUrl\":\"https:\\\/\\\/isatis.asso.fr\\\/la-maison-du-soleil\\\/wp-content\\\/uploads\\\/sites\\\/24\\\/2026\\\/09\\\/capture-decran-2026-09-01-113231.png\",\"inLanguage\":\"fr-FR\",\"potentialAction\":[{\"@type\":\"CommentAction\",\"name\":\"Comment\",\"target\":[\"https:\\\/\\\/isatis.asso.fr\\\/la-maison-du-soleil\\\/2026\\\/09\\\/01\\\/une-belle-apres-midi-au-point-fort-daubervilliers\\\/#respond\"]}]},{\"@type\":\"WebPage\",\"@id\":\"https:\\\/\\\/isatis.asso.fr\\\/la-maison-du-soleil\\\/2026\\\/09\\\/01\\\/une-belle-apres-midi-au-point-fort-daubervilliers\\\/\",\"url\":\"https:\\\/\\\/isatis.asso.fr\\\/la-maison-du-soleil\\\/2026\\\/09\\\/01\\\/une-belle-apres-midi-au-point-fort-daubervilliers\\\/\",\"name\":\"Une belle apr\u00e8s-midi au Point Fort d\u2019Aubervilliers - La Maison du Soleil\",\"isPartOf\":{\"@id\":\"https:\\\/\\\/isatis.asso.fr\\\/la-maison-du-soleil\\\/#website\"},\"primaryImageOfPage\":{\"@id\":\"https:\\\/\\\/isatis.asso.fr\\\/la-maison-du-soleil\\\/2026\\\/09\\\/01\\\/une-belle-apres-midi-au-point-fort-daubervilliers\\\/#primaryimage\"},\"image\":{\"@id\":\"https:\\\/\\\/isatis.asso.fr\\\/la-maison-du-soleil\\\/2026\\\/09\\\/01\\\/une-belle-apres-midi-au-point-fort-daubervilliers\\\/#primaryimage\"},\"thumbnailUrl\":\"https:\\\/\\\/isatis.asso.fr\\\/la-maison-du-soleil\\\/wp-content\\\/uploads\\\/sites\\\/24\\\/2026\\\/09\\\/capture-decran-2026-09-01-113231.png\",\"datePublished\":\"2026-09-01T09:33:28+00:00\",\"dateModified\":\"2026-09-01T09:33:29+00:00\",\"author\":{\"@id\":\"https:\\\/\\\/isatis.asso.fr\\\/la-maison-du-soleil\\\/#\\\/schema\\\/person\\\/6e6bac02e15a2c866899ea393f6a9291\"},\"breadcrumb\":{\"@id\":\"https:\\\/\\\/isatis.asso.fr\\\/la-maison-du-soleil\\\/2026\\\/09\\\/01\\\/une-belle-apres-midi-au-point-fort-daubervilliers\\\/#breadcrumb\"},\"inLanguage\":\"fr-FR\",\"potentialAction\":[{\"@type\":\"ReadAction\",\"target\":[\"https:\\\/\\\/isatis.asso.fr\\\/la-maison-du-soleil\\\/2026\\\/09\\\/01\\\/une-belle-apres-midi-au-point-fort-daubervilliers\\\/\"]}]},{\"@type\":\"ImageObject\",\"inLanguage\":\"fr-FR\",\"@id\":\"https:\\\/\\\/isatis.asso.fr\\\/la-maison-du-soleil\\\/2026\\\/09\\\/01\\\/une-belle-apres-midi-au-point-fort-daubervilliers\\\/#primaryimage\",\"url\":\"https:\\\/\\\/isatis.asso.fr\\\/la-maison-du-soleil\\\/wp-content\\\/uploads\\\/sites\\\/24\\\/2026\\\/09\\\/capture-decran-2026-09-01-113231.png\",\"contentUrl\":\"https:\\\/\\\/isatis.asso.fr\\\/la-maison-du-soleil\\\/wp-content\\\/uploads\\\/sites\\\/24\\\/2026\\\/09\\\/capture-decran-2026-09-01-113231.png\",\"width\":467,\"height\":590},{\"@type\":\"BreadcrumbList\",\"@id\":\"https:\\\/\\\/isatis.asso.fr\\\/la-maison-du-soleil\\\/2026\\\/09\\\/01\\\/une-belle-apres-midi-au-point-fort-daubervilliers\\\/#breadcrumb\",\"itemListElement\":[{\"@type\":\"ListItem\",\"position\":1,\"name\":\"Accueil\",\"item\":\"https:\\\/\\\/isatis.asso.fr\\\/la-maison-du-soleil\\\/\"},{\"@type\":\"ListItem\",\"position\":2,\"name\":\"Une belle apr\u00e8s-midi au Point Fort d\u2019Aubervilliers\"}]},{\"@type\":\"WebSite\",\"@id\":\"https:\\\/\\\/isatis.asso.fr\\\/la-maison-du-soleil\\\/#website\",\"url\":\"https:\\\/\\\/isatis.asso.fr\\\/la-maison-du-soleil\\\/\",\"name\":\"La Maison du Soleil\",\"description\":\"EHPAD - H\u00c9BERGEMENT TEMPORAIRE\",\"potentialAction\":[{\"@type\":\"SearchAction\",\"target\":{\"@type\":\"EntryPoint\",\"urlTemplate\":\"https:\\\/\\\/isatis.asso.fr\\\/la-maison-du-soleil\\\/?s={search_term_string}\"},\"query-input\":{\"@type\":\"PropertyValueSpecification\",\"valueRequired\":true,\"valueName\":\"search_term_string\"}}],\"inLanguage\":\"fr-FR\"},{\"@type\":\"Person\",\"@id\":\"https:\\\/\\\/isatis.asso.fr\\\/la-maison-du-soleil\\\/#\\\/schema\\\/person\\\/6e6bac02e15a2c866899ea393f6a9291\",\"name\":\"maisonsdusoleil86bd4xa\",\"image\":{\"@type\":\"ImageObject\",\"inLanguage\":\"fr-FR\",\"@id\":\"https:\\\/\\\/secure.gravatar.com\\\/avatar\\\/7cf0c7d2c1467f0f276e4fb6a731d3922b9d1e28489dcd031905bda114a0061a?s=96&d=mm&r=g\",\"url\":\"https:\\\/\\\/secure.gravatar.com\\\/avatar\\\/7cf0c7d2c1467f0f276e4fb6a731d3922b9d1e28489dcd031905bda114a0061a?s=96&d=mm&r=g\",\"contentUrl\":\"https:\\\/\\\/secure.gravatar.com\\\/avatar\\\/7cf0c7d2c1467f0f276e4fb6a731d3922b9d1e28489dcd031905bda114a0061a?s=96&d=mm&r=g\",\"caption\":\"maisonsdusoleil86bd4xa\"},\"url\":\"https:\\\/\\\/isatis.asso.fr\\\/la-maison-du-soleil\\\/author\\\/maisonsdusoleil86bd4xa\\\/\"}]}<\/script>\n<!-- \/ Yoast SEO plugin. -->","yoast_head_json":{"title":"Une belle apr\u00e8s-midi au Point Fort d\u2019Aubervilliers - La Maison du Soleil","robots":{"index":"index","follow":"follow","max-snippet":"max-snippet:-1","max-image-preview":"max-image-preview:large","max-video-preview":"max-video-preview:-1"},"canonical":"https:\/\/isatis.asso.fr\/la-maison-du-soleil\/2026\/09\/01\/une-belle-apres-midi-au-point-fort-daubervilliers\/","og_locale":"fr_FR","og_type":"article","og_title":"Une belle apr\u00e8s-midi au Point Fort d\u2019Aubervilliers - La Maison du Soleil","og_description":"Une apr\u00e8s-midi pleine de d\u00e9couvertes. Plusieurs r\u00e9sidents ont r\u00e9pondu pr\u00e9sents pour une sortie au Point Fort d\u2019Aubervilliers, un lieu culturel et de loisirs install\u00e9 dans un ancien fort militaire r\u00e9habilit\u00e9. Cet espace accueille aujourd\u2019hui diff\u00e9rentes activit\u00e9s, \u00e9v\u00e9nements et animations, dans un cadre original au c\u0153ur d\u2019Aubervilliers. Pour cette sortie, les r\u00e9sidents ont pu profiter d\u2019une [&hellip;]","og_url":"https:\/\/isatis.asso.fr\/la-maison-du-soleil\/2026\/09\/01\/une-belle-apres-midi-au-point-fort-daubervilliers\/","og_site_name":"La Maison du Soleil","article_published_time":"2026-09-01T09:33:28+00:00","article_modified_time":"2026-09-01T09:33:29+00:00","og_image":[{"width":467,"height":590,"url":"https:\/\/isatis.asso.fr\/la-maison-du-soleil\/wp-content\/uploads\/sites\/24\/2026\/09\/capture-decran-2026-09-01-113231.png","type":"image\/png"}],"author":"maisonsdusoleil86bd4xa","twitter_card":"summary_large_image","twitter_misc":{"\u00c9crit par":"maisonsdusoleil86bd4xa","Dur\u00e9e de lecture estim\u00e9e":"3 minutes"},"schema":{"@context":"https:\/\/schema.org","@graph":[{"@type":"Article","@id":"https:\/\/isatis.asso.fr\/la-maison-du-soleil\/2026\/09\/01\/une-belle-apres-midi-au-point-fort-daubervilliers\/#article","isPartOf":{"@id":"https:\/\/isatis.asso.fr\/la-maison-du-soleil\/2026\/09\/01\/une-belle-apres-midi-au-point-fort-daubervilliers\/"},"author":{"name":"maisonsdusoleil86bd4xa","@id":"https:\/\/isatis.asso.fr\/la-maison-du-soleil\/#\/schema\/person\/6e6bac02e15a2c866899ea393f6a9291"},"headline":"Une belle apr\u00e8s-midi au Point Fort d\u2019Aubervilliers","datePublished":"2026-09-01T09:33:28+00:00","dateModified":"2026-09-01T09:33:29+00:00","mainEntityOfPage":{"@id":"https:\/\/isatis.asso.fr\/la-maison-du-soleil\/2026\/09\/01\/une-belle-apres-midi-au-point-fort-daubervilliers\/"},"wordCount":182,"commentCount":0,"image":{"@id":"https:\/\/isatis.asso.fr\/la-maison-du-soleil\/2026\/09\/01\/une-belle-apres-midi-au-point-fort-daubervilliers\/#primaryimage"},"thumbnailUrl":"https:\/\/isatis.asso.fr\/la-maison-du-soleil\/wp-content\/uploads\/sites\/24\/2026\/09\/capture-decran-2026-09-01-113231.png","inLanguage":"fr-FR","potentialAction":[{"@type":"CommentAction","name":"Comment","target":["https:\/\/isatis.asso.fr\/la-maison-du-soleil\/2026\/09\/01\/une-belle-apres-midi-au-point-fort-daubervilliers\/#respond"]}]},{"@type":"WebPage","@id":"https:\/\/isatis.asso.fr\/la-maison-du-soleil\/2026\/09\/01\/une-belle-apres-midi-au-point-fort-daubervilliers\/","url":"https:\/\/isatis.asso.fr\/la-maison-du-soleil\/2026\/09\/01\/une-belle-apres-midi-au-point-fort-daubervilliers\/","name":"Une belle apr\u00e8s-midi au Point Fort d\u2019Aubervilliers - La Maison du Soleil","isPartOf":{"@id":"https:\/\/isatis.asso.fr\/la-maison-du-soleil\/#website"},"primaryImageOfPage":{"@id":"https:\/\/isatis.asso.fr\/la-maison-du-soleil\/2026\/09\/01\/une-belle-apres-midi-au-point-fort-daubervilliers\/#primaryimage"},"image":{"@id":"https:\/\/isatis.asso.fr\/la-maison-du-soleil\/2026\/09\/01\/une-belle-apres-midi-au-point-fort-daubervilliers\/#primaryimage"},"thumbnailUrl":"https:\/\/isatis.asso.fr\/la-maison-du-soleil\/wp-content\/uploads\/sites\/24\/2026\/09\/capture-decran-2026-09-01-113231.png","datePublished":"2026-09-01T09:33:28+00:00","dateModified":"2026-09-01T09:33:29+00:00","author":{"@id":"https:\/\/isatis.asso.fr\/la-maison-du-soleil\/#\/schema\/person\/6e6bac02e15a2c866899ea393f6a9291"},"breadcrumb":{"@id":"https:\/\/isatis.asso.fr\/la-maison-du-soleil\/2026\/09\/01\/une-belle-apres-midi-au-point-fort-daubervilliers\/#breadcrumb"},"inLanguage":"fr-FR","potentialAction":[{"@type":"ReadAction","target":["https:\/\/isatis.asso.fr\/la-maison-du-soleil\/2026\/09\/01\/une-belle-apres-midi-au-point-fort-daubervilliers\/"]}]},{"@type":"ImageObject","inLanguage":"fr-FR","@id":"https:\/\/isatis.asso.fr\/la-maison-du-soleil\/2026\/09\/01\/une-belle-apres-midi-au-point-fort-daubervilliers\/#primaryimage","url":"https:\/\/isatis.asso.fr\/la-maison-du-soleil\/wp-content\/uploads\/sites\/24\/2026\/09\/capture-decran-2026-09-01-113231.png","contentUrl":"https:\/\/isatis.asso.fr\/la-maison-du-soleil\/wp-content\/uploads\/sites\/24\/2026\/09\/capture-decran-2026-09-01-113231.png","width":467,"height":590},{"@type":"BreadcrumbList","@id":"https:\/\/isatis.asso.fr\/la-maison-du-soleil\/2026\/09\/01\/une-belle-apres-midi-au-point-fort-daubervilliers\/#breadcrumb","itemListElement":[{"@type":"ListItem","position":1,"name":"Accueil","item":"https:\/\/isatis.asso.fr\/la-maison-du-soleil\/"},{"@type":"ListItem","position":2,"name":"Une belle apr\u00e8s-midi au Point Fort d\u2019Aubervilliers"}]},{"@type":"WebSite","@id":"https:\/\/isatis.asso.fr\/la-maison-du-soleil\/#website","url":"https:\/\/isatis.asso.fr\/la-maison-du-soleil\/","name":"La Maison du Soleil","description":"EHPAD - H\u00c9BERGEMENT TEMPORAIRE","potentialAction":[{"@type":"SearchAction","target":{"@type":"EntryPoint","urlTemplate":"https:\/\/isatis.asso.fr\/la-maison-du-soleil\/?s={search_term_string}"},"query-input":{"@type":"PropertyValueSpecification","valueRequired":true,"valueName":"search_term_string"}}],"inLanguage":"fr-FR"},{"@type":"Person","@id":"https:\/\/isatis.asso.fr\/la-maison-du-soleil\/#\/schema\/person\/6e6bac02e15a2c866899ea393f6a9291","name":"maisonsdusoleil86bd4xa","image":{"@type":"ImageObject","inLanguage":"fr-FR","@id":"https:\/\/secure.gravatar.com\/avatar\/7cf0c7d2c1467f0f276e4fb6a731d3922b9d1e28489dcd031905bda114a0061a?s=96&d=mm&r=g","url":"https:\/\/secure.gravatar.com\/avatar\/7cf0c7d2c1467f0f276e4fb6a731d3922b9d1e28489dcd031905bda114a0061a?s=96&d=mm&r=g","contentUrl":"https:\/\/secure.gravatar.com\/avatar\/7cf0c7d2c1467f0f276e4fb6a731d3922b9d1e28489dcd031905bda114a0061a?s=96&d=mm&r=g","caption":"maisonsdusoleil86bd4xa"},"url":"https:\/\/isatis.asso.fr\/la-maison-du-soleil\/author\/maisonsdusoleil86bd4xa\/"}]}},"_links":{"self":[{"href":"https:\/\/isatis.asso.fr\/la-maison-du-soleil\/wp-json\/wp\/v2\/posts\/1240","targetHints":{"allow":["GET"]}}],"collection":[{"href":"https:\/\/isatis.asso.fr\/la-maison-du-soleil\/wp-json\/wp\/v2\/posts"}],"about":[{"href":"https:\/\/isatis.asso.fr\/la-maison-du-soleil\/wp-json\/wp\/v2\/types\/post"}],"author":[{"embeddable":true,"href":"https:\/\/isatis.asso.fr\/la-maison-du-soleil\/wp-json\/wp\/v2\/users\/24"}],"replies":[{"embeddable":true,"href":"https:\/\/isatis.asso.fr\/la-maison-du-soleil\/wp-json\/wp\/v2\/comments?post=1240"}],"version-history":[{"count":1,"href":"https:\/\/isatis.asso.fr\/la-maison-du-soleil\/wp-json\/wp\/v2\/posts\/1240\/revisions"}],"predecessor-version":[{"id":1249,"href":"https:\/\/isatis.asso.fr\/la-maison-du-soleil\/wp-json\/wp\/v2\/posts\/1240\/revisions\/1249"}],"wp:featuredmedia":[{"embeddable":true,"href":"https:\/\/isatis.asso.fr\/la-maison-du-soleil\/wp-json\/wp\/v2\/media\/1248"}],"wp:attachment":[{"href":"https:\/\/isatis.asso.fr\/la-maison-du-soleil\/wp-json\/wp\/v2\/media?parent=1240"}],"wp:term":[{"taxonomy":"category","embeddable":true,"href":"https:\/\/isatis.asso.fr\/la-maison-du-soleil\/wp-json\/wp\/v2\/categories?post=1240"},{"taxonomy":"post_tag","embeddable":true,"href":"https:\/\/isatis.asso.fr\/la-maison-du-soleil\/wp-json\/wp\/v2\/tags?post=1240"}],"curies":[{"name":"wp","href":"https:\/\/api.w.org\/{rel}","templated":true}]}}