{"id":1130,"date":"2026-04-29T10:10:54","date_gmt":"2026-04-29T08:10:54","guid":{"rendered":"https:\/\/isatis.asso.fr\/la-maison-du-soleil\/?p=1130"},"modified":"2026-04-30T14:48:05","modified_gmt":"2026-04-30T12:48:05","slug":"les-enfants-font-pousser-le-printemps-%f0%9f%8c%b1","status":"publish","type":"post","link":"https:\/\/isatis.asso.fr\/la-maison-du-soleil\/2026\/04\/29\/les-enfants-font-pousser-le-printemps-%f0%9f%8c%b1\/","title":{"rendered":"Les enfants font pousser le printemps \ud83c\udf31"},"content":{"rendered":"\n<p>Avec les petits de l&rsquo;\u00e9cole maternelle Jean Perrin \u00e0 Aubervilliers, on s&rsquo;est lanc\u00e9s dans les semis, et quel bonheur de partager ce moment de jardinage tous ensemble ! Petits et grands se sont retrouv\u00e9s autour de cette activit\u00e9 aussi sympa qu&rsquo;enrichissante.<\/p>\n\n\n\n<figure class=\"wp-block-image size-full\"><img loading=\"lazy\" decoding=\"async\" width=\"452\" height=\"340\" src=\"https:\/\/isatis.asso.fr\/la-maison-du-soleil\/wp-content\/uploads\/sites\/24\/2026\/04\/capture-decran-2026-04-29-095638.png\" alt=\"\" class=\"wp-image-1132\" srcset=\"https:\/\/isatis.asso.fr\/la-maison-du-soleil\/wp-content\/uploads\/sites\/24\/2026\/04\/capture-decran-2026-04-29-095638.png 452w, https:\/\/isatis.asso.fr\/la-maison-du-soleil\/wp-content\/uploads\/sites\/24\/2026\/04\/capture-decran-2026-04-29-095638-300x226.png 300w\" sizes=\"auto, (max-width: 452px) 100vw, 452px\" \/><\/figure>\n\n\n\n<p>Au programme : des graines de fleurs, comme les \u0153illets, mais aussi des plantations gourmandes avec des tomates, des salades et des concombres. <\/p>\n\n\n\n<p>Les enfants auront ensuite la joie de replanter leurs semis dans le jardin de leur \u00e9cole et de les voir grandir jour apr\u00e8s jour.<\/p>\n\n\n\n<figure class=\"wp-block-image size-full\"><img loading=\"lazy\" decoding=\"async\" width=\"316\" height=\"428\" src=\"https:\/\/isatis.asso.fr\/la-maison-du-soleil\/wp-content\/uploads\/sites\/24\/2026\/04\/capture-decran-2026-04-29-095728.png\" alt=\"\" class=\"wp-image-1133\" srcset=\"https:\/\/isatis.asso.fr\/la-maison-du-soleil\/wp-content\/uploads\/sites\/24\/2026\/04\/capture-decran-2026-04-29-095728.png 316w, https:\/\/isatis.asso.fr\/la-maison-du-soleil\/wp-content\/uploads\/sites\/24\/2026\/04\/capture-decran-2026-04-29-095728-221x300.png 221w\" sizes=\"auto, (max-width: 316px) 100vw, 316px\" \/><\/figure>\n\n\n\n<p><\/p>\n\n\n\n<figure class=\"wp-block-image size-full\"><img loading=\"lazy\" decoding=\"async\" width=\"468\" height=\"347\" src=\"https:\/\/isatis.asso.fr\/la-maison-du-soleil\/wp-content\/uploads\/sites\/24\/2026\/04\/capture-decran-2026-04-29-095908.png\" alt=\"\" class=\"wp-image-1134\" srcset=\"https:\/\/isatis.asso.fr\/la-maison-du-soleil\/wp-content\/uploads\/sites\/24\/2026\/04\/capture-decran-2026-04-29-095908.png 468w, https:\/\/isatis.asso.fr\/la-maison-du-soleil\/wp-content\/uploads\/sites\/24\/2026\/04\/capture-decran-2026-04-29-095908-300x222.png 300w\" sizes=\"auto, (max-width: 468px) 100vw, 468px\" \/><\/figure>\n\n\n\n<p>Pour finir ce chouette moment, on a partag\u00e9 un petit go\u00fbter tous ensemble. Et comme d&rsquo;habitude, les enfants nous ont chant\u00e9 une adorable chanson, accompagn\u00e9s de leur super ma\u00eetresse Nassira.<\/p>\n\n\n\n<p>\u00c0 tr\u00e8s vite, les enfants !<\/p>\n","protected":false},"excerpt":{"rendered":"<p>Avec les petits de l&rsquo;\u00e9cole maternelle Jean Perrin \u00e0 Aubervilliers, on s&rsquo;est lanc\u00e9s dans les semis, et quel bonheur de partager ce moment de jardinage tous ensemble ! Petits et grands se sont retrouv\u00e9s autour de cette activit\u00e9 aussi sympa qu&rsquo;enrichissante. Au programme : des graines de fleurs, comme les \u0153illets, mais aussi des plantations [&hellip;]<\/p>\n","protected":false},"author":24,"featured_media":1131,"comment_status":"open","ping_status":"open","sticky":false,"template":"","format":"standard","meta":{"_acf_changed":false,"footnotes":""},"categories":[1],"tags":[],"class_list":["post-1130","post","type-post","status-publish","format-standard","has-post-thumbnail","hentry","category-non-classe"],"acf":[],"yoast_head":"<!-- This site is optimized with the Yoast SEO plugin v27.3 - https:\/\/yoast.com\/product\/yoast-seo-wordpress\/ -->\n<title>Les enfants font pousser le printemps \ud83c\udf31 - La Maison du Soleil<\/title>\n<meta name=\"robots\" content=\"index, follow, max-snippet:-1, max-image-preview:large, max-video-preview:-1\" \/>\n<link rel=\"canonical\" href=\"https:\/\/isatis.asso.fr\/la-maison-du-soleil\/2026\/04\/29\/les-enfants-font-pousser-le-printemps-\ud83c\udf31\/\" \/>\n<meta property=\"og:locale\" content=\"fr_FR\" \/>\n<meta property=\"og:type\" content=\"article\" \/>\n<meta property=\"og:title\" content=\"Les enfants font pousser le printemps \ud83c\udf31 - La Maison du Soleil\" \/>\n<meta property=\"og:description\" content=\"Avec les petits de l&rsquo;\u00e9cole maternelle Jean Perrin \u00e0 Aubervilliers, on s&rsquo;est lanc\u00e9s dans les semis, et quel bonheur de partager ce moment de jardinage tous ensemble ! Petits et grands se sont retrouv\u00e9s autour de cette activit\u00e9 aussi sympa qu&rsquo;enrichissante. Au programme : des graines de fleurs, comme les \u0153illets, mais aussi des plantations [&hellip;]\" \/>\n<meta property=\"og:url\" content=\"https:\/\/isatis.asso.fr\/la-maison-du-soleil\/2026\/04\/29\/les-enfants-font-pousser-le-printemps-\ud83c\udf31\/\" \/>\n<meta property=\"og:site_name\" content=\"La Maison du Soleil\" \/>\n<meta property=\"article:published_time\" content=\"2026-04-29T08:10:54+00:00\" \/>\n<meta property=\"article:modified_time\" content=\"2026-04-30T12:48:05+00:00\" \/>\n<meta property=\"og:image\" content=\"https:\/\/isatis.asso.fr\/la-maison-du-soleil\/wp-content\/uploads\/sites\/24\/2026\/04\/capture-decran-2026-04-29-095837.png\" \/>\n\t<meta property=\"og:image:width\" content=\"454\" \/>\n\t<meta property=\"og:image:height\" content=\"346\" \/>\n\t<meta property=\"og:image:type\" content=\"image\/png\" \/>\n<meta name=\"author\" content=\"maisonsdusoleil86bd4xa\" \/>\n<meta name=\"twitter:card\" content=\"summary_large_image\" \/>\n<meta name=\"twitter:label1\" content=\"\u00c9crit par\" \/>\n\t<meta name=\"twitter:data1\" content=\"maisonsdusoleil86bd4xa\" \/>\n\t<meta name=\"twitter:label2\" content=\"Dur\u00e9e de lecture estim\u00e9e\" \/>\n\t<meta name=\"twitter:data2\" content=\"2 minutes\" \/>\n<script type=\"application\/ld+json\" class=\"yoast-schema-graph\">{\"@context\":\"https:\\\/\\\/schema.org\",\"@graph\":[{\"@type\":\"Article\",\"@id\":\"https:\\\/\\\/isatis.asso.fr\\\/la-maison-du-soleil\\\/2026\\\/04\\\/29\\\/les-enfants-font-pousser-le-printemps-%f0%9f%8c%b1\\\/#article\",\"isPartOf\":{\"@id\":\"https:\\\/\\\/isatis.asso.fr\\\/la-maison-du-soleil\\\/2026\\\/04\\\/29\\\/les-enfants-font-pousser-le-printemps-%f0%9f%8c%b1\\\/\"},\"author\":{\"name\":\"maisonsdusoleil86bd4xa\",\"@id\":\"https:\\\/\\\/isatis.asso.fr\\\/la-maison-du-soleil\\\/#\\\/schema\\\/person\\\/6e6bac02e15a2c866899ea393f6a9291\"},\"headline\":\"Les enfants font pousser le printemps \ud83c\udf31\",\"datePublished\":\"2026-04-29T08:10:54+00:00\",\"dateModified\":\"2026-04-30T12:48:05+00:00\",\"mainEntityOfPage\":{\"@id\":\"https:\\\/\\\/isatis.asso.fr\\\/la-maison-du-soleil\\\/2026\\\/04\\\/29\\\/les-enfants-font-pousser-le-printemps-%f0%9f%8c%b1\\\/\"},\"wordCount\":136,\"commentCount\":0,\"image\":{\"@id\":\"https:\\\/\\\/isatis.asso.fr\\\/la-maison-du-soleil\\\/2026\\\/04\\\/29\\\/les-enfants-font-pousser-le-printemps-%f0%9f%8c%b1\\\/#primaryimage\"},\"thumbnailUrl\":\"https:\\\/\\\/isatis.asso.fr\\\/la-maison-du-soleil\\\/wp-content\\\/uploads\\\/sites\\\/24\\\/2026\\\/04\\\/capture-decran-2026-04-29-095837.png\",\"inLanguage\":\"fr-FR\",\"potentialAction\":[{\"@type\":\"CommentAction\",\"name\":\"Comment\",\"target\":[\"https:\\\/\\\/isatis.asso.fr\\\/la-maison-du-soleil\\\/2026\\\/04\\\/29\\\/les-enfants-font-pousser-le-printemps-%f0%9f%8c%b1\\\/#respond\"]}]},{\"@type\":\"WebPage\",\"@id\":\"https:\\\/\\\/isatis.asso.fr\\\/la-maison-du-soleil\\\/2026\\\/04\\\/29\\\/les-enfants-font-pousser-le-printemps-%f0%9f%8c%b1\\\/\",\"url\":\"https:\\\/\\\/isatis.asso.fr\\\/la-maison-du-soleil\\\/2026\\\/04\\\/29\\\/les-enfants-font-pousser-le-printemps-%f0%9f%8c%b1\\\/\",\"name\":\"Les enfants font pousser le printemps \ud83c\udf31 - La Maison du Soleil\",\"isPartOf\":{\"@id\":\"https:\\\/\\\/isatis.asso.fr\\\/la-maison-du-soleil\\\/#website\"},\"primaryImageOfPage\":{\"@id\":\"https:\\\/\\\/isatis.asso.fr\\\/la-maison-du-soleil\\\/2026\\\/04\\\/29\\\/les-enfants-font-pousser-le-printemps-%f0%9f%8c%b1\\\/#primaryimage\"},\"image\":{\"@id\":\"https:\\\/\\\/isatis.asso.fr\\\/la-maison-du-soleil\\\/2026\\\/04\\\/29\\\/les-enfants-font-pousser-le-printemps-%f0%9f%8c%b1\\\/#primaryimage\"},\"thumbnailUrl\":\"https:\\\/\\\/isatis.asso.fr\\\/la-maison-du-soleil\\\/wp-content\\\/uploads\\\/sites\\\/24\\\/2026\\\/04\\\/capture-decran-2026-04-29-095837.png\",\"datePublished\":\"2026-04-29T08:10:54+00:00\",\"dateModified\":\"2026-04-30T12:48:05+00:00\",\"author\":{\"@id\":\"https:\\\/\\\/isatis.asso.fr\\\/la-maison-du-soleil\\\/#\\\/schema\\\/person\\\/6e6bac02e15a2c866899ea393f6a9291\"},\"breadcrumb\":{\"@id\":\"https:\\\/\\\/isatis.asso.fr\\\/la-maison-du-soleil\\\/2026\\\/04\\\/29\\\/les-enfants-font-pousser-le-printemps-%f0%9f%8c%b1\\\/#breadcrumb\"},\"inLanguage\":\"fr-FR\",\"potentialAction\":[{\"@type\":\"ReadAction\",\"target\":[\"https:\\\/\\\/isatis.asso.fr\\\/la-maison-du-soleil\\\/2026\\\/04\\\/29\\\/les-enfants-font-pousser-le-printemps-%f0%9f%8c%b1\\\/\"]}]},{\"@type\":\"ImageObject\",\"inLanguage\":\"fr-FR\",\"@id\":\"https:\\\/\\\/isatis.asso.fr\\\/la-maison-du-soleil\\\/2026\\\/04\\\/29\\\/les-enfants-font-pousser-le-printemps-%f0%9f%8c%b1\\\/#primaryimage\",\"url\":\"https:\\\/\\\/isatis.asso.fr\\\/la-maison-du-soleil\\\/wp-content\\\/uploads\\\/sites\\\/24\\\/2026\\\/04\\\/capture-decran-2026-04-29-095837.png\",\"contentUrl\":\"https:\\\/\\\/isatis.asso.fr\\\/la-maison-du-soleil\\\/wp-content\\\/uploads\\\/sites\\\/24\\\/2026\\\/04\\\/capture-decran-2026-04-29-095837.png\",\"width\":454,\"height\":346},{\"@type\":\"BreadcrumbList\",\"@id\":\"https:\\\/\\\/isatis.asso.fr\\\/la-maison-du-soleil\\\/2026\\\/04\\\/29\\\/les-enfants-font-pousser-le-printemps-%f0%9f%8c%b1\\\/#breadcrumb\",\"itemListElement\":[{\"@type\":\"ListItem\",\"position\":1,\"name\":\"Accueil\",\"item\":\"https:\\\/\\\/isatis.asso.fr\\\/la-maison-du-soleil\\\/\"},{\"@type\":\"ListItem\",\"position\":2,\"name\":\"Les enfants font pousser le printemps \ud83c\udf31\"}]},{\"@type\":\"WebSite\",\"@id\":\"https:\\\/\\\/isatis.asso.fr\\\/la-maison-du-soleil\\\/#website\",\"url\":\"https:\\\/\\\/isatis.asso.fr\\\/la-maison-du-soleil\\\/\",\"name\":\"La Maison du Soleil\",\"description\":\"EHPAD - H\u00c9BERGEMENT TEMPORAIRE\",\"potentialAction\":[{\"@type\":\"SearchAction\",\"target\":{\"@type\":\"EntryPoint\",\"urlTemplate\":\"https:\\\/\\\/isatis.asso.fr\\\/la-maison-du-soleil\\\/?s={search_term_string}\"},\"query-input\":{\"@type\":\"PropertyValueSpecification\",\"valueRequired\":true,\"valueName\":\"search_term_string\"}}],\"inLanguage\":\"fr-FR\"},{\"@type\":\"Person\",\"@id\":\"https:\\\/\\\/isatis.asso.fr\\\/la-maison-du-soleil\\\/#\\\/schema\\\/person\\\/6e6bac02e15a2c866899ea393f6a9291\",\"name\":\"maisonsdusoleil86bd4xa\",\"image\":{\"@type\":\"ImageObject\",\"inLanguage\":\"fr-FR\",\"@id\":\"https:\\\/\\\/secure.gravatar.com\\\/avatar\\\/7cf0c7d2c1467f0f276e4fb6a731d3922b9d1e28489dcd031905bda114a0061a?s=96&d=mm&r=g\",\"url\":\"https:\\\/\\\/secure.gravatar.com\\\/avatar\\\/7cf0c7d2c1467f0f276e4fb6a731d3922b9d1e28489dcd031905bda114a0061a?s=96&d=mm&r=g\",\"contentUrl\":\"https:\\\/\\\/secure.gravatar.com\\\/avatar\\\/7cf0c7d2c1467f0f276e4fb6a731d3922b9d1e28489dcd031905bda114a0061a?s=96&d=mm&r=g\",\"caption\":\"maisonsdusoleil86bd4xa\"},\"url\":\"https:\\\/\\\/isatis.asso.fr\\\/la-maison-du-soleil\\\/author\\\/maisonsdusoleil86bd4xa\\\/\"}]}<\/script>\n<!-- \/ Yoast SEO plugin. -->","yoast_head_json":{"title":"Les enfants font pousser le printemps \ud83c\udf31 - La Maison du Soleil","robots":{"index":"index","follow":"follow","max-snippet":"max-snippet:-1","max-image-preview":"max-image-preview:large","max-video-preview":"max-video-preview:-1"},"canonical":"https:\/\/isatis.asso.fr\/la-maison-du-soleil\/2026\/04\/29\/les-enfants-font-pousser-le-printemps-\ud83c\udf31\/","og_locale":"fr_FR","og_type":"article","og_title":"Les enfants font pousser le printemps \ud83c\udf31 - La Maison du Soleil","og_description":"Avec les petits de l&rsquo;\u00e9cole maternelle Jean Perrin \u00e0 Aubervilliers, on s&rsquo;est lanc\u00e9s dans les semis, et quel bonheur de partager ce moment de jardinage tous ensemble ! Petits et grands se sont retrouv\u00e9s autour de cette activit\u00e9 aussi sympa qu&rsquo;enrichissante. Au programme : des graines de fleurs, comme les \u0153illets, mais aussi des plantations [&hellip;]","og_url":"https:\/\/isatis.asso.fr\/la-maison-du-soleil\/2026\/04\/29\/les-enfants-font-pousser-le-printemps-\ud83c\udf31\/","og_site_name":"La Maison du Soleil","article_published_time":"2026-04-29T08:10:54+00:00","article_modified_time":"2026-04-30T12:48:05+00:00","og_image":[{"width":454,"height":346,"url":"https:\/\/isatis.asso.fr\/la-maison-du-soleil\/wp-content\/uploads\/sites\/24\/2026\/04\/capture-decran-2026-04-29-095837.png","type":"image\/png"}],"author":"maisonsdusoleil86bd4xa","twitter_card":"summary_large_image","twitter_misc":{"\u00c9crit par":"maisonsdusoleil86bd4xa","Dur\u00e9e de lecture estim\u00e9e":"2 minutes"},"schema":{"@context":"https:\/\/schema.org","@graph":[{"@type":"Article","@id":"https:\/\/isatis.asso.fr\/la-maison-du-soleil\/2026\/04\/29\/les-enfants-font-pousser-le-printemps-%f0%9f%8c%b1\/#article","isPartOf":{"@id":"https:\/\/isatis.asso.fr\/la-maison-du-soleil\/2026\/04\/29\/les-enfants-font-pousser-le-printemps-%f0%9f%8c%b1\/"},"author":{"name":"maisonsdusoleil86bd4xa","@id":"https:\/\/isatis.asso.fr\/la-maison-du-soleil\/#\/schema\/person\/6e6bac02e15a2c866899ea393f6a9291"},"headline":"Les enfants font pousser le printemps \ud83c\udf31","datePublished":"2026-04-29T08:10:54+00:00","dateModified":"2026-04-30T12:48:05+00:00","mainEntityOfPage":{"@id":"https:\/\/isatis.asso.fr\/la-maison-du-soleil\/2026\/04\/29\/les-enfants-font-pousser-le-printemps-%f0%9f%8c%b1\/"},"wordCount":136,"commentCount":0,"image":{"@id":"https:\/\/isatis.asso.fr\/la-maison-du-soleil\/2026\/04\/29\/les-enfants-font-pousser-le-printemps-%f0%9f%8c%b1\/#primaryimage"},"thumbnailUrl":"https:\/\/isatis.asso.fr\/la-maison-du-soleil\/wp-content\/uploads\/sites\/24\/2026\/04\/capture-decran-2026-04-29-095837.png","inLanguage":"fr-FR","potentialAction":[{"@type":"CommentAction","name":"Comment","target":["https:\/\/isatis.asso.fr\/la-maison-du-soleil\/2026\/04\/29\/les-enfants-font-pousser-le-printemps-%f0%9f%8c%b1\/#respond"]}]},{"@type":"WebPage","@id":"https:\/\/isatis.asso.fr\/la-maison-du-soleil\/2026\/04\/29\/les-enfants-font-pousser-le-printemps-%f0%9f%8c%b1\/","url":"https:\/\/isatis.asso.fr\/la-maison-du-soleil\/2026\/04\/29\/les-enfants-font-pousser-le-printemps-%f0%9f%8c%b1\/","name":"Les enfants font pousser le printemps \ud83c\udf31 - La Maison du Soleil","isPartOf":{"@id":"https:\/\/isatis.asso.fr\/la-maison-du-soleil\/#website"},"primaryImageOfPage":{"@id":"https:\/\/isatis.asso.fr\/la-maison-du-soleil\/2026\/04\/29\/les-enfants-font-pousser-le-printemps-%f0%9f%8c%b1\/#primaryimage"},"image":{"@id":"https:\/\/isatis.asso.fr\/la-maison-du-soleil\/2026\/04\/29\/les-enfants-font-pousser-le-printemps-%f0%9f%8c%b1\/#primaryimage"},"thumbnailUrl":"https:\/\/isatis.asso.fr\/la-maison-du-soleil\/wp-content\/uploads\/sites\/24\/2026\/04\/capture-decran-2026-04-29-095837.png","datePublished":"2026-04-29T08:10:54+00:00","dateModified":"2026-04-30T12:48:05+00:00","author":{"@id":"https:\/\/isatis.asso.fr\/la-maison-du-soleil\/#\/schema\/person\/6e6bac02e15a2c866899ea393f6a9291"},"breadcrumb":{"@id":"https:\/\/isatis.asso.fr\/la-maison-du-soleil\/2026\/04\/29\/les-enfants-font-pousser-le-printemps-%f0%9f%8c%b1\/#breadcrumb"},"inLanguage":"fr-FR","potentialAction":[{"@type":"ReadAction","target":["https:\/\/isatis.asso.fr\/la-maison-du-soleil\/2026\/04\/29\/les-enfants-font-pousser-le-printemps-%f0%9f%8c%b1\/"]}]},{"@type":"ImageObject","inLanguage":"fr-FR","@id":"https:\/\/isatis.asso.fr\/la-maison-du-soleil\/2026\/04\/29\/les-enfants-font-pousser-le-printemps-%f0%9f%8c%b1\/#primaryimage","url":"https:\/\/isatis.asso.fr\/la-maison-du-soleil\/wp-content\/uploads\/sites\/24\/2026\/04\/capture-decran-2026-04-29-095837.png","contentUrl":"https:\/\/isatis.asso.fr\/la-maison-du-soleil\/wp-content\/uploads\/sites\/24\/2026\/04\/capture-decran-2026-04-29-095837.png","width":454,"height":346},{"@type":"BreadcrumbList","@id":"https:\/\/isatis.asso.fr\/la-maison-du-soleil\/2026\/04\/29\/les-enfants-font-pousser-le-printemps-%f0%9f%8c%b1\/#breadcrumb","itemListElement":[{"@type":"ListItem","position":1,"name":"Accueil","item":"https:\/\/isatis.asso.fr\/la-maison-du-soleil\/"},{"@type":"ListItem","position":2,"name":"Les enfants font pousser le printemps \ud83c\udf31"}]},{"@type":"WebSite","@id":"https:\/\/isatis.asso.fr\/la-maison-du-soleil\/#website","url":"https:\/\/isatis.asso.fr\/la-maison-du-soleil\/","name":"La Maison du Soleil","description":"EHPAD - H\u00c9BERGEMENT TEMPORAIRE","potentialAction":[{"@type":"SearchAction","target":{"@type":"EntryPoint","urlTemplate":"https:\/\/isatis.asso.fr\/la-maison-du-soleil\/?s={search_term_string}"},"query-input":{"@type":"PropertyValueSpecification","valueRequired":true,"valueName":"search_term_string"}}],"inLanguage":"fr-FR"},{"@type":"Person","@id":"https:\/\/isatis.asso.fr\/la-maison-du-soleil\/#\/schema\/person\/6e6bac02e15a2c866899ea393f6a9291","name":"maisonsdusoleil86bd4xa","image":{"@type":"ImageObject","inLanguage":"fr-FR","@id":"https:\/\/secure.gravatar.com\/avatar\/7cf0c7d2c1467f0f276e4fb6a731d3922b9d1e28489dcd031905bda114a0061a?s=96&d=mm&r=g","url":"https:\/\/secure.gravatar.com\/avatar\/7cf0c7d2c1467f0f276e4fb6a731d3922b9d1e28489dcd031905bda114a0061a?s=96&d=mm&r=g","contentUrl":"https:\/\/secure.gravatar.com\/avatar\/7cf0c7d2c1467f0f276e4fb6a731d3922b9d1e28489dcd031905bda114a0061a?s=96&d=mm&r=g","caption":"maisonsdusoleil86bd4xa"},"url":"https:\/\/isatis.asso.fr\/la-maison-du-soleil\/author\/maisonsdusoleil86bd4xa\/"}]}},"_links":{"self":[{"href":"https:\/\/isatis.asso.fr\/la-maison-du-soleil\/wp-json\/wp\/v2\/posts\/1130","targetHints":{"allow":["GET"]}}],"collection":[{"href":"https:\/\/isatis.asso.fr\/la-maison-du-soleil\/wp-json\/wp\/v2\/posts"}],"about":[{"href":"https:\/\/isatis.asso.fr\/la-maison-du-soleil\/wp-json\/wp\/v2\/types\/post"}],"author":[{"embeddable":true,"href":"https:\/\/isatis.asso.fr\/la-maison-du-soleil\/wp-json\/wp\/v2\/users\/24"}],"replies":[{"embeddable":true,"href":"https:\/\/isatis.asso.fr\/la-maison-du-soleil\/wp-json\/wp\/v2\/comments?post=1130"}],"version-history":[{"count":2,"href":"https:\/\/isatis.asso.fr\/la-maison-du-soleil\/wp-json\/wp\/v2\/posts\/1130\/revisions"}],"predecessor-version":[{"id":1139,"href":"https:\/\/isatis.asso.fr\/la-maison-du-soleil\/wp-json\/wp\/v2\/posts\/1130\/revisions\/1139"}],"wp:featuredmedia":[{"embeddable":true,"href":"https:\/\/isatis.asso.fr\/la-maison-du-soleil\/wp-json\/wp\/v2\/media\/1131"}],"wp:attachment":[{"href":"https:\/\/isatis.asso.fr\/la-maison-du-soleil\/wp-json\/wp\/v2\/media?parent=1130"}],"wp:term":[{"taxonomy":"category","embeddable":true,"href":"https:\/\/isatis.asso.fr\/la-maison-du-soleil\/wp-json\/wp\/v2\/categories?post=1130"},{"taxonomy":"post_tag","embeddable":true,"href":"https:\/\/isatis.asso.fr\/la-maison-du-soleil\/wp-json\/wp\/v2\/tags?post=1130"}],"curies":[{"name":"wp","href":"https:\/\/api.w.org\/{rel}","templated":true}]}}