{"id":1201,"date":"2026-06-25T16:00:35","date_gmt":"2026-06-25T14:00:35","guid":{"rendered":"https:\/\/isatis.asso.fr\/la-maison-des-vergers\/?p=1201"},"modified":"2026-07-24T16:00:55","modified_gmt":"2026-07-24T14:00:55","slug":"1201","status":"publish","type":"post","link":"https:\/\/isatis.asso.fr\/la-maison-des-vergers\/2026\/06\/25\/1201\/","title":{"rendered":""},"content":{"rendered":"\n<p class=\"wp-block-paragraph\">Depuis 2024 Margaux Rifkiss, championne d&rsquo;Europe d&rsquo;escrime, vient animer un atelier d&rsquo;escrime tous les mercredis pour le plus grand bonheur des r\u00e9sidents.<\/p>\n\n\n\n<figure class=\"wp-block-image size-large\"><img loading=\"lazy\" decoding=\"async\" width=\"768\" height=\"1024\" src=\"https:\/\/isatis.asso.fr\/la-maison-des-vergers\/wp-content\/uploads\/sites\/25\/2026\/07\/escrime-2-768x1024.jpg\" alt=\"\" class=\"wp-image-1203\" srcset=\"https:\/\/isatis.asso.fr\/la-maison-des-vergers\/wp-content\/uploads\/sites\/25\/2026\/07\/escrime-2-768x1024.jpg 768w, https:\/\/isatis.asso.fr\/la-maison-des-vergers\/wp-content\/uploads\/sites\/25\/2026\/07\/escrime-2-225x300.jpg 225w, https:\/\/isatis.asso.fr\/la-maison-des-vergers\/wp-content\/uploads\/sites\/25\/2026\/07\/escrime-2-1152x1536.jpg 1152w, https:\/\/isatis.asso.fr\/la-maison-des-vergers\/wp-content\/uploads\/sites\/25\/2026\/07\/escrime-2-1536x2048.jpg 1536w, https:\/\/isatis.asso.fr\/la-maison-des-vergers\/wp-content\/uploads\/sites\/25\/2026\/07\/escrime-2-750x1000.jpg 750w, https:\/\/isatis.asso.fr\/la-maison-des-vergers\/wp-content\/uploads\/sites\/25\/2026\/07\/escrime-2-scaled.jpg 1920w\" sizes=\"auto, (max-width: 768px) 100vw, 768px\" \/><\/figure>\n\n\n\n<figure class=\"wp-block-image size-large\"><img loading=\"lazy\" decoding=\"async\" width=\"1024\" height=\"768\" src=\"https:\/\/isatis.asso.fr\/la-maison-des-vergers\/wp-content\/uploads\/sites\/25\/2026\/07\/escrime-3-1024x768.jpg\" alt=\"\" class=\"wp-image-1204\" srcset=\"https:\/\/isatis.asso.fr\/la-maison-des-vergers\/wp-content\/uploads\/sites\/25\/2026\/07\/escrime-3-1024x768.jpg 1024w, https:\/\/isatis.asso.fr\/la-maison-des-vergers\/wp-content\/uploads\/sites\/25\/2026\/07\/escrime-3-300x225.jpg 300w, https:\/\/isatis.asso.fr\/la-maison-des-vergers\/wp-content\/uploads\/sites\/25\/2026\/07\/escrime-3-768x576.jpg 768w, https:\/\/isatis.asso.fr\/la-maison-des-vergers\/wp-content\/uploads\/sites\/25\/2026\/07\/escrime-3-1536x1152.jpg 1536w, https:\/\/isatis.asso.fr\/la-maison-des-vergers\/wp-content\/uploads\/sites\/25\/2026\/07\/escrime-3-2048x1536.jpg 2048w, https:\/\/isatis.asso.fr\/la-maison-des-vergers\/wp-content\/uploads\/sites\/25\/2026\/07\/escrime-3-1333x1000.jpg 1333w\" sizes=\"auto, (max-width: 1024px) 100vw, 1024px\" \/><\/figure>\n\n\n\n<figure class=\"wp-block-image size-large\"><img loading=\"lazy\" decoding=\"async\" width=\"1024\" height=\"768\" src=\"https:\/\/isatis.asso.fr\/la-maison-des-vergers\/wp-content\/uploads\/sites\/25\/2026\/07\/escrime-4-1024x768.jpg\" alt=\"\" class=\"wp-image-1205\" srcset=\"https:\/\/isatis.asso.fr\/la-maison-des-vergers\/wp-content\/uploads\/sites\/25\/2026\/07\/escrime-4-1024x768.jpg 1024w, https:\/\/isatis.asso.fr\/la-maison-des-vergers\/wp-content\/uploads\/sites\/25\/2026\/07\/escrime-4-300x225.jpg 300w, https:\/\/isatis.asso.fr\/la-maison-des-vergers\/wp-content\/uploads\/sites\/25\/2026\/07\/escrime-4-768x576.jpg 768w, https:\/\/isatis.asso.fr\/la-maison-des-vergers\/wp-content\/uploads\/sites\/25\/2026\/07\/escrime-4-1536x1152.jpg 1536w, https:\/\/isatis.asso.fr\/la-maison-des-vergers\/wp-content\/uploads\/sites\/25\/2026\/07\/escrime-4-2048x1536.jpg 2048w, https:\/\/isatis.asso.fr\/la-maison-des-vergers\/wp-content\/uploads\/sites\/25\/2026\/07\/escrime-4-1333x1000.jpg 1333w\" sizes=\"auto, (max-width: 1024px) 100vw, 1024px\" \/><\/figure>\n\n\n\n<p class=\"wp-block-paragraph\"><\/p>\n","protected":false},"excerpt":{"rendered":"<p>Depuis 2024 Margaux Rifkiss, championne d&rsquo;Europe d&rsquo;escrime, vient animer un atelier d&rsquo;escrime tous les mercredis pour le plus grand bonheur des r\u00e9sidents.<\/p>\n","protected":false},"author":1,"featured_media":1196,"comment_status":"open","ping_status":"open","sticky":false,"template":"","format":"standard","meta":{"_acf_changed":false,"footnotes":""},"categories":[1],"tags":[],"class_list":["post-1201","post","type-post","status-publish","format-standard","has-post-thumbnail","hentry","category-non-classe"],"acf":[],"yoast_head":"<!-- This site is optimized with the Yoast SEO plugin v28.0 - https:\/\/yoast.com\/product\/yoast-seo-wordpress\/ -->\n<title>- La Maison des Vergers<\/title>\n<meta name=\"robots\" content=\"index, follow, max-snippet:-1, max-image-preview:large, max-video-preview:-1\" \/>\n<link rel=\"canonical\" href=\"https:\/\/isatis.asso.fr\/la-maison-des-vergers\/2026\/06\/25\/1201\/\" \/>\n<meta property=\"og:locale\" content=\"fr_FR\" \/>\n<meta property=\"og:type\" content=\"article\" \/>\n<meta property=\"og:title\" content=\"- La Maison des Vergers\" \/>\n<meta property=\"og:description\" content=\"Depuis 2024 Margaux Rifkiss, championne d&rsquo;Europe d&rsquo;escrime, vient animer un atelier d&rsquo;escrime tous les mercredis pour le plus grand bonheur des r\u00e9sidents.\" \/>\n<meta property=\"og:url\" content=\"https:\/\/isatis.asso.fr\/la-maison-des-vergers\/2026\/06\/25\/1201\/\" \/>\n<meta property=\"og:site_name\" content=\"La Maison des Vergers\" \/>\n<meta property=\"article:published_time\" content=\"2026-06-25T14:00:35+00:00\" \/>\n<meta property=\"article:modified_time\" content=\"2026-07-24T14:00:55+00:00\" \/>\n<meta property=\"og:image\" content=\"https:\/\/isatis.asso.fr\/la-maison-des-vergers\/wp-content\/uploads\/sites\/25\/2026\/07\/escrime-1-scaled.jpg\" \/>\n\t<meta property=\"og:image:width\" content=\"2560\" \/>\n\t<meta property=\"og:image:height\" content=\"1920\" \/>\n\t<meta property=\"og:image:type\" content=\"image\/jpeg\" \/>\n<meta name=\"author\" content=\"admin-JvSCLhrNBE\" \/>\n<meta name=\"twitter:card\" content=\"summary_large_image\" \/>\n<meta name=\"twitter:label1\" content=\"\u00c9crit par\" \/>\n\t<meta name=\"twitter:data1\" content=\"admin-JvSCLhrNBE\" \/>\n\t<meta name=\"twitter:label2\" content=\"Dur\u00e9e de lecture estim\u00e9e\" \/>\n\t<meta name=\"twitter:data2\" content=\"1 minute\" \/>\n<script type=\"application\/ld+json\" class=\"yoast-schema-graph\">{\"@context\":\"https:\\\/\\\/schema.org\",\"@graph\":[{\"@type\":\"Article\",\"@id\":\"https:\\\/\\\/isatis.asso.fr\\\/la-maison-des-vergers\\\/2026\\\/06\\\/25\\\/1201\\\/#article\",\"isPartOf\":{\"@id\":\"https:\\\/\\\/isatis.asso.fr\\\/la-maison-des-vergers\\\/2026\\\/06\\\/25\\\/1201\\\/\"},\"author\":{\"name\":\"admin-JvSCLhrNBE\",\"@id\":\"https:\\\/\\\/isatis.asso.fr\\\/la-maison-des-vergers\\\/#\\\/schema\\\/person\\\/943b5c9342f7eca9dde826898907ac00\"},\"headline\":\"Aucun titre\",\"datePublished\":\"2026-06-25T14:00:35+00:00\",\"dateModified\":\"2026-07-24T14:00:55+00:00\",\"mainEntityOfPage\":{\"@id\":\"https:\\\/\\\/isatis.asso.fr\\\/la-maison-des-vergers\\\/2026\\\/06\\\/25\\\/1201\\\/\"},\"wordCount\":25,\"commentCount\":0,\"image\":{\"@id\":\"https:\\\/\\\/isatis.asso.fr\\\/la-maison-des-vergers\\\/2026\\\/06\\\/25\\\/1201\\\/#primaryimage\"},\"thumbnailUrl\":\"https:\\\/\\\/isatis.asso.fr\\\/la-maison-des-vergers\\\/wp-content\\\/uploads\\\/sites\\\/25\\\/2026\\\/07\\\/escrime-1-scaled.jpg\",\"inLanguage\":\"fr-FR\",\"potentialAction\":[{\"@type\":\"CommentAction\",\"name\":\"Comment\",\"target\":[\"https:\\\/\\\/isatis.asso.fr\\\/la-maison-des-vergers\\\/2026\\\/06\\\/25\\\/1201\\\/#respond\"]}]},{\"@type\":\"WebPage\",\"@id\":\"https:\\\/\\\/isatis.asso.fr\\\/la-maison-des-vergers\\\/2026\\\/06\\\/25\\\/1201\\\/\",\"url\":\"https:\\\/\\\/isatis.asso.fr\\\/la-maison-des-vergers\\\/2026\\\/06\\\/25\\\/1201\\\/\",\"name\":\"- La Maison des Vergers\",\"isPartOf\":{\"@id\":\"https:\\\/\\\/isatis.asso.fr\\\/la-maison-des-vergers\\\/#website\"},\"primaryImageOfPage\":{\"@id\":\"https:\\\/\\\/isatis.asso.fr\\\/la-maison-des-vergers\\\/2026\\\/06\\\/25\\\/1201\\\/#primaryimage\"},\"image\":{\"@id\":\"https:\\\/\\\/isatis.asso.fr\\\/la-maison-des-vergers\\\/2026\\\/06\\\/25\\\/1201\\\/#primaryimage\"},\"thumbnailUrl\":\"https:\\\/\\\/isatis.asso.fr\\\/la-maison-des-vergers\\\/wp-content\\\/uploads\\\/sites\\\/25\\\/2026\\\/07\\\/escrime-1-scaled.jpg\",\"datePublished\":\"2026-06-25T14:00:35+00:00\",\"dateModified\":\"2026-07-24T14:00:55+00:00\",\"author\":{\"@id\":\"https:\\\/\\\/isatis.asso.fr\\\/la-maison-des-vergers\\\/#\\\/schema\\\/person\\\/943b5c9342f7eca9dde826898907ac00\"},\"inLanguage\":\"fr-FR\",\"potentialAction\":[{\"@type\":\"ReadAction\",\"target\":[\"https:\\\/\\\/isatis.asso.fr\\\/la-maison-des-vergers\\\/2026\\\/06\\\/25\\\/1201\\\/\"]}]},{\"@type\":\"ImageObject\",\"inLanguage\":\"fr-FR\",\"@id\":\"https:\\\/\\\/isatis.asso.fr\\\/la-maison-des-vergers\\\/2026\\\/06\\\/25\\\/1201\\\/#primaryimage\",\"url\":\"https:\\\/\\\/isatis.asso.fr\\\/la-maison-des-vergers\\\/wp-content\\\/uploads\\\/sites\\\/25\\\/2026\\\/07\\\/escrime-1-scaled.jpg\",\"contentUrl\":\"https:\\\/\\\/isatis.asso.fr\\\/la-maison-des-vergers\\\/wp-content\\\/uploads\\\/sites\\\/25\\\/2026\\\/07\\\/escrime-1-scaled.jpg\",\"width\":2560,\"height\":1920},{\"@type\":\"WebSite\",\"@id\":\"https:\\\/\\\/isatis.asso.fr\\\/la-maison-des-vergers\\\/#website\",\"url\":\"https:\\\/\\\/isatis.asso.fr\\\/la-maison-des-vergers\\\/\",\"name\":\"La Maison des Vergers\",\"description\":\"EHPAD - H\u00c9BERGEMENT TEMPORAIRE - PASA\",\"potentialAction\":[{\"@type\":\"SearchAction\",\"target\":{\"@type\":\"EntryPoint\",\"urlTemplate\":\"https:\\\/\\\/isatis.asso.fr\\\/la-maison-des-vergers\\\/?s={search_term_string}\"},\"query-input\":{\"@type\":\"PropertyValueSpecification\",\"valueRequired\":true,\"valueName\":\"search_term_string\"}}],\"inLanguage\":\"fr-FR\"},{\"@type\":\"Person\",\"@id\":\"https:\\\/\\\/isatis.asso.fr\\\/la-maison-des-vergers\\\/#\\\/schema\\\/person\\\/943b5c9342f7eca9dde826898907ac00\",\"name\":\"admin-JvSCLhrNBE\",\"image\":{\"@type\":\"ImageObject\",\"inLanguage\":\"fr-FR\",\"@id\":\"https:\\\/\\\/secure.gravatar.com\\\/avatar\\\/9fef2e391c1026c7beb8af401ba2921a9720276f60a56855496e994678f86fda?s=96&d=mm&r=g\",\"url\":\"https:\\\/\\\/secure.gravatar.com\\\/avatar\\\/9fef2e391c1026c7beb8af401ba2921a9720276f60a56855496e994678f86fda?s=96&d=mm&r=g\",\"contentUrl\":\"https:\\\/\\\/secure.gravatar.com\\\/avatar\\\/9fef2e391c1026c7beb8af401ba2921a9720276f60a56855496e994678f86fda?s=96&d=mm&r=g\",\"caption\":\"admin-JvSCLhrNBE\"},\"url\":\"https:\\\/\\\/isatis.asso.fr\\\/la-maison-des-vergers\\\/author\\\/admin-jvsclhrnbe\\\/\"}]}<\/script>\n<!-- \/ Yoast SEO plugin. -->","yoast_head_json":{"title":"- La Maison des Vergers","robots":{"index":"index","follow":"follow","max-snippet":"max-snippet:-1","max-image-preview":"max-image-preview:large","max-video-preview":"max-video-preview:-1"},"canonical":"https:\/\/isatis.asso.fr\/la-maison-des-vergers\/2026\/06\/25\/1201\/","og_locale":"fr_FR","og_type":"article","og_title":"- La Maison des Vergers","og_description":"Depuis 2024 Margaux Rifkiss, championne d&rsquo;Europe d&rsquo;escrime, vient animer un atelier d&rsquo;escrime tous les mercredis pour le plus grand bonheur des r\u00e9sidents.","og_url":"https:\/\/isatis.asso.fr\/la-maison-des-vergers\/2026\/06\/25\/1201\/","og_site_name":"La Maison des Vergers","article_published_time":"2026-06-25T14:00:35+00:00","article_modified_time":"2026-07-24T14:00:55+00:00","og_image":[{"width":2560,"height":1920,"url":"https:\/\/isatis.asso.fr\/la-maison-des-vergers\/wp-content\/uploads\/sites\/25\/2026\/07\/escrime-1-scaled.jpg","type":"image\/jpeg"}],"author":"admin-JvSCLhrNBE","twitter_card":"summary_large_image","twitter_misc":{"\u00c9crit par":"admin-JvSCLhrNBE","Dur\u00e9e de lecture estim\u00e9e":"1 minute"},"schema":{"@context":"https:\/\/schema.org","@graph":[{"@type":"Article","@id":"https:\/\/isatis.asso.fr\/la-maison-des-vergers\/2026\/06\/25\/1201\/#article","isPartOf":{"@id":"https:\/\/isatis.asso.fr\/la-maison-des-vergers\/2026\/06\/25\/1201\/"},"author":{"name":"admin-JvSCLhrNBE","@id":"https:\/\/isatis.asso.fr\/la-maison-des-vergers\/#\/schema\/person\/943b5c9342f7eca9dde826898907ac00"},"headline":"Aucun titre","datePublished":"2026-06-25T14:00:35+00:00","dateModified":"2026-07-24T14:00:55+00:00","mainEntityOfPage":{"@id":"https:\/\/isatis.asso.fr\/la-maison-des-vergers\/2026\/06\/25\/1201\/"},"wordCount":25,"commentCount":0,"image":{"@id":"https:\/\/isatis.asso.fr\/la-maison-des-vergers\/2026\/06\/25\/1201\/#primaryimage"},"thumbnailUrl":"https:\/\/isatis.asso.fr\/la-maison-des-vergers\/wp-content\/uploads\/sites\/25\/2026\/07\/escrime-1-scaled.jpg","inLanguage":"fr-FR","potentialAction":[{"@type":"CommentAction","name":"Comment","target":["https:\/\/isatis.asso.fr\/la-maison-des-vergers\/2026\/06\/25\/1201\/#respond"]}]},{"@type":"WebPage","@id":"https:\/\/isatis.asso.fr\/la-maison-des-vergers\/2026\/06\/25\/1201\/","url":"https:\/\/isatis.asso.fr\/la-maison-des-vergers\/2026\/06\/25\/1201\/","name":"- La Maison des Vergers","isPartOf":{"@id":"https:\/\/isatis.asso.fr\/la-maison-des-vergers\/#website"},"primaryImageOfPage":{"@id":"https:\/\/isatis.asso.fr\/la-maison-des-vergers\/2026\/06\/25\/1201\/#primaryimage"},"image":{"@id":"https:\/\/isatis.asso.fr\/la-maison-des-vergers\/2026\/06\/25\/1201\/#primaryimage"},"thumbnailUrl":"https:\/\/isatis.asso.fr\/la-maison-des-vergers\/wp-content\/uploads\/sites\/25\/2026\/07\/escrime-1-scaled.jpg","datePublished":"2026-06-25T14:00:35+00:00","dateModified":"2026-07-24T14:00:55+00:00","author":{"@id":"https:\/\/isatis.asso.fr\/la-maison-des-vergers\/#\/schema\/person\/943b5c9342f7eca9dde826898907ac00"},"inLanguage":"fr-FR","potentialAction":[{"@type":"ReadAction","target":["https:\/\/isatis.asso.fr\/la-maison-des-vergers\/2026\/06\/25\/1201\/"]}]},{"@type":"ImageObject","inLanguage":"fr-FR","@id":"https:\/\/isatis.asso.fr\/la-maison-des-vergers\/2026\/06\/25\/1201\/#primaryimage","url":"https:\/\/isatis.asso.fr\/la-maison-des-vergers\/wp-content\/uploads\/sites\/25\/2026\/07\/escrime-1-scaled.jpg","contentUrl":"https:\/\/isatis.asso.fr\/la-maison-des-vergers\/wp-content\/uploads\/sites\/25\/2026\/07\/escrime-1-scaled.jpg","width":2560,"height":1920},{"@type":"WebSite","@id":"https:\/\/isatis.asso.fr\/la-maison-des-vergers\/#website","url":"https:\/\/isatis.asso.fr\/la-maison-des-vergers\/","name":"La Maison des Vergers","description":"EHPAD - H\u00c9BERGEMENT TEMPORAIRE - PASA","potentialAction":[{"@type":"SearchAction","target":{"@type":"EntryPoint","urlTemplate":"https:\/\/isatis.asso.fr\/la-maison-des-vergers\/?s={search_term_string}"},"query-input":{"@type":"PropertyValueSpecification","valueRequired":true,"valueName":"search_term_string"}}],"inLanguage":"fr-FR"},{"@type":"Person","@id":"https:\/\/isatis.asso.fr\/la-maison-des-vergers\/#\/schema\/person\/943b5c9342f7eca9dde826898907ac00","name":"admin-JvSCLhrNBE","image":{"@type":"ImageObject","inLanguage":"fr-FR","@id":"https:\/\/secure.gravatar.com\/avatar\/9fef2e391c1026c7beb8af401ba2921a9720276f60a56855496e994678f86fda?s=96&d=mm&r=g","url":"https:\/\/secure.gravatar.com\/avatar\/9fef2e391c1026c7beb8af401ba2921a9720276f60a56855496e994678f86fda?s=96&d=mm&r=g","contentUrl":"https:\/\/secure.gravatar.com\/avatar\/9fef2e391c1026c7beb8af401ba2921a9720276f60a56855496e994678f86fda?s=96&d=mm&r=g","caption":"admin-JvSCLhrNBE"},"url":"https:\/\/isatis.asso.fr\/la-maison-des-vergers\/author\/admin-jvsclhrnbe\/"}]}},"_links":{"self":[{"href":"https:\/\/isatis.asso.fr\/la-maison-des-vergers\/wp-json\/wp\/v2\/posts\/1201","targetHints":{"allow":["GET"]}}],"collection":[{"href":"https:\/\/isatis.asso.fr\/la-maison-des-vergers\/wp-json\/wp\/v2\/posts"}],"about":[{"href":"https:\/\/isatis.asso.fr\/la-maison-des-vergers\/wp-json\/wp\/v2\/types\/post"}],"author":[{"embeddable":true,"href":"https:\/\/isatis.asso.fr\/la-maison-des-vergers\/wp-json\/wp\/v2\/users\/1"}],"replies":[{"embeddable":true,"href":"https:\/\/isatis.asso.fr\/la-maison-des-vergers\/wp-json\/wp\/v2\/comments?post=1201"}],"version-history":[{"count":2,"href":"https:\/\/isatis.asso.fr\/la-maison-des-vergers\/wp-json\/wp\/v2\/posts\/1201\/revisions"}],"predecessor-version":[{"id":1207,"href":"https:\/\/isatis.asso.fr\/la-maison-des-vergers\/wp-json\/wp\/v2\/posts\/1201\/revisions\/1207"}],"wp:featuredmedia":[{"embeddable":true,"href":"https:\/\/isatis.asso.fr\/la-maison-des-vergers\/wp-json\/wp\/v2\/media\/1196"}],"wp:attachment":[{"href":"https:\/\/isatis.asso.fr\/la-maison-des-vergers\/wp-json\/wp\/v2\/media?parent=1201"}],"wp:term":[{"taxonomy":"category","embeddable":true,"href":"https:\/\/isatis.asso.fr\/la-maison-des-vergers\/wp-json\/wp\/v2\/categories?post=1201"},{"taxonomy":"post_tag","embeddable":true,"href":"https:\/\/isatis.asso.fr\/la-maison-des-vergers\/wp-json\/wp\/v2\/tags?post=1201"}],"curies":[{"name":"wp","href":"https:\/\/api.w.org\/{rel}","templated":true}]}}