{"id":1169,"date":"2026-07-24T14:25:20","date_gmt":"2026-07-24T12:25:20","guid":{"rendered":"https:\/\/isatis.asso.fr\/la-maison-des-vergers\/?p=1169"},"modified":"2026-07-24T14:27:11","modified_gmt":"2026-07-24T12:27:11","slug":"1169","status":"publish","type":"post","link":"https:\/\/isatis.asso.fr\/la-maison-des-vergers\/2026\/07\/24\/1169\/","title":{"rendered":"Rencontre autour d&rsquo;un projet"},"content":{"rendered":"\n<p class=\"wp-block-paragraph\">Le projet \u00ab\u00a0nos vies en couleur\u00a0\u00bb (<a href=\"https:\/\/isatis.asso.fr\/la-maison-des-vergers\/2026\/02\/04\/nos-vies-en-couleur\/\">https:\/\/isatis.asso.fr\/la-maison-des-vergers\/2026\/02\/04\/nos-vies-en-couleur\/<\/a>), initi\u00e9 en janvier avec la classe de CM2 de l\u2019\u00e9cole \u00e9l\u00e9mentaire Berthelot, s&rsquo;est cl\u00f4tur\u00e9 fin juin.<\/p>\n\n\n\n<figure class=\"wp-block-image size-large\"><img loading=\"lazy\" decoding=\"async\" width=\"1024\" height=\"768\" src=\"https:\/\/isatis.asso.fr\/la-maison-des-vergers\/wp-content\/uploads\/sites\/25\/2026\/07\/jeux-stimulation-1-1-1024x768.jpg\" alt=\"\" class=\"wp-image-1170\" srcset=\"https:\/\/isatis.asso.fr\/la-maison-des-vergers\/wp-content\/uploads\/sites\/25\/2026\/07\/jeux-stimulation-1-1-1024x768.jpg 1024w, https:\/\/isatis.asso.fr\/la-maison-des-vergers\/wp-content\/uploads\/sites\/25\/2026\/07\/jeux-stimulation-1-1-300x225.jpg 300w, https:\/\/isatis.asso.fr\/la-maison-des-vergers\/wp-content\/uploads\/sites\/25\/2026\/07\/jeux-stimulation-1-1-768x576.jpg 768w, https:\/\/isatis.asso.fr\/la-maison-des-vergers\/wp-content\/uploads\/sites\/25\/2026\/07\/jeux-stimulation-1-1-1536x1152.jpg 1536w, https:\/\/isatis.asso.fr\/la-maison-des-vergers\/wp-content\/uploads\/sites\/25\/2026\/07\/jeux-stimulation-1-1-2048x1536.jpg 2048w, https:\/\/isatis.asso.fr\/la-maison-des-vergers\/wp-content\/uploads\/sites\/25\/2026\/07\/jeux-stimulation-1-1-1333x1000.jpg 1333w\" sizes=\"auto, (max-width: 1024px) 100vw, 1024px\" \/><\/figure>\n\n\n\n<p class=\"wp-block-paragraph\">Ils avaient imagin\u00e9 des jeux de stimulation c\u00e9r\u00e9brale et les r\u00e9sidents \u00e9taient ravis de pouvoir jouer avec eux.<\/p>\n\n\n\n<figure class=\"wp-block-image size-large\"><img loading=\"lazy\" decoding=\"async\" width=\"1024\" height=\"768\" src=\"https:\/\/isatis.asso.fr\/la-maison-des-vergers\/wp-content\/uploads\/sites\/25\/2026\/07\/jeux-stimulation-4-1024x768.jpg\" alt=\"\" class=\"wp-image-1172\" srcset=\"https:\/\/isatis.asso.fr\/la-maison-des-vergers\/wp-content\/uploads\/sites\/25\/2026\/07\/jeux-stimulation-4-1024x768.jpg 1024w, https:\/\/isatis.asso.fr\/la-maison-des-vergers\/wp-content\/uploads\/sites\/25\/2026\/07\/jeux-stimulation-4-300x225.jpg 300w, https:\/\/isatis.asso.fr\/la-maison-des-vergers\/wp-content\/uploads\/sites\/25\/2026\/07\/jeux-stimulation-4-768x576.jpg 768w, https:\/\/isatis.asso.fr\/la-maison-des-vergers\/wp-content\/uploads\/sites\/25\/2026\/07\/jeux-stimulation-4-1536x1152.jpg 1536w, https:\/\/isatis.asso.fr\/la-maison-des-vergers\/wp-content\/uploads\/sites\/25\/2026\/07\/jeux-stimulation-4-2048x1536.jpg 2048w, https:\/\/isatis.asso.fr\/la-maison-des-vergers\/wp-content\/uploads\/sites\/25\/2026\/07\/jeux-stimulation-4-1333x1000.jpg 1333w\" sizes=\"auto, (max-width: 1024px) 100vw, 1024px\" \/><\/figure>\n\n\n\n<figure class=\"wp-block-image size-large\"><img loading=\"lazy\" decoding=\"async\" width=\"1024\" height=\"768\" src=\"https:\/\/isatis.asso.fr\/la-maison-des-vergers\/wp-content\/uploads\/sites\/25\/2026\/07\/jeux-stimulation-3-1-1024x768.jpg\" alt=\"\" class=\"wp-image-1178\" srcset=\"https:\/\/isatis.asso.fr\/la-maison-des-vergers\/wp-content\/uploads\/sites\/25\/2026\/07\/jeux-stimulation-3-1-1024x768.jpg 1024w, https:\/\/isatis.asso.fr\/la-maison-des-vergers\/wp-content\/uploads\/sites\/25\/2026\/07\/jeux-stimulation-3-1-300x225.jpg 300w, https:\/\/isatis.asso.fr\/la-maison-des-vergers\/wp-content\/uploads\/sites\/25\/2026\/07\/jeux-stimulation-3-1-768x576.jpg 768w, https:\/\/isatis.asso.fr\/la-maison-des-vergers\/wp-content\/uploads\/sites\/25\/2026\/07\/jeux-stimulation-3-1-1536x1152.jpg 1536w, https:\/\/isatis.asso.fr\/la-maison-des-vergers\/wp-content\/uploads\/sites\/25\/2026\/07\/jeux-stimulation-3-1-2048x1536.jpg 2048w, https:\/\/isatis.asso.fr\/la-maison-des-vergers\/wp-content\/uploads\/sites\/25\/2026\/07\/jeux-stimulation-3-1-1333x1000.jpg 1333w\" sizes=\"auto, (max-width: 1024px) 100vw, 1024px\" \/><\/figure>\n\n\n\n<figure class=\"wp-block-image size-large\"><img loading=\"lazy\" decoding=\"async\" width=\"1024\" height=\"768\" src=\"https:\/\/isatis.asso.fr\/la-maison-des-vergers\/wp-content\/uploads\/sites\/25\/2026\/07\/jeux-stimulation-5-1024x768.jpg\" alt=\"\" class=\"wp-image-1173\" srcset=\"https:\/\/isatis.asso.fr\/la-maison-des-vergers\/wp-content\/uploads\/sites\/25\/2026\/07\/jeux-stimulation-5-1024x768.jpg 1024w, https:\/\/isatis.asso.fr\/la-maison-des-vergers\/wp-content\/uploads\/sites\/25\/2026\/07\/jeux-stimulation-5-300x225.jpg 300w, https:\/\/isatis.asso.fr\/la-maison-des-vergers\/wp-content\/uploads\/sites\/25\/2026\/07\/jeux-stimulation-5-768x576.jpg 768w, https:\/\/isatis.asso.fr\/la-maison-des-vergers\/wp-content\/uploads\/sites\/25\/2026\/07\/jeux-stimulation-5-1536x1152.jpg 1536w, https:\/\/isatis.asso.fr\/la-maison-des-vergers\/wp-content\/uploads\/sites\/25\/2026\/07\/jeux-stimulation-5-2048x1536.jpg 2048w, https:\/\/isatis.asso.fr\/la-maison-des-vergers\/wp-content\/uploads\/sites\/25\/2026\/07\/jeux-stimulation-5-1333x1000.jpg 1333w\" sizes=\"auto, (max-width: 1024px) 100vw, 1024px\" \/><\/figure>\n\n\n\n<figure class=\"wp-block-image size-large\"><img loading=\"lazy\" decoding=\"async\" width=\"1024\" height=\"768\" src=\"https:\/\/isatis.asso.fr\/la-maison-des-vergers\/wp-content\/uploads\/sites\/25\/2026\/07\/jeux-stimulation-6-1024x768.jpg\" alt=\"\" class=\"wp-image-1174\" srcset=\"https:\/\/isatis.asso.fr\/la-maison-des-vergers\/wp-content\/uploads\/sites\/25\/2026\/07\/jeux-stimulation-6-1024x768.jpg 1024w, https:\/\/isatis.asso.fr\/la-maison-des-vergers\/wp-content\/uploads\/sites\/25\/2026\/07\/jeux-stimulation-6-300x225.jpg 300w, https:\/\/isatis.asso.fr\/la-maison-des-vergers\/wp-content\/uploads\/sites\/25\/2026\/07\/jeux-stimulation-6-768x576.jpg 768w, https:\/\/isatis.asso.fr\/la-maison-des-vergers\/wp-content\/uploads\/sites\/25\/2026\/07\/jeux-stimulation-6-1536x1152.jpg 1536w, https:\/\/isatis.asso.fr\/la-maison-des-vergers\/wp-content\/uploads\/sites\/25\/2026\/07\/jeux-stimulation-6-2048x1536.jpg 2048w, https:\/\/isatis.asso.fr\/la-maison-des-vergers\/wp-content\/uploads\/sites\/25\/2026\/07\/jeux-stimulation-6-1333x1000.jpg 1333w\" sizes=\"auto, (max-width: 1024px) 100vw, 1024px\" \/><\/figure>\n\n\n\n<figure class=\"wp-block-image size-large\"><img loading=\"lazy\" decoding=\"async\" width=\"1024\" height=\"768\" src=\"https:\/\/isatis.asso.fr\/la-maison-des-vergers\/wp-content\/uploads\/sites\/25\/2026\/07\/jeux-stimulation-7-1024x768.jpg\" alt=\"\" class=\"wp-image-1175\" srcset=\"https:\/\/isatis.asso.fr\/la-maison-des-vergers\/wp-content\/uploads\/sites\/25\/2026\/07\/jeux-stimulation-7-1024x768.jpg 1024w, https:\/\/isatis.asso.fr\/la-maison-des-vergers\/wp-content\/uploads\/sites\/25\/2026\/07\/jeux-stimulation-7-300x225.jpg 300w, https:\/\/isatis.asso.fr\/la-maison-des-vergers\/wp-content\/uploads\/sites\/25\/2026\/07\/jeux-stimulation-7-768x576.jpg 768w, https:\/\/isatis.asso.fr\/la-maison-des-vergers\/wp-content\/uploads\/sites\/25\/2026\/07\/jeux-stimulation-7-1536x1152.jpg 1536w, https:\/\/isatis.asso.fr\/la-maison-des-vergers\/wp-content\/uploads\/sites\/25\/2026\/07\/jeux-stimulation-7-2048x1536.jpg 2048w, https:\/\/isatis.asso.fr\/la-maison-des-vergers\/wp-content\/uploads\/sites\/25\/2026\/07\/jeux-stimulation-7-1333x1000.jpg 1333w\" sizes=\"auto, (max-width: 1024px) 100vw, 1024px\" \/><\/figure>\n\n\n\n<figure class=\"wp-block-image size-large\"><img loading=\"lazy\" decoding=\"async\" width=\"1024\" height=\"768\" src=\"https:\/\/isatis.asso.fr\/la-maison-des-vergers\/wp-content\/uploads\/sites\/25\/2026\/07\/jeux-stimulation-8-1024x768.jpg\" alt=\"\" class=\"wp-image-1176\" srcset=\"https:\/\/isatis.asso.fr\/la-maison-des-vergers\/wp-content\/uploads\/sites\/25\/2026\/07\/jeux-stimulation-8-1024x768.jpg 1024w, https:\/\/isatis.asso.fr\/la-maison-des-vergers\/wp-content\/uploads\/sites\/25\/2026\/07\/jeux-stimulation-8-300x225.jpg 300w, https:\/\/isatis.asso.fr\/la-maison-des-vergers\/wp-content\/uploads\/sites\/25\/2026\/07\/jeux-stimulation-8-768x576.jpg 768w, https:\/\/isatis.asso.fr\/la-maison-des-vergers\/wp-content\/uploads\/sites\/25\/2026\/07\/jeux-stimulation-8-1536x1152.jpg 1536w, https:\/\/isatis.asso.fr\/la-maison-des-vergers\/wp-content\/uploads\/sites\/25\/2026\/07\/jeux-stimulation-8-2048x1536.jpg 2048w, https:\/\/isatis.asso.fr\/la-maison-des-vergers\/wp-content\/uploads\/sites\/25\/2026\/07\/jeux-stimulation-8-1333x1000.jpg 1333w\" sizes=\"auto, (max-width: 1024px) 100vw, 1024px\" \/><\/figure>\n\n\n\n<p class=\"wp-block-paragraph\">Nous accueillerons de nouveau, avec un grand plaisir, les \u00e9l\u00e8ves de l&rsquo;\u00e9cole Berthelot pour de futurs projets interg\u00e9n\u00e9rationnels.<\/p>\n","protected":false},"excerpt":{"rendered":"<p>Le projet \u00ab\u00a0nos vies en couleur\u00a0\u00bb (https:\/\/isatis.asso.fr\/la-maison-des-vergers\/2026\/02\/04\/nos-vies-en-couleur\/), initi\u00e9 en janvier avec la classe de CM2 de l\u2019\u00e9cole \u00e9l\u00e9mentaire Berthelot, s&rsquo;est cl\u00f4tur\u00e9 fin juin. Ils avaient imagin\u00e9 des jeux de stimulation c\u00e9r\u00e9brale et les r\u00e9sidents \u00e9taient ravis de pouvoir jouer avec eux. Nous accueillerons de nouveau, avec un grand plaisir, les \u00e9l\u00e8ves de l&rsquo;\u00e9cole Berthelot pour [&hellip;]<\/p>\n","protected":false},"author":1,"featured_media":1171,"comment_status":"open","ping_status":"open","sticky":false,"template":"","format":"standard","meta":{"_acf_changed":false,"footnotes":""},"categories":[1],"tags":[],"class_list":["post-1169","post","type-post","status-publish","format-standard","has-post-thumbnail","hentry","category-non-classe"],"acf":[],"yoast_head":"<!-- This site is optimized with the Yoast SEO plugin v28.0 - https:\/\/yoast.com\/product\/yoast-seo-wordpress\/ -->\n<title>Rencontre autour d&#039;un projet - La Maison des Vergers<\/title>\n<meta name=\"robots\" content=\"index, follow, max-snippet:-1, max-image-preview:large, max-video-preview:-1\" \/>\n<link rel=\"canonical\" href=\"https:\/\/isatis.asso.fr\/la-maison-des-vergers\/2026\/07\/24\/1169\/\" \/>\n<meta property=\"og:locale\" content=\"fr_FR\" \/>\n<meta property=\"og:type\" content=\"article\" \/>\n<meta property=\"og:title\" content=\"Rencontre autour d&#039;un projet - La Maison des Vergers\" \/>\n<meta property=\"og:description\" content=\"Le projet \u00ab\u00a0nos vies en couleur\u00a0\u00bb (https:\/\/isatis.asso.fr\/la-maison-des-vergers\/2026\/02\/04\/nos-vies-en-couleur\/), initi\u00e9 en janvier avec la classe de CM2 de l\u2019\u00e9cole \u00e9l\u00e9mentaire Berthelot, s&rsquo;est cl\u00f4tur\u00e9 fin juin. Ils avaient imagin\u00e9 des jeux de stimulation c\u00e9r\u00e9brale et les r\u00e9sidents \u00e9taient ravis de pouvoir jouer avec eux. Nous accueillerons de nouveau, avec un grand plaisir, les \u00e9l\u00e8ves de l&rsquo;\u00e9cole Berthelot pour [&hellip;]\" \/>\n<meta property=\"og:url\" content=\"https:\/\/isatis.asso.fr\/la-maison-des-vergers\/2026\/07\/24\/1169\/\" \/>\n<meta property=\"og:site_name\" content=\"La Maison des Vergers\" \/>\n<meta property=\"article:published_time\" content=\"2026-07-24T12:25:20+00:00\" \/>\n<meta property=\"article:modified_time\" content=\"2026-07-24T12:27:11+00:00\" \/>\n<meta property=\"og:image\" content=\"https:\/\/isatis.asso.fr\/la-maison-des-vergers\/wp-content\/uploads\/sites\/25\/2026\/07\/jeux-stimulation-2-1-scaled.jpg\" \/>\n\t<meta property=\"og:image:width\" content=\"2560\" \/>\n\t<meta property=\"og:image:height\" content=\"1920\" \/>\n\t<meta property=\"og:image:type\" content=\"image\/jpeg\" \/>\n<meta name=\"author\" content=\"admin-JvSCLhrNBE\" \/>\n<meta name=\"twitter:card\" content=\"summary_large_image\" \/>\n<meta name=\"twitter:label1\" content=\"\u00c9crit par\" \/>\n\t<meta name=\"twitter:data1\" content=\"admin-JvSCLhrNBE\" \/>\n\t<meta name=\"twitter:label2\" content=\"Dur\u00e9e de lecture estim\u00e9e\" \/>\n\t<meta name=\"twitter:data2\" content=\"2 minutes\" \/>\n<script type=\"application\/ld+json\" class=\"yoast-schema-graph\">{\"@context\":\"https:\\\/\\\/schema.org\",\"@graph\":[{\"@type\":\"Article\",\"@id\":\"https:\\\/\\\/isatis.asso.fr\\\/la-maison-des-vergers\\\/2026\\\/07\\\/24\\\/1169\\\/#article\",\"isPartOf\":{\"@id\":\"https:\\\/\\\/isatis.asso.fr\\\/la-maison-des-vergers\\\/2026\\\/07\\\/24\\\/1169\\\/\"},\"author\":{\"name\":\"admin-JvSCLhrNBE\",\"@id\":\"https:\\\/\\\/isatis.asso.fr\\\/la-maison-des-vergers\\\/#\\\/schema\\\/person\\\/943b5c9342f7eca9dde826898907ac00\"},\"headline\":\"Rencontre autour d&rsquo;un projet\",\"datePublished\":\"2026-07-24T12:25:20+00:00\",\"dateModified\":\"2026-07-24T12:27:11+00:00\",\"mainEntityOfPage\":{\"@id\":\"https:\\\/\\\/isatis.asso.fr\\\/la-maison-des-vergers\\\/2026\\\/07\\\/24\\\/1169\\\/\"},\"wordCount\":80,\"commentCount\":0,\"image\":{\"@id\":\"https:\\\/\\\/isatis.asso.fr\\\/la-maison-des-vergers\\\/2026\\\/07\\\/24\\\/1169\\\/#primaryimage\"},\"thumbnailUrl\":\"https:\\\/\\\/isatis.asso.fr\\\/la-maison-des-vergers\\\/wp-content\\\/uploads\\\/sites\\\/25\\\/2026\\\/07\\\/jeux-stimulation-2-1-scaled.jpg\",\"inLanguage\":\"fr-FR\",\"potentialAction\":[{\"@type\":\"CommentAction\",\"name\":\"Comment\",\"target\":[\"https:\\\/\\\/isatis.asso.fr\\\/la-maison-des-vergers\\\/2026\\\/07\\\/24\\\/1169\\\/#respond\"]}]},{\"@type\":\"WebPage\",\"@id\":\"https:\\\/\\\/isatis.asso.fr\\\/la-maison-des-vergers\\\/2026\\\/07\\\/24\\\/1169\\\/\",\"url\":\"https:\\\/\\\/isatis.asso.fr\\\/la-maison-des-vergers\\\/2026\\\/07\\\/24\\\/1169\\\/\",\"name\":\"Rencontre autour d'un projet - La Maison des Vergers\",\"isPartOf\":{\"@id\":\"https:\\\/\\\/isatis.asso.fr\\\/la-maison-des-vergers\\\/#website\"},\"primaryImageOfPage\":{\"@id\":\"https:\\\/\\\/isatis.asso.fr\\\/la-maison-des-vergers\\\/2026\\\/07\\\/24\\\/1169\\\/#primaryimage\"},\"image\":{\"@id\":\"https:\\\/\\\/isatis.asso.fr\\\/la-maison-des-vergers\\\/2026\\\/07\\\/24\\\/1169\\\/#primaryimage\"},\"thumbnailUrl\":\"https:\\\/\\\/isatis.asso.fr\\\/la-maison-des-vergers\\\/wp-content\\\/uploads\\\/sites\\\/25\\\/2026\\\/07\\\/jeux-stimulation-2-1-scaled.jpg\",\"datePublished\":\"2026-07-24T12:25:20+00:00\",\"dateModified\":\"2026-07-24T12:27:11+00:00\",\"author\":{\"@id\":\"https:\\\/\\\/isatis.asso.fr\\\/la-maison-des-vergers\\\/#\\\/schema\\\/person\\\/943b5c9342f7eca9dde826898907ac00\"},\"breadcrumb\":{\"@id\":\"https:\\\/\\\/isatis.asso.fr\\\/la-maison-des-vergers\\\/2026\\\/07\\\/24\\\/1169\\\/#breadcrumb\"},\"inLanguage\":\"fr-FR\",\"potentialAction\":[{\"@type\":\"ReadAction\",\"target\":[\"https:\\\/\\\/isatis.asso.fr\\\/la-maison-des-vergers\\\/2026\\\/07\\\/24\\\/1169\\\/\"]}]},{\"@type\":\"ImageObject\",\"inLanguage\":\"fr-FR\",\"@id\":\"https:\\\/\\\/isatis.asso.fr\\\/la-maison-des-vergers\\\/2026\\\/07\\\/24\\\/1169\\\/#primaryimage\",\"url\":\"https:\\\/\\\/isatis.asso.fr\\\/la-maison-des-vergers\\\/wp-content\\\/uploads\\\/sites\\\/25\\\/2026\\\/07\\\/jeux-stimulation-2-1-scaled.jpg\",\"contentUrl\":\"https:\\\/\\\/isatis.asso.fr\\\/la-maison-des-vergers\\\/wp-content\\\/uploads\\\/sites\\\/25\\\/2026\\\/07\\\/jeux-stimulation-2-1-scaled.jpg\",\"width\":2560,\"height\":1920},{\"@type\":\"BreadcrumbList\",\"@id\":\"https:\\\/\\\/isatis.asso.fr\\\/la-maison-des-vergers\\\/2026\\\/07\\\/24\\\/1169\\\/#breadcrumb\",\"itemListElement\":[{\"@type\":\"ListItem\",\"position\":1,\"name\":\"Accueil\",\"item\":\"https:\\\/\\\/isatis.asso.fr\\\/la-maison-des-vergers\\\/\"},{\"@type\":\"ListItem\",\"position\":2,\"name\":\"Rencontre autour d&rsquo;un projet\"}]},{\"@type\":\"WebSite\",\"@id\":\"https:\\\/\\\/isatis.asso.fr\\\/la-maison-des-vergers\\\/#website\",\"url\":\"https:\\\/\\\/isatis.asso.fr\\\/la-maison-des-vergers\\\/\",\"name\":\"La Maison des Vergers\",\"description\":\"EHPAD - H\u00c9BERGEMENT TEMPORAIRE - PASA\",\"potentialAction\":[{\"@type\":\"SearchAction\",\"target\":{\"@type\":\"EntryPoint\",\"urlTemplate\":\"https:\\\/\\\/isatis.asso.fr\\\/la-maison-des-vergers\\\/?s={search_term_string}\"},\"query-input\":{\"@type\":\"PropertyValueSpecification\",\"valueRequired\":true,\"valueName\":\"search_term_string\"}}],\"inLanguage\":\"fr-FR\"},{\"@type\":\"Person\",\"@id\":\"https:\\\/\\\/isatis.asso.fr\\\/la-maison-des-vergers\\\/#\\\/schema\\\/person\\\/943b5c9342f7eca9dde826898907ac00\",\"name\":\"admin-JvSCLhrNBE\",\"image\":{\"@type\":\"ImageObject\",\"inLanguage\":\"fr-FR\",\"@id\":\"https:\\\/\\\/secure.gravatar.com\\\/avatar\\\/9fef2e391c1026c7beb8af401ba2921a9720276f60a56855496e994678f86fda?s=96&d=mm&r=g\",\"url\":\"https:\\\/\\\/secure.gravatar.com\\\/avatar\\\/9fef2e391c1026c7beb8af401ba2921a9720276f60a56855496e994678f86fda?s=96&d=mm&r=g\",\"contentUrl\":\"https:\\\/\\\/secure.gravatar.com\\\/avatar\\\/9fef2e391c1026c7beb8af401ba2921a9720276f60a56855496e994678f86fda?s=96&d=mm&r=g\",\"caption\":\"admin-JvSCLhrNBE\"},\"url\":\"https:\\\/\\\/isatis.asso.fr\\\/la-maison-des-vergers\\\/author\\\/admin-jvsclhrnbe\\\/\"}]}<\/script>\n<!-- \/ Yoast SEO plugin. -->","yoast_head_json":{"title":"Rencontre autour d'un projet - La Maison des Vergers","robots":{"index":"index","follow":"follow","max-snippet":"max-snippet:-1","max-image-preview":"max-image-preview:large","max-video-preview":"max-video-preview:-1"},"canonical":"https:\/\/isatis.asso.fr\/la-maison-des-vergers\/2026\/07\/24\/1169\/","og_locale":"fr_FR","og_type":"article","og_title":"Rencontre autour d'un projet - La Maison des Vergers","og_description":"Le projet \u00ab\u00a0nos vies en couleur\u00a0\u00bb (https:\/\/isatis.asso.fr\/la-maison-des-vergers\/2026\/02\/04\/nos-vies-en-couleur\/), initi\u00e9 en janvier avec la classe de CM2 de l\u2019\u00e9cole \u00e9l\u00e9mentaire Berthelot, s&rsquo;est cl\u00f4tur\u00e9 fin juin. Ils avaient imagin\u00e9 des jeux de stimulation c\u00e9r\u00e9brale et les r\u00e9sidents \u00e9taient ravis de pouvoir jouer avec eux. Nous accueillerons de nouveau, avec un grand plaisir, les \u00e9l\u00e8ves de l&rsquo;\u00e9cole Berthelot pour [&hellip;]","og_url":"https:\/\/isatis.asso.fr\/la-maison-des-vergers\/2026\/07\/24\/1169\/","og_site_name":"La Maison des Vergers","article_published_time":"2026-07-24T12:25:20+00:00","article_modified_time":"2026-07-24T12:27:11+00:00","og_image":[{"width":2560,"height":1920,"url":"https:\/\/isatis.asso.fr\/la-maison-des-vergers\/wp-content\/uploads\/sites\/25\/2026\/07\/jeux-stimulation-2-1-scaled.jpg","type":"image\/jpeg"}],"author":"admin-JvSCLhrNBE","twitter_card":"summary_large_image","twitter_misc":{"\u00c9crit par":"admin-JvSCLhrNBE","Dur\u00e9e de lecture estim\u00e9e":"2 minutes"},"schema":{"@context":"https:\/\/schema.org","@graph":[{"@type":"Article","@id":"https:\/\/isatis.asso.fr\/la-maison-des-vergers\/2026\/07\/24\/1169\/#article","isPartOf":{"@id":"https:\/\/isatis.asso.fr\/la-maison-des-vergers\/2026\/07\/24\/1169\/"},"author":{"name":"admin-JvSCLhrNBE","@id":"https:\/\/isatis.asso.fr\/la-maison-des-vergers\/#\/schema\/person\/943b5c9342f7eca9dde826898907ac00"},"headline":"Rencontre autour d&rsquo;un projet","datePublished":"2026-07-24T12:25:20+00:00","dateModified":"2026-07-24T12:27:11+00:00","mainEntityOfPage":{"@id":"https:\/\/isatis.asso.fr\/la-maison-des-vergers\/2026\/07\/24\/1169\/"},"wordCount":80,"commentCount":0,"image":{"@id":"https:\/\/isatis.asso.fr\/la-maison-des-vergers\/2026\/07\/24\/1169\/#primaryimage"},"thumbnailUrl":"https:\/\/isatis.asso.fr\/la-maison-des-vergers\/wp-content\/uploads\/sites\/25\/2026\/07\/jeux-stimulation-2-1-scaled.jpg","inLanguage":"fr-FR","potentialAction":[{"@type":"CommentAction","name":"Comment","target":["https:\/\/isatis.asso.fr\/la-maison-des-vergers\/2026\/07\/24\/1169\/#respond"]}]},{"@type":"WebPage","@id":"https:\/\/isatis.asso.fr\/la-maison-des-vergers\/2026\/07\/24\/1169\/","url":"https:\/\/isatis.asso.fr\/la-maison-des-vergers\/2026\/07\/24\/1169\/","name":"Rencontre autour d'un projet - La Maison des Vergers","isPartOf":{"@id":"https:\/\/isatis.asso.fr\/la-maison-des-vergers\/#website"},"primaryImageOfPage":{"@id":"https:\/\/isatis.asso.fr\/la-maison-des-vergers\/2026\/07\/24\/1169\/#primaryimage"},"image":{"@id":"https:\/\/isatis.asso.fr\/la-maison-des-vergers\/2026\/07\/24\/1169\/#primaryimage"},"thumbnailUrl":"https:\/\/isatis.asso.fr\/la-maison-des-vergers\/wp-content\/uploads\/sites\/25\/2026\/07\/jeux-stimulation-2-1-scaled.jpg","datePublished":"2026-07-24T12:25:20+00:00","dateModified":"2026-07-24T12:27:11+00:00","author":{"@id":"https:\/\/isatis.asso.fr\/la-maison-des-vergers\/#\/schema\/person\/943b5c9342f7eca9dde826898907ac00"},"breadcrumb":{"@id":"https:\/\/isatis.asso.fr\/la-maison-des-vergers\/2026\/07\/24\/1169\/#breadcrumb"},"inLanguage":"fr-FR","potentialAction":[{"@type":"ReadAction","target":["https:\/\/isatis.asso.fr\/la-maison-des-vergers\/2026\/07\/24\/1169\/"]}]},{"@type":"ImageObject","inLanguage":"fr-FR","@id":"https:\/\/isatis.asso.fr\/la-maison-des-vergers\/2026\/07\/24\/1169\/#primaryimage","url":"https:\/\/isatis.asso.fr\/la-maison-des-vergers\/wp-content\/uploads\/sites\/25\/2026\/07\/jeux-stimulation-2-1-scaled.jpg","contentUrl":"https:\/\/isatis.asso.fr\/la-maison-des-vergers\/wp-content\/uploads\/sites\/25\/2026\/07\/jeux-stimulation-2-1-scaled.jpg","width":2560,"height":1920},{"@type":"BreadcrumbList","@id":"https:\/\/isatis.asso.fr\/la-maison-des-vergers\/2026\/07\/24\/1169\/#breadcrumb","itemListElement":[{"@type":"ListItem","position":1,"name":"Accueil","item":"https:\/\/isatis.asso.fr\/la-maison-des-vergers\/"},{"@type":"ListItem","position":2,"name":"Rencontre autour d&rsquo;un projet"}]},{"@type":"WebSite","@id":"https:\/\/isatis.asso.fr\/la-maison-des-vergers\/#website","url":"https:\/\/isatis.asso.fr\/la-maison-des-vergers\/","name":"La Maison des Vergers","description":"EHPAD - H\u00c9BERGEMENT TEMPORAIRE - PASA","potentialAction":[{"@type":"SearchAction","target":{"@type":"EntryPoint","urlTemplate":"https:\/\/isatis.asso.fr\/la-maison-des-vergers\/?s={search_term_string}"},"query-input":{"@type":"PropertyValueSpecification","valueRequired":true,"valueName":"search_term_string"}}],"inLanguage":"fr-FR"},{"@type":"Person","@id":"https:\/\/isatis.asso.fr\/la-maison-des-vergers\/#\/schema\/person\/943b5c9342f7eca9dde826898907ac00","name":"admin-JvSCLhrNBE","image":{"@type":"ImageObject","inLanguage":"fr-FR","@id":"https:\/\/secure.gravatar.com\/avatar\/9fef2e391c1026c7beb8af401ba2921a9720276f60a56855496e994678f86fda?s=96&d=mm&r=g","url":"https:\/\/secure.gravatar.com\/avatar\/9fef2e391c1026c7beb8af401ba2921a9720276f60a56855496e994678f86fda?s=96&d=mm&r=g","contentUrl":"https:\/\/secure.gravatar.com\/avatar\/9fef2e391c1026c7beb8af401ba2921a9720276f60a56855496e994678f86fda?s=96&d=mm&r=g","caption":"admin-JvSCLhrNBE"},"url":"https:\/\/isatis.asso.fr\/la-maison-des-vergers\/author\/admin-jvsclhrnbe\/"}]}},"_links":{"self":[{"href":"https:\/\/isatis.asso.fr\/la-maison-des-vergers\/wp-json\/wp\/v2\/posts\/1169","targetHints":{"allow":["GET"]}}],"collection":[{"href":"https:\/\/isatis.asso.fr\/la-maison-des-vergers\/wp-json\/wp\/v2\/posts"}],"about":[{"href":"https:\/\/isatis.asso.fr\/la-maison-des-vergers\/wp-json\/wp\/v2\/types\/post"}],"author":[{"embeddable":true,"href":"https:\/\/isatis.asso.fr\/la-maison-des-vergers\/wp-json\/wp\/v2\/users\/1"}],"replies":[{"embeddable":true,"href":"https:\/\/isatis.asso.fr\/la-maison-des-vergers\/wp-json\/wp\/v2\/comments?post=1169"}],"version-history":[{"count":3,"href":"https:\/\/isatis.asso.fr\/la-maison-des-vergers\/wp-json\/wp\/v2\/posts\/1169\/revisions"}],"predecessor-version":[{"id":1182,"href":"https:\/\/isatis.asso.fr\/la-maison-des-vergers\/wp-json\/wp\/v2\/posts\/1169\/revisions\/1182"}],"wp:featuredmedia":[{"embeddable":true,"href":"https:\/\/isatis.asso.fr\/la-maison-des-vergers\/wp-json\/wp\/v2\/media\/1171"}],"wp:attachment":[{"href":"https:\/\/isatis.asso.fr\/la-maison-des-vergers\/wp-json\/wp\/v2\/media?parent=1169"}],"wp:term":[{"taxonomy":"category","embeddable":true,"href":"https:\/\/isatis.asso.fr\/la-maison-des-vergers\/wp-json\/wp\/v2\/categories?post=1169"},{"taxonomy":"post_tag","embeddable":true,"href":"https:\/\/isatis.asso.fr\/la-maison-des-vergers\/wp-json\/wp\/v2\/tags?post=1169"}],"curies":[{"name":"wp","href":"https:\/\/api.w.org\/{rel}","templated":true}]}}