{"id":909,"date":"2025-03-18T10:22:58","date_gmt":"2025-03-18T09:22:58","guid":{"rendered":"https:\/\/isatis.asso.fr\/la-maison-de-la-bievre\/?p=909"},"modified":"2025-03-18T10:25:00","modified_gmt":"2025-03-18T09:25:00","slug":"la-parole-des-residents-au-coeur-de-notre-residence","status":"publish","type":"post","link":"https:\/\/isatis.asso.fr\/la-maison-de-la-bievre\/2025\/03\/18\/la-parole-des-residents-au-coeur-de-notre-residence\/","title":{"rendered":"La parole des r\u00e9sidents au coeur de notre r\u00e9sidence"},"content":{"rendered":"\n<p class=\"has-text-align-center\"><strong>Les r\u00e9unions des r\u00e9sidents<\/strong> <\/p>\n\n\n\n<p class=\"has-text-align-center\">\u00c0 la Maison de la Bi\u00e8vre, nous avons \u00e0 coeur d&rsquo;offrir un cadre chaleureux, o\u00f9 chaque r\u00e9sident se sent \u00e9cout\u00e9 et consid\u00e9r\u00e9. C&rsquo;est dans cette optique que nous avons mis en place la r\u00e9union des r\u00e9sidents, un moment d&rsquo;\u00e9change privil\u00e9gi\u00e9 qui se tient chaque premier lundi du mois et qui est une r\u00e9union pr\u00e9paratoire aux Conseil de Vie Social (CVS).<\/p>\n\n\n\n<p class=\"has-text-align-center\"><strong>Un temps d&rsquo;\u00e9coute et de partage<\/strong> <\/p>\n\n\n\n<p class=\"has-text-align-center\">Cette r\u00e9union est l&rsquo;occasion pour nos r\u00e9sidents de s&rsquo;exprimer librement sur leur quotidien, de faire part de leurs envies, de proposer des id\u00e9es et d&rsquo;aborder tout sujet qui leur tient \u00e0 coeur. Qu&rsquo;il s&rsquo;agisse d&rsquo;am\u00e9liorations du cadre de vie, d&rsquo;animations souhait\u00e9es ou encore suggestion concernant les repas, chaque demande est \u00e9cout\u00e9e avec attention et prise en compte dans la mesure du possible. <\/p>\n\n\n\n<p class=\"has-text-align-center\"><strong>Des d\u00e9l\u00e9gu\u00e9s impliqu\u00e9s pour repr\u00e9senter tous les r\u00e9sidents<\/strong><\/p>\n\n\n\n<p class=\"has-text-align-center\">Pour garantir une communication fluide entre les r\u00e9sidents et la direction, chaque \u00e9tage de la r\u00e9sidence dispose de ses propres d\u00e9l\u00e9gu\u00e9s. Ces derniers, \u00e9lus ou volontaires, jouent un r\u00f4le cl\u00e9: ils relaient les pr\u00e9occupations de leurs voisins et participent activement au Conseil De Vie Social (CVS), o\u00f9 sont prises des d\u00e9cisions importantes concernant la r\u00e9sidence. Leur engagement et leur implication sont essentiels pour assurer une repr\u00e9sentation fid\u00e8le des attentes de tous.<\/p>\n\n\n\n<p class=\"has-text-align-center\"><strong>Une d\u00e9marche d&rsquo;am\u00e9lioration continue<\/strong> <\/p>\n\n\n\n<p class=\"has-text-align-center\">\u00c0 la Maison de la Bi\u00e8vre, nous sommes convaincus que le bien-\u00eatre de nos r\u00e9sidents passe par une \u00e9coute active et une prise en compte r\u00e9elle de leurs souhaits. C&rsquo;est pourquoi nous encourageons vivement chacun \u00e0 participer \u00e0 ces r\u00e9unions et \u00e0 s&rsquo;investir dans la vie de la r\u00e9sidence. Ensemble, nous construisons un cadre de vie toujours plus agr\u00e9able et adapt\u00e9 \u00e0 leurs attentes.<\/p>\n","protected":false},"excerpt":{"rendered":"<p>Les r\u00e9unions des r\u00e9sidents \u00c0 la Maison de la Bi\u00e8vre, nous avons \u00e0 coeur d&rsquo;offrir un cadre chaleureux, o\u00f9 chaque r\u00e9sident se sent \u00e9cout\u00e9 et consid\u00e9r\u00e9. C&rsquo;est dans cette optique que nous avons mis en place la r\u00e9union des r\u00e9sidents, un moment d&rsquo;\u00e9change privil\u00e9gi\u00e9 qui se tient chaque premier lundi du mois et qui est [&hellip;]<\/p>\n","protected":false},"author":7,"featured_media":910,"comment_status":"open","ping_status":"open","sticky":false,"template":"","format":"standard","meta":{"_acf_changed":false,"footnotes":""},"categories":[1],"tags":[],"class_list":["post-909","post","type-post","status-publish","format-standard","has-post-thumbnail","hentry","category-non-classe"],"acf":[],"yoast_head":"<!-- This site is optimized with the Yoast SEO plugin v27.3 - https:\/\/yoast.com\/product\/yoast-seo-wordpress\/ -->\n<title>La parole des r\u00e9sidents au coeur de notre r\u00e9sidence - La Maison de la Bi\u00e8vre<\/title>\n<meta name=\"robots\" content=\"index, follow, max-snippet:-1, max-image-preview:large, max-video-preview:-1\" \/>\n<link rel=\"canonical\" href=\"https:\/\/isatis.asso.fr\/la-maison-de-la-bievre\/2025\/03\/18\/la-parole-des-residents-au-coeur-de-notre-residence\/\" \/>\n<meta property=\"og:locale\" content=\"fr_FR\" \/>\n<meta property=\"og:type\" content=\"article\" \/>\n<meta property=\"og:title\" content=\"La parole des r\u00e9sidents au coeur de notre r\u00e9sidence - La Maison de la Bi\u00e8vre\" \/>\n<meta property=\"og:description\" content=\"Les r\u00e9unions des r\u00e9sidents \u00c0 la Maison de la Bi\u00e8vre, nous avons \u00e0 coeur d&rsquo;offrir un cadre chaleureux, o\u00f9 chaque r\u00e9sident se sent \u00e9cout\u00e9 et consid\u00e9r\u00e9. C&rsquo;est dans cette optique que nous avons mis en place la r\u00e9union des r\u00e9sidents, un moment d&rsquo;\u00e9change privil\u00e9gi\u00e9 qui se tient chaque premier lundi du mois et qui est [&hellip;]\" \/>\n<meta property=\"og:url\" content=\"https:\/\/isatis.asso.fr\/la-maison-de-la-bievre\/2025\/03\/18\/la-parole-des-residents-au-coeur-de-notre-residence\/\" \/>\n<meta property=\"og:site_name\" content=\"La Maison de la Bi\u00e8vre\" \/>\n<meta property=\"article:published_time\" content=\"2025-03-18T09:22:58+00:00\" \/>\n<meta property=\"article:modified_time\" content=\"2025-03-18T09:25:00+00:00\" \/>\n<meta property=\"og:image\" content=\"https:\/\/isatis.asso.fr\/la-maison-de-la-bievre\/wp-content\/uploads\/sites\/14\/2025\/03\/img-1438.jpeg\" \/>\n\t<meta property=\"og:image:width\" content=\"1280\" \/>\n\t<meta property=\"og:image:height\" content=\"960\" \/>\n\t<meta property=\"og:image:type\" content=\"image\/jpeg\" \/>\n<meta name=\"author\" content=\"labievre86f2xa9hj\" \/>\n<meta name=\"twitter:card\" content=\"summary_large_image\" \/>\n<meta name=\"twitter:label1\" content=\"\u00c9crit par\" \/>\n\t<meta name=\"twitter:data1\" content=\"labievre86f2xa9hj\" \/>\n\t<meta name=\"twitter:label2\" content=\"Dur\u00e9e de lecture estim\u00e9e\" \/>\n\t<meta name=\"twitter:data2\" content=\"2 minutes\" \/>\n<script type=\"application\/ld+json\" class=\"yoast-schema-graph\">{\"@context\":\"https:\\\/\\\/schema.org\",\"@graph\":[{\"@type\":\"Article\",\"@id\":\"https:\\\/\\\/isatis.asso.fr\\\/la-maison-de-la-bievre\\\/2025\\\/03\\\/18\\\/la-parole-des-residents-au-coeur-de-notre-residence\\\/#article\",\"isPartOf\":{\"@id\":\"https:\\\/\\\/isatis.asso.fr\\\/la-maison-de-la-bievre\\\/2025\\\/03\\\/18\\\/la-parole-des-residents-au-coeur-de-notre-residence\\\/\"},\"author\":{\"name\":\"labievre86f2xa9hj\",\"@id\":\"https:\\\/\\\/isatis.asso.fr\\\/la-maison-de-la-bievre\\\/#\\\/schema\\\/person\\\/f52f6cbe059c6e320be1111ed1c8affb\"},\"headline\":\"La parole des r\u00e9sidents au coeur de notre r\u00e9sidence\",\"datePublished\":\"2025-03-18T09:22:58+00:00\",\"dateModified\":\"2025-03-18T09:25:00+00:00\",\"mainEntityOfPage\":{\"@id\":\"https:\\\/\\\/isatis.asso.fr\\\/la-maison-de-la-bievre\\\/2025\\\/03\\\/18\\\/la-parole-des-residents-au-coeur-de-notre-residence\\\/\"},\"wordCount\":338,\"commentCount\":0,\"image\":{\"@id\":\"https:\\\/\\\/isatis.asso.fr\\\/la-maison-de-la-bievre\\\/2025\\\/03\\\/18\\\/la-parole-des-residents-au-coeur-de-notre-residence\\\/#primaryimage\"},\"thumbnailUrl\":\"https:\\\/\\\/isatis.asso.fr\\\/la-maison-de-la-bievre\\\/wp-content\\\/uploads\\\/sites\\\/14\\\/2025\\\/03\\\/img-1438.jpeg\",\"inLanguage\":\"fr-FR\",\"potentialAction\":[{\"@type\":\"CommentAction\",\"name\":\"Comment\",\"target\":[\"https:\\\/\\\/isatis.asso.fr\\\/la-maison-de-la-bievre\\\/2025\\\/03\\\/18\\\/la-parole-des-residents-au-coeur-de-notre-residence\\\/#respond\"]}]},{\"@type\":\"WebPage\",\"@id\":\"https:\\\/\\\/isatis.asso.fr\\\/la-maison-de-la-bievre\\\/2025\\\/03\\\/18\\\/la-parole-des-residents-au-coeur-de-notre-residence\\\/\",\"url\":\"https:\\\/\\\/isatis.asso.fr\\\/la-maison-de-la-bievre\\\/2025\\\/03\\\/18\\\/la-parole-des-residents-au-coeur-de-notre-residence\\\/\",\"name\":\"La parole des r\u00e9sidents au coeur de notre r\u00e9sidence - La Maison de la Bi\u00e8vre\",\"isPartOf\":{\"@id\":\"https:\\\/\\\/isatis.asso.fr\\\/la-maison-de-la-bievre\\\/#website\"},\"primaryImageOfPage\":{\"@id\":\"https:\\\/\\\/isatis.asso.fr\\\/la-maison-de-la-bievre\\\/2025\\\/03\\\/18\\\/la-parole-des-residents-au-coeur-de-notre-residence\\\/#primaryimage\"},\"image\":{\"@id\":\"https:\\\/\\\/isatis.asso.fr\\\/la-maison-de-la-bievre\\\/2025\\\/03\\\/18\\\/la-parole-des-residents-au-coeur-de-notre-residence\\\/#primaryimage\"},\"thumbnailUrl\":\"https:\\\/\\\/isatis.asso.fr\\\/la-maison-de-la-bievre\\\/wp-content\\\/uploads\\\/sites\\\/14\\\/2025\\\/03\\\/img-1438.jpeg\",\"datePublished\":\"2025-03-18T09:22:58+00:00\",\"dateModified\":\"2025-03-18T09:25:00+00:00\",\"author\":{\"@id\":\"https:\\\/\\\/isatis.asso.fr\\\/la-maison-de-la-bievre\\\/#\\\/schema\\\/person\\\/f52f6cbe059c6e320be1111ed1c8affb\"},\"breadcrumb\":{\"@id\":\"https:\\\/\\\/isatis.asso.fr\\\/la-maison-de-la-bievre\\\/2025\\\/03\\\/18\\\/la-parole-des-residents-au-coeur-de-notre-residence\\\/#breadcrumb\"},\"inLanguage\":\"fr-FR\",\"potentialAction\":[{\"@type\":\"ReadAction\",\"target\":[\"https:\\\/\\\/isatis.asso.fr\\\/la-maison-de-la-bievre\\\/2025\\\/03\\\/18\\\/la-parole-des-residents-au-coeur-de-notre-residence\\\/\"]}]},{\"@type\":\"ImageObject\",\"inLanguage\":\"fr-FR\",\"@id\":\"https:\\\/\\\/isatis.asso.fr\\\/la-maison-de-la-bievre\\\/2025\\\/03\\\/18\\\/la-parole-des-residents-au-coeur-de-notre-residence\\\/#primaryimage\",\"url\":\"https:\\\/\\\/isatis.asso.fr\\\/la-maison-de-la-bievre\\\/wp-content\\\/uploads\\\/sites\\\/14\\\/2025\\\/03\\\/img-1438.jpeg\",\"contentUrl\":\"https:\\\/\\\/isatis.asso.fr\\\/la-maison-de-la-bievre\\\/wp-content\\\/uploads\\\/sites\\\/14\\\/2025\\\/03\\\/img-1438.jpeg\",\"width\":1280,\"height\":960},{\"@type\":\"BreadcrumbList\",\"@id\":\"https:\\\/\\\/isatis.asso.fr\\\/la-maison-de-la-bievre\\\/2025\\\/03\\\/18\\\/la-parole-des-residents-au-coeur-de-notre-residence\\\/#breadcrumb\",\"itemListElement\":[{\"@type\":\"ListItem\",\"position\":1,\"name\":\"Accueil\",\"item\":\"https:\\\/\\\/isatis.asso.fr\\\/la-maison-de-la-bievre\\\/\"},{\"@type\":\"ListItem\",\"position\":2,\"name\":\"La parole des r\u00e9sidents au coeur de notre r\u00e9sidence\"}]},{\"@type\":\"WebSite\",\"@id\":\"https:\\\/\\\/isatis.asso.fr\\\/la-maison-de-la-bievre\\\/#website\",\"url\":\"https:\\\/\\\/isatis.asso.fr\\\/la-maison-de-la-bievre\\\/\",\"name\":\"La Maison de la Bi\u00e8vre\",\"description\":\"EHPAD - PASA\",\"potentialAction\":[{\"@type\":\"SearchAction\",\"target\":{\"@type\":\"EntryPoint\",\"urlTemplate\":\"https:\\\/\\\/isatis.asso.fr\\\/la-maison-de-la-bievre\\\/?s={search_term_string}\"},\"query-input\":{\"@type\":\"PropertyValueSpecification\",\"valueRequired\":true,\"valueName\":\"search_term_string\"}}],\"inLanguage\":\"fr-FR\"},{\"@type\":\"Person\",\"@id\":\"https:\\\/\\\/isatis.asso.fr\\\/la-maison-de-la-bievre\\\/#\\\/schema\\\/person\\\/f52f6cbe059c6e320be1111ed1c8affb\",\"name\":\"labievre86f2xa9hj\",\"image\":{\"@type\":\"ImageObject\",\"inLanguage\":\"fr-FR\",\"@id\":\"https:\\\/\\\/secure.gravatar.com\\\/avatar\\\/a83fef9b97a09de95911c8154cb9fabfaecd34bc132d345a27e217d694464273?s=96&d=mm&r=g\",\"url\":\"https:\\\/\\\/secure.gravatar.com\\\/avatar\\\/a83fef9b97a09de95911c8154cb9fabfaecd34bc132d345a27e217d694464273?s=96&d=mm&r=g\",\"contentUrl\":\"https:\\\/\\\/secure.gravatar.com\\\/avatar\\\/a83fef9b97a09de95911c8154cb9fabfaecd34bc132d345a27e217d694464273?s=96&d=mm&r=g\",\"caption\":\"labievre86f2xa9hj\"},\"url\":\"https:\\\/\\\/isatis.asso.fr\\\/la-maison-de-la-bievre\\\/author\\\/labievre86f2xa9hj\\\/\"}]}<\/script>\n<!-- \/ Yoast SEO plugin. -->","yoast_head_json":{"title":"La parole des r\u00e9sidents au coeur de notre r\u00e9sidence - La Maison de la Bi\u00e8vre","robots":{"index":"index","follow":"follow","max-snippet":"max-snippet:-1","max-image-preview":"max-image-preview:large","max-video-preview":"max-video-preview:-1"},"canonical":"https:\/\/isatis.asso.fr\/la-maison-de-la-bievre\/2025\/03\/18\/la-parole-des-residents-au-coeur-de-notre-residence\/","og_locale":"fr_FR","og_type":"article","og_title":"La parole des r\u00e9sidents au coeur de notre r\u00e9sidence - La Maison de la Bi\u00e8vre","og_description":"Les r\u00e9unions des r\u00e9sidents \u00c0 la Maison de la Bi\u00e8vre, nous avons \u00e0 coeur d&rsquo;offrir un cadre chaleureux, o\u00f9 chaque r\u00e9sident se sent \u00e9cout\u00e9 et consid\u00e9r\u00e9. C&rsquo;est dans cette optique que nous avons mis en place la r\u00e9union des r\u00e9sidents, un moment d&rsquo;\u00e9change privil\u00e9gi\u00e9 qui se tient chaque premier lundi du mois et qui est [&hellip;]","og_url":"https:\/\/isatis.asso.fr\/la-maison-de-la-bievre\/2025\/03\/18\/la-parole-des-residents-au-coeur-de-notre-residence\/","og_site_name":"La Maison de la Bi\u00e8vre","article_published_time":"2025-03-18T09:22:58+00:00","article_modified_time":"2025-03-18T09:25:00+00:00","og_image":[{"width":1280,"height":960,"url":"https:\/\/isatis.asso.fr\/la-maison-de-la-bievre\/wp-content\/uploads\/sites\/14\/2025\/03\/img-1438.jpeg","type":"image\/jpeg"}],"author":"labievre86f2xa9hj","twitter_card":"summary_large_image","twitter_misc":{"\u00c9crit par":"labievre86f2xa9hj","Dur\u00e9e de lecture estim\u00e9e":"2 minutes"},"schema":{"@context":"https:\/\/schema.org","@graph":[{"@type":"Article","@id":"https:\/\/isatis.asso.fr\/la-maison-de-la-bievre\/2025\/03\/18\/la-parole-des-residents-au-coeur-de-notre-residence\/#article","isPartOf":{"@id":"https:\/\/isatis.asso.fr\/la-maison-de-la-bievre\/2025\/03\/18\/la-parole-des-residents-au-coeur-de-notre-residence\/"},"author":{"name":"labievre86f2xa9hj","@id":"https:\/\/isatis.asso.fr\/la-maison-de-la-bievre\/#\/schema\/person\/f52f6cbe059c6e320be1111ed1c8affb"},"headline":"La parole des r\u00e9sidents au coeur de notre r\u00e9sidence","datePublished":"2025-03-18T09:22:58+00:00","dateModified":"2025-03-18T09:25:00+00:00","mainEntityOfPage":{"@id":"https:\/\/isatis.asso.fr\/la-maison-de-la-bievre\/2025\/03\/18\/la-parole-des-residents-au-coeur-de-notre-residence\/"},"wordCount":338,"commentCount":0,"image":{"@id":"https:\/\/isatis.asso.fr\/la-maison-de-la-bievre\/2025\/03\/18\/la-parole-des-residents-au-coeur-de-notre-residence\/#primaryimage"},"thumbnailUrl":"https:\/\/isatis.asso.fr\/la-maison-de-la-bievre\/wp-content\/uploads\/sites\/14\/2025\/03\/img-1438.jpeg","inLanguage":"fr-FR","potentialAction":[{"@type":"CommentAction","name":"Comment","target":["https:\/\/isatis.asso.fr\/la-maison-de-la-bievre\/2025\/03\/18\/la-parole-des-residents-au-coeur-de-notre-residence\/#respond"]}]},{"@type":"WebPage","@id":"https:\/\/isatis.asso.fr\/la-maison-de-la-bievre\/2025\/03\/18\/la-parole-des-residents-au-coeur-de-notre-residence\/","url":"https:\/\/isatis.asso.fr\/la-maison-de-la-bievre\/2025\/03\/18\/la-parole-des-residents-au-coeur-de-notre-residence\/","name":"La parole des r\u00e9sidents au coeur de notre r\u00e9sidence - La Maison de la Bi\u00e8vre","isPartOf":{"@id":"https:\/\/isatis.asso.fr\/la-maison-de-la-bievre\/#website"},"primaryImageOfPage":{"@id":"https:\/\/isatis.asso.fr\/la-maison-de-la-bievre\/2025\/03\/18\/la-parole-des-residents-au-coeur-de-notre-residence\/#primaryimage"},"image":{"@id":"https:\/\/isatis.asso.fr\/la-maison-de-la-bievre\/2025\/03\/18\/la-parole-des-residents-au-coeur-de-notre-residence\/#primaryimage"},"thumbnailUrl":"https:\/\/isatis.asso.fr\/la-maison-de-la-bievre\/wp-content\/uploads\/sites\/14\/2025\/03\/img-1438.jpeg","datePublished":"2025-03-18T09:22:58+00:00","dateModified":"2025-03-18T09:25:00+00:00","author":{"@id":"https:\/\/isatis.asso.fr\/la-maison-de-la-bievre\/#\/schema\/person\/f52f6cbe059c6e320be1111ed1c8affb"},"breadcrumb":{"@id":"https:\/\/isatis.asso.fr\/la-maison-de-la-bievre\/2025\/03\/18\/la-parole-des-residents-au-coeur-de-notre-residence\/#breadcrumb"},"inLanguage":"fr-FR","potentialAction":[{"@type":"ReadAction","target":["https:\/\/isatis.asso.fr\/la-maison-de-la-bievre\/2025\/03\/18\/la-parole-des-residents-au-coeur-de-notre-residence\/"]}]},{"@type":"ImageObject","inLanguage":"fr-FR","@id":"https:\/\/isatis.asso.fr\/la-maison-de-la-bievre\/2025\/03\/18\/la-parole-des-residents-au-coeur-de-notre-residence\/#primaryimage","url":"https:\/\/isatis.asso.fr\/la-maison-de-la-bievre\/wp-content\/uploads\/sites\/14\/2025\/03\/img-1438.jpeg","contentUrl":"https:\/\/isatis.asso.fr\/la-maison-de-la-bievre\/wp-content\/uploads\/sites\/14\/2025\/03\/img-1438.jpeg","width":1280,"height":960},{"@type":"BreadcrumbList","@id":"https:\/\/isatis.asso.fr\/la-maison-de-la-bievre\/2025\/03\/18\/la-parole-des-residents-au-coeur-de-notre-residence\/#breadcrumb","itemListElement":[{"@type":"ListItem","position":1,"name":"Accueil","item":"https:\/\/isatis.asso.fr\/la-maison-de-la-bievre\/"},{"@type":"ListItem","position":2,"name":"La parole des r\u00e9sidents au coeur de notre r\u00e9sidence"}]},{"@type":"WebSite","@id":"https:\/\/isatis.asso.fr\/la-maison-de-la-bievre\/#website","url":"https:\/\/isatis.asso.fr\/la-maison-de-la-bievre\/","name":"La Maison de la Bi\u00e8vre","description":"EHPAD - PASA","potentialAction":[{"@type":"SearchAction","target":{"@type":"EntryPoint","urlTemplate":"https:\/\/isatis.asso.fr\/la-maison-de-la-bievre\/?s={search_term_string}"},"query-input":{"@type":"PropertyValueSpecification","valueRequired":true,"valueName":"search_term_string"}}],"inLanguage":"fr-FR"},{"@type":"Person","@id":"https:\/\/isatis.asso.fr\/la-maison-de-la-bievre\/#\/schema\/person\/f52f6cbe059c6e320be1111ed1c8affb","name":"labievre86f2xa9hj","image":{"@type":"ImageObject","inLanguage":"fr-FR","@id":"https:\/\/secure.gravatar.com\/avatar\/a83fef9b97a09de95911c8154cb9fabfaecd34bc132d345a27e217d694464273?s=96&d=mm&r=g","url":"https:\/\/secure.gravatar.com\/avatar\/a83fef9b97a09de95911c8154cb9fabfaecd34bc132d345a27e217d694464273?s=96&d=mm&r=g","contentUrl":"https:\/\/secure.gravatar.com\/avatar\/a83fef9b97a09de95911c8154cb9fabfaecd34bc132d345a27e217d694464273?s=96&d=mm&r=g","caption":"labievre86f2xa9hj"},"url":"https:\/\/isatis.asso.fr\/la-maison-de-la-bievre\/author\/labievre86f2xa9hj\/"}]}},"_links":{"self":[{"href":"https:\/\/isatis.asso.fr\/la-maison-de-la-bievre\/wp-json\/wp\/v2\/posts\/909","targetHints":{"allow":["GET"]}}],"collection":[{"href":"https:\/\/isatis.asso.fr\/la-maison-de-la-bievre\/wp-json\/wp\/v2\/posts"}],"about":[{"href":"https:\/\/isatis.asso.fr\/la-maison-de-la-bievre\/wp-json\/wp\/v2\/types\/post"}],"author":[{"embeddable":true,"href":"https:\/\/isatis.asso.fr\/la-maison-de-la-bievre\/wp-json\/wp\/v2\/users\/7"}],"replies":[{"embeddable":true,"href":"https:\/\/isatis.asso.fr\/la-maison-de-la-bievre\/wp-json\/wp\/v2\/comments?post=909"}],"version-history":[{"count":2,"href":"https:\/\/isatis.asso.fr\/la-maison-de-la-bievre\/wp-json\/wp\/v2\/posts\/909\/revisions"}],"predecessor-version":[{"id":913,"href":"https:\/\/isatis.asso.fr\/la-maison-de-la-bievre\/wp-json\/wp\/v2\/posts\/909\/revisions\/913"}],"wp:featuredmedia":[{"embeddable":true,"href":"https:\/\/isatis.asso.fr\/la-maison-de-la-bievre\/wp-json\/wp\/v2\/media\/910"}],"wp:attachment":[{"href":"https:\/\/isatis.asso.fr\/la-maison-de-la-bievre\/wp-json\/wp\/v2\/media?parent=909"}],"wp:term":[{"taxonomy":"category","embeddable":true,"href":"https:\/\/isatis.asso.fr\/la-maison-de-la-bievre\/wp-json\/wp\/v2\/categories?post=909"},{"taxonomy":"post_tag","embeddable":true,"href":"https:\/\/isatis.asso.fr\/la-maison-de-la-bievre\/wp-json\/wp\/v2\/tags?post=909"}],"curies":[{"name":"wp","href":"https:\/\/api.w.org\/{rel}","templated":true}]}}