{"id":892,"date":"2025-03-11T14:29:12","date_gmt":"2025-03-11T13:29:12","guid":{"rendered":"https:\/\/isatis.asso.fr\/la-maison-de-la-bievre\/?p=892"},"modified":"2025-09-23T22:41:54","modified_gmt":"2025-09-23T20:41:54","slug":"pasa-a-la-maison-de-la-bievre","status":"publish","type":"post","link":"https:\/\/isatis.asso.fr\/la-maison-de-la-bievre\/2025\/03\/11\/pasa-a-la-maison-de-la-bievre\/","title":{"rendered":"PASA \u00e0 la Maison de la Bi\u00e8vre"},"content":{"rendered":"\n<p class=\"has-text-align-center\" style=\"font-size:30px\"><strong>Un dispositif adapt\u00e9s aux r\u00e9sidents atteints de troubles psychiques et\/ou cognitifs <\/strong><\/p>\n\n\n\n<p><\/p>\n\n\n\n<p><\/p>\n\n\n\n<p><\/p>\n\n\n<div class=\"wp-block-image is-style-rounded\">\n<figure class=\"aligncenter size-large is-resized\"><img loading=\"lazy\" decoding=\"async\" width=\"960\" height=\"960\" src=\"https:\/\/isatis.asso.fr\/la-maison-de-la-bievre\/wp-content\/uploads\/sites\/14\/2025\/03\/img-8020-edited-1.jpeg\" alt=\"\" class=\"wp-image-896\" style=\"width:634px;height:auto\" srcset=\"https:\/\/isatis.asso.fr\/la-maison-de-la-bievre\/wp-content\/uploads\/sites\/14\/2025\/03\/img-8020-edited-1.jpeg 960w, https:\/\/isatis.asso.fr\/la-maison-de-la-bievre\/wp-content\/uploads\/sites\/14\/2025\/03\/img-8020-edited-1-300x300.jpeg 300w, https:\/\/isatis.asso.fr\/la-maison-de-la-bievre\/wp-content\/uploads\/sites\/14\/2025\/03\/img-8020-edited-1-150x150.jpeg 150w, https:\/\/isatis.asso.fr\/la-maison-de-la-bievre\/wp-content\/uploads\/sites\/14\/2025\/03\/img-8020-edited-1-768x768.jpeg 768w\" sizes=\"auto, (max-width: 960px) 100vw, 960px\" \/><\/figure>\n<\/div>\n\n\n<p><\/p>\n\n\n\n<p><\/p>\n\n\n\n<p class=\"has-text-align-center\" style=\"font-size:20px\">Dans notre r\u00e9sidence, le P\u00f4le d&rsquo;Activit\u00e9s et de Soins Adapt\u00e9s (PASA) a su relever un d\u00e9fi ambitieux: accueillir \u00e0 la fois des r\u00e9sidents atteints de troubles cognitifs (maladie d&rsquo;Alzheimer, d\u00e9mence apparent\u00e9es) et des personnes souffrant de pathologie psychiatrique stabilis\u00e9es. Loin des id\u00e9es re\u00e7ues sur la difficult\u00e9 de concilier ces deux  profils, ce PASA innovant est devenu un mod\u00e8le d&rsquo;accompagnement r\u00e9ussi, pr\u00f4nant une prise en charge individualis\u00e9e et une dynamique de groupe positive.<\/p>\n\n\n\n<p><\/p>\n\n\n\n<p><\/p>\n\n\n<div class=\"wp-block-image is-style-rounded\">\n<figure class=\"aligncenter size-large is-resized\"><img loading=\"lazy\" decoding=\"async\" width=\"473\" height=\"1024\" src=\"https:\/\/isatis.asso.fr\/la-maison-de-la-bievre\/wp-content\/uploads\/sites\/14\/2025\/03\/resized-20250224-113716-17416112821131-473x1024.jpg\" alt=\"\" class=\"wp-image-881\" style=\"width:283px;height:auto\" srcset=\"https:\/\/isatis.asso.fr\/la-maison-de-la-bievre\/wp-content\/uploads\/sites\/14\/2025\/03\/resized-20250224-113716-17416112821131-473x1024.jpg 473w, https:\/\/isatis.asso.fr\/la-maison-de-la-bievre\/wp-content\/uploads\/sites\/14\/2025\/03\/resized-20250224-113716-17416112821131-139x300.jpg 139w, https:\/\/isatis.asso.fr\/la-maison-de-la-bievre\/wp-content\/uploads\/sites\/14\/2025\/03\/resized-20250224-113716-17416112821131-768x1662.jpg 768w, https:\/\/isatis.asso.fr\/la-maison-de-la-bievre\/wp-content\/uploads\/sites\/14\/2025\/03\/resized-20250224-113716-17416112821131-710x1536.jpg 710w, https:\/\/isatis.asso.fr\/la-maison-de-la-bievre\/wp-content\/uploads\/sites\/14\/2025\/03\/resized-20250224-113716-17416112821131-462x1000.jpg 462w, https:\/\/isatis.asso.fr\/la-maison-de-la-bievre\/wp-content\/uploads\/sites\/14\/2025\/03\/resized-20250224-113716-17416112821131.jpg 924w\" sizes=\"auto, (max-width: 473px) 100vw, 473px\" \/><\/figure>\n<\/div>\n\n\n<p><\/p>\n\n\n\n<p class=\"has-text-align-center\" style=\"font-size:20px\">Loin d&rsquo;\u00eatre cloisonn\u00e9e, la prise en charge repose sur une philosophie de compl\u00e9mentarit\u00e9 o\u00f9 les forces et fragilit\u00e9s de chacun sont prises en compte pour cr\u00e9er un environnement serein et stimulant.<\/p>\n\n\n\n<p><\/p>\n\n\n\n<p><\/p>\n\n\n<div class=\"wp-block-image is-style-rounded\">\n<figure class=\"aligncenter size-large is-resized\"><img loading=\"lazy\" decoding=\"async\" width=\"768\" height=\"1024\" src=\"https:\/\/isatis.asso.fr\/la-maison-de-la-bievre\/wp-content\/uploads\/sites\/14\/2025\/03\/img-8014-768x1024.jpeg\" alt=\"\" class=\"wp-image-887\" style=\"width:605px;height:auto\" srcset=\"https:\/\/isatis.asso.fr\/la-maison-de-la-bievre\/wp-content\/uploads\/sites\/14\/2025\/03\/img-8014-768x1024.jpeg 768w, https:\/\/isatis.asso.fr\/la-maison-de-la-bievre\/wp-content\/uploads\/sites\/14\/2025\/03\/img-8014-225x300.jpeg 225w, https:\/\/isatis.asso.fr\/la-maison-de-la-bievre\/wp-content\/uploads\/sites\/14\/2025\/03\/img-8014-750x1000.jpeg 750w, https:\/\/isatis.asso.fr\/la-maison-de-la-bievre\/wp-content\/uploads\/sites\/14\/2025\/03\/img-8014.jpeg 960w\" sizes=\"auto, (max-width: 768px) 100vw, 768px\" \/><\/figure>\n<\/div>\n\n\n<p><\/p>\n\n\n\n<p><\/p>\n\n\n\n<p class=\"has-text-align-center\" style=\"font-size:20px\">Les r\u00e9sidents sont accueillis en petits groupes, ce qui permet un suivi personnalis\u00e9 et un encadrement de qualit\u00e9. Les activit\u00e9s sont adapt\u00e9s aux capacit\u00e9s de chacun, favorisant l&rsquo;inclusion et l&rsquo;entraide. Les r\u00e9sidents ayant des troubles psychiatriques stabilis\u00e9s apportent parfois un soutien social aux personnes atteintes de troubles cognitifs, favorisant ainsi les interactions bienveillantes et le maintien du lien social.<\/p>\n\n\n\n<p><\/p>\n\n\n\n<p><\/p>\n\n\n<div class=\"wp-block-image is-style-rounded\">\n<figure class=\"aligncenter size-large is-resized\"><img loading=\"lazy\" decoding=\"async\" width=\"1024\" height=\"768\" src=\"https:\/\/isatis.asso.fr\/la-maison-de-la-bievre\/wp-content\/uploads\/sites\/14\/2025\/03\/img-8221-1024x768.jpeg\" alt=\"\" class=\"wp-image-888\" style=\"width:603px;height:auto\" srcset=\"https:\/\/isatis.asso.fr\/la-maison-de-la-bievre\/wp-content\/uploads\/sites\/14\/2025\/03\/img-8221-1024x768.jpeg 1024w, https:\/\/isatis.asso.fr\/la-maison-de-la-bievre\/wp-content\/uploads\/sites\/14\/2025\/03\/img-8221-300x225.jpeg 300w, https:\/\/isatis.asso.fr\/la-maison-de-la-bievre\/wp-content\/uploads\/sites\/14\/2025\/03\/img-8221-768x576.jpeg 768w, https:\/\/isatis.asso.fr\/la-maison-de-la-bievre\/wp-content\/uploads\/sites\/14\/2025\/03\/img-8221.jpeg 1280w\" sizes=\"auto, (max-width: 1024px) 100vw, 1024px\" \/><\/figure>\n<\/div>\n\n\n<p><\/p>\n\n\n\n<p><\/p>\n\n\n\n<p class=\"has-text-align-center\" style=\"font-size:20px\">Ce PASA innovant d\u00e9montre qu&rsquo;avec une d\u00e9marche centr\u00e9e sur la personne, une approche th\u00e9rapeutique adapt\u00e9e et une \u00e9quipe engag\u00e9e, il est possible de cr\u00e9er un environnement harmonieux o\u00f9 cohabitent des r\u00e9sidents aux profils vari\u00e9s. Ce mod\u00e8le pourrait bien inspirer d&rsquo;autres \u00e9tablissements souhaitant offrir une prise en charge toujours plus humaine et efficace aux personnes \u00e2g\u00e9es en situation de fragilit\u00e9 psychique et\/ou cognitif.<\/p>\n\n\n\n<p><\/p>\n\n\n\n<p><\/p>\n\n\n<div class=\"wp-block-image is-style-rounded\">\n<figure class=\"aligncenter size-large is-resized\"><img loading=\"lazy\" decoding=\"async\" width=\"1024\" height=\"473\" src=\"https:\/\/isatis.asso.fr\/la-maison-de-la-bievre\/wp-content\/uploads\/sites\/14\/2025\/03\/resized-20250212-103528-17416115412391-1024x473.jpg\" alt=\"\" class=\"wp-image-882\" style=\"width:619px;height:auto\" srcset=\"https:\/\/isatis.asso.fr\/la-maison-de-la-bievre\/wp-content\/uploads\/sites\/14\/2025\/03\/resized-20250212-103528-17416115412391-1024x473.jpg 1024w, https:\/\/isatis.asso.fr\/la-maison-de-la-bievre\/wp-content\/uploads\/sites\/14\/2025\/03\/resized-20250212-103528-17416115412391-300x139.jpg 300w, https:\/\/isatis.asso.fr\/la-maison-de-la-bievre\/wp-content\/uploads\/sites\/14\/2025\/03\/resized-20250212-103528-17416115412391-768x355.jpg 768w, https:\/\/isatis.asso.fr\/la-maison-de-la-bievre\/wp-content\/uploads\/sites\/14\/2025\/03\/resized-20250212-103528-17416115412391-1536x710.jpg 1536w, https:\/\/isatis.asso.fr\/la-maison-de-la-bievre\/wp-content\/uploads\/sites\/14\/2025\/03\/resized-20250212-103528-17416115412391-1600x739.jpg 1600w, https:\/\/isatis.asso.fr\/la-maison-de-la-bievre\/wp-content\/uploads\/sites\/14\/2025\/03\/resized-20250212-103528-17416115412391.jpg 2000w\" sizes=\"auto, (max-width: 1024px) 100vw, 1024px\" \/><\/figure>\n<\/div>","protected":false},"excerpt":{"rendered":"<p>Un dispositif adapt\u00e9s aux r\u00e9sidents atteints de troubles psychiques et\/ou cognitifs Dans notre r\u00e9sidence, le P\u00f4le d&rsquo;Activit\u00e9s et de Soins Adapt\u00e9s (PASA) a su relever un d\u00e9fi ambitieux: accueillir \u00e0 la fois des r\u00e9sidents atteints de troubles cognitifs (maladie d&rsquo;Alzheimer, d\u00e9mence apparent\u00e9es) et des personnes souffrant de pathologie psychiatrique stabilis\u00e9es. Loin des id\u00e9es re\u00e7ues sur [&hellip;]<\/p>\n","protected":false},"author":7,"featured_media":884,"comment_status":"open","ping_status":"open","sticky":false,"template":"","format":"standard","meta":{"_acf_changed":false,"footnotes":""},"categories":[1],"tags":[],"class_list":["post-892","post","type-post","status-publish","format-standard","has-post-thumbnail","hentry","category-non-classe"],"acf":[],"yoast_head":"<!-- This site is optimized with the Yoast SEO plugin v27.3 - https:\/\/yoast.com\/product\/yoast-seo-wordpress\/ -->\n<title>PASA \u00e0 la Maison de la Bi\u00e8vre - La Maison de la Bi\u00e8vre<\/title>\n<meta name=\"robots\" content=\"index, follow, max-snippet:-1, max-image-preview:large, max-video-preview:-1\" \/>\n<link rel=\"canonical\" href=\"https:\/\/isatis.asso.fr\/la-maison-de-la-bievre\/2025\/03\/11\/pasa-a-la-maison-de-la-bievre\/\" \/>\n<meta property=\"og:locale\" content=\"fr_FR\" \/>\n<meta property=\"og:type\" content=\"article\" \/>\n<meta property=\"og:title\" content=\"PASA \u00e0 la Maison de la Bi\u00e8vre - La Maison de la Bi\u00e8vre\" \/>\n<meta property=\"og:description\" content=\"Un dispositif adapt\u00e9s aux r\u00e9sidents atteints de troubles psychiques et\/ou cognitifs Dans notre r\u00e9sidence, le P\u00f4le d&rsquo;Activit\u00e9s et de Soins Adapt\u00e9s (PASA) a su relever un d\u00e9fi ambitieux: accueillir \u00e0 la fois des r\u00e9sidents atteints de troubles cognitifs (maladie d&rsquo;Alzheimer, d\u00e9mence apparent\u00e9es) et des personnes souffrant de pathologie psychiatrique stabilis\u00e9es. Loin des id\u00e9es re\u00e7ues sur [&hellip;]\" \/>\n<meta property=\"og:url\" content=\"https:\/\/isatis.asso.fr\/la-maison-de-la-bievre\/2025\/03\/11\/pasa-a-la-maison-de-la-bievre\/\" \/>\n<meta property=\"og:site_name\" content=\"La Maison de la Bi\u00e8vre\" \/>\n<meta property=\"article:published_time\" content=\"2025-03-11T13:29:12+00:00\" \/>\n<meta property=\"article:modified_time\" content=\"2025-09-23T20:41:54+00:00\" \/>\n<meta property=\"og:image\" content=\"https:\/\/isatis.asso.fr\/la-maison-de-la-bievre\/wp-content\/uploads\/sites\/14\/2025\/03\/resized-20250224-111134-17416113132511.jpg\" \/>\n\t<meta property=\"og:image:width\" content=\"2000\" \/>\n\t<meta property=\"og:image:height\" content=\"924\" \/>\n\t<meta property=\"og:image:type\" content=\"image\/jpeg\" \/>\n<meta name=\"author\" content=\"labievre86f2xa9hj\" \/>\n<meta name=\"twitter:card\" content=\"summary_large_image\" \/>\n<meta name=\"twitter:label1\" content=\"\u00c9crit par\" \/>\n\t<meta name=\"twitter:data1\" content=\"labievre86f2xa9hj\" \/>\n\t<meta name=\"twitter:label2\" content=\"Dur\u00e9e de lecture estim\u00e9e\" \/>\n\t<meta name=\"twitter:data2\" content=\"3 minutes\" \/>\n<script type=\"application\/ld+json\" class=\"yoast-schema-graph\">{\"@context\":\"https:\\\/\\\/schema.org\",\"@graph\":[{\"@type\":\"Article\",\"@id\":\"https:\\\/\\\/isatis.asso.fr\\\/la-maison-de-la-bievre\\\/2025\\\/03\\\/11\\\/pasa-a-la-maison-de-la-bievre\\\/#article\",\"isPartOf\":{\"@id\":\"https:\\\/\\\/isatis.asso.fr\\\/la-maison-de-la-bievre\\\/2025\\\/03\\\/11\\\/pasa-a-la-maison-de-la-bievre\\\/\"},\"author\":{\"name\":\"labievre86f2xa9hj\",\"@id\":\"https:\\\/\\\/isatis.asso.fr\\\/la-maison-de-la-bievre\\\/#\\\/schema\\\/person\\\/f52f6cbe059c6e320be1111ed1c8affb\"},\"headline\":\"PASA \u00e0 la Maison de la Bi\u00e8vre\",\"datePublished\":\"2025-03-11T13:29:12+00:00\",\"dateModified\":\"2025-09-23T20:41:54+00:00\",\"mainEntityOfPage\":{\"@id\":\"https:\\\/\\\/isatis.asso.fr\\\/la-maison-de-la-bievre\\\/2025\\\/03\\\/11\\\/pasa-a-la-maison-de-la-bievre\\\/\"},\"wordCount\":289,\"commentCount\":0,\"image\":{\"@id\":\"https:\\\/\\\/isatis.asso.fr\\\/la-maison-de-la-bievre\\\/2025\\\/03\\\/11\\\/pasa-a-la-maison-de-la-bievre\\\/#primaryimage\"},\"thumbnailUrl\":\"https:\\\/\\\/isatis.asso.fr\\\/la-maison-de-la-bievre\\\/wp-content\\\/uploads\\\/sites\\\/14\\\/2025\\\/03\\\/resized-20250224-111134-17416113132511.jpg\",\"inLanguage\":\"fr-FR\",\"potentialAction\":[{\"@type\":\"CommentAction\",\"name\":\"Comment\",\"target\":[\"https:\\\/\\\/isatis.asso.fr\\\/la-maison-de-la-bievre\\\/2025\\\/03\\\/11\\\/pasa-a-la-maison-de-la-bievre\\\/#respond\"]}]},{\"@type\":\"WebPage\",\"@id\":\"https:\\\/\\\/isatis.asso.fr\\\/la-maison-de-la-bievre\\\/2025\\\/03\\\/11\\\/pasa-a-la-maison-de-la-bievre\\\/\",\"url\":\"https:\\\/\\\/isatis.asso.fr\\\/la-maison-de-la-bievre\\\/2025\\\/03\\\/11\\\/pasa-a-la-maison-de-la-bievre\\\/\",\"name\":\"PASA \u00e0 la Maison de la Bi\u00e8vre - La Maison de la Bi\u00e8vre\",\"isPartOf\":{\"@id\":\"https:\\\/\\\/isatis.asso.fr\\\/la-maison-de-la-bievre\\\/#website\"},\"primaryImageOfPage\":{\"@id\":\"https:\\\/\\\/isatis.asso.fr\\\/la-maison-de-la-bievre\\\/2025\\\/03\\\/11\\\/pasa-a-la-maison-de-la-bievre\\\/#primaryimage\"},\"image\":{\"@id\":\"https:\\\/\\\/isatis.asso.fr\\\/la-maison-de-la-bievre\\\/2025\\\/03\\\/11\\\/pasa-a-la-maison-de-la-bievre\\\/#primaryimage\"},\"thumbnailUrl\":\"https:\\\/\\\/isatis.asso.fr\\\/la-maison-de-la-bievre\\\/wp-content\\\/uploads\\\/sites\\\/14\\\/2025\\\/03\\\/resized-20250224-111134-17416113132511.jpg\",\"datePublished\":\"2025-03-11T13:29:12+00:00\",\"dateModified\":\"2025-09-23T20:41:54+00:00\",\"author\":{\"@id\":\"https:\\\/\\\/isatis.asso.fr\\\/la-maison-de-la-bievre\\\/#\\\/schema\\\/person\\\/f52f6cbe059c6e320be1111ed1c8affb\"},\"breadcrumb\":{\"@id\":\"https:\\\/\\\/isatis.asso.fr\\\/la-maison-de-la-bievre\\\/2025\\\/03\\\/11\\\/pasa-a-la-maison-de-la-bievre\\\/#breadcrumb\"},\"inLanguage\":\"fr-FR\",\"potentialAction\":[{\"@type\":\"ReadAction\",\"target\":[\"https:\\\/\\\/isatis.asso.fr\\\/la-maison-de-la-bievre\\\/2025\\\/03\\\/11\\\/pasa-a-la-maison-de-la-bievre\\\/\"]}]},{\"@type\":\"ImageObject\",\"inLanguage\":\"fr-FR\",\"@id\":\"https:\\\/\\\/isatis.asso.fr\\\/la-maison-de-la-bievre\\\/2025\\\/03\\\/11\\\/pasa-a-la-maison-de-la-bievre\\\/#primaryimage\",\"url\":\"https:\\\/\\\/isatis.asso.fr\\\/la-maison-de-la-bievre\\\/wp-content\\\/uploads\\\/sites\\\/14\\\/2025\\\/03\\\/resized-20250224-111134-17416113132511.jpg\",\"contentUrl\":\"https:\\\/\\\/isatis.asso.fr\\\/la-maison-de-la-bievre\\\/wp-content\\\/uploads\\\/sites\\\/14\\\/2025\\\/03\\\/resized-20250224-111134-17416113132511.jpg\",\"width\":2000,\"height\":924},{\"@type\":\"BreadcrumbList\",\"@id\":\"https:\\\/\\\/isatis.asso.fr\\\/la-maison-de-la-bievre\\\/2025\\\/03\\\/11\\\/pasa-a-la-maison-de-la-bievre\\\/#breadcrumb\",\"itemListElement\":[{\"@type\":\"ListItem\",\"position\":1,\"name\":\"Accueil\",\"item\":\"https:\\\/\\\/isatis.asso.fr\\\/la-maison-de-la-bievre\\\/\"},{\"@type\":\"ListItem\",\"position\":2,\"name\":\"PASA \u00e0 la Maison de la Bi\u00e8vre\"}]},{\"@type\":\"WebSite\",\"@id\":\"https:\\\/\\\/isatis.asso.fr\\\/la-maison-de-la-bievre\\\/#website\",\"url\":\"https:\\\/\\\/isatis.asso.fr\\\/la-maison-de-la-bievre\\\/\",\"name\":\"La Maison de la Bi\u00e8vre\",\"description\":\"EHPAD - PASA\",\"potentialAction\":[{\"@type\":\"SearchAction\",\"target\":{\"@type\":\"EntryPoint\",\"urlTemplate\":\"https:\\\/\\\/isatis.asso.fr\\\/la-maison-de-la-bievre\\\/?s={search_term_string}\"},\"query-input\":{\"@type\":\"PropertyValueSpecification\",\"valueRequired\":true,\"valueName\":\"search_term_string\"}}],\"inLanguage\":\"fr-FR\"},{\"@type\":\"Person\",\"@id\":\"https:\\\/\\\/isatis.asso.fr\\\/la-maison-de-la-bievre\\\/#\\\/schema\\\/person\\\/f52f6cbe059c6e320be1111ed1c8affb\",\"name\":\"labievre86f2xa9hj\",\"image\":{\"@type\":\"ImageObject\",\"inLanguage\":\"fr-FR\",\"@id\":\"https:\\\/\\\/secure.gravatar.com\\\/avatar\\\/a83fef9b97a09de95911c8154cb9fabfaecd34bc132d345a27e217d694464273?s=96&d=mm&r=g\",\"url\":\"https:\\\/\\\/secure.gravatar.com\\\/avatar\\\/a83fef9b97a09de95911c8154cb9fabfaecd34bc132d345a27e217d694464273?s=96&d=mm&r=g\",\"contentUrl\":\"https:\\\/\\\/secure.gravatar.com\\\/avatar\\\/a83fef9b97a09de95911c8154cb9fabfaecd34bc132d345a27e217d694464273?s=96&d=mm&r=g\",\"caption\":\"labievre86f2xa9hj\"},\"url\":\"https:\\\/\\\/isatis.asso.fr\\\/la-maison-de-la-bievre\\\/author\\\/labievre86f2xa9hj\\\/\"}]}<\/script>\n<!-- \/ Yoast SEO plugin. -->","yoast_head_json":{"title":"PASA \u00e0 la Maison de la Bi\u00e8vre - La Maison de la Bi\u00e8vre","robots":{"index":"index","follow":"follow","max-snippet":"max-snippet:-1","max-image-preview":"max-image-preview:large","max-video-preview":"max-video-preview:-1"},"canonical":"https:\/\/isatis.asso.fr\/la-maison-de-la-bievre\/2025\/03\/11\/pasa-a-la-maison-de-la-bievre\/","og_locale":"fr_FR","og_type":"article","og_title":"PASA \u00e0 la Maison de la Bi\u00e8vre - La Maison de la Bi\u00e8vre","og_description":"Un dispositif adapt\u00e9s aux r\u00e9sidents atteints de troubles psychiques et\/ou cognitifs Dans notre r\u00e9sidence, le P\u00f4le d&rsquo;Activit\u00e9s et de Soins Adapt\u00e9s (PASA) a su relever un d\u00e9fi ambitieux: accueillir \u00e0 la fois des r\u00e9sidents atteints de troubles cognitifs (maladie d&rsquo;Alzheimer, d\u00e9mence apparent\u00e9es) et des personnes souffrant de pathologie psychiatrique stabilis\u00e9es. Loin des id\u00e9es re\u00e7ues sur [&hellip;]","og_url":"https:\/\/isatis.asso.fr\/la-maison-de-la-bievre\/2025\/03\/11\/pasa-a-la-maison-de-la-bievre\/","og_site_name":"La Maison de la Bi\u00e8vre","article_published_time":"2025-03-11T13:29:12+00:00","article_modified_time":"2025-09-23T20:41:54+00:00","og_image":[{"width":2000,"height":924,"url":"https:\/\/isatis.asso.fr\/la-maison-de-la-bievre\/wp-content\/uploads\/sites\/14\/2025\/03\/resized-20250224-111134-17416113132511.jpg","type":"image\/jpeg"}],"author":"labievre86f2xa9hj","twitter_card":"summary_large_image","twitter_misc":{"\u00c9crit par":"labievre86f2xa9hj","Dur\u00e9e de lecture estim\u00e9e":"3 minutes"},"schema":{"@context":"https:\/\/schema.org","@graph":[{"@type":"Article","@id":"https:\/\/isatis.asso.fr\/la-maison-de-la-bievre\/2025\/03\/11\/pasa-a-la-maison-de-la-bievre\/#article","isPartOf":{"@id":"https:\/\/isatis.asso.fr\/la-maison-de-la-bievre\/2025\/03\/11\/pasa-a-la-maison-de-la-bievre\/"},"author":{"name":"labievre86f2xa9hj","@id":"https:\/\/isatis.asso.fr\/la-maison-de-la-bievre\/#\/schema\/person\/f52f6cbe059c6e320be1111ed1c8affb"},"headline":"PASA \u00e0 la Maison de la Bi\u00e8vre","datePublished":"2025-03-11T13:29:12+00:00","dateModified":"2025-09-23T20:41:54+00:00","mainEntityOfPage":{"@id":"https:\/\/isatis.asso.fr\/la-maison-de-la-bievre\/2025\/03\/11\/pasa-a-la-maison-de-la-bievre\/"},"wordCount":289,"commentCount":0,"image":{"@id":"https:\/\/isatis.asso.fr\/la-maison-de-la-bievre\/2025\/03\/11\/pasa-a-la-maison-de-la-bievre\/#primaryimage"},"thumbnailUrl":"https:\/\/isatis.asso.fr\/la-maison-de-la-bievre\/wp-content\/uploads\/sites\/14\/2025\/03\/resized-20250224-111134-17416113132511.jpg","inLanguage":"fr-FR","potentialAction":[{"@type":"CommentAction","name":"Comment","target":["https:\/\/isatis.asso.fr\/la-maison-de-la-bievre\/2025\/03\/11\/pasa-a-la-maison-de-la-bievre\/#respond"]}]},{"@type":"WebPage","@id":"https:\/\/isatis.asso.fr\/la-maison-de-la-bievre\/2025\/03\/11\/pasa-a-la-maison-de-la-bievre\/","url":"https:\/\/isatis.asso.fr\/la-maison-de-la-bievre\/2025\/03\/11\/pasa-a-la-maison-de-la-bievre\/","name":"PASA \u00e0 la Maison de la Bi\u00e8vre - La Maison de la Bi\u00e8vre","isPartOf":{"@id":"https:\/\/isatis.asso.fr\/la-maison-de-la-bievre\/#website"},"primaryImageOfPage":{"@id":"https:\/\/isatis.asso.fr\/la-maison-de-la-bievre\/2025\/03\/11\/pasa-a-la-maison-de-la-bievre\/#primaryimage"},"image":{"@id":"https:\/\/isatis.asso.fr\/la-maison-de-la-bievre\/2025\/03\/11\/pasa-a-la-maison-de-la-bievre\/#primaryimage"},"thumbnailUrl":"https:\/\/isatis.asso.fr\/la-maison-de-la-bievre\/wp-content\/uploads\/sites\/14\/2025\/03\/resized-20250224-111134-17416113132511.jpg","datePublished":"2025-03-11T13:29:12+00:00","dateModified":"2025-09-23T20:41:54+00:00","author":{"@id":"https:\/\/isatis.asso.fr\/la-maison-de-la-bievre\/#\/schema\/person\/f52f6cbe059c6e320be1111ed1c8affb"},"breadcrumb":{"@id":"https:\/\/isatis.asso.fr\/la-maison-de-la-bievre\/2025\/03\/11\/pasa-a-la-maison-de-la-bievre\/#breadcrumb"},"inLanguage":"fr-FR","potentialAction":[{"@type":"ReadAction","target":["https:\/\/isatis.asso.fr\/la-maison-de-la-bievre\/2025\/03\/11\/pasa-a-la-maison-de-la-bievre\/"]}]},{"@type":"ImageObject","inLanguage":"fr-FR","@id":"https:\/\/isatis.asso.fr\/la-maison-de-la-bievre\/2025\/03\/11\/pasa-a-la-maison-de-la-bievre\/#primaryimage","url":"https:\/\/isatis.asso.fr\/la-maison-de-la-bievre\/wp-content\/uploads\/sites\/14\/2025\/03\/resized-20250224-111134-17416113132511.jpg","contentUrl":"https:\/\/isatis.asso.fr\/la-maison-de-la-bievre\/wp-content\/uploads\/sites\/14\/2025\/03\/resized-20250224-111134-17416113132511.jpg","width":2000,"height":924},{"@type":"BreadcrumbList","@id":"https:\/\/isatis.asso.fr\/la-maison-de-la-bievre\/2025\/03\/11\/pasa-a-la-maison-de-la-bievre\/#breadcrumb","itemListElement":[{"@type":"ListItem","position":1,"name":"Accueil","item":"https:\/\/isatis.asso.fr\/la-maison-de-la-bievre\/"},{"@type":"ListItem","position":2,"name":"PASA \u00e0 la Maison de la Bi\u00e8vre"}]},{"@type":"WebSite","@id":"https:\/\/isatis.asso.fr\/la-maison-de-la-bievre\/#website","url":"https:\/\/isatis.asso.fr\/la-maison-de-la-bievre\/","name":"La Maison de la Bi\u00e8vre","description":"EHPAD - PASA","potentialAction":[{"@type":"SearchAction","target":{"@type":"EntryPoint","urlTemplate":"https:\/\/isatis.asso.fr\/la-maison-de-la-bievre\/?s={search_term_string}"},"query-input":{"@type":"PropertyValueSpecification","valueRequired":true,"valueName":"search_term_string"}}],"inLanguage":"fr-FR"},{"@type":"Person","@id":"https:\/\/isatis.asso.fr\/la-maison-de-la-bievre\/#\/schema\/person\/f52f6cbe059c6e320be1111ed1c8affb","name":"labievre86f2xa9hj","image":{"@type":"ImageObject","inLanguage":"fr-FR","@id":"https:\/\/secure.gravatar.com\/avatar\/a83fef9b97a09de95911c8154cb9fabfaecd34bc132d345a27e217d694464273?s=96&d=mm&r=g","url":"https:\/\/secure.gravatar.com\/avatar\/a83fef9b97a09de95911c8154cb9fabfaecd34bc132d345a27e217d694464273?s=96&d=mm&r=g","contentUrl":"https:\/\/secure.gravatar.com\/avatar\/a83fef9b97a09de95911c8154cb9fabfaecd34bc132d345a27e217d694464273?s=96&d=mm&r=g","caption":"labievre86f2xa9hj"},"url":"https:\/\/isatis.asso.fr\/la-maison-de-la-bievre\/author\/labievre86f2xa9hj\/"}]}},"_links":{"self":[{"href":"https:\/\/isatis.asso.fr\/la-maison-de-la-bievre\/wp-json\/wp\/v2\/posts\/892","targetHints":{"allow":["GET"]}}],"collection":[{"href":"https:\/\/isatis.asso.fr\/la-maison-de-la-bievre\/wp-json\/wp\/v2\/posts"}],"about":[{"href":"https:\/\/isatis.asso.fr\/la-maison-de-la-bievre\/wp-json\/wp\/v2\/types\/post"}],"author":[{"embeddable":true,"href":"https:\/\/isatis.asso.fr\/la-maison-de-la-bievre\/wp-json\/wp\/v2\/users\/7"}],"replies":[{"embeddable":true,"href":"https:\/\/isatis.asso.fr\/la-maison-de-la-bievre\/wp-json\/wp\/v2\/comments?post=892"}],"version-history":[{"count":10,"href":"https:\/\/isatis.asso.fr\/la-maison-de-la-bievre\/wp-json\/wp\/v2\/posts\/892\/revisions"}],"predecessor-version":[{"id":1035,"href":"https:\/\/isatis.asso.fr\/la-maison-de-la-bievre\/wp-json\/wp\/v2\/posts\/892\/revisions\/1035"}],"wp:featuredmedia":[{"embeddable":true,"href":"https:\/\/isatis.asso.fr\/la-maison-de-la-bievre\/wp-json\/wp\/v2\/media\/884"}],"wp:attachment":[{"href":"https:\/\/isatis.asso.fr\/la-maison-de-la-bievre\/wp-json\/wp\/v2\/media?parent=892"}],"wp:term":[{"taxonomy":"category","embeddable":true,"href":"https:\/\/isatis.asso.fr\/la-maison-de-la-bievre\/wp-json\/wp\/v2\/categories?post=892"},{"taxonomy":"post_tag","embeddable":true,"href":"https:\/\/isatis.asso.fr\/la-maison-de-la-bievre\/wp-json\/wp\/v2\/tags?post=892"}],"curies":[{"name":"wp","href":"https:\/\/api.w.org\/{rel}","templated":true}]}}