{"id":852,"date":"2025-03-10T14:38:01","date_gmt":"2025-03-10T13:38:01","guid":{"rendered":"https:\/\/isatis.asso.fr\/la-maison-de-la-bievre\/?p=852"},"modified":"2025-09-23T22:44:26","modified_gmt":"2025-09-23T20:44:26","slug":"des-ateliers-a-la-serre-de-cachan-avec-la-maison-de-la-bievre","status":"publish","type":"post","link":"https:\/\/isatis.asso.fr\/la-maison-de-la-bievre\/2025\/03\/10\/des-ateliers-a-la-serre-de-cachan-avec-la-maison-de-la-bievre\/","title":{"rendered":"Des ateliers \u00e0 la serre de Cachan avec La Maison de la Bi\u00e8vre"},"content":{"rendered":"<div class=\"wp-block-image is-style-rounded\">\n<figure class=\"aligncenter size-large is-resized\"><img loading=\"lazy\" decoding=\"async\" width=\"1024\" height=\"781\" src=\"https:\/\/isatis.asso.fr\/la-maison-de-la-bievre\/wp-content\/uploads\/sites\/14\/2025\/03\/img-3170-1024x781.jpeg\" alt=\"\" class=\"wp-image-868\" style=\"width:512px;height:391px\" srcset=\"https:\/\/isatis.asso.fr\/la-maison-de-la-bievre\/wp-content\/uploads\/sites\/14\/2025\/03\/img-3170-1024x781.jpeg 1024w, https:\/\/isatis.asso.fr\/la-maison-de-la-bievre\/wp-content\/uploads\/sites\/14\/2025\/03\/img-3170-300x229.jpeg 300w, https:\/\/isatis.asso.fr\/la-maison-de-la-bievre\/wp-content\/uploads\/sites\/14\/2025\/03\/img-3170-768x586.jpeg 768w, https:\/\/isatis.asso.fr\/la-maison-de-la-bievre\/wp-content\/uploads\/sites\/14\/2025\/03\/img-3170.jpeg 1271w\" sizes=\"auto, (max-width: 1024px) 100vw, 1024px\" \/><\/figure>\n<\/div>\n\n\n<p><\/p>\n\n\n\n<p><\/p>\n\n\n\n<p class=\"has-text-align-center\">Dans le cadre d&rsquo;un projet alliant nature et lien social, la serre municipale de Cachan a ouvert ses portes aux r\u00e9sidents de la Maison de la Bi\u00e8vre pour une s\u00e9rie d&rsquo;atelier horticoles. Cette initiative, port\u00e9e par les jardiniers de la ville et l&rsquo;animatrice de l&rsquo;\u00e9tablissement, vise \u00e0 favoriser le bien-\u00eatre des a\u00een\u00e9s tout en leur permettant de partager un moment convivial au contact des plantes et des fleurs.<\/p>\n\n\n\n<p><\/p>\n\n\n\n<p><\/p>\n\n\n<div class=\"wp-block-image is-style-rounded\">\n<figure class=\"aligncenter size-large is-resized\"><img loading=\"lazy\" decoding=\"async\" width=\"1024\" height=\"773\" src=\"https:\/\/isatis.asso.fr\/la-maison-de-la-bievre\/wp-content\/uploads\/sites\/14\/2025\/03\/img-3177-1024x773.jpeg\" alt=\"\" class=\"wp-image-853\" style=\"width:512px;height:387px\" srcset=\"https:\/\/isatis.asso.fr\/la-maison-de-la-bievre\/wp-content\/uploads\/sites\/14\/2025\/03\/img-3177-1024x773.jpeg 1024w, https:\/\/isatis.asso.fr\/la-maison-de-la-bievre\/wp-content\/uploads\/sites\/14\/2025\/03\/img-3177-300x227.jpeg 300w, https:\/\/isatis.asso.fr\/la-maison-de-la-bievre\/wp-content\/uploads\/sites\/14\/2025\/03\/img-3177-768x580.jpeg 768w, https:\/\/isatis.asso.fr\/la-maison-de-la-bievre\/wp-content\/uploads\/sites\/14\/2025\/03\/img-3177.jpeg 1290w\" sizes=\"auto, (max-width: 1024px) 100vw, 1024px\" \/><\/figure>\n<\/div>\n\n\n<p><\/p>\n\n\n\n<p><\/p>\n\n\n<div class=\"wp-block-image is-style-rounded\">\n<figure class=\"aligncenter size-large is-resized\"><img loading=\"lazy\" decoding=\"async\" width=\"1024\" height=\"765\" src=\"https:\/\/isatis.asso.fr\/la-maison-de-la-bievre\/wp-content\/uploads\/sites\/14\/2025\/03\/img-3176-1024x765.jpeg\" alt=\"\" class=\"wp-image-864\" style=\"width:512px;height:383px\" srcset=\"https:\/\/isatis.asso.fr\/la-maison-de-la-bievre\/wp-content\/uploads\/sites\/14\/2025\/03\/img-3176-1024x765.jpeg 1024w, https:\/\/isatis.asso.fr\/la-maison-de-la-bievre\/wp-content\/uploads\/sites\/14\/2025\/03\/img-3176-300x224.jpeg 300w, https:\/\/isatis.asso.fr\/la-maison-de-la-bievre\/wp-content\/uploads\/sites\/14\/2025\/03\/img-3176-768x574.jpeg 768w, https:\/\/isatis.asso.fr\/la-maison-de-la-bievre\/wp-content\/uploads\/sites\/14\/2025\/03\/img-3176.jpeg 1290w\" sizes=\"auto, (max-width: 1024px) 100vw, 1024px\" \/><\/figure>\n<\/div>\n\n\n<p><\/p>\n\n\n\n<p><\/p>\n\n\n\n<p class=\"has-text-align-center\">Plusieurs fois dans l&rsquo;ann\u00e9e, aux beaux jours, un petit groupe de r\u00e9sidents, accompagn\u00e9s de l&rsquo;animatrice et l&rsquo;assistante de soin en g\u00e9rontologie (ASG) se rend \u00e0 la serre municipale pour participer \u00e0 diverses activit\u00e9s li\u00e9es au jardinage. Encadr\u00e9s par les jardiniers de la ville, Arnaud &amp; Marie, les participants d\u00e9couvrent les diff\u00e9rentes \u00e9tapes de culture, du semis \u00e0 l&rsquo;entretien des plantes. L&rsquo;objectif principal de ces ateliers est de stimuler les sens des r\u00e9sidents, notamment par le toucher des v\u00e9g\u00e9taux, l&rsquo;odeur des fleurs et les couleurs vives des plantations.<\/p>\n\n\n\n<p><\/p>\n\n\n\n<p><\/p>\n\n\n<div class=\"wp-block-image is-style-rounded\">\n<figure class=\"aligncenter size-large is-resized\"><img loading=\"lazy\" decoding=\"async\" width=\"696\" height=\"1024\" src=\"https:\/\/isatis.asso.fr\/la-maison-de-la-bievre\/wp-content\/uploads\/sites\/14\/2025\/03\/img-3171-696x1024.jpeg\" alt=\"\" class=\"wp-image-854\" style=\"width:334px;height:auto\" srcset=\"https:\/\/isatis.asso.fr\/la-maison-de-la-bievre\/wp-content\/uploads\/sites\/14\/2025\/03\/img-3171-696x1024.jpeg 696w, https:\/\/isatis.asso.fr\/la-maison-de-la-bievre\/wp-content\/uploads\/sites\/14\/2025\/03\/img-3171-204x300.jpeg 204w, https:\/\/isatis.asso.fr\/la-maison-de-la-bievre\/wp-content\/uploads\/sites\/14\/2025\/03\/img-3171-768x1130.jpeg 768w, https:\/\/isatis.asso.fr\/la-maison-de-la-bievre\/wp-content\/uploads\/sites\/14\/2025\/03\/img-3171-1044x1536.jpeg 1044w, https:\/\/isatis.asso.fr\/la-maison-de-la-bievre\/wp-content\/uploads\/sites\/14\/2025\/03\/img-3171-679x1000.jpeg 679w, https:\/\/isatis.asso.fr\/la-maison-de-la-bievre\/wp-content\/uploads\/sites\/14\/2025\/03\/img-3171-340x500.jpeg 340w, https:\/\/isatis.asso.fr\/la-maison-de-la-bievre\/wp-content\/uploads\/sites\/14\/2025\/03\/img-3171.jpeg 1176w\" sizes=\"auto, (max-width: 696px) 100vw, 696px\" \/><\/figure>\n<\/div>\n\n\n<p><\/p>\n\n\n\n<p><\/p>\n\n\n<div class=\"wp-block-image is-style-rounded\">\n<figure class=\"aligncenter size-full is-resized\"><img loading=\"lazy\" decoding=\"async\" width=\"831\" height=\"606\" src=\"https:\/\/isatis.asso.fr\/la-maison-de-la-bievre\/wp-content\/uploads\/sites\/14\/2025\/03\/img-3185.jpg\" alt=\"\" class=\"wp-image-863\" style=\"aspect-ratio:1.3692307692307693;width:478px;height:auto\" srcset=\"https:\/\/isatis.asso.fr\/la-maison-de-la-bievre\/wp-content\/uploads\/sites\/14\/2025\/03\/img-3185.jpg 831w, https:\/\/isatis.asso.fr\/la-maison-de-la-bievre\/wp-content\/uploads\/sites\/14\/2025\/03\/img-3185-300x219.jpg 300w, https:\/\/isatis.asso.fr\/la-maison-de-la-bievre\/wp-content\/uploads\/sites\/14\/2025\/03\/img-3185-768x560.jpg 768w\" sizes=\"auto, (max-width: 831px) 100vw, 831px\" \/><\/figure>\n<\/div>\n\n\n<p><\/p>\n\n\n\n<p><\/p>\n\n\n\n<p class=\"has-text-align-center\">Ces s\u00e9ances ne sont pas seulement r\u00e9cr\u00e9atives, elles ont aussi une vocation th\u00e9rapeutique. Jardiner permet de travailler la motricit\u00e9 fine, de favoriser la concentration et de stimuler la m\u00e9moire. Les activit\u00e9s sont adapt\u00e9es aux capacit\u00e9s de chacun, et les r\u00e9sidents peuvent, selon leurs envies et leur \u00e9tat de sant\u00e9, participer \u00e0 la plantation de fleurs, au rempotage de plantes ou encore \u00e0 l&rsquo;arrosage.<\/p>\n\n\n\n<p><\/p>\n\n\n\n<p><\/p>\n\n\n<div class=\"wp-block-image is-style-rounded\">\n<figure class=\"aligncenter size-large is-resized\"><img loading=\"lazy\" decoding=\"async\" width=\"768\" height=\"1024\" src=\"https:\/\/isatis.asso.fr\/la-maison-de-la-bievre\/wp-content\/uploads\/sites\/14\/2025\/03\/img-9323-768x1024.jpeg\" alt=\"\" class=\"wp-image-856\" style=\"width:429px;height:auto\" srcset=\"https:\/\/isatis.asso.fr\/la-maison-de-la-bievre\/wp-content\/uploads\/sites\/14\/2025\/03\/img-9323-768x1024.jpeg 768w, https:\/\/isatis.asso.fr\/la-maison-de-la-bievre\/wp-content\/uploads\/sites\/14\/2025\/03\/img-9323-225x300.jpeg 225w, https:\/\/isatis.asso.fr\/la-maison-de-la-bievre\/wp-content\/uploads\/sites\/14\/2025\/03\/img-9323-750x1000.jpeg 750w, https:\/\/isatis.asso.fr\/la-maison-de-la-bievre\/wp-content\/uploads\/sites\/14\/2025\/03\/img-9323.jpeg 960w\" sizes=\"auto, (max-width: 768px) 100vw, 768px\" \/><\/figure>\n<\/div>\n\n\n<p><\/p>\n\n\n\n<p><\/p>\n\n\n<div class=\"wp-block-image is-style-rounded\">\n<figure class=\"aligncenter size-large is-resized\"><img loading=\"lazy\" decoding=\"async\" width=\"766\" height=\"1024\" src=\"https:\/\/isatis.asso.fr\/la-maison-de-la-bievre\/wp-content\/uploads\/sites\/14\/2025\/03\/img-3169-766x1024.jpeg\" alt=\"\" class=\"wp-image-867\" style=\"aspect-ratio:0.7486979166666666;width:473px;height:auto\" srcset=\"https:\/\/isatis.asso.fr\/la-maison-de-la-bievre\/wp-content\/uploads\/sites\/14\/2025\/03\/img-3169-766x1024.jpeg 766w, https:\/\/isatis.asso.fr\/la-maison-de-la-bievre\/wp-content\/uploads\/sites\/14\/2025\/03\/img-3169-224x300.jpeg 224w, https:\/\/isatis.asso.fr\/la-maison-de-la-bievre\/wp-content\/uploads\/sites\/14\/2025\/03\/img-3169-768x1026.jpeg 768w, https:\/\/isatis.asso.fr\/la-maison-de-la-bievre\/wp-content\/uploads\/sites\/14\/2025\/03\/img-3169-1149x1536.jpeg 1149w, https:\/\/isatis.asso.fr\/la-maison-de-la-bievre\/wp-content\/uploads\/sites\/14\/2025\/03\/img-3169-748x1000.jpeg 748w, https:\/\/isatis.asso.fr\/la-maison-de-la-bievre\/wp-content\/uploads\/sites\/14\/2025\/03\/img-3169.jpeg 1290w\" sizes=\"auto, (max-width: 766px) 100vw, 766px\" \/><\/figure>\n<\/div>\n\n\n<p><\/p>\n\n\n\n<p><\/p>\n\n\n\n<p class=\"has-text-align-center\">Certains d&rsquo;entre eux retrouvent avec plaisir des gestes qu&rsquo;ils pratiquaient autrefois dans leur propre jardin, ce qui suscite souvent de beaux \u00e9changent et des souvenirs partag\u00e9s.<\/p>\n\n\n\n<p><\/p>\n\n\n\n<p><\/p>\n\n\n<div class=\"wp-block-image is-style-rounded\">\n<figure class=\"aligncenter size-large is-resized\"><img loading=\"lazy\" decoding=\"async\" width=\"750\" height=\"1024\" src=\"https:\/\/isatis.asso.fr\/la-maison-de-la-bievre\/wp-content\/uploads\/sites\/14\/2025\/03\/img-3167-750x1024.jpeg\" alt=\"\" class=\"wp-image-865\" style=\"aspect-ratio:0.7330729166666666;width:471px;height:auto\" srcset=\"https:\/\/isatis.asso.fr\/la-maison-de-la-bievre\/wp-content\/uploads\/sites\/14\/2025\/03\/img-3167-750x1024.jpeg 750w, https:\/\/isatis.asso.fr\/la-maison-de-la-bievre\/wp-content\/uploads\/sites\/14\/2025\/03\/img-3167-220x300.jpeg 220w, https:\/\/isatis.asso.fr\/la-maison-de-la-bievre\/wp-content\/uploads\/sites\/14\/2025\/03\/img-3167-768x1048.jpeg 768w, https:\/\/isatis.asso.fr\/la-maison-de-la-bievre\/wp-content\/uploads\/sites\/14\/2025\/03\/img-3167-1126x1536.jpeg 1126w, https:\/\/isatis.asso.fr\/la-maison-de-la-bievre\/wp-content\/uploads\/sites\/14\/2025\/03\/img-3167-733x1000.jpeg 733w, https:\/\/isatis.asso.fr\/la-maison-de-la-bievre\/wp-content\/uploads\/sites\/14\/2025\/03\/img-3167.jpeg 1267w\" sizes=\"auto, (max-width: 750px) 100vw, 750px\" \/><\/figure>\n<\/div>\n\n\n<p><\/p>\n\n\n\n<p><\/p>\n\n\n\n<p class=\"has-text-align-center\">En favorisant le bien-\u00eatre et l&rsquo;inclusion sociale, ces rencontres \u00e0 la serre municipale de Cachan montrent \u00e0 quel point la nature peut \u00eatre un vecteur puissant de lien entre les g\u00e9n\u00e9rations. Une belle initiative \u00e0 encourager et \u00e0 developper! <\/p>\n\n\n\n<p><\/p>\n\n\n\n<p><\/p>\n\n\n<div class=\"wp-block-image is-style-rounded\">\n<figure class=\"aligncenter size-large is-resized\"><img loading=\"lazy\" decoding=\"async\" width=\"776\" height=\"1024\" src=\"https:\/\/isatis.asso.fr\/la-maison-de-la-bievre\/wp-content\/uploads\/sites\/14\/2025\/03\/img-3187-776x1024.jpg\" alt=\"\" class=\"wp-image-861\" style=\"width:437px;height:auto\" srcset=\"https:\/\/isatis.asso.fr\/la-maison-de-la-bievre\/wp-content\/uploads\/sites\/14\/2025\/03\/img-3187-776x1024.jpg 776w, https:\/\/isatis.asso.fr\/la-maison-de-la-bievre\/wp-content\/uploads\/sites\/14\/2025\/03\/img-3187-227x300.jpg 227w, https:\/\/isatis.asso.fr\/la-maison-de-la-bievre\/wp-content\/uploads\/sites\/14\/2025\/03\/img-3187-768x1014.jpg 768w, https:\/\/isatis.asso.fr\/la-maison-de-la-bievre\/wp-content\/uploads\/sites\/14\/2025\/03\/img-3187-757x1000.jpg 757w, https:\/\/isatis.asso.fr\/la-maison-de-la-bievre\/wp-content\/uploads\/sites\/14\/2025\/03\/img-3187.jpg 837w\" sizes=\"auto, (max-width: 776px) 100vw, 776px\" \/><\/figure>\n<\/div>","protected":false},"excerpt":{"rendered":"<p>Dans le cadre d&rsquo;un projet alliant nature et lien social, la serre municipale de Cachan a ouvert ses portes aux r\u00e9sidents de la Maison de la Bi\u00e8vre pour une s\u00e9rie d&rsquo;atelier horticoles. Cette initiative, port\u00e9e par les jardiniers de la ville et l&rsquo;animatrice de l&rsquo;\u00e9tablissement, vise \u00e0 favoriser le bien-\u00eatre des a\u00een\u00e9s tout en leur [&hellip;]<\/p>\n","protected":false},"author":7,"featured_media":858,"comment_status":"open","ping_status":"open","sticky":false,"template":"","format":"standard","meta":{"_acf_changed":false,"footnotes":""},"categories":[1],"tags":[],"class_list":["post-852","post","type-post","status-publish","format-standard","has-post-thumbnail","hentry","category-non-classe"],"acf":[],"yoast_head":"<!-- This site is optimized with the Yoast SEO plugin v27.3 - https:\/\/yoast.com\/product\/yoast-seo-wordpress\/ -->\n<title>Des ateliers \u00e0 la serre de Cachan avec La Maison de la Bi\u00e8vre - La Maison de la Bi\u00e8vre<\/title>\n<meta name=\"robots\" content=\"index, follow, max-snippet:-1, max-image-preview:large, max-video-preview:-1\" \/>\n<link rel=\"canonical\" href=\"https:\/\/isatis.asso.fr\/la-maison-de-la-bievre\/2025\/03\/10\/des-ateliers-a-la-serre-de-cachan-avec-la-maison-de-la-bievre\/\" \/>\n<meta property=\"og:locale\" content=\"fr_FR\" \/>\n<meta property=\"og:type\" content=\"article\" \/>\n<meta property=\"og:title\" content=\"Des ateliers \u00e0 la serre de Cachan avec La Maison de la Bi\u00e8vre - La Maison de la Bi\u00e8vre\" \/>\n<meta property=\"og:description\" content=\"Dans le cadre d&rsquo;un projet alliant nature et lien social, la serre municipale de Cachan a ouvert ses portes aux r\u00e9sidents de la Maison de la Bi\u00e8vre pour une s\u00e9rie d&rsquo;atelier horticoles. Cette initiative, port\u00e9e par les jardiniers de la ville et l&rsquo;animatrice de l&rsquo;\u00e9tablissement, vise \u00e0 favoriser le bien-\u00eatre des a\u00een\u00e9s tout en leur [&hellip;]\" \/>\n<meta property=\"og:url\" content=\"https:\/\/isatis.asso.fr\/la-maison-de-la-bievre\/2025\/03\/10\/des-ateliers-a-la-serre-de-cachan-avec-la-maison-de-la-bievre\/\" \/>\n<meta property=\"og:site_name\" content=\"La Maison de la Bi\u00e8vre\" \/>\n<meta property=\"article:published_time\" content=\"2025-03-10T13:38:01+00:00\" \/>\n<meta property=\"article:modified_time\" content=\"2025-09-23T20:44:26+00:00\" \/>\n<meta property=\"og:image\" content=\"https:\/\/isatis.asso.fr\/la-maison-de-la-bievre\/wp-content\/uploads\/sites\/14\/2025\/03\/img-3172.jpeg\" \/>\n\t<meta property=\"og:image:width\" content=\"1250\" \/>\n\t<meta property=\"og:image:height\" content=\"1717\" \/>\n\t<meta property=\"og:image:type\" content=\"image\/jpeg\" \/>\n<meta name=\"author\" content=\"labievre86f2xa9hj\" \/>\n<meta name=\"twitter:card\" content=\"summary_large_image\" \/>\n<meta name=\"twitter:label1\" content=\"\u00c9crit par\" \/>\n\t<meta name=\"twitter:data1\" content=\"labievre86f2xa9hj\" \/>\n\t<meta name=\"twitter:label2\" content=\"Dur\u00e9e de lecture estim\u00e9e\" \/>\n\t<meta name=\"twitter:data2\" content=\"4 minutes\" \/>\n<script type=\"application\/ld+json\" class=\"yoast-schema-graph\">{\"@context\":\"https:\\\/\\\/schema.org\",\"@graph\":[{\"@type\":\"Article\",\"@id\":\"https:\\\/\\\/isatis.asso.fr\\\/la-maison-de-la-bievre\\\/2025\\\/03\\\/10\\\/des-ateliers-a-la-serre-de-cachan-avec-la-maison-de-la-bievre\\\/#article\",\"isPartOf\":{\"@id\":\"https:\\\/\\\/isatis.asso.fr\\\/la-maison-de-la-bievre\\\/2025\\\/03\\\/10\\\/des-ateliers-a-la-serre-de-cachan-avec-la-maison-de-la-bievre\\\/\"},\"author\":{\"name\":\"labievre86f2xa9hj\",\"@id\":\"https:\\\/\\\/isatis.asso.fr\\\/la-maison-de-la-bievre\\\/#\\\/schema\\\/person\\\/f52f6cbe059c6e320be1111ed1c8affb\"},\"headline\":\"Des ateliers \u00e0 la serre de Cachan avec La Maison de la Bi\u00e8vre\",\"datePublished\":\"2025-03-10T13:38:01+00:00\",\"dateModified\":\"2025-09-23T20:44:26+00:00\",\"mainEntityOfPage\":{\"@id\":\"https:\\\/\\\/isatis.asso.fr\\\/la-maison-de-la-bievre\\\/2025\\\/03\\\/10\\\/des-ateliers-a-la-serre-de-cachan-avec-la-maison-de-la-bievre\\\/\"},\"wordCount\":332,\"commentCount\":0,\"image\":{\"@id\":\"https:\\\/\\\/isatis.asso.fr\\\/la-maison-de-la-bievre\\\/2025\\\/03\\\/10\\\/des-ateliers-a-la-serre-de-cachan-avec-la-maison-de-la-bievre\\\/#primaryimage\"},\"thumbnailUrl\":\"https:\\\/\\\/isatis.asso.fr\\\/la-maison-de-la-bievre\\\/wp-content\\\/uploads\\\/sites\\\/14\\\/2025\\\/03\\\/img-3172.jpeg\",\"inLanguage\":\"fr-FR\",\"potentialAction\":[{\"@type\":\"CommentAction\",\"name\":\"Comment\",\"target\":[\"https:\\\/\\\/isatis.asso.fr\\\/la-maison-de-la-bievre\\\/2025\\\/03\\\/10\\\/des-ateliers-a-la-serre-de-cachan-avec-la-maison-de-la-bievre\\\/#respond\"]}]},{\"@type\":\"WebPage\",\"@id\":\"https:\\\/\\\/isatis.asso.fr\\\/la-maison-de-la-bievre\\\/2025\\\/03\\\/10\\\/des-ateliers-a-la-serre-de-cachan-avec-la-maison-de-la-bievre\\\/\",\"url\":\"https:\\\/\\\/isatis.asso.fr\\\/la-maison-de-la-bievre\\\/2025\\\/03\\\/10\\\/des-ateliers-a-la-serre-de-cachan-avec-la-maison-de-la-bievre\\\/\",\"name\":\"Des ateliers \u00e0 la serre de Cachan avec La Maison de la Bi\u00e8vre - La Maison de la Bi\u00e8vre\",\"isPartOf\":{\"@id\":\"https:\\\/\\\/isatis.asso.fr\\\/la-maison-de-la-bievre\\\/#website\"},\"primaryImageOfPage\":{\"@id\":\"https:\\\/\\\/isatis.asso.fr\\\/la-maison-de-la-bievre\\\/2025\\\/03\\\/10\\\/des-ateliers-a-la-serre-de-cachan-avec-la-maison-de-la-bievre\\\/#primaryimage\"},\"image\":{\"@id\":\"https:\\\/\\\/isatis.asso.fr\\\/la-maison-de-la-bievre\\\/2025\\\/03\\\/10\\\/des-ateliers-a-la-serre-de-cachan-avec-la-maison-de-la-bievre\\\/#primaryimage\"},\"thumbnailUrl\":\"https:\\\/\\\/isatis.asso.fr\\\/la-maison-de-la-bievre\\\/wp-content\\\/uploads\\\/sites\\\/14\\\/2025\\\/03\\\/img-3172.jpeg\",\"datePublished\":\"2025-03-10T13:38:01+00:00\",\"dateModified\":\"2025-09-23T20:44:26+00:00\",\"author\":{\"@id\":\"https:\\\/\\\/isatis.asso.fr\\\/la-maison-de-la-bievre\\\/#\\\/schema\\\/person\\\/f52f6cbe059c6e320be1111ed1c8affb\"},\"breadcrumb\":{\"@id\":\"https:\\\/\\\/isatis.asso.fr\\\/la-maison-de-la-bievre\\\/2025\\\/03\\\/10\\\/des-ateliers-a-la-serre-de-cachan-avec-la-maison-de-la-bievre\\\/#breadcrumb\"},\"inLanguage\":\"fr-FR\",\"potentialAction\":[{\"@type\":\"ReadAction\",\"target\":[\"https:\\\/\\\/isatis.asso.fr\\\/la-maison-de-la-bievre\\\/2025\\\/03\\\/10\\\/des-ateliers-a-la-serre-de-cachan-avec-la-maison-de-la-bievre\\\/\"]}]},{\"@type\":\"ImageObject\",\"inLanguage\":\"fr-FR\",\"@id\":\"https:\\\/\\\/isatis.asso.fr\\\/la-maison-de-la-bievre\\\/2025\\\/03\\\/10\\\/des-ateliers-a-la-serre-de-cachan-avec-la-maison-de-la-bievre\\\/#primaryimage\",\"url\":\"https:\\\/\\\/isatis.asso.fr\\\/la-maison-de-la-bievre\\\/wp-content\\\/uploads\\\/sites\\\/14\\\/2025\\\/03\\\/img-3172.jpeg\",\"contentUrl\":\"https:\\\/\\\/isatis.asso.fr\\\/la-maison-de-la-bievre\\\/wp-content\\\/uploads\\\/sites\\\/14\\\/2025\\\/03\\\/img-3172.jpeg\",\"width\":1250,\"height\":1717},{\"@type\":\"BreadcrumbList\",\"@id\":\"https:\\\/\\\/isatis.asso.fr\\\/la-maison-de-la-bievre\\\/2025\\\/03\\\/10\\\/des-ateliers-a-la-serre-de-cachan-avec-la-maison-de-la-bievre\\\/#breadcrumb\",\"itemListElement\":[{\"@type\":\"ListItem\",\"position\":1,\"name\":\"Accueil\",\"item\":\"https:\\\/\\\/isatis.asso.fr\\\/la-maison-de-la-bievre\\\/\"},{\"@type\":\"ListItem\",\"position\":2,\"name\":\"Des ateliers \u00e0 la serre de Cachan avec La Maison de la Bi\u00e8vre\"}]},{\"@type\":\"WebSite\",\"@id\":\"https:\\\/\\\/isatis.asso.fr\\\/la-maison-de-la-bievre\\\/#website\",\"url\":\"https:\\\/\\\/isatis.asso.fr\\\/la-maison-de-la-bievre\\\/\",\"name\":\"La Maison de la Bi\u00e8vre\",\"description\":\"EHPAD - PASA\",\"potentialAction\":[{\"@type\":\"SearchAction\",\"target\":{\"@type\":\"EntryPoint\",\"urlTemplate\":\"https:\\\/\\\/isatis.asso.fr\\\/la-maison-de-la-bievre\\\/?s={search_term_string}\"},\"query-input\":{\"@type\":\"PropertyValueSpecification\",\"valueRequired\":true,\"valueName\":\"search_term_string\"}}],\"inLanguage\":\"fr-FR\"},{\"@type\":\"Person\",\"@id\":\"https:\\\/\\\/isatis.asso.fr\\\/la-maison-de-la-bievre\\\/#\\\/schema\\\/person\\\/f52f6cbe059c6e320be1111ed1c8affb\",\"name\":\"labievre86f2xa9hj\",\"image\":{\"@type\":\"ImageObject\",\"inLanguage\":\"fr-FR\",\"@id\":\"https:\\\/\\\/secure.gravatar.com\\\/avatar\\\/a83fef9b97a09de95911c8154cb9fabfaecd34bc132d345a27e217d694464273?s=96&d=mm&r=g\",\"url\":\"https:\\\/\\\/secure.gravatar.com\\\/avatar\\\/a83fef9b97a09de95911c8154cb9fabfaecd34bc132d345a27e217d694464273?s=96&d=mm&r=g\",\"contentUrl\":\"https:\\\/\\\/secure.gravatar.com\\\/avatar\\\/a83fef9b97a09de95911c8154cb9fabfaecd34bc132d345a27e217d694464273?s=96&d=mm&r=g\",\"caption\":\"labievre86f2xa9hj\"},\"url\":\"https:\\\/\\\/isatis.asso.fr\\\/la-maison-de-la-bievre\\\/author\\\/labievre86f2xa9hj\\\/\"}]}<\/script>\n<!-- \/ Yoast SEO plugin. -->","yoast_head_json":{"title":"Des ateliers \u00e0 la serre de Cachan avec La Maison de la Bi\u00e8vre - La Maison de la Bi\u00e8vre","robots":{"index":"index","follow":"follow","max-snippet":"max-snippet:-1","max-image-preview":"max-image-preview:large","max-video-preview":"max-video-preview:-1"},"canonical":"https:\/\/isatis.asso.fr\/la-maison-de-la-bievre\/2025\/03\/10\/des-ateliers-a-la-serre-de-cachan-avec-la-maison-de-la-bievre\/","og_locale":"fr_FR","og_type":"article","og_title":"Des ateliers \u00e0 la serre de Cachan avec La Maison de la Bi\u00e8vre - La Maison de la Bi\u00e8vre","og_description":"Dans le cadre d&rsquo;un projet alliant nature et lien social, la serre municipale de Cachan a ouvert ses portes aux r\u00e9sidents de la Maison de la Bi\u00e8vre pour une s\u00e9rie d&rsquo;atelier horticoles. Cette initiative, port\u00e9e par les jardiniers de la ville et l&rsquo;animatrice de l&rsquo;\u00e9tablissement, vise \u00e0 favoriser le bien-\u00eatre des a\u00een\u00e9s tout en leur [&hellip;]","og_url":"https:\/\/isatis.asso.fr\/la-maison-de-la-bievre\/2025\/03\/10\/des-ateliers-a-la-serre-de-cachan-avec-la-maison-de-la-bievre\/","og_site_name":"La Maison de la Bi\u00e8vre","article_published_time":"2025-03-10T13:38:01+00:00","article_modified_time":"2025-09-23T20:44:26+00:00","og_image":[{"width":1250,"height":1717,"url":"https:\/\/isatis.asso.fr\/la-maison-de-la-bievre\/wp-content\/uploads\/sites\/14\/2025\/03\/img-3172.jpeg","type":"image\/jpeg"}],"author":"labievre86f2xa9hj","twitter_card":"summary_large_image","twitter_misc":{"\u00c9crit par":"labievre86f2xa9hj","Dur\u00e9e de lecture estim\u00e9e":"4 minutes"},"schema":{"@context":"https:\/\/schema.org","@graph":[{"@type":"Article","@id":"https:\/\/isatis.asso.fr\/la-maison-de-la-bievre\/2025\/03\/10\/des-ateliers-a-la-serre-de-cachan-avec-la-maison-de-la-bievre\/#article","isPartOf":{"@id":"https:\/\/isatis.asso.fr\/la-maison-de-la-bievre\/2025\/03\/10\/des-ateliers-a-la-serre-de-cachan-avec-la-maison-de-la-bievre\/"},"author":{"name":"labievre86f2xa9hj","@id":"https:\/\/isatis.asso.fr\/la-maison-de-la-bievre\/#\/schema\/person\/f52f6cbe059c6e320be1111ed1c8affb"},"headline":"Des ateliers \u00e0 la serre de Cachan avec La Maison de la Bi\u00e8vre","datePublished":"2025-03-10T13:38:01+00:00","dateModified":"2025-09-23T20:44:26+00:00","mainEntityOfPage":{"@id":"https:\/\/isatis.asso.fr\/la-maison-de-la-bievre\/2025\/03\/10\/des-ateliers-a-la-serre-de-cachan-avec-la-maison-de-la-bievre\/"},"wordCount":332,"commentCount":0,"image":{"@id":"https:\/\/isatis.asso.fr\/la-maison-de-la-bievre\/2025\/03\/10\/des-ateliers-a-la-serre-de-cachan-avec-la-maison-de-la-bievre\/#primaryimage"},"thumbnailUrl":"https:\/\/isatis.asso.fr\/la-maison-de-la-bievre\/wp-content\/uploads\/sites\/14\/2025\/03\/img-3172.jpeg","inLanguage":"fr-FR","potentialAction":[{"@type":"CommentAction","name":"Comment","target":["https:\/\/isatis.asso.fr\/la-maison-de-la-bievre\/2025\/03\/10\/des-ateliers-a-la-serre-de-cachan-avec-la-maison-de-la-bievre\/#respond"]}]},{"@type":"WebPage","@id":"https:\/\/isatis.asso.fr\/la-maison-de-la-bievre\/2025\/03\/10\/des-ateliers-a-la-serre-de-cachan-avec-la-maison-de-la-bievre\/","url":"https:\/\/isatis.asso.fr\/la-maison-de-la-bievre\/2025\/03\/10\/des-ateliers-a-la-serre-de-cachan-avec-la-maison-de-la-bievre\/","name":"Des ateliers \u00e0 la serre de Cachan avec La Maison de la Bi\u00e8vre - La Maison de la Bi\u00e8vre","isPartOf":{"@id":"https:\/\/isatis.asso.fr\/la-maison-de-la-bievre\/#website"},"primaryImageOfPage":{"@id":"https:\/\/isatis.asso.fr\/la-maison-de-la-bievre\/2025\/03\/10\/des-ateliers-a-la-serre-de-cachan-avec-la-maison-de-la-bievre\/#primaryimage"},"image":{"@id":"https:\/\/isatis.asso.fr\/la-maison-de-la-bievre\/2025\/03\/10\/des-ateliers-a-la-serre-de-cachan-avec-la-maison-de-la-bievre\/#primaryimage"},"thumbnailUrl":"https:\/\/isatis.asso.fr\/la-maison-de-la-bievre\/wp-content\/uploads\/sites\/14\/2025\/03\/img-3172.jpeg","datePublished":"2025-03-10T13:38:01+00:00","dateModified":"2025-09-23T20:44:26+00:00","author":{"@id":"https:\/\/isatis.asso.fr\/la-maison-de-la-bievre\/#\/schema\/person\/f52f6cbe059c6e320be1111ed1c8affb"},"breadcrumb":{"@id":"https:\/\/isatis.asso.fr\/la-maison-de-la-bievre\/2025\/03\/10\/des-ateliers-a-la-serre-de-cachan-avec-la-maison-de-la-bievre\/#breadcrumb"},"inLanguage":"fr-FR","potentialAction":[{"@type":"ReadAction","target":["https:\/\/isatis.asso.fr\/la-maison-de-la-bievre\/2025\/03\/10\/des-ateliers-a-la-serre-de-cachan-avec-la-maison-de-la-bievre\/"]}]},{"@type":"ImageObject","inLanguage":"fr-FR","@id":"https:\/\/isatis.asso.fr\/la-maison-de-la-bievre\/2025\/03\/10\/des-ateliers-a-la-serre-de-cachan-avec-la-maison-de-la-bievre\/#primaryimage","url":"https:\/\/isatis.asso.fr\/la-maison-de-la-bievre\/wp-content\/uploads\/sites\/14\/2025\/03\/img-3172.jpeg","contentUrl":"https:\/\/isatis.asso.fr\/la-maison-de-la-bievre\/wp-content\/uploads\/sites\/14\/2025\/03\/img-3172.jpeg","width":1250,"height":1717},{"@type":"BreadcrumbList","@id":"https:\/\/isatis.asso.fr\/la-maison-de-la-bievre\/2025\/03\/10\/des-ateliers-a-la-serre-de-cachan-avec-la-maison-de-la-bievre\/#breadcrumb","itemListElement":[{"@type":"ListItem","position":1,"name":"Accueil","item":"https:\/\/isatis.asso.fr\/la-maison-de-la-bievre\/"},{"@type":"ListItem","position":2,"name":"Des ateliers \u00e0 la serre de Cachan avec La Maison de la Bi\u00e8vre"}]},{"@type":"WebSite","@id":"https:\/\/isatis.asso.fr\/la-maison-de-la-bievre\/#website","url":"https:\/\/isatis.asso.fr\/la-maison-de-la-bievre\/","name":"La Maison de la Bi\u00e8vre","description":"EHPAD - PASA","potentialAction":[{"@type":"SearchAction","target":{"@type":"EntryPoint","urlTemplate":"https:\/\/isatis.asso.fr\/la-maison-de-la-bievre\/?s={search_term_string}"},"query-input":{"@type":"PropertyValueSpecification","valueRequired":true,"valueName":"search_term_string"}}],"inLanguage":"fr-FR"},{"@type":"Person","@id":"https:\/\/isatis.asso.fr\/la-maison-de-la-bievre\/#\/schema\/person\/f52f6cbe059c6e320be1111ed1c8affb","name":"labievre86f2xa9hj","image":{"@type":"ImageObject","inLanguage":"fr-FR","@id":"https:\/\/secure.gravatar.com\/avatar\/a83fef9b97a09de95911c8154cb9fabfaecd34bc132d345a27e217d694464273?s=96&d=mm&r=g","url":"https:\/\/secure.gravatar.com\/avatar\/a83fef9b97a09de95911c8154cb9fabfaecd34bc132d345a27e217d694464273?s=96&d=mm&r=g","contentUrl":"https:\/\/secure.gravatar.com\/avatar\/a83fef9b97a09de95911c8154cb9fabfaecd34bc132d345a27e217d694464273?s=96&d=mm&r=g","caption":"labievre86f2xa9hj"},"url":"https:\/\/isatis.asso.fr\/la-maison-de-la-bievre\/author\/labievre86f2xa9hj\/"}]}},"_links":{"self":[{"href":"https:\/\/isatis.asso.fr\/la-maison-de-la-bievre\/wp-json\/wp\/v2\/posts\/852","targetHints":{"allow":["GET"]}}],"collection":[{"href":"https:\/\/isatis.asso.fr\/la-maison-de-la-bievre\/wp-json\/wp\/v2\/posts"}],"about":[{"href":"https:\/\/isatis.asso.fr\/la-maison-de-la-bievre\/wp-json\/wp\/v2\/types\/post"}],"author":[{"embeddable":true,"href":"https:\/\/isatis.asso.fr\/la-maison-de-la-bievre\/wp-json\/wp\/v2\/users\/7"}],"replies":[{"embeddable":true,"href":"https:\/\/isatis.asso.fr\/la-maison-de-la-bievre\/wp-json\/wp\/v2\/comments?post=852"}],"version-history":[{"count":8,"href":"https:\/\/isatis.asso.fr\/la-maison-de-la-bievre\/wp-json\/wp\/v2\/posts\/852\/revisions"}],"predecessor-version":[{"id":1039,"href":"https:\/\/isatis.asso.fr\/la-maison-de-la-bievre\/wp-json\/wp\/v2\/posts\/852\/revisions\/1039"}],"wp:featuredmedia":[{"embeddable":true,"href":"https:\/\/isatis.asso.fr\/la-maison-de-la-bievre\/wp-json\/wp\/v2\/media\/858"}],"wp:attachment":[{"href":"https:\/\/isatis.asso.fr\/la-maison-de-la-bievre\/wp-json\/wp\/v2\/media?parent=852"}],"wp:term":[{"taxonomy":"category","embeddable":true,"href":"https:\/\/isatis.asso.fr\/la-maison-de-la-bievre\/wp-json\/wp\/v2\/categories?post=852"},{"taxonomy":"post_tag","embeddable":true,"href":"https:\/\/isatis.asso.fr\/la-maison-de-la-bievre\/wp-json\/wp\/v2\/tags?post=852"}],"curies":[{"name":"wp","href":"https:\/\/api.w.org\/{rel}","templated":true}]}}