{"id":819,"date":"2025-03-06T10:40:09","date_gmt":"2025-03-06T09:40:09","guid":{"rendered":"https:\/\/isatis.asso.fr\/la-maison-de-la-bievre\/?p=819"},"modified":"2025-09-23T22:49:30","modified_gmt":"2025-09-23T20:49:30","slug":"quand-la-boxe-devient-un-sport-senior","status":"publish","type":"post","link":"https:\/\/isatis.asso.fr\/la-maison-de-la-bievre\/2025\/03\/06\/quand-la-boxe-devient-un-sport-senior\/","title":{"rendered":"Quand la boxe devient un sport senior !"},"content":{"rendered":"\n<p class=\"has-text-align-center\">Au sein de notre r\u00e9sidence, nous mettons un point d&rsquo;honneur \u00e0 proposer des activit\u00e9s innovantes et stimulantes pour le bien \u00eatre de nos r\u00e9sidents. <\/p>\n\n\n\n<p class=\"has-text-align-center\">C&rsquo;est dans cet esprit que nous avons introduit la boxe adapt\u00e9e, une discipline ludique et s\u00e9curis\u00e9e qui allie exercice physique, coordination et amusement. <\/p>\n\n\n<div class=\"wp-block-image is-style-rounded\">\n<figure class=\"aligncenter size-full is-resized\"><img loading=\"lazy\" decoding=\"async\" width=\"768\" height=\"1024\" src=\"https:\/\/isatis.asso.fr\/la-maison-de-la-bievre\/wp-content\/uploads\/sites\/14\/2025\/03\/img-0599.jpeg\" alt=\"\" class=\"wp-image-800\" style=\"width:409px;height:auto\" srcset=\"https:\/\/isatis.asso.fr\/la-maison-de-la-bievre\/wp-content\/uploads\/sites\/14\/2025\/03\/img-0599.jpeg 768w, https:\/\/isatis.asso.fr\/la-maison-de-la-bievre\/wp-content\/uploads\/sites\/14\/2025\/03\/img-0599-225x300.jpeg 225w, https:\/\/isatis.asso.fr\/la-maison-de-la-bievre\/wp-content\/uploads\/sites\/14\/2025\/03\/img-0599-750x1000.jpeg 750w\" sizes=\"auto, (max-width: 768px) 100vw, 768px\" \/><\/figure>\n<\/div>\n\n<div class=\"wp-block-image is-style-rounded\">\n<figure class=\"aligncenter is-resized\"><img loading=\"lazy\" decoding=\"async\" width=\"960\" height=\"1280\" src=\"https:\/\/isatis.asso.fr\/la-maison-de-la-bievre\/wp-content\/uploads\/sites\/14\/2025\/03\/img-2670.jpeg\" alt=\"\" class=\"wp-image-818\" style=\"width:490px;height:auto\" srcset=\"https:\/\/isatis.asso.fr\/la-maison-de-la-bievre\/wp-content\/uploads\/sites\/14\/2025\/03\/img-2670.jpeg 960w, https:\/\/isatis.asso.fr\/la-maison-de-la-bievre\/wp-content\/uploads\/sites\/14\/2025\/03\/img-2670-225x300.jpeg 225w, https:\/\/isatis.asso.fr\/la-maison-de-la-bievre\/wp-content\/uploads\/sites\/14\/2025\/03\/img-2670-768x1024.jpeg 768w, https:\/\/isatis.asso.fr\/la-maison-de-la-bievre\/wp-content\/uploads\/sites\/14\/2025\/03\/img-2670-750x1000.jpeg 750w\" sizes=\"auto, (max-width: 960px) 100vw, 960px\" \/><\/figure>\n<\/div>\n\n<div class=\"wp-block-image is-style-rounded\">\n<figure class=\"aligncenter is-resized\"><img loading=\"lazy\" decoding=\"async\" width=\"960\" height=\"1280\" src=\"https:\/\/isatis.asso.fr\/la-maison-de-la-bievre\/wp-content\/uploads\/sites\/14\/2025\/03\/img-2677.jpeg\" alt=\"\" class=\"wp-image-817\" style=\"width:500px;height:auto\" srcset=\"https:\/\/isatis.asso.fr\/la-maison-de-la-bievre\/wp-content\/uploads\/sites\/14\/2025\/03\/img-2677.jpeg 960w, https:\/\/isatis.asso.fr\/la-maison-de-la-bievre\/wp-content\/uploads\/sites\/14\/2025\/03\/img-2677-225x300.jpeg 225w, https:\/\/isatis.asso.fr\/la-maison-de-la-bievre\/wp-content\/uploads\/sites\/14\/2025\/03\/img-2677-768x1024.jpeg 768w, https:\/\/isatis.asso.fr\/la-maison-de-la-bievre\/wp-content\/uploads\/sites\/14\/2025\/03\/img-2677-750x1000.jpeg 750w\" sizes=\"auto, (max-width: 960px) 100vw, 960px\" \/><\/figure>\n<\/div>\n\n<div class=\"wp-block-image is-style-rounded\">\n<figure class=\"aligncenter is-resized\"><img loading=\"lazy\" decoding=\"async\" width=\"1280\" height=\"960\" src=\"https:\/\/isatis.asso.fr\/la-maison-de-la-bievre\/wp-content\/uploads\/sites\/14\/2025\/03\/img-9994.jpeg\" alt=\"\" class=\"wp-image-814\" style=\"width:605px;height:auto\" srcset=\"https:\/\/isatis.asso.fr\/la-maison-de-la-bievre\/wp-content\/uploads\/sites\/14\/2025\/03\/img-9994.jpeg 1280w, https:\/\/isatis.asso.fr\/la-maison-de-la-bievre\/wp-content\/uploads\/sites\/14\/2025\/03\/img-9994-300x225.jpeg 300w, https:\/\/isatis.asso.fr\/la-maison-de-la-bievre\/wp-content\/uploads\/sites\/14\/2025\/03\/img-9994-1024x768.jpeg 1024w, https:\/\/isatis.asso.fr\/la-maison-de-la-bievre\/wp-content\/uploads\/sites\/14\/2025\/03\/img-9994-768x576.jpeg 768w\" sizes=\"auto, (max-width: 1280px) 100vw, 1280px\" \/><\/figure>\n<\/div>\n\n\n<p class=\"has-text-align-center\">Encadr\u00e9e par des professionnels de l&rsquo;association \u00ab\u00a0Deuxi\u00e8me souffle\u00a0\u00bb et sp\u00e9cialement adapt\u00e9es aux capacit\u00e9s de chacun, cette activit\u00e9 permet de travailler l&rsquo;\u00e9quilibre, la mobilit\u00e9 et la concentration, tout en favorisant la bonne humeur et l&rsquo;esprit de camaraderie. <\/p>\n\n\n\n<p class=\"has-text-align-center\">Ici, pas de combats acharn\u00e9s, mais des exercices ludiques et des mouvements doux inspir\u00e9s de la boxe, avec des gants et accessoires s\u00e9curis\u00e9s. <\/p>\n\n\n<div class=\"wp-block-image is-style-rounded\">\n<figure class=\"aligncenter size-full is-resized\"><img loading=\"lazy\" decoding=\"async\" width=\"768\" height=\"1024\" src=\"https:\/\/isatis.asso.fr\/la-maison-de-la-bievre\/wp-content\/uploads\/sites\/14\/2025\/03\/img-1632.jpeg\" alt=\"\" class=\"wp-image-802\" style=\"width:443px;height:auto\" srcset=\"https:\/\/isatis.asso.fr\/la-maison-de-la-bievre\/wp-content\/uploads\/sites\/14\/2025\/03\/img-1632.jpeg 768w, https:\/\/isatis.asso.fr\/la-maison-de-la-bievre\/wp-content\/uploads\/sites\/14\/2025\/03\/img-1632-225x300.jpeg 225w, https:\/\/isatis.asso.fr\/la-maison-de-la-bievre\/wp-content\/uploads\/sites\/14\/2025\/03\/img-1632-750x1000.jpeg 750w\" sizes=\"auto, (max-width: 768px) 100vw, 768px\" \/><\/figure>\n<\/div>\n\n<div class=\"wp-block-image is-style-rounded\">\n<figure class=\"aligncenter is-resized\"><img loading=\"lazy\" decoding=\"async\" width=\"768\" height=\"1024\" src=\"https:\/\/isatis.asso.fr\/la-maison-de-la-bievre\/wp-content\/uploads\/sites\/14\/2025\/03\/img-1618.jpeg\" alt=\"\" class=\"wp-image-801\" style=\"width:447px;height:auto\" srcset=\"https:\/\/isatis.asso.fr\/la-maison-de-la-bievre\/wp-content\/uploads\/sites\/14\/2025\/03\/img-1618.jpeg 768w, https:\/\/isatis.asso.fr\/la-maison-de-la-bievre\/wp-content\/uploads\/sites\/14\/2025\/03\/img-1618-225x300.jpeg 225w, https:\/\/isatis.asso.fr\/la-maison-de-la-bievre\/wp-content\/uploads\/sites\/14\/2025\/03\/img-1618-750x1000.jpeg 750w\" sizes=\"auto, (max-width: 768px) 100vw, 768px\" \/><\/figure>\n<\/div>\n\n<div class=\"wp-block-image is-style-rounded\">\n<figure class=\"aligncenter size-large is-resized\"><img loading=\"lazy\" decoding=\"async\" width=\"768\" height=\"1024\" src=\"https:\/\/isatis.asso.fr\/la-maison-de-la-bievre\/wp-content\/uploads\/sites\/14\/2025\/03\/img-1628-768x1024.jpeg\" alt=\"\" class=\"wp-image-820\" style=\"width:455px;height:auto\" srcset=\"https:\/\/isatis.asso.fr\/la-maison-de-la-bievre\/wp-content\/uploads\/sites\/14\/2025\/03\/img-1628-768x1024.jpeg 768w, https:\/\/isatis.asso.fr\/la-maison-de-la-bievre\/wp-content\/uploads\/sites\/14\/2025\/03\/img-1628-225x300.jpeg 225w, https:\/\/isatis.asso.fr\/la-maison-de-la-bievre\/wp-content\/uploads\/sites\/14\/2025\/03\/img-1628-750x1000.jpeg 750w, https:\/\/isatis.asso.fr\/la-maison-de-la-bievre\/wp-content\/uploads\/sites\/14\/2025\/03\/img-1628.jpeg 960w\" sizes=\"auto, (max-width: 768px) 100vw, 768px\" \/><\/figure>\n<\/div>\n\n<div class=\"wp-block-image is-style-rounded\">\n<figure class=\"aligncenter size-large is-resized\"><img loading=\"lazy\" decoding=\"async\" width=\"1024\" height=\"768\" src=\"https:\/\/isatis.asso.fr\/la-maison-de-la-bievre\/wp-content\/uploads\/sites\/14\/2025\/03\/img-0628-1024x768.jpeg\" alt=\"\" class=\"wp-image-816\" style=\"width:611px;height:auto\" srcset=\"https:\/\/isatis.asso.fr\/la-maison-de-la-bievre\/wp-content\/uploads\/sites\/14\/2025\/03\/img-0628-1024x768.jpeg 1024w, https:\/\/isatis.asso.fr\/la-maison-de-la-bievre\/wp-content\/uploads\/sites\/14\/2025\/03\/img-0628-300x225.jpeg 300w, https:\/\/isatis.asso.fr\/la-maison-de-la-bievre\/wp-content\/uploads\/sites\/14\/2025\/03\/img-0628-768x576.jpeg 768w, https:\/\/isatis.asso.fr\/la-maison-de-la-bievre\/wp-content\/uploads\/sites\/14\/2025\/03\/img-0628.jpeg 1280w\" sizes=\"auto, (max-width: 1024px) 100vw, 1024px\" \/><\/figure>\n<\/div>\n\n\n<p class=\"has-text-align-center\">Que ce soit pour entretenir la forme, \u00e9vacuer le stress ou simplement partager un moment convivial, la boxe en EHPAD prouve que l&rsquo;\u00e2ge n&rsquo;est qu&rsquo;un chiffre et que le sport reste un plaisir \u00e0 tout moment de la vie! <\/p>\n","protected":false},"excerpt":{"rendered":"<p>Au sein de notre r\u00e9sidence, nous mettons un point d&rsquo;honneur \u00e0 proposer des activit\u00e9s innovantes et stimulantes pour le bien \u00eatre de nos r\u00e9sidents. C&rsquo;est dans cet esprit que nous avons introduit la boxe adapt\u00e9e, une discipline ludique et s\u00e9curis\u00e9e qui allie exercice physique, coordination et amusement. Encadr\u00e9e par des professionnels de l&rsquo;association \u00ab\u00a0Deuxi\u00e8me souffle\u00a0\u00bb [&hellip;]<\/p>\n","protected":false},"author":7,"featured_media":815,"comment_status":"open","ping_status":"open","sticky":false,"template":"","format":"standard","meta":{"_acf_changed":false,"footnotes":""},"categories":[1],"tags":[],"class_list":["post-819","post","type-post","status-publish","format-standard","has-post-thumbnail","hentry","category-non-classe"],"acf":[],"yoast_head":"<!-- This site is optimized with the Yoast SEO plugin v27.3 - https:\/\/yoast.com\/product\/yoast-seo-wordpress\/ -->\n<title>Quand la boxe devient un sport senior ! - La Maison de la Bi\u00e8vre<\/title>\n<meta name=\"robots\" content=\"index, follow, max-snippet:-1, max-image-preview:large, max-video-preview:-1\" \/>\n<link rel=\"canonical\" href=\"https:\/\/isatis.asso.fr\/la-maison-de-la-bievre\/2025\/03\/06\/quand-la-boxe-devient-un-sport-senior\/\" \/>\n<meta property=\"og:locale\" content=\"fr_FR\" \/>\n<meta property=\"og:type\" content=\"article\" \/>\n<meta property=\"og:title\" content=\"Quand la boxe devient un sport senior ! - La Maison de la Bi\u00e8vre\" \/>\n<meta property=\"og:description\" content=\"Au sein de notre r\u00e9sidence, nous mettons un point d&rsquo;honneur \u00e0 proposer des activit\u00e9s innovantes et stimulantes pour le bien \u00eatre de nos r\u00e9sidents. C&rsquo;est dans cet esprit que nous avons introduit la boxe adapt\u00e9e, une discipline ludique et s\u00e9curis\u00e9e qui allie exercice physique, coordination et amusement. Encadr\u00e9e par des professionnels de l&rsquo;association \u00ab\u00a0Deuxi\u00e8me souffle\u00a0\u00bb [&hellip;]\" \/>\n<meta property=\"og:url\" content=\"https:\/\/isatis.asso.fr\/la-maison-de-la-bievre\/2025\/03\/06\/quand-la-boxe-devient-un-sport-senior\/\" \/>\n<meta property=\"og:site_name\" content=\"La Maison de la Bi\u00e8vre\" \/>\n<meta property=\"article:published_time\" content=\"2025-03-06T09:40:09+00:00\" \/>\n<meta property=\"article:modified_time\" content=\"2025-09-23T20:49:30+00:00\" \/>\n<meta property=\"og:image\" content=\"https:\/\/isatis.asso.fr\/la-maison-de-la-bievre\/wp-content\/uploads\/sites\/14\/2025\/03\/img-0410.jpeg\" \/>\n\t<meta property=\"og:image:width\" content=\"1280\" \/>\n\t<meta property=\"og:image:height\" content=\"960\" \/>\n\t<meta property=\"og:image:type\" content=\"image\/jpeg\" \/>\n<meta name=\"author\" content=\"labievre86f2xa9hj\" \/>\n<meta name=\"twitter:card\" content=\"summary_large_image\" \/>\n<meta name=\"twitter:label1\" content=\"\u00c9crit par\" \/>\n\t<meta name=\"twitter:data1\" content=\"labievre86f2xa9hj\" \/>\n\t<meta name=\"twitter:label2\" content=\"Dur\u00e9e de lecture estim\u00e9e\" \/>\n\t<meta name=\"twitter:data2\" content=\"3 minutes\" \/>\n<script type=\"application\/ld+json\" class=\"yoast-schema-graph\">{\"@context\":\"https:\\\/\\\/schema.org\",\"@graph\":[{\"@type\":\"Article\",\"@id\":\"https:\\\/\\\/isatis.asso.fr\\\/la-maison-de-la-bievre\\\/2025\\\/03\\\/06\\\/quand-la-boxe-devient-un-sport-senior\\\/#article\",\"isPartOf\":{\"@id\":\"https:\\\/\\\/isatis.asso.fr\\\/la-maison-de-la-bievre\\\/2025\\\/03\\\/06\\\/quand-la-boxe-devient-un-sport-senior\\\/\"},\"author\":{\"name\":\"labievre86f2xa9hj\",\"@id\":\"https:\\\/\\\/isatis.asso.fr\\\/la-maison-de-la-bievre\\\/#\\\/schema\\\/person\\\/f52f6cbe059c6e320be1111ed1c8affb\"},\"headline\":\"Quand la boxe devient un sport senior !\",\"datePublished\":\"2025-03-06T09:40:09+00:00\",\"dateModified\":\"2025-09-23T20:49:30+00:00\",\"mainEntityOfPage\":{\"@id\":\"https:\\\/\\\/isatis.asso.fr\\\/la-maison-de-la-bievre\\\/2025\\\/03\\\/06\\\/quand-la-boxe-devient-un-sport-senior\\\/\"},\"wordCount\":173,\"commentCount\":0,\"image\":{\"@id\":\"https:\\\/\\\/isatis.asso.fr\\\/la-maison-de-la-bievre\\\/2025\\\/03\\\/06\\\/quand-la-boxe-devient-un-sport-senior\\\/#primaryimage\"},\"thumbnailUrl\":\"https:\\\/\\\/isatis.asso.fr\\\/la-maison-de-la-bievre\\\/wp-content\\\/uploads\\\/sites\\\/14\\\/2025\\\/03\\\/img-0410.jpeg\",\"inLanguage\":\"fr-FR\",\"potentialAction\":[{\"@type\":\"CommentAction\",\"name\":\"Comment\",\"target\":[\"https:\\\/\\\/isatis.asso.fr\\\/la-maison-de-la-bievre\\\/2025\\\/03\\\/06\\\/quand-la-boxe-devient-un-sport-senior\\\/#respond\"]}]},{\"@type\":\"WebPage\",\"@id\":\"https:\\\/\\\/isatis.asso.fr\\\/la-maison-de-la-bievre\\\/2025\\\/03\\\/06\\\/quand-la-boxe-devient-un-sport-senior\\\/\",\"url\":\"https:\\\/\\\/isatis.asso.fr\\\/la-maison-de-la-bievre\\\/2025\\\/03\\\/06\\\/quand-la-boxe-devient-un-sport-senior\\\/\",\"name\":\"Quand la boxe devient un sport senior ! - La Maison de la Bi\u00e8vre\",\"isPartOf\":{\"@id\":\"https:\\\/\\\/isatis.asso.fr\\\/la-maison-de-la-bievre\\\/#website\"},\"primaryImageOfPage\":{\"@id\":\"https:\\\/\\\/isatis.asso.fr\\\/la-maison-de-la-bievre\\\/2025\\\/03\\\/06\\\/quand-la-boxe-devient-un-sport-senior\\\/#primaryimage\"},\"image\":{\"@id\":\"https:\\\/\\\/isatis.asso.fr\\\/la-maison-de-la-bievre\\\/2025\\\/03\\\/06\\\/quand-la-boxe-devient-un-sport-senior\\\/#primaryimage\"},\"thumbnailUrl\":\"https:\\\/\\\/isatis.asso.fr\\\/la-maison-de-la-bievre\\\/wp-content\\\/uploads\\\/sites\\\/14\\\/2025\\\/03\\\/img-0410.jpeg\",\"datePublished\":\"2025-03-06T09:40:09+00:00\",\"dateModified\":\"2025-09-23T20:49:30+00:00\",\"author\":{\"@id\":\"https:\\\/\\\/isatis.asso.fr\\\/la-maison-de-la-bievre\\\/#\\\/schema\\\/person\\\/f52f6cbe059c6e320be1111ed1c8affb\"},\"breadcrumb\":{\"@id\":\"https:\\\/\\\/isatis.asso.fr\\\/la-maison-de-la-bievre\\\/2025\\\/03\\\/06\\\/quand-la-boxe-devient-un-sport-senior\\\/#breadcrumb\"},\"inLanguage\":\"fr-FR\",\"potentialAction\":[{\"@type\":\"ReadAction\",\"target\":[\"https:\\\/\\\/isatis.asso.fr\\\/la-maison-de-la-bievre\\\/2025\\\/03\\\/06\\\/quand-la-boxe-devient-un-sport-senior\\\/\"]}]},{\"@type\":\"ImageObject\",\"inLanguage\":\"fr-FR\",\"@id\":\"https:\\\/\\\/isatis.asso.fr\\\/la-maison-de-la-bievre\\\/2025\\\/03\\\/06\\\/quand-la-boxe-devient-un-sport-senior\\\/#primaryimage\",\"url\":\"https:\\\/\\\/isatis.asso.fr\\\/la-maison-de-la-bievre\\\/wp-content\\\/uploads\\\/sites\\\/14\\\/2025\\\/03\\\/img-0410.jpeg\",\"contentUrl\":\"https:\\\/\\\/isatis.asso.fr\\\/la-maison-de-la-bievre\\\/wp-content\\\/uploads\\\/sites\\\/14\\\/2025\\\/03\\\/img-0410.jpeg\",\"width\":1280,\"height\":960},{\"@type\":\"BreadcrumbList\",\"@id\":\"https:\\\/\\\/isatis.asso.fr\\\/la-maison-de-la-bievre\\\/2025\\\/03\\\/06\\\/quand-la-boxe-devient-un-sport-senior\\\/#breadcrumb\",\"itemListElement\":[{\"@type\":\"ListItem\",\"position\":1,\"name\":\"Accueil\",\"item\":\"https:\\\/\\\/isatis.asso.fr\\\/la-maison-de-la-bievre\\\/\"},{\"@type\":\"ListItem\",\"position\":2,\"name\":\"Quand la boxe devient un sport senior !\"}]},{\"@type\":\"WebSite\",\"@id\":\"https:\\\/\\\/isatis.asso.fr\\\/la-maison-de-la-bievre\\\/#website\",\"url\":\"https:\\\/\\\/isatis.asso.fr\\\/la-maison-de-la-bievre\\\/\",\"name\":\"La Maison de la Bi\u00e8vre\",\"description\":\"EHPAD - PASA\",\"potentialAction\":[{\"@type\":\"SearchAction\",\"target\":{\"@type\":\"EntryPoint\",\"urlTemplate\":\"https:\\\/\\\/isatis.asso.fr\\\/la-maison-de-la-bievre\\\/?s={search_term_string}\"},\"query-input\":{\"@type\":\"PropertyValueSpecification\",\"valueRequired\":true,\"valueName\":\"search_term_string\"}}],\"inLanguage\":\"fr-FR\"},{\"@type\":\"Person\",\"@id\":\"https:\\\/\\\/isatis.asso.fr\\\/la-maison-de-la-bievre\\\/#\\\/schema\\\/person\\\/f52f6cbe059c6e320be1111ed1c8affb\",\"name\":\"labievre86f2xa9hj\",\"image\":{\"@type\":\"ImageObject\",\"inLanguage\":\"fr-FR\",\"@id\":\"https:\\\/\\\/secure.gravatar.com\\\/avatar\\\/a83fef9b97a09de95911c8154cb9fabfaecd34bc132d345a27e217d694464273?s=96&d=mm&r=g\",\"url\":\"https:\\\/\\\/secure.gravatar.com\\\/avatar\\\/a83fef9b97a09de95911c8154cb9fabfaecd34bc132d345a27e217d694464273?s=96&d=mm&r=g\",\"contentUrl\":\"https:\\\/\\\/secure.gravatar.com\\\/avatar\\\/a83fef9b97a09de95911c8154cb9fabfaecd34bc132d345a27e217d694464273?s=96&d=mm&r=g\",\"caption\":\"labievre86f2xa9hj\"},\"url\":\"https:\\\/\\\/isatis.asso.fr\\\/la-maison-de-la-bievre\\\/author\\\/labievre86f2xa9hj\\\/\"}]}<\/script>\n<!-- \/ Yoast SEO plugin. -->","yoast_head_json":{"title":"Quand la boxe devient un sport senior ! - La Maison de la Bi\u00e8vre","robots":{"index":"index","follow":"follow","max-snippet":"max-snippet:-1","max-image-preview":"max-image-preview:large","max-video-preview":"max-video-preview:-1"},"canonical":"https:\/\/isatis.asso.fr\/la-maison-de-la-bievre\/2025\/03\/06\/quand-la-boxe-devient-un-sport-senior\/","og_locale":"fr_FR","og_type":"article","og_title":"Quand la boxe devient un sport senior ! - La Maison de la Bi\u00e8vre","og_description":"Au sein de notre r\u00e9sidence, nous mettons un point d&rsquo;honneur \u00e0 proposer des activit\u00e9s innovantes et stimulantes pour le bien \u00eatre de nos r\u00e9sidents. C&rsquo;est dans cet esprit que nous avons introduit la boxe adapt\u00e9e, une discipline ludique et s\u00e9curis\u00e9e qui allie exercice physique, coordination et amusement. Encadr\u00e9e par des professionnels de l&rsquo;association \u00ab\u00a0Deuxi\u00e8me souffle\u00a0\u00bb [&hellip;]","og_url":"https:\/\/isatis.asso.fr\/la-maison-de-la-bievre\/2025\/03\/06\/quand-la-boxe-devient-un-sport-senior\/","og_site_name":"La Maison de la Bi\u00e8vre","article_published_time":"2025-03-06T09:40:09+00:00","article_modified_time":"2025-09-23T20:49:30+00:00","og_image":[{"width":1280,"height":960,"url":"https:\/\/isatis.asso.fr\/la-maison-de-la-bievre\/wp-content\/uploads\/sites\/14\/2025\/03\/img-0410.jpeg","type":"image\/jpeg"}],"author":"labievre86f2xa9hj","twitter_card":"summary_large_image","twitter_misc":{"\u00c9crit par":"labievre86f2xa9hj","Dur\u00e9e de lecture estim\u00e9e":"3 minutes"},"schema":{"@context":"https:\/\/schema.org","@graph":[{"@type":"Article","@id":"https:\/\/isatis.asso.fr\/la-maison-de-la-bievre\/2025\/03\/06\/quand-la-boxe-devient-un-sport-senior\/#article","isPartOf":{"@id":"https:\/\/isatis.asso.fr\/la-maison-de-la-bievre\/2025\/03\/06\/quand-la-boxe-devient-un-sport-senior\/"},"author":{"name":"labievre86f2xa9hj","@id":"https:\/\/isatis.asso.fr\/la-maison-de-la-bievre\/#\/schema\/person\/f52f6cbe059c6e320be1111ed1c8affb"},"headline":"Quand la boxe devient un sport senior !","datePublished":"2025-03-06T09:40:09+00:00","dateModified":"2025-09-23T20:49:30+00:00","mainEntityOfPage":{"@id":"https:\/\/isatis.asso.fr\/la-maison-de-la-bievre\/2025\/03\/06\/quand-la-boxe-devient-un-sport-senior\/"},"wordCount":173,"commentCount":0,"image":{"@id":"https:\/\/isatis.asso.fr\/la-maison-de-la-bievre\/2025\/03\/06\/quand-la-boxe-devient-un-sport-senior\/#primaryimage"},"thumbnailUrl":"https:\/\/isatis.asso.fr\/la-maison-de-la-bievre\/wp-content\/uploads\/sites\/14\/2025\/03\/img-0410.jpeg","inLanguage":"fr-FR","potentialAction":[{"@type":"CommentAction","name":"Comment","target":["https:\/\/isatis.asso.fr\/la-maison-de-la-bievre\/2025\/03\/06\/quand-la-boxe-devient-un-sport-senior\/#respond"]}]},{"@type":"WebPage","@id":"https:\/\/isatis.asso.fr\/la-maison-de-la-bievre\/2025\/03\/06\/quand-la-boxe-devient-un-sport-senior\/","url":"https:\/\/isatis.asso.fr\/la-maison-de-la-bievre\/2025\/03\/06\/quand-la-boxe-devient-un-sport-senior\/","name":"Quand la boxe devient un sport senior ! - La Maison de la Bi\u00e8vre","isPartOf":{"@id":"https:\/\/isatis.asso.fr\/la-maison-de-la-bievre\/#website"},"primaryImageOfPage":{"@id":"https:\/\/isatis.asso.fr\/la-maison-de-la-bievre\/2025\/03\/06\/quand-la-boxe-devient-un-sport-senior\/#primaryimage"},"image":{"@id":"https:\/\/isatis.asso.fr\/la-maison-de-la-bievre\/2025\/03\/06\/quand-la-boxe-devient-un-sport-senior\/#primaryimage"},"thumbnailUrl":"https:\/\/isatis.asso.fr\/la-maison-de-la-bievre\/wp-content\/uploads\/sites\/14\/2025\/03\/img-0410.jpeg","datePublished":"2025-03-06T09:40:09+00:00","dateModified":"2025-09-23T20:49:30+00:00","author":{"@id":"https:\/\/isatis.asso.fr\/la-maison-de-la-bievre\/#\/schema\/person\/f52f6cbe059c6e320be1111ed1c8affb"},"breadcrumb":{"@id":"https:\/\/isatis.asso.fr\/la-maison-de-la-bievre\/2025\/03\/06\/quand-la-boxe-devient-un-sport-senior\/#breadcrumb"},"inLanguage":"fr-FR","potentialAction":[{"@type":"ReadAction","target":["https:\/\/isatis.asso.fr\/la-maison-de-la-bievre\/2025\/03\/06\/quand-la-boxe-devient-un-sport-senior\/"]}]},{"@type":"ImageObject","inLanguage":"fr-FR","@id":"https:\/\/isatis.asso.fr\/la-maison-de-la-bievre\/2025\/03\/06\/quand-la-boxe-devient-un-sport-senior\/#primaryimage","url":"https:\/\/isatis.asso.fr\/la-maison-de-la-bievre\/wp-content\/uploads\/sites\/14\/2025\/03\/img-0410.jpeg","contentUrl":"https:\/\/isatis.asso.fr\/la-maison-de-la-bievre\/wp-content\/uploads\/sites\/14\/2025\/03\/img-0410.jpeg","width":1280,"height":960},{"@type":"BreadcrumbList","@id":"https:\/\/isatis.asso.fr\/la-maison-de-la-bievre\/2025\/03\/06\/quand-la-boxe-devient-un-sport-senior\/#breadcrumb","itemListElement":[{"@type":"ListItem","position":1,"name":"Accueil","item":"https:\/\/isatis.asso.fr\/la-maison-de-la-bievre\/"},{"@type":"ListItem","position":2,"name":"Quand la boxe devient un sport senior !"}]},{"@type":"WebSite","@id":"https:\/\/isatis.asso.fr\/la-maison-de-la-bievre\/#website","url":"https:\/\/isatis.asso.fr\/la-maison-de-la-bievre\/","name":"La Maison de la Bi\u00e8vre","description":"EHPAD - PASA","potentialAction":[{"@type":"SearchAction","target":{"@type":"EntryPoint","urlTemplate":"https:\/\/isatis.asso.fr\/la-maison-de-la-bievre\/?s={search_term_string}"},"query-input":{"@type":"PropertyValueSpecification","valueRequired":true,"valueName":"search_term_string"}}],"inLanguage":"fr-FR"},{"@type":"Person","@id":"https:\/\/isatis.asso.fr\/la-maison-de-la-bievre\/#\/schema\/person\/f52f6cbe059c6e320be1111ed1c8affb","name":"labievre86f2xa9hj","image":{"@type":"ImageObject","inLanguage":"fr-FR","@id":"https:\/\/secure.gravatar.com\/avatar\/a83fef9b97a09de95911c8154cb9fabfaecd34bc132d345a27e217d694464273?s=96&d=mm&r=g","url":"https:\/\/secure.gravatar.com\/avatar\/a83fef9b97a09de95911c8154cb9fabfaecd34bc132d345a27e217d694464273?s=96&d=mm&r=g","contentUrl":"https:\/\/secure.gravatar.com\/avatar\/a83fef9b97a09de95911c8154cb9fabfaecd34bc132d345a27e217d694464273?s=96&d=mm&r=g","caption":"labievre86f2xa9hj"},"url":"https:\/\/isatis.asso.fr\/la-maison-de-la-bievre\/author\/labievre86f2xa9hj\/"}]}},"_links":{"self":[{"href":"https:\/\/isatis.asso.fr\/la-maison-de-la-bievre\/wp-json\/wp\/v2\/posts\/819","targetHints":{"allow":["GET"]}}],"collection":[{"href":"https:\/\/isatis.asso.fr\/la-maison-de-la-bievre\/wp-json\/wp\/v2\/posts"}],"about":[{"href":"https:\/\/isatis.asso.fr\/la-maison-de-la-bievre\/wp-json\/wp\/v2\/types\/post"}],"author":[{"embeddable":true,"href":"https:\/\/isatis.asso.fr\/la-maison-de-la-bievre\/wp-json\/wp\/v2\/users\/7"}],"replies":[{"embeddable":true,"href":"https:\/\/isatis.asso.fr\/la-maison-de-la-bievre\/wp-json\/wp\/v2\/comments?post=819"}],"version-history":[{"count":10,"href":"https:\/\/isatis.asso.fr\/la-maison-de-la-bievre\/wp-json\/wp\/v2\/posts\/819\/revisions"}],"predecessor-version":[{"id":1041,"href":"https:\/\/isatis.asso.fr\/la-maison-de-la-bievre\/wp-json\/wp\/v2\/posts\/819\/revisions\/1041"}],"wp:featuredmedia":[{"embeddable":true,"href":"https:\/\/isatis.asso.fr\/la-maison-de-la-bievre\/wp-json\/wp\/v2\/media\/815"}],"wp:attachment":[{"href":"https:\/\/isatis.asso.fr\/la-maison-de-la-bievre\/wp-json\/wp\/v2\/media?parent=819"}],"wp:term":[{"taxonomy":"category","embeddable":true,"href":"https:\/\/isatis.asso.fr\/la-maison-de-la-bievre\/wp-json\/wp\/v2\/categories?post=819"},{"taxonomy":"post_tag","embeddable":true,"href":"https:\/\/isatis.asso.fr\/la-maison-de-la-bievre\/wp-json\/wp\/v2\/tags?post=819"}],"curies":[{"name":"wp","href":"https:\/\/api.w.org\/{rel}","templated":true}]}}