{"id":764,"date":"2023-07-04T17:15:47","date_gmt":"2023-07-04T15:15:47","guid":{"rendered":"https:\/\/isatis.asso.fr\/la-maison-de-la-bievre\/?p=764"},"modified":"2023-07-04T17:15:48","modified_gmt":"2023-07-04T15:15:48","slug":"la-musique-sinvite-a-la-maison-de-la-bievre","status":"publish","type":"post","link":"https:\/\/isatis.asso.fr\/la-maison-de-la-bievre\/2023\/07\/04\/la-musique-sinvite-a-la-maison-de-la-bievre\/","title":{"rendered":"La musique s&rsquo;invite \u00e0 la Maison de la Bi\u00e8vre"},"content":{"rendered":"\n<p>A l&rsquo;occasion de la f\u00eate de la musique les r\u00e9sidents ont particip\u00e9 \u00e0 un karaok\u00e9.<\/p>\n\n\n\n<figure class=\"wp-block-image size-full\"><img loading=\"lazy\" decoding=\"async\" width=\"480\" height=\"640\" src=\"https:\/\/isatis.asso.fr\/la-maison-de-la-bievre\/wp-content\/uploads\/sites\/14\/2023\/07\/image22-rotated.jpeg\" alt=\"\" class=\"wp-image-771\" srcset=\"https:\/\/isatis.asso.fr\/la-maison-de-la-bievre\/wp-content\/uploads\/sites\/14\/2023\/07\/image22-rotated.jpeg 480w, https:\/\/isatis.asso.fr\/la-maison-de-la-bievre\/wp-content\/uploads\/sites\/14\/2023\/07\/image22-225x300.jpeg 225w\" sizes=\"auto, (max-width: 480px) 100vw, 480px\" \/><\/figure>\n\n\n\n<p>Que de souvenirs \u00e9voqu\u00e9s quand on chante sur les airs d&rsquo;hier et d&rsquo;aujourd&rsquo;hui&#8230; <\/p>\n\n\n\n<figure class=\"wp-block-image size-full\"><img loading=\"lazy\" decoding=\"async\" width=\"480\" height=\"640\" src=\"https:\/\/isatis.asso.fr\/la-maison-de-la-bievre\/wp-content\/uploads\/sites\/14\/2023\/07\/image21-rotated.jpeg\" alt=\"\" class=\"wp-image-770\" srcset=\"https:\/\/isatis.asso.fr\/la-maison-de-la-bievre\/wp-content\/uploads\/sites\/14\/2023\/07\/image21-rotated.jpeg 480w, https:\/\/isatis.asso.fr\/la-maison-de-la-bievre\/wp-content\/uploads\/sites\/14\/2023\/07\/image21-225x300.jpeg 225w\" sizes=\"auto, (max-width: 480px) 100vw, 480px\" \/><\/figure>\n\n\n\n<figure class=\"wp-block-image size-full\"><img loading=\"lazy\" decoding=\"async\" width=\"480\" height=\"640\" src=\"https:\/\/isatis.asso.fr\/la-maison-de-la-bievre\/wp-content\/uploads\/sites\/14\/2023\/07\/image20-rotated.jpeg\" alt=\"\" class=\"wp-image-769\" srcset=\"https:\/\/isatis.asso.fr\/la-maison-de-la-bievre\/wp-content\/uploads\/sites\/14\/2023\/07\/image20-rotated.jpeg 480w, https:\/\/isatis.asso.fr\/la-maison-de-la-bievre\/wp-content\/uploads\/sites\/14\/2023\/07\/image20-225x300.jpeg 225w\" sizes=\"auto, (max-width: 480px) 100vw, 480px\" \/><\/figure>\n\n\n\n<figure class=\"wp-block-image size-full\"><img loading=\"lazy\" decoding=\"async\" width=\"480\" height=\"640\" src=\"https:\/\/isatis.asso.fr\/la-maison-de-la-bievre\/wp-content\/uploads\/sites\/14\/2023\/07\/image35-rotated.jpeg\" alt=\"\" class=\"wp-image-772\" srcset=\"https:\/\/isatis.asso.fr\/la-maison-de-la-bievre\/wp-content\/uploads\/sites\/14\/2023\/07\/image35-rotated.jpeg 480w, https:\/\/isatis.asso.fr\/la-maison-de-la-bievre\/wp-content\/uploads\/sites\/14\/2023\/07\/image35-225x300.jpeg 225w\" sizes=\"auto, (max-width: 480px) 100vw, 480px\" \/><\/figure>\n\n\n\n<figure class=\"wp-block-image size-full\"><img loading=\"lazy\" decoding=\"async\" width=\"480\" height=\"640\" src=\"https:\/\/isatis.asso.fr\/la-maison-de-la-bievre\/wp-content\/uploads\/sites\/14\/2023\/07\/image16-rotated.jpeg\" alt=\"\" class=\"wp-image-768\" srcset=\"https:\/\/isatis.asso.fr\/la-maison-de-la-bievre\/wp-content\/uploads\/sites\/14\/2023\/07\/image16-rotated.jpeg 480w, https:\/\/isatis.asso.fr\/la-maison-de-la-bievre\/wp-content\/uploads\/sites\/14\/2023\/07\/image16-225x300.jpeg 225w\" sizes=\"auto, (max-width: 480px) 100vw, 480px\" \/><\/figure>\n\n\n\n<figure class=\"wp-block-image size-full\"><img loading=\"lazy\" decoding=\"async\" width=\"480\" height=\"640\" src=\"https:\/\/isatis.asso.fr\/la-maison-de-la-bievre\/wp-content\/uploads\/sites\/14\/2023\/07\/image15-rotated.jpeg\" alt=\"\" class=\"wp-image-767\" srcset=\"https:\/\/isatis.asso.fr\/la-maison-de-la-bievre\/wp-content\/uploads\/sites\/14\/2023\/07\/image15-rotated.jpeg 480w, https:\/\/isatis.asso.fr\/la-maison-de-la-bievre\/wp-content\/uploads\/sites\/14\/2023\/07\/image15-225x300.jpeg 225w\" sizes=\"auto, (max-width: 480px) 100vw, 480px\" \/><\/figure>\n","protected":false},"excerpt":{"rendered":"<p>A l&rsquo;occasion de la f\u00eate de la musique les r\u00e9sidents ont particip\u00e9 \u00e0 un karaok\u00e9. Que de souvenirs \u00e9voqu\u00e9s quand on chante sur les airs d&rsquo;hier et d&rsquo;aujourd&rsquo;hui&#8230;<\/p>\n","protected":false},"author":1,"featured_media":766,"comment_status":"open","ping_status":"open","sticky":false,"template":"","format":"standard","meta":{"_acf_changed":false,"footnotes":""},"categories":[1],"tags":[],"class_list":["post-764","post","type-post","status-publish","format-standard","has-post-thumbnail","hentry","category-non-classe"],"acf":[],"yoast_head":"<!-- This site is optimized with the Yoast SEO plugin v27.3 - https:\/\/yoast.com\/product\/yoast-seo-wordpress\/ -->\n<title>La musique s&#039;invite \u00e0 la Maison de la Bi\u00e8vre - La Maison de la Bi\u00e8vre<\/title>\n<meta name=\"robots\" content=\"index, follow, max-snippet:-1, max-image-preview:large, max-video-preview:-1\" \/>\n<link rel=\"canonical\" href=\"https:\/\/isatis.asso.fr\/la-maison-de-la-bievre\/2023\/07\/04\/la-musique-sinvite-a-la-maison-de-la-bievre\/\" \/>\n<meta property=\"og:locale\" content=\"fr_FR\" \/>\n<meta property=\"og:type\" content=\"article\" \/>\n<meta property=\"og:title\" content=\"La musique s&#039;invite \u00e0 la Maison de la Bi\u00e8vre - La Maison de la Bi\u00e8vre\" \/>\n<meta property=\"og:description\" content=\"A l&rsquo;occasion de la f\u00eate de la musique les r\u00e9sidents ont particip\u00e9 \u00e0 un karaok\u00e9. Que de souvenirs \u00e9voqu\u00e9s quand on chante sur les airs d&rsquo;hier et d&rsquo;aujourd&rsquo;hui&#8230;\" \/>\n<meta property=\"og:url\" content=\"https:\/\/isatis.asso.fr\/la-maison-de-la-bievre\/2023\/07\/04\/la-musique-sinvite-a-la-maison-de-la-bievre\/\" \/>\n<meta property=\"og:site_name\" content=\"La Maison de la Bi\u00e8vre\" \/>\n<meta property=\"article:published_time\" content=\"2023-07-04T15:15:47+00:00\" \/>\n<meta property=\"article:modified_time\" content=\"2023-07-04T15:15:48+00:00\" \/>\n<meta property=\"og:image\" content=\"https:\/\/isatis.asso.fr\/la-maison-de-la-bievre\/wp-content\/uploads\/sites\/14\/2023\/07\/image6-rotated.jpeg\" \/>\n\t<meta property=\"og:image:width\" content=\"480\" \/>\n\t<meta property=\"og:image:height\" content=\"640\" \/>\n\t<meta property=\"og:image:type\" content=\"image\/jpeg\" \/>\n<meta name=\"author\" content=\"admin-JvSCLhrNBE\" \/>\n<meta name=\"twitter:card\" content=\"summary_large_image\" \/>\n<meta name=\"twitter:label1\" content=\"\u00c9crit par\" \/>\n\t<meta name=\"twitter:data1\" content=\"admin-JvSCLhrNBE\" \/>\n\t<meta name=\"twitter:label2\" content=\"Dur\u00e9e de lecture estim\u00e9e\" \/>\n\t<meta name=\"twitter:data2\" content=\"2 minutes\" \/>\n<script type=\"application\/ld+json\" class=\"yoast-schema-graph\">{\"@context\":\"https:\\\/\\\/schema.org\",\"@graph\":[{\"@type\":\"Article\",\"@id\":\"https:\\\/\\\/isatis.asso.fr\\\/la-maison-de-la-bievre\\\/2023\\\/07\\\/04\\\/la-musique-sinvite-a-la-maison-de-la-bievre\\\/#article\",\"isPartOf\":{\"@id\":\"https:\\\/\\\/isatis.asso.fr\\\/la-maison-de-la-bievre\\\/2023\\\/07\\\/04\\\/la-musique-sinvite-a-la-maison-de-la-bievre\\\/\"},\"author\":{\"name\":\"admin-JvSCLhrNBE\",\"@id\":\"https:\\\/\\\/isatis.asso.fr\\\/la-maison-de-la-bievre\\\/#\\\/schema\\\/person\\\/943b5c9342f7eca9dde826898907ac00\"},\"headline\":\"La musique s&rsquo;invite \u00e0 la Maison de la Bi\u00e8vre\",\"datePublished\":\"2023-07-04T15:15:47+00:00\",\"dateModified\":\"2023-07-04T15:15:48+00:00\",\"mainEntityOfPage\":{\"@id\":\"https:\\\/\\\/isatis.asso.fr\\\/la-maison-de-la-bievre\\\/2023\\\/07\\\/04\\\/la-musique-sinvite-a-la-maison-de-la-bievre\\\/\"},\"wordCount\":44,\"commentCount\":0,\"image\":{\"@id\":\"https:\\\/\\\/isatis.asso.fr\\\/la-maison-de-la-bievre\\\/2023\\\/07\\\/04\\\/la-musique-sinvite-a-la-maison-de-la-bievre\\\/#primaryimage\"},\"thumbnailUrl\":\"https:\\\/\\\/isatis.asso.fr\\\/la-maison-de-la-bievre\\\/wp-content\\\/uploads\\\/sites\\\/14\\\/2023\\\/07\\\/image6-rotated.jpeg\",\"inLanguage\":\"fr-FR\",\"potentialAction\":[{\"@type\":\"CommentAction\",\"name\":\"Comment\",\"target\":[\"https:\\\/\\\/isatis.asso.fr\\\/la-maison-de-la-bievre\\\/2023\\\/07\\\/04\\\/la-musique-sinvite-a-la-maison-de-la-bievre\\\/#respond\"]}]},{\"@type\":\"WebPage\",\"@id\":\"https:\\\/\\\/isatis.asso.fr\\\/la-maison-de-la-bievre\\\/2023\\\/07\\\/04\\\/la-musique-sinvite-a-la-maison-de-la-bievre\\\/\",\"url\":\"https:\\\/\\\/isatis.asso.fr\\\/la-maison-de-la-bievre\\\/2023\\\/07\\\/04\\\/la-musique-sinvite-a-la-maison-de-la-bievre\\\/\",\"name\":\"La musique s'invite \u00e0 la Maison de la Bi\u00e8vre - La Maison de la Bi\u00e8vre\",\"isPartOf\":{\"@id\":\"https:\\\/\\\/isatis.asso.fr\\\/la-maison-de-la-bievre\\\/#website\"},\"primaryImageOfPage\":{\"@id\":\"https:\\\/\\\/isatis.asso.fr\\\/la-maison-de-la-bievre\\\/2023\\\/07\\\/04\\\/la-musique-sinvite-a-la-maison-de-la-bievre\\\/#primaryimage\"},\"image\":{\"@id\":\"https:\\\/\\\/isatis.asso.fr\\\/la-maison-de-la-bievre\\\/2023\\\/07\\\/04\\\/la-musique-sinvite-a-la-maison-de-la-bievre\\\/#primaryimage\"},\"thumbnailUrl\":\"https:\\\/\\\/isatis.asso.fr\\\/la-maison-de-la-bievre\\\/wp-content\\\/uploads\\\/sites\\\/14\\\/2023\\\/07\\\/image6-rotated.jpeg\",\"datePublished\":\"2023-07-04T15:15:47+00:00\",\"dateModified\":\"2023-07-04T15:15:48+00:00\",\"author\":{\"@id\":\"https:\\\/\\\/isatis.asso.fr\\\/la-maison-de-la-bievre\\\/#\\\/schema\\\/person\\\/943b5c9342f7eca9dde826898907ac00\"},\"breadcrumb\":{\"@id\":\"https:\\\/\\\/isatis.asso.fr\\\/la-maison-de-la-bievre\\\/2023\\\/07\\\/04\\\/la-musique-sinvite-a-la-maison-de-la-bievre\\\/#breadcrumb\"},\"inLanguage\":\"fr-FR\",\"potentialAction\":[{\"@type\":\"ReadAction\",\"target\":[\"https:\\\/\\\/isatis.asso.fr\\\/la-maison-de-la-bievre\\\/2023\\\/07\\\/04\\\/la-musique-sinvite-a-la-maison-de-la-bievre\\\/\"]}]},{\"@type\":\"ImageObject\",\"inLanguage\":\"fr-FR\",\"@id\":\"https:\\\/\\\/isatis.asso.fr\\\/la-maison-de-la-bievre\\\/2023\\\/07\\\/04\\\/la-musique-sinvite-a-la-maison-de-la-bievre\\\/#primaryimage\",\"url\":\"https:\\\/\\\/isatis.asso.fr\\\/la-maison-de-la-bievre\\\/wp-content\\\/uploads\\\/sites\\\/14\\\/2023\\\/07\\\/image6-rotated.jpeg\",\"contentUrl\":\"https:\\\/\\\/isatis.asso.fr\\\/la-maison-de-la-bievre\\\/wp-content\\\/uploads\\\/sites\\\/14\\\/2023\\\/07\\\/image6-rotated.jpeg\",\"width\":480,\"height\":640},{\"@type\":\"BreadcrumbList\",\"@id\":\"https:\\\/\\\/isatis.asso.fr\\\/la-maison-de-la-bievre\\\/2023\\\/07\\\/04\\\/la-musique-sinvite-a-la-maison-de-la-bievre\\\/#breadcrumb\",\"itemListElement\":[{\"@type\":\"ListItem\",\"position\":1,\"name\":\"Accueil\",\"item\":\"https:\\\/\\\/isatis.asso.fr\\\/la-maison-de-la-bievre\\\/\"},{\"@type\":\"ListItem\",\"position\":2,\"name\":\"La musique s&#8217;invite \u00e0 la Maison de la Bi\u00e8vre\"}]},{\"@type\":\"WebSite\",\"@id\":\"https:\\\/\\\/isatis.asso.fr\\\/la-maison-de-la-bievre\\\/#website\",\"url\":\"https:\\\/\\\/isatis.asso.fr\\\/la-maison-de-la-bievre\\\/\",\"name\":\"La Maison de la Bi\u00e8vre\",\"description\":\"EHPAD - PASA\",\"potentialAction\":[{\"@type\":\"SearchAction\",\"target\":{\"@type\":\"EntryPoint\",\"urlTemplate\":\"https:\\\/\\\/isatis.asso.fr\\\/la-maison-de-la-bievre\\\/?s={search_term_string}\"},\"query-input\":{\"@type\":\"PropertyValueSpecification\",\"valueRequired\":true,\"valueName\":\"search_term_string\"}}],\"inLanguage\":\"fr-FR\"},{\"@type\":\"Person\",\"@id\":\"https:\\\/\\\/isatis.asso.fr\\\/la-maison-de-la-bievre\\\/#\\\/schema\\\/person\\\/943b5c9342f7eca9dde826898907ac00\",\"name\":\"admin-JvSCLhrNBE\",\"image\":{\"@type\":\"ImageObject\",\"inLanguage\":\"fr-FR\",\"@id\":\"https:\\\/\\\/secure.gravatar.com\\\/avatar\\\/304b15a49c4ff21bb5bc68be1b5a77972169f0608361401c9f9676ec044d15dc?s=96&d=mm&r=g\",\"url\":\"https:\\\/\\\/secure.gravatar.com\\\/avatar\\\/304b15a49c4ff21bb5bc68be1b5a77972169f0608361401c9f9676ec044d15dc?s=96&d=mm&r=g\",\"contentUrl\":\"https:\\\/\\\/secure.gravatar.com\\\/avatar\\\/304b15a49c4ff21bb5bc68be1b5a77972169f0608361401c9f9676ec044d15dc?s=96&d=mm&r=g\",\"caption\":\"admin-JvSCLhrNBE\"},\"url\":\"https:\\\/\\\/isatis.asso.fr\\\/la-maison-de-la-bievre\\\/author\\\/admin-jvsclhrnbe\\\/\"}]}<\/script>\n<!-- \/ Yoast SEO plugin. -->","yoast_head_json":{"title":"La musique s'invite \u00e0 la Maison de la Bi\u00e8vre - La Maison de la Bi\u00e8vre","robots":{"index":"index","follow":"follow","max-snippet":"max-snippet:-1","max-image-preview":"max-image-preview:large","max-video-preview":"max-video-preview:-1"},"canonical":"https:\/\/isatis.asso.fr\/la-maison-de-la-bievre\/2023\/07\/04\/la-musique-sinvite-a-la-maison-de-la-bievre\/","og_locale":"fr_FR","og_type":"article","og_title":"La musique s'invite \u00e0 la Maison de la Bi\u00e8vre - La Maison de la Bi\u00e8vre","og_description":"A l&rsquo;occasion de la f\u00eate de la musique les r\u00e9sidents ont particip\u00e9 \u00e0 un karaok\u00e9. Que de souvenirs \u00e9voqu\u00e9s quand on chante sur les airs d&rsquo;hier et d&rsquo;aujourd&rsquo;hui&#8230;","og_url":"https:\/\/isatis.asso.fr\/la-maison-de-la-bievre\/2023\/07\/04\/la-musique-sinvite-a-la-maison-de-la-bievre\/","og_site_name":"La Maison de la Bi\u00e8vre","article_published_time":"2023-07-04T15:15:47+00:00","article_modified_time":"2023-07-04T15:15:48+00:00","og_image":[{"width":480,"height":640,"url":"https:\/\/isatis.asso.fr\/la-maison-de-la-bievre\/wp-content\/uploads\/sites\/14\/2023\/07\/image6-rotated.jpeg","type":"image\/jpeg"}],"author":"admin-JvSCLhrNBE","twitter_card":"summary_large_image","twitter_misc":{"\u00c9crit par":"admin-JvSCLhrNBE","Dur\u00e9e de lecture estim\u00e9e":"2 minutes"},"schema":{"@context":"https:\/\/schema.org","@graph":[{"@type":"Article","@id":"https:\/\/isatis.asso.fr\/la-maison-de-la-bievre\/2023\/07\/04\/la-musique-sinvite-a-la-maison-de-la-bievre\/#article","isPartOf":{"@id":"https:\/\/isatis.asso.fr\/la-maison-de-la-bievre\/2023\/07\/04\/la-musique-sinvite-a-la-maison-de-la-bievre\/"},"author":{"name":"admin-JvSCLhrNBE","@id":"https:\/\/isatis.asso.fr\/la-maison-de-la-bievre\/#\/schema\/person\/943b5c9342f7eca9dde826898907ac00"},"headline":"La musique s&rsquo;invite \u00e0 la Maison de la Bi\u00e8vre","datePublished":"2023-07-04T15:15:47+00:00","dateModified":"2023-07-04T15:15:48+00:00","mainEntityOfPage":{"@id":"https:\/\/isatis.asso.fr\/la-maison-de-la-bievre\/2023\/07\/04\/la-musique-sinvite-a-la-maison-de-la-bievre\/"},"wordCount":44,"commentCount":0,"image":{"@id":"https:\/\/isatis.asso.fr\/la-maison-de-la-bievre\/2023\/07\/04\/la-musique-sinvite-a-la-maison-de-la-bievre\/#primaryimage"},"thumbnailUrl":"https:\/\/isatis.asso.fr\/la-maison-de-la-bievre\/wp-content\/uploads\/sites\/14\/2023\/07\/image6-rotated.jpeg","inLanguage":"fr-FR","potentialAction":[{"@type":"CommentAction","name":"Comment","target":["https:\/\/isatis.asso.fr\/la-maison-de-la-bievre\/2023\/07\/04\/la-musique-sinvite-a-la-maison-de-la-bievre\/#respond"]}]},{"@type":"WebPage","@id":"https:\/\/isatis.asso.fr\/la-maison-de-la-bievre\/2023\/07\/04\/la-musique-sinvite-a-la-maison-de-la-bievre\/","url":"https:\/\/isatis.asso.fr\/la-maison-de-la-bievre\/2023\/07\/04\/la-musique-sinvite-a-la-maison-de-la-bievre\/","name":"La musique s'invite \u00e0 la Maison de la Bi\u00e8vre - La Maison de la Bi\u00e8vre","isPartOf":{"@id":"https:\/\/isatis.asso.fr\/la-maison-de-la-bievre\/#website"},"primaryImageOfPage":{"@id":"https:\/\/isatis.asso.fr\/la-maison-de-la-bievre\/2023\/07\/04\/la-musique-sinvite-a-la-maison-de-la-bievre\/#primaryimage"},"image":{"@id":"https:\/\/isatis.asso.fr\/la-maison-de-la-bievre\/2023\/07\/04\/la-musique-sinvite-a-la-maison-de-la-bievre\/#primaryimage"},"thumbnailUrl":"https:\/\/isatis.asso.fr\/la-maison-de-la-bievre\/wp-content\/uploads\/sites\/14\/2023\/07\/image6-rotated.jpeg","datePublished":"2023-07-04T15:15:47+00:00","dateModified":"2023-07-04T15:15:48+00:00","author":{"@id":"https:\/\/isatis.asso.fr\/la-maison-de-la-bievre\/#\/schema\/person\/943b5c9342f7eca9dde826898907ac00"},"breadcrumb":{"@id":"https:\/\/isatis.asso.fr\/la-maison-de-la-bievre\/2023\/07\/04\/la-musique-sinvite-a-la-maison-de-la-bievre\/#breadcrumb"},"inLanguage":"fr-FR","potentialAction":[{"@type":"ReadAction","target":["https:\/\/isatis.asso.fr\/la-maison-de-la-bievre\/2023\/07\/04\/la-musique-sinvite-a-la-maison-de-la-bievre\/"]}]},{"@type":"ImageObject","inLanguage":"fr-FR","@id":"https:\/\/isatis.asso.fr\/la-maison-de-la-bievre\/2023\/07\/04\/la-musique-sinvite-a-la-maison-de-la-bievre\/#primaryimage","url":"https:\/\/isatis.asso.fr\/la-maison-de-la-bievre\/wp-content\/uploads\/sites\/14\/2023\/07\/image6-rotated.jpeg","contentUrl":"https:\/\/isatis.asso.fr\/la-maison-de-la-bievre\/wp-content\/uploads\/sites\/14\/2023\/07\/image6-rotated.jpeg","width":480,"height":640},{"@type":"BreadcrumbList","@id":"https:\/\/isatis.asso.fr\/la-maison-de-la-bievre\/2023\/07\/04\/la-musique-sinvite-a-la-maison-de-la-bievre\/#breadcrumb","itemListElement":[{"@type":"ListItem","position":1,"name":"Accueil","item":"https:\/\/isatis.asso.fr\/la-maison-de-la-bievre\/"},{"@type":"ListItem","position":2,"name":"La musique s&#8217;invite \u00e0 la Maison de la Bi\u00e8vre"}]},{"@type":"WebSite","@id":"https:\/\/isatis.asso.fr\/la-maison-de-la-bievre\/#website","url":"https:\/\/isatis.asso.fr\/la-maison-de-la-bievre\/","name":"La Maison de la Bi\u00e8vre","description":"EHPAD - PASA","potentialAction":[{"@type":"SearchAction","target":{"@type":"EntryPoint","urlTemplate":"https:\/\/isatis.asso.fr\/la-maison-de-la-bievre\/?s={search_term_string}"},"query-input":{"@type":"PropertyValueSpecification","valueRequired":true,"valueName":"search_term_string"}}],"inLanguage":"fr-FR"},{"@type":"Person","@id":"https:\/\/isatis.asso.fr\/la-maison-de-la-bievre\/#\/schema\/person\/943b5c9342f7eca9dde826898907ac00","name":"admin-JvSCLhrNBE","image":{"@type":"ImageObject","inLanguage":"fr-FR","@id":"https:\/\/secure.gravatar.com\/avatar\/304b15a49c4ff21bb5bc68be1b5a77972169f0608361401c9f9676ec044d15dc?s=96&d=mm&r=g","url":"https:\/\/secure.gravatar.com\/avatar\/304b15a49c4ff21bb5bc68be1b5a77972169f0608361401c9f9676ec044d15dc?s=96&d=mm&r=g","contentUrl":"https:\/\/secure.gravatar.com\/avatar\/304b15a49c4ff21bb5bc68be1b5a77972169f0608361401c9f9676ec044d15dc?s=96&d=mm&r=g","caption":"admin-JvSCLhrNBE"},"url":"https:\/\/isatis.asso.fr\/la-maison-de-la-bievre\/author\/admin-jvsclhrnbe\/"}]}},"_links":{"self":[{"href":"https:\/\/isatis.asso.fr\/la-maison-de-la-bievre\/wp-json\/wp\/v2\/posts\/764","targetHints":{"allow":["GET"]}}],"collection":[{"href":"https:\/\/isatis.asso.fr\/la-maison-de-la-bievre\/wp-json\/wp\/v2\/posts"}],"about":[{"href":"https:\/\/isatis.asso.fr\/la-maison-de-la-bievre\/wp-json\/wp\/v2\/types\/post"}],"author":[{"embeddable":true,"href":"https:\/\/isatis.asso.fr\/la-maison-de-la-bievre\/wp-json\/wp\/v2\/users\/1"}],"replies":[{"embeddable":true,"href":"https:\/\/isatis.asso.fr\/la-maison-de-la-bievre\/wp-json\/wp\/v2\/comments?post=764"}],"version-history":[{"count":1,"href":"https:\/\/isatis.asso.fr\/la-maison-de-la-bievre\/wp-json\/wp\/v2\/posts\/764\/revisions"}],"predecessor-version":[{"id":773,"href":"https:\/\/isatis.asso.fr\/la-maison-de-la-bievre\/wp-json\/wp\/v2\/posts\/764\/revisions\/773"}],"wp:featuredmedia":[{"embeddable":true,"href":"https:\/\/isatis.asso.fr\/la-maison-de-la-bievre\/wp-json\/wp\/v2\/media\/766"}],"wp:attachment":[{"href":"https:\/\/isatis.asso.fr\/la-maison-de-la-bievre\/wp-json\/wp\/v2\/media?parent=764"}],"wp:term":[{"taxonomy":"category","embeddable":true,"href":"https:\/\/isatis.asso.fr\/la-maison-de-la-bievre\/wp-json\/wp\/v2\/categories?post=764"},{"taxonomy":"post_tag","embeddable":true,"href":"https:\/\/isatis.asso.fr\/la-maison-de-la-bievre\/wp-json\/wp\/v2\/tags?post=764"}],"curies":[{"name":"wp","href":"https:\/\/api.w.org\/{rel}","templated":true}]}}