{"id":750,"date":"2023-01-23T16:00:00","date_gmt":"2023-01-23T15:00:00","guid":{"rendered":"https:\/\/isatis.asso.fr\/la-maison-de-la-bievre\/?p=750"},"modified":"2023-02-10T16:26:49","modified_gmt":"2023-02-10T15:26:49","slug":"banquet-de-la-ville-de-cachan","status":"publish","type":"post","link":"https:\/\/isatis.asso.fr\/la-maison-de-la-bievre\/2023\/01\/23\/banquet-de-la-ville-de-cachan\/","title":{"rendered":"Banquet de la ville de Cachan"},"content":{"rendered":"\n<p>A l&rsquo;occasion de la fin de l&rsquo;ann\u00e9e, Madame la Maire de Cachan a invit\u00e9 les r\u00e9sidents de la Maison de la Bi\u00e8vre \u00e0 un banquet. Tous se sont r\u00e9gal\u00e9s et ont pass\u00e9 un tr\u00e8s bon moment.<\/p>\n\n\n\n<figure class=\"wp-block-image size-large\"><img loading=\"lazy\" decoding=\"async\" width=\"768\" height=\"1024\" src=\"https:\/\/isatis.asso.fr\/la-maison-de-la-bievre\/wp-content\/uploads\/sites\/14\/2023\/02\/banquet-des-seniors-de-la-ville-de-cachan-22-janvier-2023-2-768x1024.jpg\" alt=\"\" class=\"wp-image-738\" srcset=\"https:\/\/isatis.asso.fr\/la-maison-de-la-bievre\/wp-content\/uploads\/sites\/14\/2023\/02\/banquet-des-seniors-de-la-ville-de-cachan-22-janvier-2023-2-768x1024.jpg 768w, https:\/\/isatis.asso.fr\/la-maison-de-la-bievre\/wp-content\/uploads\/sites\/14\/2023\/02\/banquet-des-seniors-de-la-ville-de-cachan-22-janvier-2023-2-225x300.jpg 225w, https:\/\/isatis.asso.fr\/la-maison-de-la-bievre\/wp-content\/uploads\/sites\/14\/2023\/02\/banquet-des-seniors-de-la-ville-de-cachan-22-janvier-2023-2-1152x1536.jpg 1152w, https:\/\/isatis.asso.fr\/la-maison-de-la-bievre\/wp-content\/uploads\/sites\/14\/2023\/02\/banquet-des-seniors-de-la-ville-de-cachan-22-janvier-2023-2-750x1000.jpg 750w, https:\/\/isatis.asso.fr\/la-maison-de-la-bievre\/wp-content\/uploads\/sites\/14\/2023\/02\/banquet-des-seniors-de-la-ville-de-cachan-22-janvier-2023-2.jpg 1200w\" sizes=\"auto, (max-width: 768px) 100vw, 768px\" \/><\/figure>\n\n\n\n<figure class=\"wp-block-image size-large\"><img loading=\"lazy\" decoding=\"async\" width=\"768\" height=\"1024\" src=\"https:\/\/isatis.asso.fr\/la-maison-de-la-bievre\/wp-content\/uploads\/sites\/14\/2023\/02\/banquet-des-seniors-de-la-ville-de-cachan-22-janvier-2023-1-768x1024.jpg\" alt=\"\" class=\"wp-image-737\" srcset=\"https:\/\/isatis.asso.fr\/la-maison-de-la-bievre\/wp-content\/uploads\/sites\/14\/2023\/02\/banquet-des-seniors-de-la-ville-de-cachan-22-janvier-2023-1-768x1024.jpg 768w, https:\/\/isatis.asso.fr\/la-maison-de-la-bievre\/wp-content\/uploads\/sites\/14\/2023\/02\/banquet-des-seniors-de-la-ville-de-cachan-22-janvier-2023-1-225x300.jpg 225w, https:\/\/isatis.asso.fr\/la-maison-de-la-bievre\/wp-content\/uploads\/sites\/14\/2023\/02\/banquet-des-seniors-de-la-ville-de-cachan-22-janvier-2023-1-1152x1536.jpg 1152w, https:\/\/isatis.asso.fr\/la-maison-de-la-bievre\/wp-content\/uploads\/sites\/14\/2023\/02\/banquet-des-seniors-de-la-ville-de-cachan-22-janvier-2023-1-750x1000.jpg 750w, https:\/\/isatis.asso.fr\/la-maison-de-la-bievre\/wp-content\/uploads\/sites\/14\/2023\/02\/banquet-des-seniors-de-la-ville-de-cachan-22-janvier-2023-1.jpg 1200w\" sizes=\"auto, (max-width: 768px) 100vw, 768px\" \/><\/figure>\n\n\n\n<figure class=\"wp-block-image size-large\"><img loading=\"lazy\" decoding=\"async\" width=\"768\" height=\"1024\" src=\"https:\/\/isatis.asso.fr\/la-maison-de-la-bievre\/wp-content\/uploads\/sites\/14\/2023\/02\/banquet-des-seniors-de-la-ville-de-cachan-dimanche-22-janvier-2023-5-768x1024.jpg\" alt=\"\" class=\"wp-image-740\" srcset=\"https:\/\/isatis.asso.fr\/la-maison-de-la-bievre\/wp-content\/uploads\/sites\/14\/2023\/02\/banquet-des-seniors-de-la-ville-de-cachan-dimanche-22-janvier-2023-5-768x1024.jpg 768w, https:\/\/isatis.asso.fr\/la-maison-de-la-bievre\/wp-content\/uploads\/sites\/14\/2023\/02\/banquet-des-seniors-de-la-ville-de-cachan-dimanche-22-janvier-2023-5-225x300.jpg 225w, https:\/\/isatis.asso.fr\/la-maison-de-la-bievre\/wp-content\/uploads\/sites\/14\/2023\/02\/banquet-des-seniors-de-la-ville-de-cachan-dimanche-22-janvier-2023-5-1152x1536.jpg 1152w, https:\/\/isatis.asso.fr\/la-maison-de-la-bievre\/wp-content\/uploads\/sites\/14\/2023\/02\/banquet-des-seniors-de-la-ville-de-cachan-dimanche-22-janvier-2023-5-750x1000.jpg 750w, https:\/\/isatis.asso.fr\/la-maison-de-la-bievre\/wp-content\/uploads\/sites\/14\/2023\/02\/banquet-des-seniors-de-la-ville-de-cachan-dimanche-22-janvier-2023-5.jpg 1200w\" sizes=\"auto, (max-width: 768px) 100vw, 768px\" \/><\/figure>\n","protected":false},"excerpt":{"rendered":"<p>A l&rsquo;occasion de la fin de l&rsquo;ann\u00e9e, Madame la Maire de Cachan a invit\u00e9 les r\u00e9sidents de la Maison de la Bi\u00e8vre \u00e0 un banquet. Tous se sont r\u00e9gal\u00e9s et ont pass\u00e9 un tr\u00e8s bon moment.<\/p>\n","protected":false},"author":1,"featured_media":739,"comment_status":"open","ping_status":"open","sticky":false,"template":"","format":"standard","meta":{"_acf_changed":false,"footnotes":""},"categories":[1],"tags":[],"class_list":["post-750","post","type-post","status-publish","format-standard","has-post-thumbnail","hentry","category-non-classe"],"acf":[],"yoast_head":"<!-- This site is optimized with the Yoast SEO plugin v27.3 - https:\/\/yoast.com\/product\/yoast-seo-wordpress\/ -->\n<title>Banquet de la ville de Cachan - La Maison de la Bi\u00e8vre<\/title>\n<meta name=\"robots\" content=\"index, follow, max-snippet:-1, max-image-preview:large, max-video-preview:-1\" \/>\n<link rel=\"canonical\" href=\"https:\/\/isatis.asso.fr\/la-maison-de-la-bievre\/2023\/01\/23\/banquet-de-la-ville-de-cachan\/\" \/>\n<meta property=\"og:locale\" content=\"fr_FR\" \/>\n<meta property=\"og:type\" content=\"article\" \/>\n<meta property=\"og:title\" content=\"Banquet de la ville de Cachan - La Maison de la Bi\u00e8vre\" \/>\n<meta property=\"og:description\" content=\"A l&rsquo;occasion de la fin de l&rsquo;ann\u00e9e, Madame la Maire de Cachan a invit\u00e9 les r\u00e9sidents de la Maison de la Bi\u00e8vre \u00e0 un banquet. Tous se sont r\u00e9gal\u00e9s et ont pass\u00e9 un tr\u00e8s bon moment.\" \/>\n<meta property=\"og:url\" content=\"https:\/\/isatis.asso.fr\/la-maison-de-la-bievre\/2023\/01\/23\/banquet-de-la-ville-de-cachan\/\" \/>\n<meta property=\"og:site_name\" content=\"La Maison de la Bi\u00e8vre\" \/>\n<meta property=\"article:published_time\" content=\"2023-01-23T15:00:00+00:00\" \/>\n<meta property=\"article:modified_time\" content=\"2023-02-10T15:26:49+00:00\" \/>\n<meta property=\"og:image\" content=\"https:\/\/isatis.asso.fr\/la-maison-de-la-bievre\/wp-content\/uploads\/sites\/14\/2023\/02\/banquet-des-seniors-de-la-ville-de-cachan-dimanche-22-janvier-2023-4.jpg\" \/>\n\t<meta property=\"og:image:width\" content=\"1200\" \/>\n\t<meta property=\"og:image:height\" content=\"1600\" \/>\n\t<meta property=\"og:image:type\" content=\"image\/jpeg\" \/>\n<meta name=\"author\" content=\"admin-JvSCLhrNBE\" \/>\n<meta name=\"twitter:card\" content=\"summary_large_image\" \/>\n<meta name=\"twitter:label1\" content=\"\u00c9crit par\" \/>\n\t<meta name=\"twitter:data1\" content=\"admin-JvSCLhrNBE\" \/>\n\t<meta name=\"twitter:label2\" content=\"Dur\u00e9e de lecture estim\u00e9e\" \/>\n\t<meta name=\"twitter:data2\" content=\"1 minute\" \/>\n<script type=\"application\/ld+json\" class=\"yoast-schema-graph\">{\"@context\":\"https:\\\/\\\/schema.org\",\"@graph\":[{\"@type\":\"Article\",\"@id\":\"https:\\\/\\\/isatis.asso.fr\\\/la-maison-de-la-bievre\\\/2023\\\/01\\\/23\\\/banquet-de-la-ville-de-cachan\\\/#article\",\"isPartOf\":{\"@id\":\"https:\\\/\\\/isatis.asso.fr\\\/la-maison-de-la-bievre\\\/2023\\\/01\\\/23\\\/banquet-de-la-ville-de-cachan\\\/\"},\"author\":{\"name\":\"admin-JvSCLhrNBE\",\"@id\":\"https:\\\/\\\/isatis.asso.fr\\\/la-maison-de-la-bievre\\\/#\\\/schema\\\/person\\\/943b5c9342f7eca9dde826898907ac00\"},\"headline\":\"Banquet de la ville de Cachan\",\"datePublished\":\"2023-01-23T15:00:00+00:00\",\"dateModified\":\"2023-02-10T15:26:49+00:00\",\"mainEntityOfPage\":{\"@id\":\"https:\\\/\\\/isatis.asso.fr\\\/la-maison-de-la-bievre\\\/2023\\\/01\\\/23\\\/banquet-de-la-ville-de-cachan\\\/\"},\"wordCount\":49,\"commentCount\":0,\"image\":{\"@id\":\"https:\\\/\\\/isatis.asso.fr\\\/la-maison-de-la-bievre\\\/2023\\\/01\\\/23\\\/banquet-de-la-ville-de-cachan\\\/#primaryimage\"},\"thumbnailUrl\":\"https:\\\/\\\/isatis.asso.fr\\\/la-maison-de-la-bievre\\\/wp-content\\\/uploads\\\/sites\\\/14\\\/2023\\\/02\\\/banquet-des-seniors-de-la-ville-de-cachan-dimanche-22-janvier-2023-4.jpg\",\"inLanguage\":\"fr-FR\",\"potentialAction\":[{\"@type\":\"CommentAction\",\"name\":\"Comment\",\"target\":[\"https:\\\/\\\/isatis.asso.fr\\\/la-maison-de-la-bievre\\\/2023\\\/01\\\/23\\\/banquet-de-la-ville-de-cachan\\\/#respond\"]}]},{\"@type\":\"WebPage\",\"@id\":\"https:\\\/\\\/isatis.asso.fr\\\/la-maison-de-la-bievre\\\/2023\\\/01\\\/23\\\/banquet-de-la-ville-de-cachan\\\/\",\"url\":\"https:\\\/\\\/isatis.asso.fr\\\/la-maison-de-la-bievre\\\/2023\\\/01\\\/23\\\/banquet-de-la-ville-de-cachan\\\/\",\"name\":\"Banquet de la ville de Cachan - La Maison de la Bi\u00e8vre\",\"isPartOf\":{\"@id\":\"https:\\\/\\\/isatis.asso.fr\\\/la-maison-de-la-bievre\\\/#website\"},\"primaryImageOfPage\":{\"@id\":\"https:\\\/\\\/isatis.asso.fr\\\/la-maison-de-la-bievre\\\/2023\\\/01\\\/23\\\/banquet-de-la-ville-de-cachan\\\/#primaryimage\"},\"image\":{\"@id\":\"https:\\\/\\\/isatis.asso.fr\\\/la-maison-de-la-bievre\\\/2023\\\/01\\\/23\\\/banquet-de-la-ville-de-cachan\\\/#primaryimage\"},\"thumbnailUrl\":\"https:\\\/\\\/isatis.asso.fr\\\/la-maison-de-la-bievre\\\/wp-content\\\/uploads\\\/sites\\\/14\\\/2023\\\/02\\\/banquet-des-seniors-de-la-ville-de-cachan-dimanche-22-janvier-2023-4.jpg\",\"datePublished\":\"2023-01-23T15:00:00+00:00\",\"dateModified\":\"2023-02-10T15:26:49+00:00\",\"author\":{\"@id\":\"https:\\\/\\\/isatis.asso.fr\\\/la-maison-de-la-bievre\\\/#\\\/schema\\\/person\\\/943b5c9342f7eca9dde826898907ac00\"},\"breadcrumb\":{\"@id\":\"https:\\\/\\\/isatis.asso.fr\\\/la-maison-de-la-bievre\\\/2023\\\/01\\\/23\\\/banquet-de-la-ville-de-cachan\\\/#breadcrumb\"},\"inLanguage\":\"fr-FR\",\"potentialAction\":[{\"@type\":\"ReadAction\",\"target\":[\"https:\\\/\\\/isatis.asso.fr\\\/la-maison-de-la-bievre\\\/2023\\\/01\\\/23\\\/banquet-de-la-ville-de-cachan\\\/\"]}]},{\"@type\":\"ImageObject\",\"inLanguage\":\"fr-FR\",\"@id\":\"https:\\\/\\\/isatis.asso.fr\\\/la-maison-de-la-bievre\\\/2023\\\/01\\\/23\\\/banquet-de-la-ville-de-cachan\\\/#primaryimage\",\"url\":\"https:\\\/\\\/isatis.asso.fr\\\/la-maison-de-la-bievre\\\/wp-content\\\/uploads\\\/sites\\\/14\\\/2023\\\/02\\\/banquet-des-seniors-de-la-ville-de-cachan-dimanche-22-janvier-2023-4.jpg\",\"contentUrl\":\"https:\\\/\\\/isatis.asso.fr\\\/la-maison-de-la-bievre\\\/wp-content\\\/uploads\\\/sites\\\/14\\\/2023\\\/02\\\/banquet-des-seniors-de-la-ville-de-cachan-dimanche-22-janvier-2023-4.jpg\",\"width\":1200,\"height\":1600},{\"@type\":\"BreadcrumbList\",\"@id\":\"https:\\\/\\\/isatis.asso.fr\\\/la-maison-de-la-bievre\\\/2023\\\/01\\\/23\\\/banquet-de-la-ville-de-cachan\\\/#breadcrumb\",\"itemListElement\":[{\"@type\":\"ListItem\",\"position\":1,\"name\":\"Accueil\",\"item\":\"https:\\\/\\\/isatis.asso.fr\\\/la-maison-de-la-bievre\\\/\"},{\"@type\":\"ListItem\",\"position\":2,\"name\":\"Banquet de la ville de Cachan\"}]},{\"@type\":\"WebSite\",\"@id\":\"https:\\\/\\\/isatis.asso.fr\\\/la-maison-de-la-bievre\\\/#website\",\"url\":\"https:\\\/\\\/isatis.asso.fr\\\/la-maison-de-la-bievre\\\/\",\"name\":\"La Maison de la Bi\u00e8vre\",\"description\":\"EHPAD - PASA\",\"potentialAction\":[{\"@type\":\"SearchAction\",\"target\":{\"@type\":\"EntryPoint\",\"urlTemplate\":\"https:\\\/\\\/isatis.asso.fr\\\/la-maison-de-la-bievre\\\/?s={search_term_string}\"},\"query-input\":{\"@type\":\"PropertyValueSpecification\",\"valueRequired\":true,\"valueName\":\"search_term_string\"}}],\"inLanguage\":\"fr-FR\"},{\"@type\":\"Person\",\"@id\":\"https:\\\/\\\/isatis.asso.fr\\\/la-maison-de-la-bievre\\\/#\\\/schema\\\/person\\\/943b5c9342f7eca9dde826898907ac00\",\"name\":\"admin-JvSCLhrNBE\",\"image\":{\"@type\":\"ImageObject\",\"inLanguage\":\"fr-FR\",\"@id\":\"https:\\\/\\\/secure.gravatar.com\\\/avatar\\\/304b15a49c4ff21bb5bc68be1b5a77972169f0608361401c9f9676ec044d15dc?s=96&d=mm&r=g\",\"url\":\"https:\\\/\\\/secure.gravatar.com\\\/avatar\\\/304b15a49c4ff21bb5bc68be1b5a77972169f0608361401c9f9676ec044d15dc?s=96&d=mm&r=g\",\"contentUrl\":\"https:\\\/\\\/secure.gravatar.com\\\/avatar\\\/304b15a49c4ff21bb5bc68be1b5a77972169f0608361401c9f9676ec044d15dc?s=96&d=mm&r=g\",\"caption\":\"admin-JvSCLhrNBE\"},\"url\":\"https:\\\/\\\/isatis.asso.fr\\\/la-maison-de-la-bievre\\\/author\\\/admin-jvsclhrnbe\\\/\"}]}<\/script>\n<!-- \/ Yoast SEO plugin. -->","yoast_head_json":{"title":"Banquet de la ville de Cachan - La Maison de la Bi\u00e8vre","robots":{"index":"index","follow":"follow","max-snippet":"max-snippet:-1","max-image-preview":"max-image-preview:large","max-video-preview":"max-video-preview:-1"},"canonical":"https:\/\/isatis.asso.fr\/la-maison-de-la-bievre\/2023\/01\/23\/banquet-de-la-ville-de-cachan\/","og_locale":"fr_FR","og_type":"article","og_title":"Banquet de la ville de Cachan - La Maison de la Bi\u00e8vre","og_description":"A l&rsquo;occasion de la fin de l&rsquo;ann\u00e9e, Madame la Maire de Cachan a invit\u00e9 les r\u00e9sidents de la Maison de la Bi\u00e8vre \u00e0 un banquet. Tous se sont r\u00e9gal\u00e9s et ont pass\u00e9 un tr\u00e8s bon moment.","og_url":"https:\/\/isatis.asso.fr\/la-maison-de-la-bievre\/2023\/01\/23\/banquet-de-la-ville-de-cachan\/","og_site_name":"La Maison de la Bi\u00e8vre","article_published_time":"2023-01-23T15:00:00+00:00","article_modified_time":"2023-02-10T15:26:49+00:00","og_image":[{"width":1200,"height":1600,"url":"https:\/\/isatis.asso.fr\/la-maison-de-la-bievre\/wp-content\/uploads\/sites\/14\/2023\/02\/banquet-des-seniors-de-la-ville-de-cachan-dimanche-22-janvier-2023-4.jpg","type":"image\/jpeg"}],"author":"admin-JvSCLhrNBE","twitter_card":"summary_large_image","twitter_misc":{"\u00c9crit par":"admin-JvSCLhrNBE","Dur\u00e9e de lecture estim\u00e9e":"1 minute"},"schema":{"@context":"https:\/\/schema.org","@graph":[{"@type":"Article","@id":"https:\/\/isatis.asso.fr\/la-maison-de-la-bievre\/2023\/01\/23\/banquet-de-la-ville-de-cachan\/#article","isPartOf":{"@id":"https:\/\/isatis.asso.fr\/la-maison-de-la-bievre\/2023\/01\/23\/banquet-de-la-ville-de-cachan\/"},"author":{"name":"admin-JvSCLhrNBE","@id":"https:\/\/isatis.asso.fr\/la-maison-de-la-bievre\/#\/schema\/person\/943b5c9342f7eca9dde826898907ac00"},"headline":"Banquet de la ville de Cachan","datePublished":"2023-01-23T15:00:00+00:00","dateModified":"2023-02-10T15:26:49+00:00","mainEntityOfPage":{"@id":"https:\/\/isatis.asso.fr\/la-maison-de-la-bievre\/2023\/01\/23\/banquet-de-la-ville-de-cachan\/"},"wordCount":49,"commentCount":0,"image":{"@id":"https:\/\/isatis.asso.fr\/la-maison-de-la-bievre\/2023\/01\/23\/banquet-de-la-ville-de-cachan\/#primaryimage"},"thumbnailUrl":"https:\/\/isatis.asso.fr\/la-maison-de-la-bievre\/wp-content\/uploads\/sites\/14\/2023\/02\/banquet-des-seniors-de-la-ville-de-cachan-dimanche-22-janvier-2023-4.jpg","inLanguage":"fr-FR","potentialAction":[{"@type":"CommentAction","name":"Comment","target":["https:\/\/isatis.asso.fr\/la-maison-de-la-bievre\/2023\/01\/23\/banquet-de-la-ville-de-cachan\/#respond"]}]},{"@type":"WebPage","@id":"https:\/\/isatis.asso.fr\/la-maison-de-la-bievre\/2023\/01\/23\/banquet-de-la-ville-de-cachan\/","url":"https:\/\/isatis.asso.fr\/la-maison-de-la-bievre\/2023\/01\/23\/banquet-de-la-ville-de-cachan\/","name":"Banquet de la ville de Cachan - La Maison de la Bi\u00e8vre","isPartOf":{"@id":"https:\/\/isatis.asso.fr\/la-maison-de-la-bievre\/#website"},"primaryImageOfPage":{"@id":"https:\/\/isatis.asso.fr\/la-maison-de-la-bievre\/2023\/01\/23\/banquet-de-la-ville-de-cachan\/#primaryimage"},"image":{"@id":"https:\/\/isatis.asso.fr\/la-maison-de-la-bievre\/2023\/01\/23\/banquet-de-la-ville-de-cachan\/#primaryimage"},"thumbnailUrl":"https:\/\/isatis.asso.fr\/la-maison-de-la-bievre\/wp-content\/uploads\/sites\/14\/2023\/02\/banquet-des-seniors-de-la-ville-de-cachan-dimanche-22-janvier-2023-4.jpg","datePublished":"2023-01-23T15:00:00+00:00","dateModified":"2023-02-10T15:26:49+00:00","author":{"@id":"https:\/\/isatis.asso.fr\/la-maison-de-la-bievre\/#\/schema\/person\/943b5c9342f7eca9dde826898907ac00"},"breadcrumb":{"@id":"https:\/\/isatis.asso.fr\/la-maison-de-la-bievre\/2023\/01\/23\/banquet-de-la-ville-de-cachan\/#breadcrumb"},"inLanguage":"fr-FR","potentialAction":[{"@type":"ReadAction","target":["https:\/\/isatis.asso.fr\/la-maison-de-la-bievre\/2023\/01\/23\/banquet-de-la-ville-de-cachan\/"]}]},{"@type":"ImageObject","inLanguage":"fr-FR","@id":"https:\/\/isatis.asso.fr\/la-maison-de-la-bievre\/2023\/01\/23\/banquet-de-la-ville-de-cachan\/#primaryimage","url":"https:\/\/isatis.asso.fr\/la-maison-de-la-bievre\/wp-content\/uploads\/sites\/14\/2023\/02\/banquet-des-seniors-de-la-ville-de-cachan-dimanche-22-janvier-2023-4.jpg","contentUrl":"https:\/\/isatis.asso.fr\/la-maison-de-la-bievre\/wp-content\/uploads\/sites\/14\/2023\/02\/banquet-des-seniors-de-la-ville-de-cachan-dimanche-22-janvier-2023-4.jpg","width":1200,"height":1600},{"@type":"BreadcrumbList","@id":"https:\/\/isatis.asso.fr\/la-maison-de-la-bievre\/2023\/01\/23\/banquet-de-la-ville-de-cachan\/#breadcrumb","itemListElement":[{"@type":"ListItem","position":1,"name":"Accueil","item":"https:\/\/isatis.asso.fr\/la-maison-de-la-bievre\/"},{"@type":"ListItem","position":2,"name":"Banquet de la ville de Cachan"}]},{"@type":"WebSite","@id":"https:\/\/isatis.asso.fr\/la-maison-de-la-bievre\/#website","url":"https:\/\/isatis.asso.fr\/la-maison-de-la-bievre\/","name":"La Maison de la Bi\u00e8vre","description":"EHPAD - PASA","potentialAction":[{"@type":"SearchAction","target":{"@type":"EntryPoint","urlTemplate":"https:\/\/isatis.asso.fr\/la-maison-de-la-bievre\/?s={search_term_string}"},"query-input":{"@type":"PropertyValueSpecification","valueRequired":true,"valueName":"search_term_string"}}],"inLanguage":"fr-FR"},{"@type":"Person","@id":"https:\/\/isatis.asso.fr\/la-maison-de-la-bievre\/#\/schema\/person\/943b5c9342f7eca9dde826898907ac00","name":"admin-JvSCLhrNBE","image":{"@type":"ImageObject","inLanguage":"fr-FR","@id":"https:\/\/secure.gravatar.com\/avatar\/304b15a49c4ff21bb5bc68be1b5a77972169f0608361401c9f9676ec044d15dc?s=96&d=mm&r=g","url":"https:\/\/secure.gravatar.com\/avatar\/304b15a49c4ff21bb5bc68be1b5a77972169f0608361401c9f9676ec044d15dc?s=96&d=mm&r=g","contentUrl":"https:\/\/secure.gravatar.com\/avatar\/304b15a49c4ff21bb5bc68be1b5a77972169f0608361401c9f9676ec044d15dc?s=96&d=mm&r=g","caption":"admin-JvSCLhrNBE"},"url":"https:\/\/isatis.asso.fr\/la-maison-de-la-bievre\/author\/admin-jvsclhrnbe\/"}]}},"_links":{"self":[{"href":"https:\/\/isatis.asso.fr\/la-maison-de-la-bievre\/wp-json\/wp\/v2\/posts\/750","targetHints":{"allow":["GET"]}}],"collection":[{"href":"https:\/\/isatis.asso.fr\/la-maison-de-la-bievre\/wp-json\/wp\/v2\/posts"}],"about":[{"href":"https:\/\/isatis.asso.fr\/la-maison-de-la-bievre\/wp-json\/wp\/v2\/types\/post"}],"author":[{"embeddable":true,"href":"https:\/\/isatis.asso.fr\/la-maison-de-la-bievre\/wp-json\/wp\/v2\/users\/1"}],"replies":[{"embeddable":true,"href":"https:\/\/isatis.asso.fr\/la-maison-de-la-bievre\/wp-json\/wp\/v2\/comments?post=750"}],"version-history":[{"count":1,"href":"https:\/\/isatis.asso.fr\/la-maison-de-la-bievre\/wp-json\/wp\/v2\/posts\/750\/revisions"}],"predecessor-version":[{"id":751,"href":"https:\/\/isatis.asso.fr\/la-maison-de-la-bievre\/wp-json\/wp\/v2\/posts\/750\/revisions\/751"}],"wp:featuredmedia":[{"embeddable":true,"href":"https:\/\/isatis.asso.fr\/la-maison-de-la-bievre\/wp-json\/wp\/v2\/media\/739"}],"wp:attachment":[{"href":"https:\/\/isatis.asso.fr\/la-maison-de-la-bievre\/wp-json\/wp\/v2\/media?parent=750"}],"wp:term":[{"taxonomy":"category","embeddable":true,"href":"https:\/\/isatis.asso.fr\/la-maison-de-la-bievre\/wp-json\/wp\/v2\/categories?post=750"},{"taxonomy":"post_tag","embeddable":true,"href":"https:\/\/isatis.asso.fr\/la-maison-de-la-bievre\/wp-json\/wp\/v2\/tags?post=750"}],"curies":[{"name":"wp","href":"https:\/\/api.w.org\/{rel}","templated":true}]}}