{"id":725,"date":"2022-12-29T15:40:00","date_gmt":"2022-12-29T14:40:00","guid":{"rendered":"https:\/\/isatis.asso.fr\/la-maison-de-la-bievre\/?p=725"},"modified":"2023-02-10T15:50:29","modified_gmt":"2023-02-10T14:50:29","slug":"les-enfants-du-centre-de-loisirs","status":"publish","type":"post","link":"https:\/\/isatis.asso.fr\/la-maison-de-la-bievre\/2022\/12\/29\/les-enfants-du-centre-de-loisirs\/","title":{"rendered":"Les enfants du centre de loisirs"},"content":{"rendered":"\n<p>Les enfants du centre de loisirs de Cachan sont venus apporter les cartes de v\u0153ux qu&rsquo;ils ont r\u00e9alis\u00e9es et qui ont beaucoup touch\u00e9 les r\u00e9sidents. Parmi les enfants, certains ont jou\u00e9 de la musique pour le plus grand bonheur de nos a\u00een\u00e9s.<\/p>\n\n\n\n<figure class=\"wp-block-image size-large\"><img loading=\"lazy\" decoding=\"async\" width=\"692\" height=\"1024\" src=\"https:\/\/isatis.asso.fr\/la-maison-de-la-bievre\/wp-content\/uploads\/sites\/14\/2023\/02\/visite-du-centre-de-loisir-de-la-ville-remise-des-cartes-de-voeux-aux-residents-12-692x1024.jpg\" alt=\"\" class=\"wp-image-731\" srcset=\"https:\/\/isatis.asso.fr\/la-maison-de-la-bievre\/wp-content\/uploads\/sites\/14\/2023\/02\/visite-du-centre-de-loisir-de-la-ville-remise-des-cartes-de-voeux-aux-residents-12-692x1024.jpg 692w, https:\/\/isatis.asso.fr\/la-maison-de-la-bievre\/wp-content\/uploads\/sites\/14\/2023\/02\/visite-du-centre-de-loisir-de-la-ville-remise-des-cartes-de-voeux-aux-residents-12-203x300.jpg 203w, https:\/\/isatis.asso.fr\/la-maison-de-la-bievre\/wp-content\/uploads\/sites\/14\/2023\/02\/visite-du-centre-de-loisir-de-la-ville-remise-des-cartes-de-voeux-aux-residents-12-768x1136.jpg 768w, https:\/\/isatis.asso.fr\/la-maison-de-la-bievre\/wp-content\/uploads\/sites\/14\/2023\/02\/visite-du-centre-de-loisir-de-la-ville-remise-des-cartes-de-voeux-aux-residents-12-1038x1536.jpg 1038w, https:\/\/isatis.asso.fr\/la-maison-de-la-bievre\/wp-content\/uploads\/sites\/14\/2023\/02\/visite-du-centre-de-loisir-de-la-ville-remise-des-cartes-de-voeux-aux-residents-12-1384x2048.jpg 1384w, https:\/\/isatis.asso.fr\/la-maison-de-la-bievre\/wp-content\/uploads\/sites\/14\/2023\/02\/visite-du-centre-de-loisir-de-la-ville-remise-des-cartes-de-voeux-aux-residents-12-676x1000.jpg 676w, https:\/\/isatis.asso.fr\/la-maison-de-la-bievre\/wp-content\/uploads\/sites\/14\/2023\/02\/visite-du-centre-de-loisir-de-la-ville-remise-des-cartes-de-voeux-aux-residents-12-scaled.jpg 1730w\" sizes=\"auto, (max-width: 692px) 100vw, 692px\" \/><\/figure>\n\n\n\n<figure class=\"wp-block-image size-large\"><img loading=\"lazy\" decoding=\"async\" width=\"1024\" height=\"576\" src=\"https:\/\/isatis.asso.fr\/la-maison-de-la-bievre\/wp-content\/uploads\/sites\/14\/2023\/02\/visite-du-centre-de-loisir-de-la-ville-remise-des-cartes-de-voeux-aux-residents-4-1024x576.jpg\" alt=\"\" class=\"wp-image-729\" srcset=\"https:\/\/isatis.asso.fr\/la-maison-de-la-bievre\/wp-content\/uploads\/sites\/14\/2023\/02\/visite-du-centre-de-loisir-de-la-ville-remise-des-cartes-de-voeux-aux-residents-4-1024x576.jpg 1024w, https:\/\/isatis.asso.fr\/la-maison-de-la-bievre\/wp-content\/uploads\/sites\/14\/2023\/02\/visite-du-centre-de-loisir-de-la-ville-remise-des-cartes-de-voeux-aux-residents-4-300x169.jpg 300w, https:\/\/isatis.asso.fr\/la-maison-de-la-bievre\/wp-content\/uploads\/sites\/14\/2023\/02\/visite-du-centre-de-loisir-de-la-ville-remise-des-cartes-de-voeux-aux-residents-4-768x432.jpg 768w, https:\/\/isatis.asso.fr\/la-maison-de-la-bievre\/wp-content\/uploads\/sites\/14\/2023\/02\/visite-du-centre-de-loisir-de-la-ville-remise-des-cartes-de-voeux-aux-residents-4-1536x864.jpg 1536w, https:\/\/isatis.asso.fr\/la-maison-de-la-bievre\/wp-content\/uploads\/sites\/14\/2023\/02\/visite-du-centre-de-loisir-de-la-ville-remise-des-cartes-de-voeux-aux-residents-4-2048x1152.jpg 2048w, https:\/\/isatis.asso.fr\/la-maison-de-la-bievre\/wp-content\/uploads\/sites\/14\/2023\/02\/visite-du-centre-de-loisir-de-la-ville-remise-des-cartes-de-voeux-aux-residents-4-1600x900.jpg 1600w\" sizes=\"auto, (max-width: 1024px) 100vw, 1024px\" \/><\/figure>\n\n\n\n<figure class=\"wp-block-image size-large\"><img loading=\"lazy\" decoding=\"async\" width=\"1024\" height=\"576\" src=\"https:\/\/isatis.asso.fr\/la-maison-de-la-bievre\/wp-content\/uploads\/sites\/14\/2023\/02\/visite-du-centre-de-loisir-de-la-ville-remise-des-cartes-de-voeux-aux-residents-5-1024x576.jpg\" alt=\"\" class=\"wp-image-730\" srcset=\"https:\/\/isatis.asso.fr\/la-maison-de-la-bievre\/wp-content\/uploads\/sites\/14\/2023\/02\/visite-du-centre-de-loisir-de-la-ville-remise-des-cartes-de-voeux-aux-residents-5-1024x576.jpg 1024w, https:\/\/isatis.asso.fr\/la-maison-de-la-bievre\/wp-content\/uploads\/sites\/14\/2023\/02\/visite-du-centre-de-loisir-de-la-ville-remise-des-cartes-de-voeux-aux-residents-5-300x169.jpg 300w, https:\/\/isatis.asso.fr\/la-maison-de-la-bievre\/wp-content\/uploads\/sites\/14\/2023\/02\/visite-du-centre-de-loisir-de-la-ville-remise-des-cartes-de-voeux-aux-residents-5-768x432.jpg 768w, https:\/\/isatis.asso.fr\/la-maison-de-la-bievre\/wp-content\/uploads\/sites\/14\/2023\/02\/visite-du-centre-de-loisir-de-la-ville-remise-des-cartes-de-voeux-aux-residents-5-1536x864.jpg 1536w, https:\/\/isatis.asso.fr\/la-maison-de-la-bievre\/wp-content\/uploads\/sites\/14\/2023\/02\/visite-du-centre-de-loisir-de-la-ville-remise-des-cartes-de-voeux-aux-residents-5-2048x1152.jpg 2048w, https:\/\/isatis.asso.fr\/la-maison-de-la-bievre\/wp-content\/uploads\/sites\/14\/2023\/02\/visite-du-centre-de-loisir-de-la-ville-remise-des-cartes-de-voeux-aux-residents-5-1600x900.jpg 1600w\" sizes=\"auto, (max-width: 1024px) 100vw, 1024px\" \/><\/figure>\n\n\n\n<figure class=\"wp-block-image size-large\"><img loading=\"lazy\" decoding=\"async\" width=\"715\" height=\"1024\" src=\"https:\/\/isatis.asso.fr\/la-maison-de-la-bievre\/wp-content\/uploads\/sites\/14\/2023\/02\/visite-du-centre-de-loisir-de-la-ville-remise-des-cartes-de-voeux-aux-residents-20-715x1024.jpg\" alt=\"\" class=\"wp-image-732\" srcset=\"https:\/\/isatis.asso.fr\/la-maison-de-la-bievre\/wp-content\/uploads\/sites\/14\/2023\/02\/visite-du-centre-de-loisir-de-la-ville-remise-des-cartes-de-voeux-aux-residents-20-715x1024.jpg 715w, https:\/\/isatis.asso.fr\/la-maison-de-la-bievre\/wp-content\/uploads\/sites\/14\/2023\/02\/visite-du-centre-de-loisir-de-la-ville-remise-des-cartes-de-voeux-aux-residents-20-209x300.jpg 209w, https:\/\/isatis.asso.fr\/la-maison-de-la-bievre\/wp-content\/uploads\/sites\/14\/2023\/02\/visite-du-centre-de-loisir-de-la-ville-remise-des-cartes-de-voeux-aux-residents-20-768x1100.jpg 768w, https:\/\/isatis.asso.fr\/la-maison-de-la-bievre\/wp-content\/uploads\/sites\/14\/2023\/02\/visite-du-centre-de-loisir-de-la-ville-remise-des-cartes-de-voeux-aux-residents-20-1072x1536.jpg 1072w, https:\/\/isatis.asso.fr\/la-maison-de-la-bievre\/wp-content\/uploads\/sites\/14\/2023\/02\/visite-du-centre-de-loisir-de-la-ville-remise-des-cartes-de-voeux-aux-residents-20-1429x2048.jpg 1429w, https:\/\/isatis.asso.fr\/la-maison-de-la-bievre\/wp-content\/uploads\/sites\/14\/2023\/02\/visite-du-centre-de-loisir-de-la-ville-remise-des-cartes-de-voeux-aux-residents-20-698x1000.jpg 698w, https:\/\/isatis.asso.fr\/la-maison-de-la-bievre\/wp-content\/uploads\/sites\/14\/2023\/02\/visite-du-centre-de-loisir-de-la-ville-remise-des-cartes-de-voeux-aux-residents-20-scaled.jpg 1787w\" sizes=\"auto, (max-width: 715px) 100vw, 715px\" \/><\/figure>\n","protected":false},"excerpt":{"rendered":"<p>Les enfants du centre de loisirs de Cachan sont venus apporter les cartes de v\u0153ux qu&rsquo;ils ont r\u00e9alis\u00e9es et qui ont beaucoup touch\u00e9 les r\u00e9sidents. Parmi les enfants, certains ont jou\u00e9 de la musique pour le plus grand bonheur de nos a\u00een\u00e9s.<\/p>\n","protected":false},"author":1,"featured_media":726,"comment_status":"open","ping_status":"open","sticky":false,"template":"","format":"standard","meta":{"_acf_changed":false,"footnotes":""},"categories":[1],"tags":[],"class_list":["post-725","post","type-post","status-publish","format-standard","has-post-thumbnail","hentry","category-non-classe"],"acf":[],"yoast_head":"<!-- This site is optimized with the Yoast SEO plugin v27.3 - https:\/\/yoast.com\/product\/yoast-seo-wordpress\/ -->\n<title>Les enfants du centre de loisirs - La Maison de la Bi\u00e8vre<\/title>\n<meta name=\"robots\" content=\"index, follow, max-snippet:-1, max-image-preview:large, max-video-preview:-1\" \/>\n<link rel=\"canonical\" href=\"https:\/\/isatis.asso.fr\/la-maison-de-la-bievre\/2022\/12\/29\/les-enfants-du-centre-de-loisirs\/\" \/>\n<meta property=\"og:locale\" content=\"fr_FR\" \/>\n<meta property=\"og:type\" content=\"article\" \/>\n<meta property=\"og:title\" content=\"Les enfants du centre de loisirs - La Maison de la Bi\u00e8vre\" \/>\n<meta property=\"og:description\" content=\"Les enfants du centre de loisirs de Cachan sont venus apporter les cartes de v\u0153ux qu&rsquo;ils ont r\u00e9alis\u00e9es et qui ont beaucoup touch\u00e9 les r\u00e9sidents. Parmi les enfants, certains ont jou\u00e9 de la musique pour le plus grand bonheur de nos a\u00een\u00e9s.\" \/>\n<meta property=\"og:url\" content=\"https:\/\/isatis.asso.fr\/la-maison-de-la-bievre\/2022\/12\/29\/les-enfants-du-centre-de-loisirs\/\" \/>\n<meta property=\"og:site_name\" content=\"La Maison de la Bi\u00e8vre\" \/>\n<meta property=\"article:published_time\" content=\"2022-12-29T14:40:00+00:00\" \/>\n<meta property=\"article:modified_time\" content=\"2023-02-10T14:50:29+00:00\" \/>\n<meta property=\"og:image\" content=\"https:\/\/isatis.asso.fr\/la-maison-de-la-bievre\/wp-content\/uploads\/sites\/14\/2023\/02\/visite-du-centre-de-loisir-de-la-ville-remise-des-cartes-de-voeux-aux-residents-13-scaled.jpg\" \/>\n\t<meta property=\"og:image:width\" content=\"1926\" \/>\n\t<meta property=\"og:image:height\" content=\"2560\" \/>\n\t<meta property=\"og:image:type\" content=\"image\/jpeg\" \/>\n<meta name=\"author\" content=\"admin-JvSCLhrNBE\" \/>\n<meta name=\"twitter:card\" content=\"summary_large_image\" \/>\n<meta name=\"twitter:label1\" content=\"\u00c9crit par\" \/>\n\t<meta name=\"twitter:data1\" content=\"admin-JvSCLhrNBE\" \/>\n\t<meta name=\"twitter:label2\" content=\"Dur\u00e9e de lecture estim\u00e9e\" \/>\n\t<meta name=\"twitter:data2\" content=\"2 minutes\" \/>\n<script type=\"application\/ld+json\" class=\"yoast-schema-graph\">{\"@context\":\"https:\\\/\\\/schema.org\",\"@graph\":[{\"@type\":\"Article\",\"@id\":\"https:\\\/\\\/isatis.asso.fr\\\/la-maison-de-la-bievre\\\/2022\\\/12\\\/29\\\/les-enfants-du-centre-de-loisirs\\\/#article\",\"isPartOf\":{\"@id\":\"https:\\\/\\\/isatis.asso.fr\\\/la-maison-de-la-bievre\\\/2022\\\/12\\\/29\\\/les-enfants-du-centre-de-loisirs\\\/\"},\"author\":{\"name\":\"admin-JvSCLhrNBE\",\"@id\":\"https:\\\/\\\/isatis.asso.fr\\\/la-maison-de-la-bievre\\\/#\\\/schema\\\/person\\\/943b5c9342f7eca9dde826898907ac00\"},\"headline\":\"Les enfants du centre de loisirs\",\"datePublished\":\"2022-12-29T14:40:00+00:00\",\"dateModified\":\"2023-02-10T14:50:29+00:00\",\"mainEntityOfPage\":{\"@id\":\"https:\\\/\\\/isatis.asso.fr\\\/la-maison-de-la-bievre\\\/2022\\\/12\\\/29\\\/les-enfants-du-centre-de-loisirs\\\/\"},\"wordCount\":55,\"commentCount\":0,\"image\":{\"@id\":\"https:\\\/\\\/isatis.asso.fr\\\/la-maison-de-la-bievre\\\/2022\\\/12\\\/29\\\/les-enfants-du-centre-de-loisirs\\\/#primaryimage\"},\"thumbnailUrl\":\"https:\\\/\\\/isatis.asso.fr\\\/la-maison-de-la-bievre\\\/wp-content\\\/uploads\\\/sites\\\/14\\\/2023\\\/02\\\/visite-du-centre-de-loisir-de-la-ville-remise-des-cartes-de-voeux-aux-residents-13-scaled.jpg\",\"inLanguage\":\"fr-FR\",\"potentialAction\":[{\"@type\":\"CommentAction\",\"name\":\"Comment\",\"target\":[\"https:\\\/\\\/isatis.asso.fr\\\/la-maison-de-la-bievre\\\/2022\\\/12\\\/29\\\/les-enfants-du-centre-de-loisirs\\\/#respond\"]}]},{\"@type\":\"WebPage\",\"@id\":\"https:\\\/\\\/isatis.asso.fr\\\/la-maison-de-la-bievre\\\/2022\\\/12\\\/29\\\/les-enfants-du-centre-de-loisirs\\\/\",\"url\":\"https:\\\/\\\/isatis.asso.fr\\\/la-maison-de-la-bievre\\\/2022\\\/12\\\/29\\\/les-enfants-du-centre-de-loisirs\\\/\",\"name\":\"Les enfants du centre de loisirs - La Maison de la Bi\u00e8vre\",\"isPartOf\":{\"@id\":\"https:\\\/\\\/isatis.asso.fr\\\/la-maison-de-la-bievre\\\/#website\"},\"primaryImageOfPage\":{\"@id\":\"https:\\\/\\\/isatis.asso.fr\\\/la-maison-de-la-bievre\\\/2022\\\/12\\\/29\\\/les-enfants-du-centre-de-loisirs\\\/#primaryimage\"},\"image\":{\"@id\":\"https:\\\/\\\/isatis.asso.fr\\\/la-maison-de-la-bievre\\\/2022\\\/12\\\/29\\\/les-enfants-du-centre-de-loisirs\\\/#primaryimage\"},\"thumbnailUrl\":\"https:\\\/\\\/isatis.asso.fr\\\/la-maison-de-la-bievre\\\/wp-content\\\/uploads\\\/sites\\\/14\\\/2023\\\/02\\\/visite-du-centre-de-loisir-de-la-ville-remise-des-cartes-de-voeux-aux-residents-13-scaled.jpg\",\"datePublished\":\"2022-12-29T14:40:00+00:00\",\"dateModified\":\"2023-02-10T14:50:29+00:00\",\"author\":{\"@id\":\"https:\\\/\\\/isatis.asso.fr\\\/la-maison-de-la-bievre\\\/#\\\/schema\\\/person\\\/943b5c9342f7eca9dde826898907ac00\"},\"breadcrumb\":{\"@id\":\"https:\\\/\\\/isatis.asso.fr\\\/la-maison-de-la-bievre\\\/2022\\\/12\\\/29\\\/les-enfants-du-centre-de-loisirs\\\/#breadcrumb\"},\"inLanguage\":\"fr-FR\",\"potentialAction\":[{\"@type\":\"ReadAction\",\"target\":[\"https:\\\/\\\/isatis.asso.fr\\\/la-maison-de-la-bievre\\\/2022\\\/12\\\/29\\\/les-enfants-du-centre-de-loisirs\\\/\"]}]},{\"@type\":\"ImageObject\",\"inLanguage\":\"fr-FR\",\"@id\":\"https:\\\/\\\/isatis.asso.fr\\\/la-maison-de-la-bievre\\\/2022\\\/12\\\/29\\\/les-enfants-du-centre-de-loisirs\\\/#primaryimage\",\"url\":\"https:\\\/\\\/isatis.asso.fr\\\/la-maison-de-la-bievre\\\/wp-content\\\/uploads\\\/sites\\\/14\\\/2023\\\/02\\\/visite-du-centre-de-loisir-de-la-ville-remise-des-cartes-de-voeux-aux-residents-13-scaled.jpg\",\"contentUrl\":\"https:\\\/\\\/isatis.asso.fr\\\/la-maison-de-la-bievre\\\/wp-content\\\/uploads\\\/sites\\\/14\\\/2023\\\/02\\\/visite-du-centre-de-loisir-de-la-ville-remise-des-cartes-de-voeux-aux-residents-13-scaled.jpg\",\"width\":1926,\"height\":2560},{\"@type\":\"BreadcrumbList\",\"@id\":\"https:\\\/\\\/isatis.asso.fr\\\/la-maison-de-la-bievre\\\/2022\\\/12\\\/29\\\/les-enfants-du-centre-de-loisirs\\\/#breadcrumb\",\"itemListElement\":[{\"@type\":\"ListItem\",\"position\":1,\"name\":\"Accueil\",\"item\":\"https:\\\/\\\/isatis.asso.fr\\\/la-maison-de-la-bievre\\\/\"},{\"@type\":\"ListItem\",\"position\":2,\"name\":\"Les enfants du centre de loisirs\"}]},{\"@type\":\"WebSite\",\"@id\":\"https:\\\/\\\/isatis.asso.fr\\\/la-maison-de-la-bievre\\\/#website\",\"url\":\"https:\\\/\\\/isatis.asso.fr\\\/la-maison-de-la-bievre\\\/\",\"name\":\"La Maison de la Bi\u00e8vre\",\"description\":\"EHPAD - PASA\",\"potentialAction\":[{\"@type\":\"SearchAction\",\"target\":{\"@type\":\"EntryPoint\",\"urlTemplate\":\"https:\\\/\\\/isatis.asso.fr\\\/la-maison-de-la-bievre\\\/?s={search_term_string}\"},\"query-input\":{\"@type\":\"PropertyValueSpecification\",\"valueRequired\":true,\"valueName\":\"search_term_string\"}}],\"inLanguage\":\"fr-FR\"},{\"@type\":\"Person\",\"@id\":\"https:\\\/\\\/isatis.asso.fr\\\/la-maison-de-la-bievre\\\/#\\\/schema\\\/person\\\/943b5c9342f7eca9dde826898907ac00\",\"name\":\"admin-JvSCLhrNBE\",\"image\":{\"@type\":\"ImageObject\",\"inLanguage\":\"fr-FR\",\"@id\":\"https:\\\/\\\/secure.gravatar.com\\\/avatar\\\/304b15a49c4ff21bb5bc68be1b5a77972169f0608361401c9f9676ec044d15dc?s=96&d=mm&r=g\",\"url\":\"https:\\\/\\\/secure.gravatar.com\\\/avatar\\\/304b15a49c4ff21bb5bc68be1b5a77972169f0608361401c9f9676ec044d15dc?s=96&d=mm&r=g\",\"contentUrl\":\"https:\\\/\\\/secure.gravatar.com\\\/avatar\\\/304b15a49c4ff21bb5bc68be1b5a77972169f0608361401c9f9676ec044d15dc?s=96&d=mm&r=g\",\"caption\":\"admin-JvSCLhrNBE\"},\"url\":\"https:\\\/\\\/isatis.asso.fr\\\/la-maison-de-la-bievre\\\/author\\\/admin-jvsclhrnbe\\\/\"}]}<\/script>\n<!-- \/ Yoast SEO plugin. -->","yoast_head_json":{"title":"Les enfants du centre de loisirs - La Maison de la Bi\u00e8vre","robots":{"index":"index","follow":"follow","max-snippet":"max-snippet:-1","max-image-preview":"max-image-preview:large","max-video-preview":"max-video-preview:-1"},"canonical":"https:\/\/isatis.asso.fr\/la-maison-de-la-bievre\/2022\/12\/29\/les-enfants-du-centre-de-loisirs\/","og_locale":"fr_FR","og_type":"article","og_title":"Les enfants du centre de loisirs - La Maison de la Bi\u00e8vre","og_description":"Les enfants du centre de loisirs de Cachan sont venus apporter les cartes de v\u0153ux qu&rsquo;ils ont r\u00e9alis\u00e9es et qui ont beaucoup touch\u00e9 les r\u00e9sidents. Parmi les enfants, certains ont jou\u00e9 de la musique pour le plus grand bonheur de nos a\u00een\u00e9s.","og_url":"https:\/\/isatis.asso.fr\/la-maison-de-la-bievre\/2022\/12\/29\/les-enfants-du-centre-de-loisirs\/","og_site_name":"La Maison de la Bi\u00e8vre","article_published_time":"2022-12-29T14:40:00+00:00","article_modified_time":"2023-02-10T14:50:29+00:00","og_image":[{"width":1926,"height":2560,"url":"https:\/\/isatis.asso.fr\/la-maison-de-la-bievre\/wp-content\/uploads\/sites\/14\/2023\/02\/visite-du-centre-de-loisir-de-la-ville-remise-des-cartes-de-voeux-aux-residents-13-scaled.jpg","type":"image\/jpeg"}],"author":"admin-JvSCLhrNBE","twitter_card":"summary_large_image","twitter_misc":{"\u00c9crit par":"admin-JvSCLhrNBE","Dur\u00e9e de lecture estim\u00e9e":"2 minutes"},"schema":{"@context":"https:\/\/schema.org","@graph":[{"@type":"Article","@id":"https:\/\/isatis.asso.fr\/la-maison-de-la-bievre\/2022\/12\/29\/les-enfants-du-centre-de-loisirs\/#article","isPartOf":{"@id":"https:\/\/isatis.asso.fr\/la-maison-de-la-bievre\/2022\/12\/29\/les-enfants-du-centre-de-loisirs\/"},"author":{"name":"admin-JvSCLhrNBE","@id":"https:\/\/isatis.asso.fr\/la-maison-de-la-bievre\/#\/schema\/person\/943b5c9342f7eca9dde826898907ac00"},"headline":"Les enfants du centre de loisirs","datePublished":"2022-12-29T14:40:00+00:00","dateModified":"2023-02-10T14:50:29+00:00","mainEntityOfPage":{"@id":"https:\/\/isatis.asso.fr\/la-maison-de-la-bievre\/2022\/12\/29\/les-enfants-du-centre-de-loisirs\/"},"wordCount":55,"commentCount":0,"image":{"@id":"https:\/\/isatis.asso.fr\/la-maison-de-la-bievre\/2022\/12\/29\/les-enfants-du-centre-de-loisirs\/#primaryimage"},"thumbnailUrl":"https:\/\/isatis.asso.fr\/la-maison-de-la-bievre\/wp-content\/uploads\/sites\/14\/2023\/02\/visite-du-centre-de-loisir-de-la-ville-remise-des-cartes-de-voeux-aux-residents-13-scaled.jpg","inLanguage":"fr-FR","potentialAction":[{"@type":"CommentAction","name":"Comment","target":["https:\/\/isatis.asso.fr\/la-maison-de-la-bievre\/2022\/12\/29\/les-enfants-du-centre-de-loisirs\/#respond"]}]},{"@type":"WebPage","@id":"https:\/\/isatis.asso.fr\/la-maison-de-la-bievre\/2022\/12\/29\/les-enfants-du-centre-de-loisirs\/","url":"https:\/\/isatis.asso.fr\/la-maison-de-la-bievre\/2022\/12\/29\/les-enfants-du-centre-de-loisirs\/","name":"Les enfants du centre de loisirs - La Maison de la Bi\u00e8vre","isPartOf":{"@id":"https:\/\/isatis.asso.fr\/la-maison-de-la-bievre\/#website"},"primaryImageOfPage":{"@id":"https:\/\/isatis.asso.fr\/la-maison-de-la-bievre\/2022\/12\/29\/les-enfants-du-centre-de-loisirs\/#primaryimage"},"image":{"@id":"https:\/\/isatis.asso.fr\/la-maison-de-la-bievre\/2022\/12\/29\/les-enfants-du-centre-de-loisirs\/#primaryimage"},"thumbnailUrl":"https:\/\/isatis.asso.fr\/la-maison-de-la-bievre\/wp-content\/uploads\/sites\/14\/2023\/02\/visite-du-centre-de-loisir-de-la-ville-remise-des-cartes-de-voeux-aux-residents-13-scaled.jpg","datePublished":"2022-12-29T14:40:00+00:00","dateModified":"2023-02-10T14:50:29+00:00","author":{"@id":"https:\/\/isatis.asso.fr\/la-maison-de-la-bievre\/#\/schema\/person\/943b5c9342f7eca9dde826898907ac00"},"breadcrumb":{"@id":"https:\/\/isatis.asso.fr\/la-maison-de-la-bievre\/2022\/12\/29\/les-enfants-du-centre-de-loisirs\/#breadcrumb"},"inLanguage":"fr-FR","potentialAction":[{"@type":"ReadAction","target":["https:\/\/isatis.asso.fr\/la-maison-de-la-bievre\/2022\/12\/29\/les-enfants-du-centre-de-loisirs\/"]}]},{"@type":"ImageObject","inLanguage":"fr-FR","@id":"https:\/\/isatis.asso.fr\/la-maison-de-la-bievre\/2022\/12\/29\/les-enfants-du-centre-de-loisirs\/#primaryimage","url":"https:\/\/isatis.asso.fr\/la-maison-de-la-bievre\/wp-content\/uploads\/sites\/14\/2023\/02\/visite-du-centre-de-loisir-de-la-ville-remise-des-cartes-de-voeux-aux-residents-13-scaled.jpg","contentUrl":"https:\/\/isatis.asso.fr\/la-maison-de-la-bievre\/wp-content\/uploads\/sites\/14\/2023\/02\/visite-du-centre-de-loisir-de-la-ville-remise-des-cartes-de-voeux-aux-residents-13-scaled.jpg","width":1926,"height":2560},{"@type":"BreadcrumbList","@id":"https:\/\/isatis.asso.fr\/la-maison-de-la-bievre\/2022\/12\/29\/les-enfants-du-centre-de-loisirs\/#breadcrumb","itemListElement":[{"@type":"ListItem","position":1,"name":"Accueil","item":"https:\/\/isatis.asso.fr\/la-maison-de-la-bievre\/"},{"@type":"ListItem","position":2,"name":"Les enfants du centre de loisirs"}]},{"@type":"WebSite","@id":"https:\/\/isatis.asso.fr\/la-maison-de-la-bievre\/#website","url":"https:\/\/isatis.asso.fr\/la-maison-de-la-bievre\/","name":"La Maison de la Bi\u00e8vre","description":"EHPAD - PASA","potentialAction":[{"@type":"SearchAction","target":{"@type":"EntryPoint","urlTemplate":"https:\/\/isatis.asso.fr\/la-maison-de-la-bievre\/?s={search_term_string}"},"query-input":{"@type":"PropertyValueSpecification","valueRequired":true,"valueName":"search_term_string"}}],"inLanguage":"fr-FR"},{"@type":"Person","@id":"https:\/\/isatis.asso.fr\/la-maison-de-la-bievre\/#\/schema\/person\/943b5c9342f7eca9dde826898907ac00","name":"admin-JvSCLhrNBE","image":{"@type":"ImageObject","inLanguage":"fr-FR","@id":"https:\/\/secure.gravatar.com\/avatar\/304b15a49c4ff21bb5bc68be1b5a77972169f0608361401c9f9676ec044d15dc?s=96&d=mm&r=g","url":"https:\/\/secure.gravatar.com\/avatar\/304b15a49c4ff21bb5bc68be1b5a77972169f0608361401c9f9676ec044d15dc?s=96&d=mm&r=g","contentUrl":"https:\/\/secure.gravatar.com\/avatar\/304b15a49c4ff21bb5bc68be1b5a77972169f0608361401c9f9676ec044d15dc?s=96&d=mm&r=g","caption":"admin-JvSCLhrNBE"},"url":"https:\/\/isatis.asso.fr\/la-maison-de-la-bievre\/author\/admin-jvsclhrnbe\/"}]}},"_links":{"self":[{"href":"https:\/\/isatis.asso.fr\/la-maison-de-la-bievre\/wp-json\/wp\/v2\/posts\/725","targetHints":{"allow":["GET"]}}],"collection":[{"href":"https:\/\/isatis.asso.fr\/la-maison-de-la-bievre\/wp-json\/wp\/v2\/posts"}],"about":[{"href":"https:\/\/isatis.asso.fr\/la-maison-de-la-bievre\/wp-json\/wp\/v2\/types\/post"}],"author":[{"embeddable":true,"href":"https:\/\/isatis.asso.fr\/la-maison-de-la-bievre\/wp-json\/wp\/v2\/users\/1"}],"replies":[{"embeddable":true,"href":"https:\/\/isatis.asso.fr\/la-maison-de-la-bievre\/wp-json\/wp\/v2\/comments?post=725"}],"version-history":[{"count":2,"href":"https:\/\/isatis.asso.fr\/la-maison-de-la-bievre\/wp-json\/wp\/v2\/posts\/725\/revisions"}],"predecessor-version":[{"id":733,"href":"https:\/\/isatis.asso.fr\/la-maison-de-la-bievre\/wp-json\/wp\/v2\/posts\/725\/revisions\/733"}],"wp:featuredmedia":[{"embeddable":true,"href":"https:\/\/isatis.asso.fr\/la-maison-de-la-bievre\/wp-json\/wp\/v2\/media\/726"}],"wp:attachment":[{"href":"https:\/\/isatis.asso.fr\/la-maison-de-la-bievre\/wp-json\/wp\/v2\/media?parent=725"}],"wp:term":[{"taxonomy":"category","embeddable":true,"href":"https:\/\/isatis.asso.fr\/la-maison-de-la-bievre\/wp-json\/wp\/v2\/categories?post=725"},{"taxonomy":"post_tag","embeddable":true,"href":"https:\/\/isatis.asso.fr\/la-maison-de-la-bievre\/wp-json\/wp\/v2\/tags?post=725"}],"curies":[{"name":"wp","href":"https:\/\/api.w.org\/{rel}","templated":true}]}}