{"id":694,"date":"2022-09-28T11:16:33","date_gmt":"2022-09-28T09:16:33","guid":{"rendered":"https:\/\/isatis.asso.fr\/la-maison-de-la-bievre\/?p=694"},"modified":"2022-09-28T11:16:35","modified_gmt":"2022-09-28T09:16:35","slug":"revue-de-presse","status":"publish","type":"post","link":"https:\/\/isatis.asso.fr\/la-maison-de-la-bievre\/2022\/09\/28\/revue-de-presse\/","title":{"rendered":"Revue de presse"},"content":{"rendered":"\n<p>Une fois par semaine, \u00e0 La Maison de la Bi\u00e8vre, les r\u00e9sidents attendent avec impatience la lecture du journal par un ou une r\u00e9sidente. Cette revue de presse int\u00e9resse tant par les informations qu&rsquo;elle donne, que par les d\u00e9bats qu&rsquo;elle suscite. Un vrai moment de partage d&rsquo;id\u00e9e !<\/p>\n\n\n\n<figure class=\"wp-block-image size-large\"><img loading=\"lazy\" decoding=\"async\" width=\"1024\" height=\"576\" src=\"https:\/\/isatis.asso.fr\/la-maison-de-la-bievre\/wp-content\/uploads\/sites\/14\/2022\/09\/point-presse-hebdo-mercredi-14-septembre-2022-2-1024x576.jpg\" alt=\"\" class=\"wp-image-695\" srcset=\"https:\/\/isatis.asso.fr\/la-maison-de-la-bievre\/wp-content\/uploads\/sites\/14\/2022\/09\/point-presse-hebdo-mercredi-14-septembre-2022-2-1024x576.jpg 1024w, https:\/\/isatis.asso.fr\/la-maison-de-la-bievre\/wp-content\/uploads\/sites\/14\/2022\/09\/point-presse-hebdo-mercredi-14-septembre-2022-2-300x169.jpg 300w, https:\/\/isatis.asso.fr\/la-maison-de-la-bievre\/wp-content\/uploads\/sites\/14\/2022\/09\/point-presse-hebdo-mercredi-14-septembre-2022-2-768x432.jpg 768w, https:\/\/isatis.asso.fr\/la-maison-de-la-bievre\/wp-content\/uploads\/sites\/14\/2022\/09\/point-presse-hebdo-mercredi-14-septembre-2022-2-1536x864.jpg 1536w, https:\/\/isatis.asso.fr\/la-maison-de-la-bievre\/wp-content\/uploads\/sites\/14\/2022\/09\/point-presse-hebdo-mercredi-14-septembre-2022-2-2048x1152.jpg 2048w, https:\/\/isatis.asso.fr\/la-maison-de-la-bievre\/wp-content\/uploads\/sites\/14\/2022\/09\/point-presse-hebdo-mercredi-14-septembre-2022-2-1600x900.jpg 1600w\" sizes=\"auto, (max-width: 1024px) 100vw, 1024px\" \/><\/figure>\n","protected":false},"excerpt":{"rendered":"<p>Une fois par semaine, \u00e0 La Maison de la Bi\u00e8vre, les r\u00e9sidents attendent avec impatience la lecture du journal par un ou une r\u00e9sidente. Cette revue de presse int\u00e9resse tant par les informations qu&rsquo;elle donne, que par les d\u00e9bats qu&rsquo;elle suscite. Un vrai moment de partage d&rsquo;id\u00e9e !<\/p>\n","protected":false},"author":1,"featured_media":696,"comment_status":"open","ping_status":"open","sticky":false,"template":"","format":"standard","meta":{"_acf_changed":false,"footnotes":""},"categories":[1],"tags":[],"class_list":["post-694","post","type-post","status-publish","format-standard","has-post-thumbnail","hentry","category-non-classe"],"acf":[],"yoast_head":"<!-- This site is optimized with the Yoast SEO plugin v27.3 - https:\/\/yoast.com\/product\/yoast-seo-wordpress\/ -->\n<title>Revue de presse - La Maison de la Bi\u00e8vre<\/title>\n<meta name=\"robots\" content=\"index, follow, max-snippet:-1, max-image-preview:large, max-video-preview:-1\" \/>\n<link rel=\"canonical\" href=\"https:\/\/isatis.asso.fr\/la-maison-de-la-bievre\/2022\/09\/28\/revue-de-presse\/\" \/>\n<meta property=\"og:locale\" content=\"fr_FR\" \/>\n<meta property=\"og:type\" content=\"article\" \/>\n<meta property=\"og:title\" content=\"Revue de presse - La Maison de la Bi\u00e8vre\" \/>\n<meta property=\"og:description\" content=\"Une fois par semaine, \u00e0 La Maison de la Bi\u00e8vre, les r\u00e9sidents attendent avec impatience la lecture du journal par un ou une r\u00e9sidente. Cette revue de presse int\u00e9resse tant par les informations qu&rsquo;elle donne, que par les d\u00e9bats qu&rsquo;elle suscite. Un vrai moment de partage d&rsquo;id\u00e9e !\" \/>\n<meta property=\"og:url\" content=\"https:\/\/isatis.asso.fr\/la-maison-de-la-bievre\/2022\/09\/28\/revue-de-presse\/\" \/>\n<meta property=\"og:site_name\" content=\"La Maison de la Bi\u00e8vre\" \/>\n<meta property=\"article:published_time\" content=\"2022-09-28T09:16:33+00:00\" \/>\n<meta property=\"article:modified_time\" content=\"2022-09-28T09:16:35+00:00\" \/>\n<meta property=\"og:image\" content=\"https:\/\/isatis.asso.fr\/la-maison-de-la-bievre\/wp-content\/uploads\/sites\/14\/2022\/09\/point-presse-hebdo-mercredi-14-septembre-2022-3b.jpg\" \/>\n\t<meta property=\"og:image:width\" content=\"1896\" \/>\n\t<meta property=\"og:image:height\" content=\"2212\" \/>\n\t<meta property=\"og:image:type\" content=\"image\/jpeg\" \/>\n<meta name=\"author\" content=\"admin-JvSCLhrNBE\" \/>\n<meta name=\"twitter:card\" content=\"summary_large_image\" \/>\n<meta name=\"twitter:label1\" content=\"\u00c9crit par\" \/>\n\t<meta name=\"twitter:data1\" content=\"admin-JvSCLhrNBE\" \/>\n\t<meta name=\"twitter:label2\" content=\"Dur\u00e9e de lecture estim\u00e9e\" \/>\n\t<meta name=\"twitter:data2\" content=\"1 minute\" \/>\n<script type=\"application\/ld+json\" class=\"yoast-schema-graph\">{\"@context\":\"https:\\\/\\\/schema.org\",\"@graph\":[{\"@type\":\"Article\",\"@id\":\"https:\\\/\\\/isatis.asso.fr\\\/la-maison-de-la-bievre\\\/2022\\\/09\\\/28\\\/revue-de-presse\\\/#article\",\"isPartOf\":{\"@id\":\"https:\\\/\\\/isatis.asso.fr\\\/la-maison-de-la-bievre\\\/2022\\\/09\\\/28\\\/revue-de-presse\\\/\"},\"author\":{\"name\":\"admin-JvSCLhrNBE\",\"@id\":\"https:\\\/\\\/isatis.asso.fr\\\/la-maison-de-la-bievre\\\/#\\\/schema\\\/person\\\/943b5c9342f7eca9dde826898907ac00\"},\"headline\":\"Revue de presse\",\"datePublished\":\"2022-09-28T09:16:33+00:00\",\"dateModified\":\"2022-09-28T09:16:35+00:00\",\"mainEntityOfPage\":{\"@id\":\"https:\\\/\\\/isatis.asso.fr\\\/la-maison-de-la-bievre\\\/2022\\\/09\\\/28\\\/revue-de-presse\\\/\"},\"wordCount\":58,\"commentCount\":0,\"image\":{\"@id\":\"https:\\\/\\\/isatis.asso.fr\\\/la-maison-de-la-bievre\\\/2022\\\/09\\\/28\\\/revue-de-presse\\\/#primaryimage\"},\"thumbnailUrl\":\"https:\\\/\\\/isatis.asso.fr\\\/la-maison-de-la-bievre\\\/wp-content\\\/uploads\\\/sites\\\/14\\\/2022\\\/09\\\/point-presse-hebdo-mercredi-14-septembre-2022-3b.jpg\",\"inLanguage\":\"fr-FR\",\"potentialAction\":[{\"@type\":\"CommentAction\",\"name\":\"Comment\",\"target\":[\"https:\\\/\\\/isatis.asso.fr\\\/la-maison-de-la-bievre\\\/2022\\\/09\\\/28\\\/revue-de-presse\\\/#respond\"]}]},{\"@type\":\"WebPage\",\"@id\":\"https:\\\/\\\/isatis.asso.fr\\\/la-maison-de-la-bievre\\\/2022\\\/09\\\/28\\\/revue-de-presse\\\/\",\"url\":\"https:\\\/\\\/isatis.asso.fr\\\/la-maison-de-la-bievre\\\/2022\\\/09\\\/28\\\/revue-de-presse\\\/\",\"name\":\"Revue de presse - La Maison de la Bi\u00e8vre\",\"isPartOf\":{\"@id\":\"https:\\\/\\\/isatis.asso.fr\\\/la-maison-de-la-bievre\\\/#website\"},\"primaryImageOfPage\":{\"@id\":\"https:\\\/\\\/isatis.asso.fr\\\/la-maison-de-la-bievre\\\/2022\\\/09\\\/28\\\/revue-de-presse\\\/#primaryimage\"},\"image\":{\"@id\":\"https:\\\/\\\/isatis.asso.fr\\\/la-maison-de-la-bievre\\\/2022\\\/09\\\/28\\\/revue-de-presse\\\/#primaryimage\"},\"thumbnailUrl\":\"https:\\\/\\\/isatis.asso.fr\\\/la-maison-de-la-bievre\\\/wp-content\\\/uploads\\\/sites\\\/14\\\/2022\\\/09\\\/point-presse-hebdo-mercredi-14-septembre-2022-3b.jpg\",\"datePublished\":\"2022-09-28T09:16:33+00:00\",\"dateModified\":\"2022-09-28T09:16:35+00:00\",\"author\":{\"@id\":\"https:\\\/\\\/isatis.asso.fr\\\/la-maison-de-la-bievre\\\/#\\\/schema\\\/person\\\/943b5c9342f7eca9dde826898907ac00\"},\"breadcrumb\":{\"@id\":\"https:\\\/\\\/isatis.asso.fr\\\/la-maison-de-la-bievre\\\/2022\\\/09\\\/28\\\/revue-de-presse\\\/#breadcrumb\"},\"inLanguage\":\"fr-FR\",\"potentialAction\":[{\"@type\":\"ReadAction\",\"target\":[\"https:\\\/\\\/isatis.asso.fr\\\/la-maison-de-la-bievre\\\/2022\\\/09\\\/28\\\/revue-de-presse\\\/\"]}]},{\"@type\":\"ImageObject\",\"inLanguage\":\"fr-FR\",\"@id\":\"https:\\\/\\\/isatis.asso.fr\\\/la-maison-de-la-bievre\\\/2022\\\/09\\\/28\\\/revue-de-presse\\\/#primaryimage\",\"url\":\"https:\\\/\\\/isatis.asso.fr\\\/la-maison-de-la-bievre\\\/wp-content\\\/uploads\\\/sites\\\/14\\\/2022\\\/09\\\/point-presse-hebdo-mercredi-14-septembre-2022-3b.jpg\",\"contentUrl\":\"https:\\\/\\\/isatis.asso.fr\\\/la-maison-de-la-bievre\\\/wp-content\\\/uploads\\\/sites\\\/14\\\/2022\\\/09\\\/point-presse-hebdo-mercredi-14-septembre-2022-3b.jpg\",\"width\":1896,\"height\":2212},{\"@type\":\"BreadcrumbList\",\"@id\":\"https:\\\/\\\/isatis.asso.fr\\\/la-maison-de-la-bievre\\\/2022\\\/09\\\/28\\\/revue-de-presse\\\/#breadcrumb\",\"itemListElement\":[{\"@type\":\"ListItem\",\"position\":1,\"name\":\"Accueil\",\"item\":\"https:\\\/\\\/isatis.asso.fr\\\/la-maison-de-la-bievre\\\/\"},{\"@type\":\"ListItem\",\"position\":2,\"name\":\"Revue de presse\"}]},{\"@type\":\"WebSite\",\"@id\":\"https:\\\/\\\/isatis.asso.fr\\\/la-maison-de-la-bievre\\\/#website\",\"url\":\"https:\\\/\\\/isatis.asso.fr\\\/la-maison-de-la-bievre\\\/\",\"name\":\"La Maison de la Bi\u00e8vre\",\"description\":\"EHPAD - PASA\",\"potentialAction\":[{\"@type\":\"SearchAction\",\"target\":{\"@type\":\"EntryPoint\",\"urlTemplate\":\"https:\\\/\\\/isatis.asso.fr\\\/la-maison-de-la-bievre\\\/?s={search_term_string}\"},\"query-input\":{\"@type\":\"PropertyValueSpecification\",\"valueRequired\":true,\"valueName\":\"search_term_string\"}}],\"inLanguage\":\"fr-FR\"},{\"@type\":\"Person\",\"@id\":\"https:\\\/\\\/isatis.asso.fr\\\/la-maison-de-la-bievre\\\/#\\\/schema\\\/person\\\/943b5c9342f7eca9dde826898907ac00\",\"name\":\"admin-JvSCLhrNBE\",\"image\":{\"@type\":\"ImageObject\",\"inLanguage\":\"fr-FR\",\"@id\":\"https:\\\/\\\/secure.gravatar.com\\\/avatar\\\/304b15a49c4ff21bb5bc68be1b5a77972169f0608361401c9f9676ec044d15dc?s=96&d=mm&r=g\",\"url\":\"https:\\\/\\\/secure.gravatar.com\\\/avatar\\\/304b15a49c4ff21bb5bc68be1b5a77972169f0608361401c9f9676ec044d15dc?s=96&d=mm&r=g\",\"contentUrl\":\"https:\\\/\\\/secure.gravatar.com\\\/avatar\\\/304b15a49c4ff21bb5bc68be1b5a77972169f0608361401c9f9676ec044d15dc?s=96&d=mm&r=g\",\"caption\":\"admin-JvSCLhrNBE\"},\"url\":\"https:\\\/\\\/isatis.asso.fr\\\/la-maison-de-la-bievre\\\/author\\\/admin-jvsclhrnbe\\\/\"}]}<\/script>\n<!-- \/ Yoast SEO plugin. -->","yoast_head_json":{"title":"Revue de presse - La Maison de la Bi\u00e8vre","robots":{"index":"index","follow":"follow","max-snippet":"max-snippet:-1","max-image-preview":"max-image-preview:large","max-video-preview":"max-video-preview:-1"},"canonical":"https:\/\/isatis.asso.fr\/la-maison-de-la-bievre\/2022\/09\/28\/revue-de-presse\/","og_locale":"fr_FR","og_type":"article","og_title":"Revue de presse - La Maison de la Bi\u00e8vre","og_description":"Une fois par semaine, \u00e0 La Maison de la Bi\u00e8vre, les r\u00e9sidents attendent avec impatience la lecture du journal par un ou une r\u00e9sidente. Cette revue de presse int\u00e9resse tant par les informations qu&rsquo;elle donne, que par les d\u00e9bats qu&rsquo;elle suscite. Un vrai moment de partage d&rsquo;id\u00e9e !","og_url":"https:\/\/isatis.asso.fr\/la-maison-de-la-bievre\/2022\/09\/28\/revue-de-presse\/","og_site_name":"La Maison de la Bi\u00e8vre","article_published_time":"2022-09-28T09:16:33+00:00","article_modified_time":"2022-09-28T09:16:35+00:00","og_image":[{"width":1896,"height":2212,"url":"https:\/\/isatis.asso.fr\/la-maison-de-la-bievre\/wp-content\/uploads\/sites\/14\/2022\/09\/point-presse-hebdo-mercredi-14-septembre-2022-3b.jpg","type":"image\/jpeg"}],"author":"admin-JvSCLhrNBE","twitter_card":"summary_large_image","twitter_misc":{"\u00c9crit par":"admin-JvSCLhrNBE","Dur\u00e9e de lecture estim\u00e9e":"1 minute"},"schema":{"@context":"https:\/\/schema.org","@graph":[{"@type":"Article","@id":"https:\/\/isatis.asso.fr\/la-maison-de-la-bievre\/2022\/09\/28\/revue-de-presse\/#article","isPartOf":{"@id":"https:\/\/isatis.asso.fr\/la-maison-de-la-bievre\/2022\/09\/28\/revue-de-presse\/"},"author":{"name":"admin-JvSCLhrNBE","@id":"https:\/\/isatis.asso.fr\/la-maison-de-la-bievre\/#\/schema\/person\/943b5c9342f7eca9dde826898907ac00"},"headline":"Revue de presse","datePublished":"2022-09-28T09:16:33+00:00","dateModified":"2022-09-28T09:16:35+00:00","mainEntityOfPage":{"@id":"https:\/\/isatis.asso.fr\/la-maison-de-la-bievre\/2022\/09\/28\/revue-de-presse\/"},"wordCount":58,"commentCount":0,"image":{"@id":"https:\/\/isatis.asso.fr\/la-maison-de-la-bievre\/2022\/09\/28\/revue-de-presse\/#primaryimage"},"thumbnailUrl":"https:\/\/isatis.asso.fr\/la-maison-de-la-bievre\/wp-content\/uploads\/sites\/14\/2022\/09\/point-presse-hebdo-mercredi-14-septembre-2022-3b.jpg","inLanguage":"fr-FR","potentialAction":[{"@type":"CommentAction","name":"Comment","target":["https:\/\/isatis.asso.fr\/la-maison-de-la-bievre\/2022\/09\/28\/revue-de-presse\/#respond"]}]},{"@type":"WebPage","@id":"https:\/\/isatis.asso.fr\/la-maison-de-la-bievre\/2022\/09\/28\/revue-de-presse\/","url":"https:\/\/isatis.asso.fr\/la-maison-de-la-bievre\/2022\/09\/28\/revue-de-presse\/","name":"Revue de presse - La Maison de la Bi\u00e8vre","isPartOf":{"@id":"https:\/\/isatis.asso.fr\/la-maison-de-la-bievre\/#website"},"primaryImageOfPage":{"@id":"https:\/\/isatis.asso.fr\/la-maison-de-la-bievre\/2022\/09\/28\/revue-de-presse\/#primaryimage"},"image":{"@id":"https:\/\/isatis.asso.fr\/la-maison-de-la-bievre\/2022\/09\/28\/revue-de-presse\/#primaryimage"},"thumbnailUrl":"https:\/\/isatis.asso.fr\/la-maison-de-la-bievre\/wp-content\/uploads\/sites\/14\/2022\/09\/point-presse-hebdo-mercredi-14-septembre-2022-3b.jpg","datePublished":"2022-09-28T09:16:33+00:00","dateModified":"2022-09-28T09:16:35+00:00","author":{"@id":"https:\/\/isatis.asso.fr\/la-maison-de-la-bievre\/#\/schema\/person\/943b5c9342f7eca9dde826898907ac00"},"breadcrumb":{"@id":"https:\/\/isatis.asso.fr\/la-maison-de-la-bievre\/2022\/09\/28\/revue-de-presse\/#breadcrumb"},"inLanguage":"fr-FR","potentialAction":[{"@type":"ReadAction","target":["https:\/\/isatis.asso.fr\/la-maison-de-la-bievre\/2022\/09\/28\/revue-de-presse\/"]}]},{"@type":"ImageObject","inLanguage":"fr-FR","@id":"https:\/\/isatis.asso.fr\/la-maison-de-la-bievre\/2022\/09\/28\/revue-de-presse\/#primaryimage","url":"https:\/\/isatis.asso.fr\/la-maison-de-la-bievre\/wp-content\/uploads\/sites\/14\/2022\/09\/point-presse-hebdo-mercredi-14-septembre-2022-3b.jpg","contentUrl":"https:\/\/isatis.asso.fr\/la-maison-de-la-bievre\/wp-content\/uploads\/sites\/14\/2022\/09\/point-presse-hebdo-mercredi-14-septembre-2022-3b.jpg","width":1896,"height":2212},{"@type":"BreadcrumbList","@id":"https:\/\/isatis.asso.fr\/la-maison-de-la-bievre\/2022\/09\/28\/revue-de-presse\/#breadcrumb","itemListElement":[{"@type":"ListItem","position":1,"name":"Accueil","item":"https:\/\/isatis.asso.fr\/la-maison-de-la-bievre\/"},{"@type":"ListItem","position":2,"name":"Revue de presse"}]},{"@type":"WebSite","@id":"https:\/\/isatis.asso.fr\/la-maison-de-la-bievre\/#website","url":"https:\/\/isatis.asso.fr\/la-maison-de-la-bievre\/","name":"La Maison de la Bi\u00e8vre","description":"EHPAD - PASA","potentialAction":[{"@type":"SearchAction","target":{"@type":"EntryPoint","urlTemplate":"https:\/\/isatis.asso.fr\/la-maison-de-la-bievre\/?s={search_term_string}"},"query-input":{"@type":"PropertyValueSpecification","valueRequired":true,"valueName":"search_term_string"}}],"inLanguage":"fr-FR"},{"@type":"Person","@id":"https:\/\/isatis.asso.fr\/la-maison-de-la-bievre\/#\/schema\/person\/943b5c9342f7eca9dde826898907ac00","name":"admin-JvSCLhrNBE","image":{"@type":"ImageObject","inLanguage":"fr-FR","@id":"https:\/\/secure.gravatar.com\/avatar\/304b15a49c4ff21bb5bc68be1b5a77972169f0608361401c9f9676ec044d15dc?s=96&d=mm&r=g","url":"https:\/\/secure.gravatar.com\/avatar\/304b15a49c4ff21bb5bc68be1b5a77972169f0608361401c9f9676ec044d15dc?s=96&d=mm&r=g","contentUrl":"https:\/\/secure.gravatar.com\/avatar\/304b15a49c4ff21bb5bc68be1b5a77972169f0608361401c9f9676ec044d15dc?s=96&d=mm&r=g","caption":"admin-JvSCLhrNBE"},"url":"https:\/\/isatis.asso.fr\/la-maison-de-la-bievre\/author\/admin-jvsclhrnbe\/"}]}},"_links":{"self":[{"href":"https:\/\/isatis.asso.fr\/la-maison-de-la-bievre\/wp-json\/wp\/v2\/posts\/694","targetHints":{"allow":["GET"]}}],"collection":[{"href":"https:\/\/isatis.asso.fr\/la-maison-de-la-bievre\/wp-json\/wp\/v2\/posts"}],"about":[{"href":"https:\/\/isatis.asso.fr\/la-maison-de-la-bievre\/wp-json\/wp\/v2\/types\/post"}],"author":[{"embeddable":true,"href":"https:\/\/isatis.asso.fr\/la-maison-de-la-bievre\/wp-json\/wp\/v2\/users\/1"}],"replies":[{"embeddable":true,"href":"https:\/\/isatis.asso.fr\/la-maison-de-la-bievre\/wp-json\/wp\/v2\/comments?post=694"}],"version-history":[{"count":1,"href":"https:\/\/isatis.asso.fr\/la-maison-de-la-bievre\/wp-json\/wp\/v2\/posts\/694\/revisions"}],"predecessor-version":[{"id":697,"href":"https:\/\/isatis.asso.fr\/la-maison-de-la-bievre\/wp-json\/wp\/v2\/posts\/694\/revisions\/697"}],"wp:featuredmedia":[{"embeddable":true,"href":"https:\/\/isatis.asso.fr\/la-maison-de-la-bievre\/wp-json\/wp\/v2\/media\/696"}],"wp:attachment":[{"href":"https:\/\/isatis.asso.fr\/la-maison-de-la-bievre\/wp-json\/wp\/v2\/media?parent=694"}],"wp:term":[{"taxonomy":"category","embeddable":true,"href":"https:\/\/isatis.asso.fr\/la-maison-de-la-bievre\/wp-json\/wp\/v2\/categories?post=694"},{"taxonomy":"post_tag","embeddable":true,"href":"https:\/\/isatis.asso.fr\/la-maison-de-la-bievre\/wp-json\/wp\/v2\/tags?post=694"}],"curies":[{"name":"wp","href":"https:\/\/api.w.org\/{rel}","templated":true}]}}