{"id":1126,"date":"2026-04-23T13:53:04","date_gmt":"2026-04-23T11:53:04","guid":{"rendered":"https:\/\/isatis.asso.fr\/la-maison-de-la-bievre\/?p=1126"},"modified":"2026-04-23T13:53:05","modified_gmt":"2026-04-23T11:53:05","slug":"des-equipes-engagees-pour-la-securite","status":"publish","type":"post","link":"https:\/\/isatis.asso.fr\/la-maison-de-la-bievre\/2026\/04\/23\/des-equipes-engagees-pour-la-securite\/","title":{"rendered":"Des \u00e9quipes engag\u00e9es pour la s\u00e9curit\u00e9"},"content":{"rendered":"\n<p class=\"has-text-align-center\">Au sein de la Maison de la Bi\u00e8vre, la s\u00e9curit\u00e9 des r\u00e9sidents et des professionnels est une priorit\u00e9 absolue. C\u2019est pourquoi nos \u00e9quipes participent r\u00e9guli\u00e8rement \u00e0 des formations incendie, essentielles pour pr\u00e9venir les risques et savoir r\u00e9agir efficacement en cas d\u2019urgence.<\/p>\n\n\n<div class=\"wp-block-image\">\n<figure class=\"aligncenter size-large is-resized\"><img loading=\"lazy\" decoding=\"async\" width=\"768\" height=\"1024\" src=\"https:\/\/isatis.asso.fr\/la-maison-de-la-bievre\/wp-content\/uploads\/sites\/14\/2026\/04\/img-6304-768x1024.jpeg\" alt=\"\" class=\"wp-image-1211\" style=\"aspect-ratio:0.7500116490377895;width:344px;height:auto\" srcset=\"https:\/\/isatis.asso.fr\/la-maison-de-la-bievre\/wp-content\/uploads\/sites\/14\/2026\/04\/img-6304-768x1024.jpeg 768w, https:\/\/isatis.asso.fr\/la-maison-de-la-bievre\/wp-content\/uploads\/sites\/14\/2026\/04\/img-6304-225x300.jpeg 225w, https:\/\/isatis.asso.fr\/la-maison-de-la-bievre\/wp-content\/uploads\/sites\/14\/2026\/04\/img-6304-1152x1536.jpeg 1152w, https:\/\/isatis.asso.fr\/la-maison-de-la-bievre\/wp-content\/uploads\/sites\/14\/2026\/04\/img-6304-750x1000.jpeg 750w, https:\/\/isatis.asso.fr\/la-maison-de-la-bievre\/wp-content\/uploads\/sites\/14\/2026\/04\/img-6304.jpeg 1440w\" sizes=\"auto, (max-width: 768px) 100vw, 768px\" \/><\/figure>\n<\/div>\n\n\n<p><\/p>\n\n\n\n<p class=\"has-text-align-center\">Ces sessions permettent aux salari\u00e9s de se familiariser avec les consignes de s\u00e9curit\u00e9, d\u2019apprendre \u00e0 manipuler les \u00e9quipements (extincteurs, alarmes, dispositifs d\u2019\u00e9vacuation) et de s\u2019entra\u00eener \u00e0 adopter les bons r\u00e9flexes.<\/p>\n\n\n\n<p class=\"has-text-align-center\">Au-del\u00e0 de l\u2019aspect technique, ces formations renforcent la coordination entre les \u00e9quipes et la capacit\u00e9 \u00e0 agir rapidement, avec calme et efficacit\u00e9.<\/p>\n\n\n\n<p><\/p>\n\n\n<div class=\"wp-block-image\">\n<figure class=\"aligncenter size-large is-resized\"><img loading=\"lazy\" decoding=\"async\" width=\"768\" height=\"1024\" src=\"https:\/\/isatis.asso.fr\/la-maison-de-la-bievre\/wp-content\/uploads\/sites\/14\/2026\/04\/img-6296-768x1024.jpeg\" alt=\"\" class=\"wp-image-1210\" style=\"aspect-ratio:0.7499871220316283;width:317px;height:auto\" srcset=\"https:\/\/isatis.asso.fr\/la-maison-de-la-bievre\/wp-content\/uploads\/sites\/14\/2026\/04\/img-6296-768x1024.jpeg 768w, https:\/\/isatis.asso.fr\/la-maison-de-la-bievre\/wp-content\/uploads\/sites\/14\/2026\/04\/img-6296-225x300.jpeg 225w, https:\/\/isatis.asso.fr\/la-maison-de-la-bievre\/wp-content\/uploads\/sites\/14\/2026\/04\/img-6296-1152x1536.jpeg 1152w, https:\/\/isatis.asso.fr\/la-maison-de-la-bievre\/wp-content\/uploads\/sites\/14\/2026\/04\/img-6296-750x1000.jpeg 750w, https:\/\/isatis.asso.fr\/la-maison-de-la-bievre\/wp-content\/uploads\/sites\/14\/2026\/04\/img-6296.jpeg 1440w\" sizes=\"auto, (max-width: 768px) 100vw, 768px\" \/><\/figure>\n<\/div>\n\n\n<p><\/p>\n\n\n\n<p class=\"has-text-align-center\">L\u2019implication des professionnels dans ces formations t\u00e9moigne de leur engagement quotidien au service des r\u00e9sidents. En se formant r\u00e9guli\u00e8rement, ils contribuent activement \u00e0 maintenir un environnement s\u00e9curis\u00e9 et rassurant pour tous.<\/p>\n\n\n\n<p class=\"has-text-align-center\">Nous sommes fiers de pouvoir compter sur des \u00e9quipes investies, soucieuses du bien-\u00eatre et de la s\u00e9curit\u00e9 de chacun. Ces temps de formation sont aussi des moments d\u2019\u00e9change et de coh\u00e9sion, qui participent \u00e0 la qualit\u00e9 de vie au travail et \u00e0 la dynamique collective de la r\u00e9sidence.<\/p>\n\n\n\n<p class=\"has-text-align-center\">Parce que prendre soin, c\u2019est aussi savoir prot\u00e9ger.<\/p>\n\n\n\n<p><\/p>\n\n\n<div class=\"wp-block-image\">\n<figure class=\"aligncenter size-large is-resized\"><img loading=\"lazy\" decoding=\"async\" width=\"768\" height=\"1024\" src=\"https:\/\/isatis.asso.fr\/la-maison-de-la-bievre\/wp-content\/uploads\/sites\/14\/2026\/04\/img-6306-768x1024.jpeg\" alt=\"\" class=\"wp-image-1208\" style=\"aspect-ratio:0.7500059307759828;width:347px;height:auto\" srcset=\"https:\/\/isatis.asso.fr\/la-maison-de-la-bievre\/wp-content\/uploads\/sites\/14\/2026\/04\/img-6306-768x1024.jpeg 768w, https:\/\/isatis.asso.fr\/la-maison-de-la-bievre\/wp-content\/uploads\/sites\/14\/2026\/04\/img-6306-225x300.jpeg 225w, https:\/\/isatis.asso.fr\/la-maison-de-la-bievre\/wp-content\/uploads\/sites\/14\/2026\/04\/img-6306-1152x1536.jpeg 1152w, https:\/\/isatis.asso.fr\/la-maison-de-la-bievre\/wp-content\/uploads\/sites\/14\/2026\/04\/img-6306-750x1000.jpeg 750w, https:\/\/isatis.asso.fr\/la-maison-de-la-bievre\/wp-content\/uploads\/sites\/14\/2026\/04\/img-6306.jpeg 1440w\" sizes=\"auto, (max-width: 768px) 100vw, 768px\" \/><\/figure>\n<\/div>\n\n<div class=\"wp-block-post-comments-link\"><a href=https:\/\/isatis.asso.fr\/la-maison-de-la-bievre\/2026\/04\/23\/des-equipes-engagees-pour-la-securite\/#respond>Aucun commentaire<span class=\"screen-reader-text\"> sur Des \u00e9quipes engag\u00e9es pour la s\u00e9curit\u00e9<\/span><\/a><\/div>","protected":false},"excerpt":{"rendered":"<p>Au sein de la Maison de la Bi\u00e8vre, la s\u00e9curit\u00e9 des r\u00e9sidents et des professionnels est une priorit\u00e9 absolue. C\u2019est pourquoi nos \u00e9quipes participent r\u00e9guli\u00e8rement \u00e0 des formations incendie, essentielles pour pr\u00e9venir les risques et savoir r\u00e9agir efficacement en cas d\u2019urgence. Ces sessions permettent aux salari\u00e9s de se familiariser avec les consignes de s\u00e9curit\u00e9, d\u2019apprendre [&hellip;]<\/p>\n","protected":false},"author":7,"featured_media":1214,"comment_status":"open","ping_status":"open","sticky":false,"template":"","format":"standard","meta":{"_acf_changed":false,"footnotes":""},"categories":[1],"tags":[],"class_list":["post-1126","post","type-post","status-publish","format-standard","has-post-thumbnail","hentry","category-non-classe"],"acf":[],"yoast_head":"<!-- This site is optimized with the Yoast SEO plugin v27.3 - https:\/\/yoast.com\/product\/yoast-seo-wordpress\/ -->\n<title>Des \u00e9quipes engag\u00e9es pour la s\u00e9curit\u00e9 - La Maison de la Bi\u00e8vre<\/title>\n<meta name=\"robots\" content=\"index, follow, max-snippet:-1, max-image-preview:large, max-video-preview:-1\" \/>\n<link rel=\"canonical\" href=\"https:\/\/isatis.asso.fr\/la-maison-de-la-bievre\/2026\/04\/23\/des-equipes-engagees-pour-la-securite\/\" \/>\n<meta property=\"og:locale\" content=\"fr_FR\" \/>\n<meta property=\"og:type\" content=\"article\" \/>\n<meta property=\"og:title\" content=\"Des \u00e9quipes engag\u00e9es pour la s\u00e9curit\u00e9 - La Maison de la Bi\u00e8vre\" \/>\n<meta property=\"og:description\" content=\"Au sein de la Maison de la Bi\u00e8vre, la s\u00e9curit\u00e9 des r\u00e9sidents et des professionnels est une priorit\u00e9 absolue. C\u2019est pourquoi nos \u00e9quipes participent r\u00e9guli\u00e8rement \u00e0 des formations incendie, essentielles pour pr\u00e9venir les risques et savoir r\u00e9agir efficacement en cas d\u2019urgence. Ces sessions permettent aux salari\u00e9s de se familiariser avec les consignes de s\u00e9curit\u00e9, d\u2019apprendre [&hellip;]\" \/>\n<meta property=\"og:url\" content=\"https:\/\/isatis.asso.fr\/la-maison-de-la-bievre\/2026\/04\/23\/des-equipes-engagees-pour-la-securite\/\" \/>\n<meta property=\"og:site_name\" content=\"La Maison de la Bi\u00e8vre\" \/>\n<meta property=\"article:published_time\" content=\"2026-04-23T11:53:04+00:00\" \/>\n<meta property=\"article:modified_time\" content=\"2026-04-23T11:53:05+00:00\" \/>\n<meta property=\"og:image\" content=\"https:\/\/isatis.asso.fr\/la-maison-de-la-bievre\/wp-content\/uploads\/sites\/14\/2026\/04\/img-6313.jpeg\" \/>\n\t<meta property=\"og:image:width\" content=\"1920\" \/>\n\t<meta property=\"og:image:height\" content=\"1440\" \/>\n\t<meta property=\"og:image:type\" content=\"image\/jpeg\" \/>\n<meta name=\"author\" content=\"labievre86f2xa9hj\" \/>\n<meta name=\"twitter:card\" content=\"summary_large_image\" \/>\n<meta name=\"twitter:label1\" content=\"\u00c9crit par\" \/>\n\t<meta name=\"twitter:data1\" content=\"labievre86f2xa9hj\" \/>\n\t<meta name=\"twitter:label2\" content=\"Dur\u00e9e de lecture estim\u00e9e\" \/>\n\t<meta name=\"twitter:data2\" content=\"2 minutes\" \/>\n<script type=\"application\/ld+json\" class=\"yoast-schema-graph\">{\"@context\":\"https:\\\/\\\/schema.org\",\"@graph\":[{\"@type\":\"Article\",\"@id\":\"https:\\\/\\\/isatis.asso.fr\\\/la-maison-de-la-bievre\\\/2026\\\/04\\\/23\\\/des-equipes-engagees-pour-la-securite\\\/#article\",\"isPartOf\":{\"@id\":\"https:\\\/\\\/isatis.asso.fr\\\/la-maison-de-la-bievre\\\/2026\\\/04\\\/23\\\/des-equipes-engagees-pour-la-securite\\\/\"},\"author\":{\"name\":\"labievre86f2xa9hj\",\"@id\":\"https:\\\/\\\/isatis.asso.fr\\\/la-maison-de-la-bievre\\\/#\\\/schema\\\/person\\\/f52f6cbe059c6e320be1111ed1c8affb\"},\"headline\":\"Des \u00e9quipes engag\u00e9es pour la s\u00e9curit\u00e9\",\"datePublished\":\"2026-04-23T11:53:04+00:00\",\"dateModified\":\"2026-04-23T11:53:05+00:00\",\"mainEntityOfPage\":{\"@id\":\"https:\\\/\\\/isatis.asso.fr\\\/la-maison-de-la-bievre\\\/2026\\\/04\\\/23\\\/des-equipes-engagees-pour-la-securite\\\/\"},\"wordCount\":211,\"commentCount\":0,\"image\":{\"@id\":\"https:\\\/\\\/isatis.asso.fr\\\/la-maison-de-la-bievre\\\/2026\\\/04\\\/23\\\/des-equipes-engagees-pour-la-securite\\\/#primaryimage\"},\"thumbnailUrl\":\"https:\\\/\\\/isatis.asso.fr\\\/la-maison-de-la-bievre\\\/wp-content\\\/uploads\\\/sites\\\/14\\\/2026\\\/04\\\/img-6313.jpeg\",\"inLanguage\":\"fr-FR\",\"potentialAction\":[{\"@type\":\"CommentAction\",\"name\":\"Comment\",\"target\":[\"https:\\\/\\\/isatis.asso.fr\\\/la-maison-de-la-bievre\\\/2026\\\/04\\\/23\\\/des-equipes-engagees-pour-la-securite\\\/#respond\"]}]},{\"@type\":\"WebPage\",\"@id\":\"https:\\\/\\\/isatis.asso.fr\\\/la-maison-de-la-bievre\\\/2026\\\/04\\\/23\\\/des-equipes-engagees-pour-la-securite\\\/\",\"url\":\"https:\\\/\\\/isatis.asso.fr\\\/la-maison-de-la-bievre\\\/2026\\\/04\\\/23\\\/des-equipes-engagees-pour-la-securite\\\/\",\"name\":\"Des \u00e9quipes engag\u00e9es pour la s\u00e9curit\u00e9 - La Maison de la Bi\u00e8vre\",\"isPartOf\":{\"@id\":\"https:\\\/\\\/isatis.asso.fr\\\/la-maison-de-la-bievre\\\/#website\"},\"primaryImageOfPage\":{\"@id\":\"https:\\\/\\\/isatis.asso.fr\\\/la-maison-de-la-bievre\\\/2026\\\/04\\\/23\\\/des-equipes-engagees-pour-la-securite\\\/#primaryimage\"},\"image\":{\"@id\":\"https:\\\/\\\/isatis.asso.fr\\\/la-maison-de-la-bievre\\\/2026\\\/04\\\/23\\\/des-equipes-engagees-pour-la-securite\\\/#primaryimage\"},\"thumbnailUrl\":\"https:\\\/\\\/isatis.asso.fr\\\/la-maison-de-la-bievre\\\/wp-content\\\/uploads\\\/sites\\\/14\\\/2026\\\/04\\\/img-6313.jpeg\",\"datePublished\":\"2026-04-23T11:53:04+00:00\",\"dateModified\":\"2026-04-23T11:53:05+00:00\",\"author\":{\"@id\":\"https:\\\/\\\/isatis.asso.fr\\\/la-maison-de-la-bievre\\\/#\\\/schema\\\/person\\\/f52f6cbe059c6e320be1111ed1c8affb\"},\"breadcrumb\":{\"@id\":\"https:\\\/\\\/isatis.asso.fr\\\/la-maison-de-la-bievre\\\/2026\\\/04\\\/23\\\/des-equipes-engagees-pour-la-securite\\\/#breadcrumb\"},\"inLanguage\":\"fr-FR\",\"potentialAction\":[{\"@type\":\"ReadAction\",\"target\":[\"https:\\\/\\\/isatis.asso.fr\\\/la-maison-de-la-bievre\\\/2026\\\/04\\\/23\\\/des-equipes-engagees-pour-la-securite\\\/\"]}]},{\"@type\":\"ImageObject\",\"inLanguage\":\"fr-FR\",\"@id\":\"https:\\\/\\\/isatis.asso.fr\\\/la-maison-de-la-bievre\\\/2026\\\/04\\\/23\\\/des-equipes-engagees-pour-la-securite\\\/#primaryimage\",\"url\":\"https:\\\/\\\/isatis.asso.fr\\\/la-maison-de-la-bievre\\\/wp-content\\\/uploads\\\/sites\\\/14\\\/2026\\\/04\\\/img-6313.jpeg\",\"contentUrl\":\"https:\\\/\\\/isatis.asso.fr\\\/la-maison-de-la-bievre\\\/wp-content\\\/uploads\\\/sites\\\/14\\\/2026\\\/04\\\/img-6313.jpeg\",\"width\":1920,\"height\":1440},{\"@type\":\"BreadcrumbList\",\"@id\":\"https:\\\/\\\/isatis.asso.fr\\\/la-maison-de-la-bievre\\\/2026\\\/04\\\/23\\\/des-equipes-engagees-pour-la-securite\\\/#breadcrumb\",\"itemListElement\":[{\"@type\":\"ListItem\",\"position\":1,\"name\":\"Accueil\",\"item\":\"https:\\\/\\\/isatis.asso.fr\\\/la-maison-de-la-bievre\\\/\"},{\"@type\":\"ListItem\",\"position\":2,\"name\":\"Des \u00e9quipes engag\u00e9es pour la s\u00e9curit\u00e9\"}]},{\"@type\":\"WebSite\",\"@id\":\"https:\\\/\\\/isatis.asso.fr\\\/la-maison-de-la-bievre\\\/#website\",\"url\":\"https:\\\/\\\/isatis.asso.fr\\\/la-maison-de-la-bievre\\\/\",\"name\":\"La Maison de la Bi\u00e8vre\",\"description\":\"EHPAD - PASA\",\"potentialAction\":[{\"@type\":\"SearchAction\",\"target\":{\"@type\":\"EntryPoint\",\"urlTemplate\":\"https:\\\/\\\/isatis.asso.fr\\\/la-maison-de-la-bievre\\\/?s={search_term_string}\"},\"query-input\":{\"@type\":\"PropertyValueSpecification\",\"valueRequired\":true,\"valueName\":\"search_term_string\"}}],\"inLanguage\":\"fr-FR\"},{\"@type\":\"Person\",\"@id\":\"https:\\\/\\\/isatis.asso.fr\\\/la-maison-de-la-bievre\\\/#\\\/schema\\\/person\\\/f52f6cbe059c6e320be1111ed1c8affb\",\"name\":\"labievre86f2xa9hj\",\"image\":{\"@type\":\"ImageObject\",\"inLanguage\":\"fr-FR\",\"@id\":\"https:\\\/\\\/secure.gravatar.com\\\/avatar\\\/a83fef9b97a09de95911c8154cb9fabfaecd34bc132d345a27e217d694464273?s=96&d=mm&r=g\",\"url\":\"https:\\\/\\\/secure.gravatar.com\\\/avatar\\\/a83fef9b97a09de95911c8154cb9fabfaecd34bc132d345a27e217d694464273?s=96&d=mm&r=g\",\"contentUrl\":\"https:\\\/\\\/secure.gravatar.com\\\/avatar\\\/a83fef9b97a09de95911c8154cb9fabfaecd34bc132d345a27e217d694464273?s=96&d=mm&r=g\",\"caption\":\"labievre86f2xa9hj\"},\"url\":\"https:\\\/\\\/isatis.asso.fr\\\/la-maison-de-la-bievre\\\/author\\\/labievre86f2xa9hj\\\/\"}]}<\/script>\n<!-- \/ Yoast SEO plugin. -->","yoast_head_json":{"title":"Des \u00e9quipes engag\u00e9es pour la s\u00e9curit\u00e9 - La Maison de la Bi\u00e8vre","robots":{"index":"index","follow":"follow","max-snippet":"max-snippet:-1","max-image-preview":"max-image-preview:large","max-video-preview":"max-video-preview:-1"},"canonical":"https:\/\/isatis.asso.fr\/la-maison-de-la-bievre\/2026\/04\/23\/des-equipes-engagees-pour-la-securite\/","og_locale":"fr_FR","og_type":"article","og_title":"Des \u00e9quipes engag\u00e9es pour la s\u00e9curit\u00e9 - La Maison de la Bi\u00e8vre","og_description":"Au sein de la Maison de la Bi\u00e8vre, la s\u00e9curit\u00e9 des r\u00e9sidents et des professionnels est une priorit\u00e9 absolue. C\u2019est pourquoi nos \u00e9quipes participent r\u00e9guli\u00e8rement \u00e0 des formations incendie, essentielles pour pr\u00e9venir les risques et savoir r\u00e9agir efficacement en cas d\u2019urgence. Ces sessions permettent aux salari\u00e9s de se familiariser avec les consignes de s\u00e9curit\u00e9, d\u2019apprendre [&hellip;]","og_url":"https:\/\/isatis.asso.fr\/la-maison-de-la-bievre\/2026\/04\/23\/des-equipes-engagees-pour-la-securite\/","og_site_name":"La Maison de la Bi\u00e8vre","article_published_time":"2026-04-23T11:53:04+00:00","article_modified_time":"2026-04-23T11:53:05+00:00","og_image":[{"width":1920,"height":1440,"url":"https:\/\/isatis.asso.fr\/la-maison-de-la-bievre\/wp-content\/uploads\/sites\/14\/2026\/04\/img-6313.jpeg","type":"image\/jpeg"}],"author":"labievre86f2xa9hj","twitter_card":"summary_large_image","twitter_misc":{"\u00c9crit par":"labievre86f2xa9hj","Dur\u00e9e de lecture estim\u00e9e":"2 minutes"},"schema":{"@context":"https:\/\/schema.org","@graph":[{"@type":"Article","@id":"https:\/\/isatis.asso.fr\/la-maison-de-la-bievre\/2026\/04\/23\/des-equipes-engagees-pour-la-securite\/#article","isPartOf":{"@id":"https:\/\/isatis.asso.fr\/la-maison-de-la-bievre\/2026\/04\/23\/des-equipes-engagees-pour-la-securite\/"},"author":{"name":"labievre86f2xa9hj","@id":"https:\/\/isatis.asso.fr\/la-maison-de-la-bievre\/#\/schema\/person\/f52f6cbe059c6e320be1111ed1c8affb"},"headline":"Des \u00e9quipes engag\u00e9es pour la s\u00e9curit\u00e9","datePublished":"2026-04-23T11:53:04+00:00","dateModified":"2026-04-23T11:53:05+00:00","mainEntityOfPage":{"@id":"https:\/\/isatis.asso.fr\/la-maison-de-la-bievre\/2026\/04\/23\/des-equipes-engagees-pour-la-securite\/"},"wordCount":211,"commentCount":0,"image":{"@id":"https:\/\/isatis.asso.fr\/la-maison-de-la-bievre\/2026\/04\/23\/des-equipes-engagees-pour-la-securite\/#primaryimage"},"thumbnailUrl":"https:\/\/isatis.asso.fr\/la-maison-de-la-bievre\/wp-content\/uploads\/sites\/14\/2026\/04\/img-6313.jpeg","inLanguage":"fr-FR","potentialAction":[{"@type":"CommentAction","name":"Comment","target":["https:\/\/isatis.asso.fr\/la-maison-de-la-bievre\/2026\/04\/23\/des-equipes-engagees-pour-la-securite\/#respond"]}]},{"@type":"WebPage","@id":"https:\/\/isatis.asso.fr\/la-maison-de-la-bievre\/2026\/04\/23\/des-equipes-engagees-pour-la-securite\/","url":"https:\/\/isatis.asso.fr\/la-maison-de-la-bievre\/2026\/04\/23\/des-equipes-engagees-pour-la-securite\/","name":"Des \u00e9quipes engag\u00e9es pour la s\u00e9curit\u00e9 - La Maison de la Bi\u00e8vre","isPartOf":{"@id":"https:\/\/isatis.asso.fr\/la-maison-de-la-bievre\/#website"},"primaryImageOfPage":{"@id":"https:\/\/isatis.asso.fr\/la-maison-de-la-bievre\/2026\/04\/23\/des-equipes-engagees-pour-la-securite\/#primaryimage"},"image":{"@id":"https:\/\/isatis.asso.fr\/la-maison-de-la-bievre\/2026\/04\/23\/des-equipes-engagees-pour-la-securite\/#primaryimage"},"thumbnailUrl":"https:\/\/isatis.asso.fr\/la-maison-de-la-bievre\/wp-content\/uploads\/sites\/14\/2026\/04\/img-6313.jpeg","datePublished":"2026-04-23T11:53:04+00:00","dateModified":"2026-04-23T11:53:05+00:00","author":{"@id":"https:\/\/isatis.asso.fr\/la-maison-de-la-bievre\/#\/schema\/person\/f52f6cbe059c6e320be1111ed1c8affb"},"breadcrumb":{"@id":"https:\/\/isatis.asso.fr\/la-maison-de-la-bievre\/2026\/04\/23\/des-equipes-engagees-pour-la-securite\/#breadcrumb"},"inLanguage":"fr-FR","potentialAction":[{"@type":"ReadAction","target":["https:\/\/isatis.asso.fr\/la-maison-de-la-bievre\/2026\/04\/23\/des-equipes-engagees-pour-la-securite\/"]}]},{"@type":"ImageObject","inLanguage":"fr-FR","@id":"https:\/\/isatis.asso.fr\/la-maison-de-la-bievre\/2026\/04\/23\/des-equipes-engagees-pour-la-securite\/#primaryimage","url":"https:\/\/isatis.asso.fr\/la-maison-de-la-bievre\/wp-content\/uploads\/sites\/14\/2026\/04\/img-6313.jpeg","contentUrl":"https:\/\/isatis.asso.fr\/la-maison-de-la-bievre\/wp-content\/uploads\/sites\/14\/2026\/04\/img-6313.jpeg","width":1920,"height":1440},{"@type":"BreadcrumbList","@id":"https:\/\/isatis.asso.fr\/la-maison-de-la-bievre\/2026\/04\/23\/des-equipes-engagees-pour-la-securite\/#breadcrumb","itemListElement":[{"@type":"ListItem","position":1,"name":"Accueil","item":"https:\/\/isatis.asso.fr\/la-maison-de-la-bievre\/"},{"@type":"ListItem","position":2,"name":"Des \u00e9quipes engag\u00e9es pour la s\u00e9curit\u00e9"}]},{"@type":"WebSite","@id":"https:\/\/isatis.asso.fr\/la-maison-de-la-bievre\/#website","url":"https:\/\/isatis.asso.fr\/la-maison-de-la-bievre\/","name":"La Maison de la Bi\u00e8vre","description":"EHPAD - PASA","potentialAction":[{"@type":"SearchAction","target":{"@type":"EntryPoint","urlTemplate":"https:\/\/isatis.asso.fr\/la-maison-de-la-bievre\/?s={search_term_string}"},"query-input":{"@type":"PropertyValueSpecification","valueRequired":true,"valueName":"search_term_string"}}],"inLanguage":"fr-FR"},{"@type":"Person","@id":"https:\/\/isatis.asso.fr\/la-maison-de-la-bievre\/#\/schema\/person\/f52f6cbe059c6e320be1111ed1c8affb","name":"labievre86f2xa9hj","image":{"@type":"ImageObject","inLanguage":"fr-FR","@id":"https:\/\/secure.gravatar.com\/avatar\/a83fef9b97a09de95911c8154cb9fabfaecd34bc132d345a27e217d694464273?s=96&d=mm&r=g","url":"https:\/\/secure.gravatar.com\/avatar\/a83fef9b97a09de95911c8154cb9fabfaecd34bc132d345a27e217d694464273?s=96&d=mm&r=g","contentUrl":"https:\/\/secure.gravatar.com\/avatar\/a83fef9b97a09de95911c8154cb9fabfaecd34bc132d345a27e217d694464273?s=96&d=mm&r=g","caption":"labievre86f2xa9hj"},"url":"https:\/\/isatis.asso.fr\/la-maison-de-la-bievre\/author\/labievre86f2xa9hj\/"}]}},"_links":{"self":[{"href":"https:\/\/isatis.asso.fr\/la-maison-de-la-bievre\/wp-json\/wp\/v2\/posts\/1126","targetHints":{"allow":["GET"]}}],"collection":[{"href":"https:\/\/isatis.asso.fr\/la-maison-de-la-bievre\/wp-json\/wp\/v2\/posts"}],"about":[{"href":"https:\/\/isatis.asso.fr\/la-maison-de-la-bievre\/wp-json\/wp\/v2\/types\/post"}],"author":[{"embeddable":true,"href":"https:\/\/isatis.asso.fr\/la-maison-de-la-bievre\/wp-json\/wp\/v2\/users\/7"}],"replies":[{"embeddable":true,"href":"https:\/\/isatis.asso.fr\/la-maison-de-la-bievre\/wp-json\/wp\/v2\/comments?post=1126"}],"version-history":[{"count":4,"href":"https:\/\/isatis.asso.fr\/la-maison-de-la-bievre\/wp-json\/wp\/v2\/posts\/1126\/revisions"}],"predecessor-version":[{"id":1219,"href":"https:\/\/isatis.asso.fr\/la-maison-de-la-bievre\/wp-json\/wp\/v2\/posts\/1126\/revisions\/1219"}],"wp:featuredmedia":[{"embeddable":true,"href":"https:\/\/isatis.asso.fr\/la-maison-de-la-bievre\/wp-json\/wp\/v2\/media\/1214"}],"wp:attachment":[{"href":"https:\/\/isatis.asso.fr\/la-maison-de-la-bievre\/wp-json\/wp\/v2\/media?parent=1126"}],"wp:term":[{"taxonomy":"category","embeddable":true,"href":"https:\/\/isatis.asso.fr\/la-maison-de-la-bievre\/wp-json\/wp\/v2\/categories?post=1126"},{"taxonomy":"post_tag","embeddable":true,"href":"https:\/\/isatis.asso.fr\/la-maison-de-la-bievre\/wp-json\/wp\/v2\/tags?post=1126"}],"curies":[{"name":"wp","href":"https:\/\/api.w.org\/{rel}","templated":true}]}}