{"id":1078,"date":"2025-11-13T12:44:27","date_gmt":"2025-11-13T11:44:27","guid":{"rendered":"https:\/\/isatis.asso.fr\/la-maison-de-la-bievre\/?p=1078"},"modified":"2025-11-13T12:44:29","modified_gmt":"2025-11-13T11:44:29","slug":"halloween-une-journee-magique-%f0%9f%91%bb%f0%9f%8e%83","status":"publish","type":"post","link":"https:\/\/isatis.asso.fr\/la-maison-de-la-bievre\/2025\/11\/13\/halloween-une-journee-magique-%f0%9f%91%bb%f0%9f%8e%83\/","title":{"rendered":"Halloween, une journ\u00e9e magique! \ud83d\udc7b\ud83c\udf83"},"content":{"rendered":"\n<p class=\"has-text-align-center\">Le vendredi 31 octobre dernier, la Maison de la Bi\u00e8vre s\u2019est transform\u00e9 en v\u00e9ritable repaire de sorci\u00e8res, fant\u00f4mes et citrouilles !<\/p>\n\n\n<div class=\"wp-block-image is-style-rounded\">\n<figure class=\"aligncenter size-large is-resized\"><img loading=\"lazy\" decoding=\"async\" width=\"768\" height=\"1024\" src=\"https:\/\/isatis.asso.fr\/la-maison-de-la-bievre\/wp-content\/uploads\/sites\/14\/2025\/11\/img-6337-768x1024.jpeg\" alt=\"\" class=\"wp-image-1086\" style=\"width:389px;height:auto\" srcset=\"https:\/\/isatis.asso.fr\/la-maison-de-la-bievre\/wp-content\/uploads\/sites\/14\/2025\/11\/img-6337-768x1024.jpeg 768w, https:\/\/isatis.asso.fr\/la-maison-de-la-bievre\/wp-content\/uploads\/sites\/14\/2025\/11\/img-6337-225x300.jpeg 225w, https:\/\/isatis.asso.fr\/la-maison-de-la-bievre\/wp-content\/uploads\/sites\/14\/2025\/11\/img-6337-750x1000.jpeg 750w, https:\/\/isatis.asso.fr\/la-maison-de-la-bievre\/wp-content\/uploads\/sites\/14\/2025\/11\/img-6337.jpeg 960w\" sizes=\"auto, (max-width: 768px) 100vw, 768px\" \/><\/figure>\n<\/div>\n\n\n<p class=\"has-text-align-center\">Sous l\u2019impulsion de l\u2019animatrice et avec la pr\u00e9cieuse participation des r\u00e9sidents, une journ\u00e9e sp\u00e9ciale Halloween a une nouvelle fois enchant\u00e9 petits et grands.<\/p>\n\n\n<div class=\"wp-block-image is-style-rounded\">\n<figure class=\"aligncenter size-large is-resized\"><img loading=\"lazy\" decoding=\"async\" width=\"1024\" height=\"768\" src=\"https:\/\/isatis.asso.fr\/la-maison-de-la-bievre\/wp-content\/uploads\/sites\/14\/2025\/11\/img-6357-1024x768.jpeg\" alt=\"\" class=\"wp-image-1093\" style=\"width:556px;height:auto\" srcset=\"https:\/\/isatis.asso.fr\/la-maison-de-la-bievre\/wp-content\/uploads\/sites\/14\/2025\/11\/img-6357-1024x768.jpeg 1024w, https:\/\/isatis.asso.fr\/la-maison-de-la-bievre\/wp-content\/uploads\/sites\/14\/2025\/11\/img-6357-300x225.jpeg 300w, https:\/\/isatis.asso.fr\/la-maison-de-la-bievre\/wp-content\/uploads\/sites\/14\/2025\/11\/img-6357-768x576.jpeg 768w, https:\/\/isatis.asso.fr\/la-maison-de-la-bievre\/wp-content\/uploads\/sites\/14\/2025\/11\/img-6357.jpeg 1280w\" sizes=\"auto, (max-width: 1024px) 100vw, 1024px\" \/><\/figure>\n<\/div>\n\n\n<p class=\"has-text-align-center\">Cette deuxi\u00e8me \u00e9dition d\u2019Halloween \u00e9tait particuli\u00e8rement attendue : apr\u00e8s le succ\u00e8s de l\u2019an dernier et le grand nombre de visiteurs venus partager ce moment festif, les r\u00e9sidents ont souhait\u00e9 faire encore mieux cette ann\u00e9e. Ils se sont donc pleinement investis pour imaginer et cr\u00e9er une f\u00eate encore plus conviviale et anim\u00e9e.<\/p>\n\n\n<div class=\"wp-block-image is-style-rounded\">\n<figure class=\"aligncenter size-large is-resized\"><img loading=\"lazy\" decoding=\"async\" width=\"768\" height=\"1024\" src=\"https:\/\/isatis.asso.fr\/la-maison-de-la-bievre\/wp-content\/uploads\/sites\/14\/2025\/11\/img-6099-768x1024.jpeg\" alt=\"\" class=\"wp-image-1117\" style=\"width:411px;height:auto\" srcset=\"https:\/\/isatis.asso.fr\/la-maison-de-la-bievre\/wp-content\/uploads\/sites\/14\/2025\/11\/img-6099-768x1024.jpeg 768w, https:\/\/isatis.asso.fr\/la-maison-de-la-bievre\/wp-content\/uploads\/sites\/14\/2025\/11\/img-6099-225x300.jpeg 225w, https:\/\/isatis.asso.fr\/la-maison-de-la-bievre\/wp-content\/uploads\/sites\/14\/2025\/11\/img-6099-750x1000.jpeg 750w, https:\/\/isatis.asso.fr\/la-maison-de-la-bievre\/wp-content\/uploads\/sites\/14\/2025\/11\/img-6099.jpeg 960w\" sizes=\"auto, (max-width: 768px) 100vw, 768px\" \/><\/figure>\n<\/div>\n\n\n<p class=\"has-text-align-center\">Pendant plusieurs jours, les r\u00e9sidents ont pr\u00e9par\u00e9 les d\u00e9corations : lanternes monstrueuses, devanture effrayante, toiles d\u2019araign\u00e9es, fant\u00f4mes et citrouille en pl\u00e2tre faits main ont envahi les couloirs et les espaces communs, transformant la Maison de la Bi\u00e8vre en un lieu magique et chaleureux.<\/p>\n\n\n<div class=\"wp-block-image is-style-rounded\">\n<figure class=\"aligncenter size-large is-resized\"><img loading=\"lazy\" decoding=\"async\" width=\"1024\" height=\"768\" src=\"https:\/\/isatis.asso.fr\/la-maison-de-la-bievre\/wp-content\/uploads\/sites\/14\/2025\/11\/img-6142-1024x768.jpeg\" alt=\"\" class=\"wp-image-1114\" style=\"width:544px;height:auto\" srcset=\"https:\/\/isatis.asso.fr\/la-maison-de-la-bievre\/wp-content\/uploads\/sites\/14\/2025\/11\/img-6142-1024x768.jpeg 1024w, https:\/\/isatis.asso.fr\/la-maison-de-la-bievre\/wp-content\/uploads\/sites\/14\/2025\/11\/img-6142-300x225.jpeg 300w, https:\/\/isatis.asso.fr\/la-maison-de-la-bievre\/wp-content\/uploads\/sites\/14\/2025\/11\/img-6142-768x576.jpeg 768w, https:\/\/isatis.asso.fr\/la-maison-de-la-bievre\/wp-content\/uploads\/sites\/14\/2025\/11\/img-6142.jpeg 1280w\" sizes=\"auto, (max-width: 1024px) 100vw, 1024px\" \/><\/figure>\n<\/div>\n\n\n<p class=\"has-text-align-left\">Le jour J, les r\u00e9sidents ont \u00e9galement tenu diff\u00e9rents stands :<br>\ud83c\udf6c Un stand de bonbons pour les enfants<br>\ud83c\udfaf Des jeux d\u2019Halloween pour s\u2019amuser<br>\ud83c\udf6d Et m\u00eame des barbes \u00e0 papa maison, r\u00e9alis\u00e9es sur place pour le plaisir de tous !<\/p>\n\n\n<div class=\"wp-block-image is-style-rounded\">\n<figure class=\"aligncenter size-large is-resized\"><img loading=\"lazy\" decoding=\"async\" width=\"764\" height=\"573\" src=\"https:\/\/isatis.asso.fr\/la-maison-de-la-bievre\/wp-content\/uploads\/sites\/14\/2025\/11\/img-6347-edited.jpeg\" alt=\"\" class=\"wp-image-1118\" style=\"width:469px;height:auto\" srcset=\"https:\/\/isatis.asso.fr\/la-maison-de-la-bievre\/wp-content\/uploads\/sites\/14\/2025\/11\/img-6347-edited.jpeg 764w, https:\/\/isatis.asso.fr\/la-maison-de-la-bievre\/wp-content\/uploads\/sites\/14\/2025\/11\/img-6347-edited-300x225.jpeg 300w\" sizes=\"auto, (max-width: 764px) 100vw, 764px\" \/><\/figure>\n<\/div>\n\n\n<p class=\"has-text-align-center\">Les rires, les \u00e9changes et la fiert\u00e9 des r\u00e9sidents d\u2019animer cette f\u00eate ont cr\u00e9\u00e9 une ambiance joyeuse et pleine de vie.<br>Un grand bravo \u00e0 nos r\u00e9sidents pour leur investissement, leur cr\u00e9ativit\u00e9 et leur bonne humeur, ainsi qu\u2019aux \u00e9quipes pour leur accompagnement tout au long de cette belle aventure.<\/p>\n\n\n<div class=\"wp-block-image is-style-rounded\">\n<figure class=\"aligncenter size-large is-resized\"><img loading=\"lazy\" decoding=\"async\" width=\"768\" height=\"1024\" src=\"https:\/\/isatis.asso.fr\/la-maison-de-la-bievre\/wp-content\/uploads\/sites\/14\/2025\/11\/img-6367-768x1024.jpeg\" alt=\"\" class=\"wp-image-1105\" style=\"width:326px;height:auto\" srcset=\"https:\/\/isatis.asso.fr\/la-maison-de-la-bievre\/wp-content\/uploads\/sites\/14\/2025\/11\/img-6367-768x1024.jpeg 768w, https:\/\/isatis.asso.fr\/la-maison-de-la-bievre\/wp-content\/uploads\/sites\/14\/2025\/11\/img-6367-225x300.jpeg 225w, https:\/\/isatis.asso.fr\/la-maison-de-la-bievre\/wp-content\/uploads\/sites\/14\/2025\/11\/img-6367-750x1000.jpeg 750w, https:\/\/isatis.asso.fr\/la-maison-de-la-bievre\/wp-content\/uploads\/sites\/14\/2025\/11\/img-6367.jpeg 960w\" sizes=\"auto, (max-width: 768px) 100vw, 768px\" \/><\/figure>\n<\/div>\n\n\n<p class=\"has-text-align-center\">Cette deuxi\u00e8me \u00e9dition d\u2019Halloween \u00e0 la Maison de la Bi\u00e8vre restera grav\u00e9e dans les m\u00e9moires\u2026 et donne d\u00e9j\u00e0 envie de pr\u00e9parer la prochaine ! <\/p>\n\n\n<div class=\"wp-block-image is-style-rounded\">\n<figure class=\"aligncenter size-large is-resized\"><img loading=\"lazy\" decoding=\"async\" width=\"1024\" height=\"768\" src=\"https:\/\/isatis.asso.fr\/la-maison-de-la-bievre\/wp-content\/uploads\/sites\/14\/2025\/11\/img-6370-1024x768.jpeg\" alt=\"\" class=\"wp-image-1082\" style=\"width:571px;height:auto\" srcset=\"https:\/\/isatis.asso.fr\/la-maison-de-la-bievre\/wp-content\/uploads\/sites\/14\/2025\/11\/img-6370-1024x768.jpeg 1024w, https:\/\/isatis.asso.fr\/la-maison-de-la-bievre\/wp-content\/uploads\/sites\/14\/2025\/11\/img-6370-300x225.jpeg 300w, https:\/\/isatis.asso.fr\/la-maison-de-la-bievre\/wp-content\/uploads\/sites\/14\/2025\/11\/img-6370-768x576.jpeg 768w, https:\/\/isatis.asso.fr\/la-maison-de-la-bievre\/wp-content\/uploads\/sites\/14\/2025\/11\/img-6370.jpeg 1280w\" sizes=\"auto, (max-width: 1024px) 100vw, 1024px\" \/><\/figure>\n<\/div>","protected":false},"excerpt":{"rendered":"<p>Le vendredi 31 octobre dernier, la Maison de la Bi\u00e8vre s\u2019est transform\u00e9 en v\u00e9ritable repaire de sorci\u00e8res, fant\u00f4mes et citrouilles ! Sous l\u2019impulsion de l\u2019animatrice et avec la pr\u00e9cieuse participation des r\u00e9sidents, une journ\u00e9e sp\u00e9ciale Halloween a une nouvelle fois enchant\u00e9 petits et grands. Cette deuxi\u00e8me \u00e9dition d\u2019Halloween \u00e9tait particuli\u00e8rement attendue : apr\u00e8s le succ\u00e8s [&hellip;]<\/p>\n","protected":false},"author":7,"featured_media":1083,"comment_status":"open","ping_status":"open","sticky":false,"template":"","format":"standard","meta":{"_acf_changed":false,"footnotes":""},"categories":[1],"tags":[],"class_list":["post-1078","post","type-post","status-publish","format-standard","has-post-thumbnail","hentry","category-non-classe"],"acf":[],"yoast_head":"<!-- This site is optimized with the Yoast SEO plugin v27.3 - https:\/\/yoast.com\/product\/yoast-seo-wordpress\/ -->\n<title>Halloween, une journ\u00e9e magique! \ud83d\udc7b\ud83c\udf83 - La Maison de la Bi\u00e8vre<\/title>\n<meta name=\"robots\" content=\"index, follow, max-snippet:-1, max-image-preview:large, max-video-preview:-1\" \/>\n<link rel=\"canonical\" href=\"https:\/\/isatis.asso.fr\/la-maison-de-la-bievre\/2025\/11\/13\/halloween-une-journee-magique-\ud83d\udc7b\ud83c\udf83\/\" \/>\n<meta property=\"og:locale\" content=\"fr_FR\" \/>\n<meta property=\"og:type\" content=\"article\" \/>\n<meta property=\"og:title\" content=\"Halloween, une journ\u00e9e magique! \ud83d\udc7b\ud83c\udf83 - La Maison de la Bi\u00e8vre\" \/>\n<meta property=\"og:description\" content=\"Le vendredi 31 octobre dernier, la Maison de la Bi\u00e8vre s\u2019est transform\u00e9 en v\u00e9ritable repaire de sorci\u00e8res, fant\u00f4mes et citrouilles ! Sous l\u2019impulsion de l\u2019animatrice et avec la pr\u00e9cieuse participation des r\u00e9sidents, une journ\u00e9e sp\u00e9ciale Halloween a une nouvelle fois enchant\u00e9 petits et grands. Cette deuxi\u00e8me \u00e9dition d\u2019Halloween \u00e9tait particuli\u00e8rement attendue : apr\u00e8s le succ\u00e8s [&hellip;]\" \/>\n<meta property=\"og:url\" content=\"https:\/\/isatis.asso.fr\/la-maison-de-la-bievre\/2025\/11\/13\/halloween-une-journee-magique-\ud83d\udc7b\ud83c\udf83\/\" \/>\n<meta property=\"og:site_name\" content=\"La Maison de la Bi\u00e8vre\" \/>\n<meta property=\"article:published_time\" content=\"2025-11-13T11:44:27+00:00\" \/>\n<meta property=\"article:modified_time\" content=\"2025-11-13T11:44:29+00:00\" \/>\n<meta property=\"og:image\" content=\"https:\/\/isatis.asso.fr\/la-maison-de-la-bievre\/wp-content\/uploads\/sites\/14\/2025\/11\/img-6371.jpeg\" \/>\n\t<meta property=\"og:image:width\" content=\"1280\" \/>\n\t<meta property=\"og:image:height\" content=\"960\" \/>\n\t<meta property=\"og:image:type\" content=\"image\/jpeg\" \/>\n<meta name=\"author\" content=\"labievre86f2xa9hj\" \/>\n<meta name=\"twitter:card\" content=\"summary_large_image\" \/>\n<meta name=\"twitter:label1\" content=\"\u00c9crit par\" \/>\n\t<meta name=\"twitter:data1\" content=\"labievre86f2xa9hj\" \/>\n\t<meta name=\"twitter:label2\" content=\"Dur\u00e9e de lecture estim\u00e9e\" \/>\n\t<meta name=\"twitter:data2\" content=\"3 minutes\" \/>\n<script type=\"application\/ld+json\" class=\"yoast-schema-graph\">{\"@context\":\"https:\\\/\\\/schema.org\",\"@graph\":[{\"@type\":\"Article\",\"@id\":\"https:\\\/\\\/isatis.asso.fr\\\/la-maison-de-la-bievre\\\/2025\\\/11\\\/13\\\/halloween-une-journee-magique-%f0%9f%91%bb%f0%9f%8e%83\\\/#article\",\"isPartOf\":{\"@id\":\"https:\\\/\\\/isatis.asso.fr\\\/la-maison-de-la-bievre\\\/2025\\\/11\\\/13\\\/halloween-une-journee-magique-%f0%9f%91%bb%f0%9f%8e%83\\\/\"},\"author\":{\"name\":\"labievre86f2xa9hj\",\"@id\":\"https:\\\/\\\/isatis.asso.fr\\\/la-maison-de-la-bievre\\\/#\\\/schema\\\/person\\\/f52f6cbe059c6e320be1111ed1c8affb\"},\"headline\":\"Halloween, une journ\u00e9e magique! \ud83d\udc7b\ud83c\udf83\",\"datePublished\":\"2025-11-13T11:44:27+00:00\",\"dateModified\":\"2025-11-13T11:44:29+00:00\",\"mainEntityOfPage\":{\"@id\":\"https:\\\/\\\/isatis.asso.fr\\\/la-maison-de-la-bievre\\\/2025\\\/11\\\/13\\\/halloween-une-journee-magique-%f0%9f%91%bb%f0%9f%8e%83\\\/\"},\"wordCount\":295,\"commentCount\":0,\"image\":{\"@id\":\"https:\\\/\\\/isatis.asso.fr\\\/la-maison-de-la-bievre\\\/2025\\\/11\\\/13\\\/halloween-une-journee-magique-%f0%9f%91%bb%f0%9f%8e%83\\\/#primaryimage\"},\"thumbnailUrl\":\"https:\\\/\\\/isatis.asso.fr\\\/la-maison-de-la-bievre\\\/wp-content\\\/uploads\\\/sites\\\/14\\\/2025\\\/11\\\/img-6371.jpeg\",\"inLanguage\":\"fr-FR\",\"potentialAction\":[{\"@type\":\"CommentAction\",\"name\":\"Comment\",\"target\":[\"https:\\\/\\\/isatis.asso.fr\\\/la-maison-de-la-bievre\\\/2025\\\/11\\\/13\\\/halloween-une-journee-magique-%f0%9f%91%bb%f0%9f%8e%83\\\/#respond\"]}]},{\"@type\":\"WebPage\",\"@id\":\"https:\\\/\\\/isatis.asso.fr\\\/la-maison-de-la-bievre\\\/2025\\\/11\\\/13\\\/halloween-une-journee-magique-%f0%9f%91%bb%f0%9f%8e%83\\\/\",\"url\":\"https:\\\/\\\/isatis.asso.fr\\\/la-maison-de-la-bievre\\\/2025\\\/11\\\/13\\\/halloween-une-journee-magique-%f0%9f%91%bb%f0%9f%8e%83\\\/\",\"name\":\"Halloween, une journ\u00e9e magique! \ud83d\udc7b\ud83c\udf83 - La Maison de la Bi\u00e8vre\",\"isPartOf\":{\"@id\":\"https:\\\/\\\/isatis.asso.fr\\\/la-maison-de-la-bievre\\\/#website\"},\"primaryImageOfPage\":{\"@id\":\"https:\\\/\\\/isatis.asso.fr\\\/la-maison-de-la-bievre\\\/2025\\\/11\\\/13\\\/halloween-une-journee-magique-%f0%9f%91%bb%f0%9f%8e%83\\\/#primaryimage\"},\"image\":{\"@id\":\"https:\\\/\\\/isatis.asso.fr\\\/la-maison-de-la-bievre\\\/2025\\\/11\\\/13\\\/halloween-une-journee-magique-%f0%9f%91%bb%f0%9f%8e%83\\\/#primaryimage\"},\"thumbnailUrl\":\"https:\\\/\\\/isatis.asso.fr\\\/la-maison-de-la-bievre\\\/wp-content\\\/uploads\\\/sites\\\/14\\\/2025\\\/11\\\/img-6371.jpeg\",\"datePublished\":\"2025-11-13T11:44:27+00:00\",\"dateModified\":\"2025-11-13T11:44:29+00:00\",\"author\":{\"@id\":\"https:\\\/\\\/isatis.asso.fr\\\/la-maison-de-la-bievre\\\/#\\\/schema\\\/person\\\/f52f6cbe059c6e320be1111ed1c8affb\"},\"breadcrumb\":{\"@id\":\"https:\\\/\\\/isatis.asso.fr\\\/la-maison-de-la-bievre\\\/2025\\\/11\\\/13\\\/halloween-une-journee-magique-%f0%9f%91%bb%f0%9f%8e%83\\\/#breadcrumb\"},\"inLanguage\":\"fr-FR\",\"potentialAction\":[{\"@type\":\"ReadAction\",\"target\":[\"https:\\\/\\\/isatis.asso.fr\\\/la-maison-de-la-bievre\\\/2025\\\/11\\\/13\\\/halloween-une-journee-magique-%f0%9f%91%bb%f0%9f%8e%83\\\/\"]}]},{\"@type\":\"ImageObject\",\"inLanguage\":\"fr-FR\",\"@id\":\"https:\\\/\\\/isatis.asso.fr\\\/la-maison-de-la-bievre\\\/2025\\\/11\\\/13\\\/halloween-une-journee-magique-%f0%9f%91%bb%f0%9f%8e%83\\\/#primaryimage\",\"url\":\"https:\\\/\\\/isatis.asso.fr\\\/la-maison-de-la-bievre\\\/wp-content\\\/uploads\\\/sites\\\/14\\\/2025\\\/11\\\/img-6371.jpeg\",\"contentUrl\":\"https:\\\/\\\/isatis.asso.fr\\\/la-maison-de-la-bievre\\\/wp-content\\\/uploads\\\/sites\\\/14\\\/2025\\\/11\\\/img-6371.jpeg\",\"width\":1280,\"height\":960},{\"@type\":\"BreadcrumbList\",\"@id\":\"https:\\\/\\\/isatis.asso.fr\\\/la-maison-de-la-bievre\\\/2025\\\/11\\\/13\\\/halloween-une-journee-magique-%f0%9f%91%bb%f0%9f%8e%83\\\/#breadcrumb\",\"itemListElement\":[{\"@type\":\"ListItem\",\"position\":1,\"name\":\"Accueil\",\"item\":\"https:\\\/\\\/isatis.asso.fr\\\/la-maison-de-la-bievre\\\/\"},{\"@type\":\"ListItem\",\"position\":2,\"name\":\"Halloween, une journ\u00e9e magique! \ud83d\udc7b\ud83c\udf83\"}]},{\"@type\":\"WebSite\",\"@id\":\"https:\\\/\\\/isatis.asso.fr\\\/la-maison-de-la-bievre\\\/#website\",\"url\":\"https:\\\/\\\/isatis.asso.fr\\\/la-maison-de-la-bievre\\\/\",\"name\":\"La Maison de la Bi\u00e8vre\",\"description\":\"EHPAD - PASA\",\"potentialAction\":[{\"@type\":\"SearchAction\",\"target\":{\"@type\":\"EntryPoint\",\"urlTemplate\":\"https:\\\/\\\/isatis.asso.fr\\\/la-maison-de-la-bievre\\\/?s={search_term_string}\"},\"query-input\":{\"@type\":\"PropertyValueSpecification\",\"valueRequired\":true,\"valueName\":\"search_term_string\"}}],\"inLanguage\":\"fr-FR\"},{\"@type\":\"Person\",\"@id\":\"https:\\\/\\\/isatis.asso.fr\\\/la-maison-de-la-bievre\\\/#\\\/schema\\\/person\\\/f52f6cbe059c6e320be1111ed1c8affb\",\"name\":\"labievre86f2xa9hj\",\"image\":{\"@type\":\"ImageObject\",\"inLanguage\":\"fr-FR\",\"@id\":\"https:\\\/\\\/secure.gravatar.com\\\/avatar\\\/a83fef9b97a09de95911c8154cb9fabfaecd34bc132d345a27e217d694464273?s=96&d=mm&r=g\",\"url\":\"https:\\\/\\\/secure.gravatar.com\\\/avatar\\\/a83fef9b97a09de95911c8154cb9fabfaecd34bc132d345a27e217d694464273?s=96&d=mm&r=g\",\"contentUrl\":\"https:\\\/\\\/secure.gravatar.com\\\/avatar\\\/a83fef9b97a09de95911c8154cb9fabfaecd34bc132d345a27e217d694464273?s=96&d=mm&r=g\",\"caption\":\"labievre86f2xa9hj\"},\"url\":\"https:\\\/\\\/isatis.asso.fr\\\/la-maison-de-la-bievre\\\/author\\\/labievre86f2xa9hj\\\/\"}]}<\/script>\n<!-- \/ Yoast SEO plugin. -->","yoast_head_json":{"title":"Halloween, une journ\u00e9e magique! \ud83d\udc7b\ud83c\udf83 - La Maison de la Bi\u00e8vre","robots":{"index":"index","follow":"follow","max-snippet":"max-snippet:-1","max-image-preview":"max-image-preview:large","max-video-preview":"max-video-preview:-1"},"canonical":"https:\/\/isatis.asso.fr\/la-maison-de-la-bievre\/2025\/11\/13\/halloween-une-journee-magique-\ud83d\udc7b\ud83c\udf83\/","og_locale":"fr_FR","og_type":"article","og_title":"Halloween, une journ\u00e9e magique! \ud83d\udc7b\ud83c\udf83 - La Maison de la Bi\u00e8vre","og_description":"Le vendredi 31 octobre dernier, la Maison de la Bi\u00e8vre s\u2019est transform\u00e9 en v\u00e9ritable repaire de sorci\u00e8res, fant\u00f4mes et citrouilles ! Sous l\u2019impulsion de l\u2019animatrice et avec la pr\u00e9cieuse participation des r\u00e9sidents, une journ\u00e9e sp\u00e9ciale Halloween a une nouvelle fois enchant\u00e9 petits et grands. Cette deuxi\u00e8me \u00e9dition d\u2019Halloween \u00e9tait particuli\u00e8rement attendue : apr\u00e8s le succ\u00e8s [&hellip;]","og_url":"https:\/\/isatis.asso.fr\/la-maison-de-la-bievre\/2025\/11\/13\/halloween-une-journee-magique-\ud83d\udc7b\ud83c\udf83\/","og_site_name":"La Maison de la Bi\u00e8vre","article_published_time":"2025-11-13T11:44:27+00:00","article_modified_time":"2025-11-13T11:44:29+00:00","og_image":[{"width":1280,"height":960,"url":"https:\/\/isatis.asso.fr\/la-maison-de-la-bievre\/wp-content\/uploads\/sites\/14\/2025\/11\/img-6371.jpeg","type":"image\/jpeg"}],"author":"labievre86f2xa9hj","twitter_card":"summary_large_image","twitter_misc":{"\u00c9crit par":"labievre86f2xa9hj","Dur\u00e9e de lecture estim\u00e9e":"3 minutes"},"schema":{"@context":"https:\/\/schema.org","@graph":[{"@type":"Article","@id":"https:\/\/isatis.asso.fr\/la-maison-de-la-bievre\/2025\/11\/13\/halloween-une-journee-magique-%f0%9f%91%bb%f0%9f%8e%83\/#article","isPartOf":{"@id":"https:\/\/isatis.asso.fr\/la-maison-de-la-bievre\/2025\/11\/13\/halloween-une-journee-magique-%f0%9f%91%bb%f0%9f%8e%83\/"},"author":{"name":"labievre86f2xa9hj","@id":"https:\/\/isatis.asso.fr\/la-maison-de-la-bievre\/#\/schema\/person\/f52f6cbe059c6e320be1111ed1c8affb"},"headline":"Halloween, une journ\u00e9e magique! \ud83d\udc7b\ud83c\udf83","datePublished":"2025-11-13T11:44:27+00:00","dateModified":"2025-11-13T11:44:29+00:00","mainEntityOfPage":{"@id":"https:\/\/isatis.asso.fr\/la-maison-de-la-bievre\/2025\/11\/13\/halloween-une-journee-magique-%f0%9f%91%bb%f0%9f%8e%83\/"},"wordCount":295,"commentCount":0,"image":{"@id":"https:\/\/isatis.asso.fr\/la-maison-de-la-bievre\/2025\/11\/13\/halloween-une-journee-magique-%f0%9f%91%bb%f0%9f%8e%83\/#primaryimage"},"thumbnailUrl":"https:\/\/isatis.asso.fr\/la-maison-de-la-bievre\/wp-content\/uploads\/sites\/14\/2025\/11\/img-6371.jpeg","inLanguage":"fr-FR","potentialAction":[{"@type":"CommentAction","name":"Comment","target":["https:\/\/isatis.asso.fr\/la-maison-de-la-bievre\/2025\/11\/13\/halloween-une-journee-magique-%f0%9f%91%bb%f0%9f%8e%83\/#respond"]}]},{"@type":"WebPage","@id":"https:\/\/isatis.asso.fr\/la-maison-de-la-bievre\/2025\/11\/13\/halloween-une-journee-magique-%f0%9f%91%bb%f0%9f%8e%83\/","url":"https:\/\/isatis.asso.fr\/la-maison-de-la-bievre\/2025\/11\/13\/halloween-une-journee-magique-%f0%9f%91%bb%f0%9f%8e%83\/","name":"Halloween, une journ\u00e9e magique! \ud83d\udc7b\ud83c\udf83 - La Maison de la Bi\u00e8vre","isPartOf":{"@id":"https:\/\/isatis.asso.fr\/la-maison-de-la-bievre\/#website"},"primaryImageOfPage":{"@id":"https:\/\/isatis.asso.fr\/la-maison-de-la-bievre\/2025\/11\/13\/halloween-une-journee-magique-%f0%9f%91%bb%f0%9f%8e%83\/#primaryimage"},"image":{"@id":"https:\/\/isatis.asso.fr\/la-maison-de-la-bievre\/2025\/11\/13\/halloween-une-journee-magique-%f0%9f%91%bb%f0%9f%8e%83\/#primaryimage"},"thumbnailUrl":"https:\/\/isatis.asso.fr\/la-maison-de-la-bievre\/wp-content\/uploads\/sites\/14\/2025\/11\/img-6371.jpeg","datePublished":"2025-11-13T11:44:27+00:00","dateModified":"2025-11-13T11:44:29+00:00","author":{"@id":"https:\/\/isatis.asso.fr\/la-maison-de-la-bievre\/#\/schema\/person\/f52f6cbe059c6e320be1111ed1c8affb"},"breadcrumb":{"@id":"https:\/\/isatis.asso.fr\/la-maison-de-la-bievre\/2025\/11\/13\/halloween-une-journee-magique-%f0%9f%91%bb%f0%9f%8e%83\/#breadcrumb"},"inLanguage":"fr-FR","potentialAction":[{"@type":"ReadAction","target":["https:\/\/isatis.asso.fr\/la-maison-de-la-bievre\/2025\/11\/13\/halloween-une-journee-magique-%f0%9f%91%bb%f0%9f%8e%83\/"]}]},{"@type":"ImageObject","inLanguage":"fr-FR","@id":"https:\/\/isatis.asso.fr\/la-maison-de-la-bievre\/2025\/11\/13\/halloween-une-journee-magique-%f0%9f%91%bb%f0%9f%8e%83\/#primaryimage","url":"https:\/\/isatis.asso.fr\/la-maison-de-la-bievre\/wp-content\/uploads\/sites\/14\/2025\/11\/img-6371.jpeg","contentUrl":"https:\/\/isatis.asso.fr\/la-maison-de-la-bievre\/wp-content\/uploads\/sites\/14\/2025\/11\/img-6371.jpeg","width":1280,"height":960},{"@type":"BreadcrumbList","@id":"https:\/\/isatis.asso.fr\/la-maison-de-la-bievre\/2025\/11\/13\/halloween-une-journee-magique-%f0%9f%91%bb%f0%9f%8e%83\/#breadcrumb","itemListElement":[{"@type":"ListItem","position":1,"name":"Accueil","item":"https:\/\/isatis.asso.fr\/la-maison-de-la-bievre\/"},{"@type":"ListItem","position":2,"name":"Halloween, une journ\u00e9e magique! \ud83d\udc7b\ud83c\udf83"}]},{"@type":"WebSite","@id":"https:\/\/isatis.asso.fr\/la-maison-de-la-bievre\/#website","url":"https:\/\/isatis.asso.fr\/la-maison-de-la-bievre\/","name":"La Maison de la Bi\u00e8vre","description":"EHPAD - PASA","potentialAction":[{"@type":"SearchAction","target":{"@type":"EntryPoint","urlTemplate":"https:\/\/isatis.asso.fr\/la-maison-de-la-bievre\/?s={search_term_string}"},"query-input":{"@type":"PropertyValueSpecification","valueRequired":true,"valueName":"search_term_string"}}],"inLanguage":"fr-FR"},{"@type":"Person","@id":"https:\/\/isatis.asso.fr\/la-maison-de-la-bievre\/#\/schema\/person\/f52f6cbe059c6e320be1111ed1c8affb","name":"labievre86f2xa9hj","image":{"@type":"ImageObject","inLanguage":"fr-FR","@id":"https:\/\/secure.gravatar.com\/avatar\/a83fef9b97a09de95911c8154cb9fabfaecd34bc132d345a27e217d694464273?s=96&d=mm&r=g","url":"https:\/\/secure.gravatar.com\/avatar\/a83fef9b97a09de95911c8154cb9fabfaecd34bc132d345a27e217d694464273?s=96&d=mm&r=g","contentUrl":"https:\/\/secure.gravatar.com\/avatar\/a83fef9b97a09de95911c8154cb9fabfaecd34bc132d345a27e217d694464273?s=96&d=mm&r=g","caption":"labievre86f2xa9hj"},"url":"https:\/\/isatis.asso.fr\/la-maison-de-la-bievre\/author\/labievre86f2xa9hj\/"}]}},"_links":{"self":[{"href":"https:\/\/isatis.asso.fr\/la-maison-de-la-bievre\/wp-json\/wp\/v2\/posts\/1078","targetHints":{"allow":["GET"]}}],"collection":[{"href":"https:\/\/isatis.asso.fr\/la-maison-de-la-bievre\/wp-json\/wp\/v2\/posts"}],"about":[{"href":"https:\/\/isatis.asso.fr\/la-maison-de-la-bievre\/wp-json\/wp\/v2\/types\/post"}],"author":[{"embeddable":true,"href":"https:\/\/isatis.asso.fr\/la-maison-de-la-bievre\/wp-json\/wp\/v2\/users\/7"}],"replies":[{"embeddable":true,"href":"https:\/\/isatis.asso.fr\/la-maison-de-la-bievre\/wp-json\/wp\/v2\/comments?post=1078"}],"version-history":[{"count":2,"href":"https:\/\/isatis.asso.fr\/la-maison-de-la-bievre\/wp-json\/wp\/v2\/posts\/1078\/revisions"}],"predecessor-version":[{"id":1120,"href":"https:\/\/isatis.asso.fr\/la-maison-de-la-bievre\/wp-json\/wp\/v2\/posts\/1078\/revisions\/1120"}],"wp:featuredmedia":[{"embeddable":true,"href":"https:\/\/isatis.asso.fr\/la-maison-de-la-bievre\/wp-json\/wp\/v2\/media\/1083"}],"wp:attachment":[{"href":"https:\/\/isatis.asso.fr\/la-maison-de-la-bievre\/wp-json\/wp\/v2\/media?parent=1078"}],"wp:term":[{"taxonomy":"category","embeddable":true,"href":"https:\/\/isatis.asso.fr\/la-maison-de-la-bievre\/wp-json\/wp\/v2\/categories?post=1078"},{"taxonomy":"post_tag","embeddable":true,"href":"https:\/\/isatis.asso.fr\/la-maison-de-la-bievre\/wp-json\/wp\/v2\/tags?post=1078"}],"curies":[{"name":"wp","href":"https:\/\/api.w.org\/{rel}","templated":true}]}}