{"id":1055,"date":"2025-09-26T12:19:14","date_gmt":"2025-09-26T10:19:14","guid":{"rendered":"https:\/\/isatis.asso.fr\/la-maison-de-la-bievre\/?p=1055"},"modified":"2025-09-26T12:32:01","modified_gmt":"2025-09-26T10:32:01","slug":"venez-comme-vous-etes","status":"publish","type":"post","link":"https:\/\/isatis.asso.fr\/la-maison-de-la-bievre\/2025\/09\/26\/venez-comme-vous-etes\/","title":{"rendered":"Venez comme vous \u00eates"},"content":{"rendered":"\n<p class=\"has-text-align-center\" style=\"font-size:30px\"><strong>Un EHPAD \u00e0 taille humaine, chaleureux et familial<\/strong><\/p>\n\n\n\n<p class=\"has-text-align-center\">Nich\u00e9e dans le quartier de la Plaine \u00e0 Cachan, notre EHPAD accueille 63 r\u00e9sidents pour garantir un environnement convivial, chaleureux et personnalis\u00e9. Ici, chacun a sa place, chacun est connu, reconnu et accompagn\u00e9 avec bienveillance.<\/p>\n\n\n\n<p class=\"has-text-align-center\" style=\"font-size:30px\"><strong>Un v\u00e9ritable \u00ab\u00a0chez soi\u00a0\u00bb<\/strong><\/p>\n\n\n<div class=\"wp-block-image is-style-rounded\">\n<figure class=\"aligncenter size-full is-resized\"><img loading=\"lazy\" decoding=\"async\" width=\"640\" height=\"480\" src=\"https:\/\/isatis.asso.fr\/la-maison-de-la-bievre\/wp-content\/uploads\/sites\/14\/2025\/09\/img-5778.jpeg\" alt=\"\" class=\"wp-image-1067\" style=\"width:384px;height:auto\" srcset=\"https:\/\/isatis.asso.fr\/la-maison-de-la-bievre\/wp-content\/uploads\/sites\/14\/2025\/09\/img-5778.jpeg 640w, https:\/\/isatis.asso.fr\/la-maison-de-la-bievre\/wp-content\/uploads\/sites\/14\/2025\/09\/img-5778-300x225.jpeg 300w\" sizes=\"auto, (max-width: 640px) 100vw, 640px\" \/><\/figure>\n<\/div>\n\n\n<p class=\"has-text-align-center\">Notre volont\u00e9 est d\u2019offrir bien plus qu\u2019un lieu de soins : un v\u00e9ritable lieu de vie. Les r\u00e9sidents peuvent am\u00e9nager leur chambre selon leurs envies, avec leurs propres meubles, objets de d\u00e9coration, souvenirs\u2026 L\u2019objectif est simple : qu\u2019ils se sentent chez eux, entour\u00e9s de ce qui leur est familier et r\u00e9confortant.<\/p>\n\n\n\n<p class=\"has-text-align-center\" style=\"font-size:30px\"><strong>Une ambiance familiale au quotidien<\/strong><\/p>\n\n\n<div class=\"wp-block-image is-style-rounded\">\n<figure class=\"aligncenter size-large is-resized\"><img loading=\"lazy\" decoding=\"async\" width=\"768\" height=\"1024\" src=\"https:\/\/isatis.asso.fr\/la-maison-de-la-bievre\/wp-content\/uploads\/sites\/14\/2025\/09\/img-5583-768x1024.jpeg\" alt=\"\" class=\"wp-image-1059\" style=\"width:304px;height:auto\" srcset=\"https:\/\/isatis.asso.fr\/la-maison-de-la-bievre\/wp-content\/uploads\/sites\/14\/2025\/09\/img-5583-768x1024.jpeg 768w, https:\/\/isatis.asso.fr\/la-maison-de-la-bievre\/wp-content\/uploads\/sites\/14\/2025\/09\/img-5583-225x300.jpeg 225w, https:\/\/isatis.asso.fr\/la-maison-de-la-bievre\/wp-content\/uploads\/sites\/14\/2025\/09\/img-5583-750x1000.jpeg 750w, https:\/\/isatis.asso.fr\/la-maison-de-la-bievre\/wp-content\/uploads\/sites\/14\/2025\/09\/img-5583.jpeg 960w\" sizes=\"auto, (max-width: 768px) 100vw, 768px\" \/><\/figure>\n<\/div>\n\n\n<p class=\"has-text-align-center\">Gr\u00e2ce \u00e0 la taille humaine de l\u2019\u00e9tablissement, une ambiance familiale s\u2019installe naturellement entre r\u00e9sidents, \u00e9quipes et familles. Les liens se tissent, les \u00e9changes sont simples, sinc\u00e8res et le quotidien se partage dans la bonne humeur.<\/p>\n\n\n\n<p class=\"has-text-align-center\">Quelques mots de nos r\u00e9sidents :<\/p>\n\n\n\n<p>\u00ab\u00a0Quand je rentre dans ma chambre je suis chez moi\u00a0\u00bb<\/p>\n\n\n\n<p>\u00ab\u00a0Chacun peu am\u00e9nager son confort, je me sens comme chez moi\u00a0\u00bb<\/p>\n\n\n\n<p>\u00ab\u00a0Quand je rentres de chez mes enfants je suis bien contente de rentrer\u00a0\u00bb<\/p>\n\n\n\n<p class=\"has-text-align-center\" style=\"font-size:30px\"><strong>Le respect de l&rsquo;autonomie et du droit d&rsquo;aller et venir<\/strong><\/p>\n\n\n<div class=\"wp-block-image is-style-rounded\">\n<figure class=\"aligncenter size-large is-resized\"><img loading=\"lazy\" decoding=\"async\" width=\"661\" height=\"882\" src=\"https:\/\/isatis.asso.fr\/la-maison-de-la-bievre\/wp-content\/uploads\/sites\/14\/2025\/09\/img-0127-edited.jpeg\" alt=\"\" class=\"wp-image-1070\" style=\"width:325px;height:auto\" srcset=\"https:\/\/isatis.asso.fr\/la-maison-de-la-bievre\/wp-content\/uploads\/sites\/14\/2025\/09\/img-0127-edited.jpeg 661w, https:\/\/isatis.asso.fr\/la-maison-de-la-bievre\/wp-content\/uploads\/sites\/14\/2025\/09\/img-0127-edited-225x300.jpeg 225w\" sizes=\"auto, (max-width: 661px) 100vw, 661px\" \/><\/figure>\n<\/div>\n\n\n<p class=\"has-text-align-center\">Dans le respect des capacit\u00e9s et de l\u2019autonomie de chacun, les r\u00e9sidents en capacit\u00e9 de sortir seuls peuvent aller et venir librement. Ils ont la possibilit\u00e9 de se promener, de faire leurs courses ou de sortir \u00e0 leur convenance, en toute autonomie. Ce droit fondamental est au c\u0153ur de notre accompagnement, car pr\u00e9server la libert\u00e9 de mouvement, c\u2019est aussi pr\u00e9server la dignit\u00e9 et l\u2019identit\u00e9 de chacun.<\/p>\n\n\n\n<p class=\"has-text-align-center\">Quelques mots de nos r\u00e9sidents :<\/p>\n\n\n\n<p>\u00ab\u00a0Ce que j&rsquo;aime ici c&rsquo;est que ma libert\u00e9 et mon intimit\u00e9 sont respect\u00e9s\u00a0\u00bb<\/p>\n\n\n\n<p class=\"has-text-align-center\" style=\"font-size:30px\"><strong>Une vraie solidarit\u00e9 entre r\u00e9sidents<\/strong><\/p>\n\n\n<div class=\"wp-block-image is-style-rounded\">\n<figure class=\"aligncenter size-large is-resized\"><img loading=\"lazy\" decoding=\"async\" width=\"1024\" height=\"988\" src=\"https:\/\/isatis.asso.fr\/la-maison-de-la-bievre\/wp-content\/uploads\/sites\/14\/2025\/09\/img-4852-1024x988.jpeg\" alt=\"\" class=\"wp-image-974\" style=\"width:331px;height:auto\" srcset=\"https:\/\/isatis.asso.fr\/la-maison-de-la-bievre\/wp-content\/uploads\/sites\/14\/2025\/09\/img-4852-1024x988.jpeg 1024w, https:\/\/isatis.asso.fr\/la-maison-de-la-bievre\/wp-content\/uploads\/sites\/14\/2025\/09\/img-4852-300x289.jpeg 300w, https:\/\/isatis.asso.fr\/la-maison-de-la-bievre\/wp-content\/uploads\/sites\/14\/2025\/09\/img-4852-768x741.jpeg 768w, https:\/\/isatis.asso.fr\/la-maison-de-la-bievre\/wp-content\/uploads\/sites\/14\/2025\/09\/img-4852-1036x1000.jpeg 1036w, https:\/\/isatis.asso.fr\/la-maison-de-la-bievre\/wp-content\/uploads\/sites\/14\/2025\/09\/img-4852.jpeg 1280w\" sizes=\"auto, (max-width: 1024px) 100vw, 1024px\" \/><\/figure>\n<\/div>\n\n\n<p class=\"has-text-align-center\">La vie en collectivit\u00e9 cr\u00e9e ici une belle dynamique d\u2019entraide et de solidarit\u00e9 entre les r\u00e9sidents. Ceux qui sont mobiles n\u2019h\u00e9sitent pas \u00e0 accompagner en fauteuil roulant d\u2019autres r\u00e9sidents, ou \u00e0 proposer leur aide au quotidien. Certains font les courses pour leurs voisins, d\u2019autres s\u2019invitent mutuellement au restaurant, ou se rendent de petits services avec bienveillance et naturel. Cet esprit d&rsquo;entraide contribue \u00e0 renforcer le lien social et \u00e0 faire de l\u2019\u00e9tablissement un lieu de vie profond\u00e9ment humain, o\u00f9 chacun veille sur l\u2019autre.<\/p>\n\n\n<div class=\"wp-block-image is-style-rounded\">\n<figure class=\"aligncenter size-large is-resized\"><img loading=\"lazy\" decoding=\"async\" width=\"1024\" height=\"768\" src=\"https:\/\/isatis.asso.fr\/la-maison-de-la-bievre\/wp-content\/uploads\/sites\/14\/2025\/09\/img-7907-1024x768.jpeg\" alt=\"\" class=\"wp-image-1066\" style=\"width:381px;height:auto\" srcset=\"https:\/\/isatis.asso.fr\/la-maison-de-la-bievre\/wp-content\/uploads\/sites\/14\/2025\/09\/img-7907-1024x768.jpeg 1024w, https:\/\/isatis.asso.fr\/la-maison-de-la-bievre\/wp-content\/uploads\/sites\/14\/2025\/09\/img-7907-300x225.jpeg 300w, https:\/\/isatis.asso.fr\/la-maison-de-la-bievre\/wp-content\/uploads\/sites\/14\/2025\/09\/img-7907-768x576.jpeg 768w, https:\/\/isatis.asso.fr\/la-maison-de-la-bievre\/wp-content\/uploads\/sites\/14\/2025\/09\/img-7907.jpeg 1280w\" sizes=\"auto, (max-width: 1024px) 100vw, 1024px\" \/><\/figure>\n<\/div>\n\n\n<p class=\"has-text-align-center\" style=\"font-size:30px\"><strong>Des activit\u00e9s pour tous<\/strong><\/p>\n\n\n<div class=\"wp-block-image is-style-rounded\">\n<figure class=\"aligncenter size-full is-resized\"><img loading=\"lazy\" decoding=\"async\" width=\"234\" height=\"320\" src=\"https:\/\/isatis.asso.fr\/la-maison-de-la-bievre\/wp-content\/uploads\/sites\/14\/2025\/09\/img-5775.png\" alt=\"\" class=\"wp-image-1061\" style=\"width:276px;height:auto\" srcset=\"https:\/\/isatis.asso.fr\/la-maison-de-la-bievre\/wp-content\/uploads\/sites\/14\/2025\/09\/img-5775.png 234w, https:\/\/isatis.asso.fr\/la-maison-de-la-bievre\/wp-content\/uploads\/sites\/14\/2025\/09\/img-5775-219x300.png 219w\" sizes=\"auto, (max-width: 234px) 100vw, 234px\" \/><\/figure>\n<\/div>\n\n\n<p class=\"has-text-align-center\">Les activit\u00e9s propos\u00e9es par l\u2019animatrice sont ouvertes \u00e0 tous, tout comme le PASA (P\u00f4le d&rsquo;Activit\u00e9s et de Soins Adapt\u00e9s), qui offre un accompagnement sp\u00e9cifique pour les personnes pr\u00e9sentant des troubles cognitifs. Les animations sont vari\u00e9es, adapt\u00e9es aux envies et aux capacit\u00e9s de chacun : ateliers cr\u00e9atifs, jeux, sorties, braderie, boxe etc.<\/p>\n\n\n\n<p class=\"has-text-align-center\" style=\"font-size:30px\"><strong>Une \u00e9quipe engag\u00e9e et bienveillante<\/strong><\/p>\n\n\n<div class=\"wp-block-image is-style-rounded\">\n<figure class=\"aligncenter size-large is-resized\"><img loading=\"lazy\" decoding=\"async\" width=\"768\" height=\"1024\" src=\"https:\/\/isatis.asso.fr\/la-maison-de-la-bievre\/wp-content\/uploads\/sites\/14\/2025\/09\/img-5815-768x1024.jpeg\" alt=\"\" class=\"wp-image-1063\" style=\"width:302px;height:auto\" srcset=\"https:\/\/isatis.asso.fr\/la-maison-de-la-bievre\/wp-content\/uploads\/sites\/14\/2025\/09\/img-5815-768x1024.jpeg 768w, https:\/\/isatis.asso.fr\/la-maison-de-la-bievre\/wp-content\/uploads\/sites\/14\/2025\/09\/img-5815-225x300.jpeg 225w, https:\/\/isatis.asso.fr\/la-maison-de-la-bievre\/wp-content\/uploads\/sites\/14\/2025\/09\/img-5815-750x1000.jpeg 750w, https:\/\/isatis.asso.fr\/la-maison-de-la-bievre\/wp-content\/uploads\/sites\/14\/2025\/09\/img-5815.jpeg 960w\" sizes=\"auto, (max-width: 768px) 100vw, 768px\" \/><\/figure>\n<\/div>\n\n\n<p class=\"has-text-align-center\">Rien ne serait possible sans l\u2019investissement quotidien de toute l\u2019\u00e9quipe :<\/p>\n\n\n\n<ul class=\"wp-block-list\">\n<li>Infirmier(\u00e8re)s, aide-soignant(e)s et IDEC, attentifs \u00e0 la sant\u00e9 et au bien-\u00eatre de chaque r\u00e9sident.<\/li>\n\n\n\n<li>Agents d\u2019accompagnement, qui assurent un soutien pr\u00e9cieux dans les gestes du quotidien.<\/li>\n\n\n\n<li>L\u2019accueil et la direction, toujours \u00e0 l\u2019\u00e9coute des r\u00e9sidents et de leurs familles, garants d\u2019un fonctionnement humain et respectueux.<\/li>\n\n\n\n<li>Le personnel de cuisine, qui pr\u00e9pare avec soin des repas \u00e9quilibr\u00e9s et savoureux, favorisant convivialit\u00e9 et moments de partage.<\/li>\n\n\n\n<li>La psychologue, qui offre \u00e9coute et accompagnement, contribuant \u00e0 l\u2019\u00e9quilibre \u00e9motionnel et au bien-\u00eatre psychologique des r\u00e9sidents.<\/li>\n\n\n\n<li>L\u2019agent technique, toujours disponible et polyvalent, dont le savoir-faire et la gentillesse sont essentiels au confort et \u00e0 la s\u00e9curit\u00e9 de tous.<\/li>\n<\/ul>\n\n\n<div class=\"wp-block-image is-style-rounded\">\n<figure class=\"aligncenter size-large is-resized\"><img loading=\"lazy\" decoding=\"async\" width=\"1024\" height=\"768\" src=\"https:\/\/isatis.asso.fr\/la-maison-de-la-bievre\/wp-content\/uploads\/sites\/14\/2025\/09\/img-7904-1024x768.jpeg\" alt=\"\" class=\"wp-image-1064\" style=\"width:411px;height:auto\" srcset=\"https:\/\/isatis.asso.fr\/la-maison-de-la-bievre\/wp-content\/uploads\/sites\/14\/2025\/09\/img-7904-1024x768.jpeg 1024w, https:\/\/isatis.asso.fr\/la-maison-de-la-bievre\/wp-content\/uploads\/sites\/14\/2025\/09\/img-7904-300x225.jpeg 300w, https:\/\/isatis.asso.fr\/la-maison-de-la-bievre\/wp-content\/uploads\/sites\/14\/2025\/09\/img-7904-768x576.jpeg 768w, https:\/\/isatis.asso.fr\/la-maison-de-la-bievre\/wp-content\/uploads\/sites\/14\/2025\/09\/img-7904.jpeg 1280w\" sizes=\"auto, (max-width: 1024px) 100vw, 1024px\" \/><\/figure>\n<\/div>\n\n\n<p class=\"has-text-align-center\">Chaque membre de l\u2019\u00e9quipe participe \u00e0 cr\u00e9er un cadre de vie s\u00e9curisant, stimulant et profond\u00e9ment humain.<\/p>\n\n\n\n<p><\/p>\n","protected":false},"excerpt":{"rendered":"<p>Un EHPAD \u00e0 taille humaine, chaleureux et familial Nich\u00e9e dans le quartier de la Plaine \u00e0 Cachan, notre EHPAD accueille 63 r\u00e9sidents pour garantir un environnement convivial, chaleureux et personnalis\u00e9. Ici, chacun a sa place, chacun est connu, reconnu et accompagn\u00e9 avec bienveillance. Un v\u00e9ritable \u00ab\u00a0chez soi\u00a0\u00bb Notre volont\u00e9 est d\u2019offrir bien plus qu\u2019un lieu [&hellip;]<\/p>\n","protected":false},"author":7,"featured_media":979,"comment_status":"open","ping_status":"open","sticky":false,"template":"","format":"standard","meta":{"_acf_changed":false,"footnotes":""},"categories":[1],"tags":[],"class_list":["post-1055","post","type-post","status-publish","format-standard","has-post-thumbnail","hentry","category-non-classe"],"acf":[],"yoast_head":"<!-- This site is optimized with the Yoast SEO plugin v27.3 - https:\/\/yoast.com\/product\/yoast-seo-wordpress\/ -->\n<title>Venez comme vous \u00eates - La Maison de la Bi\u00e8vre<\/title>\n<meta name=\"robots\" content=\"index, follow, max-snippet:-1, max-image-preview:large, max-video-preview:-1\" \/>\n<link rel=\"canonical\" href=\"https:\/\/isatis.asso.fr\/la-maison-de-la-bievre\/2025\/09\/26\/venez-comme-vous-etes\/\" \/>\n<meta property=\"og:locale\" content=\"fr_FR\" \/>\n<meta property=\"og:type\" content=\"article\" \/>\n<meta property=\"og:title\" content=\"Venez comme vous \u00eates - La Maison de la Bi\u00e8vre\" \/>\n<meta property=\"og:description\" content=\"Un EHPAD \u00e0 taille humaine, chaleureux et familial Nich\u00e9e dans le quartier de la Plaine \u00e0 Cachan, notre EHPAD accueille 63 r\u00e9sidents pour garantir un environnement convivial, chaleureux et personnalis\u00e9. Ici, chacun a sa place, chacun est connu, reconnu et accompagn\u00e9 avec bienveillance. Un v\u00e9ritable \u00ab\u00a0chez soi\u00a0\u00bb Notre volont\u00e9 est d\u2019offrir bien plus qu\u2019un lieu [&hellip;]\" \/>\n<meta property=\"og:url\" content=\"https:\/\/isatis.asso.fr\/la-maison-de-la-bievre\/2025\/09\/26\/venez-comme-vous-etes\/\" \/>\n<meta property=\"og:site_name\" content=\"La Maison de la Bi\u00e8vre\" \/>\n<meta property=\"article:published_time\" content=\"2025-09-26T10:19:14+00:00\" \/>\n<meta property=\"article:modified_time\" content=\"2025-09-26T10:32:01+00:00\" \/>\n<meta property=\"og:image\" content=\"https:\/\/isatis.asso.fr\/la-maison-de-la-bievre\/wp-content\/uploads\/sites\/14\/2025\/09\/img-4877-e1758882710386.jpeg\" \/>\n\t<meta property=\"og:image:width\" content=\"482\" \/>\n\t<meta property=\"og:image:height\" content=\"328\" \/>\n\t<meta property=\"og:image:type\" content=\"image\/jpeg\" \/>\n<meta name=\"author\" content=\"labievre86f2xa9hj\" \/>\n<meta name=\"twitter:card\" content=\"summary_large_image\" \/>\n<meta name=\"twitter:label1\" content=\"\u00c9crit par\" \/>\n\t<meta name=\"twitter:data1\" content=\"labievre86f2xa9hj\" \/>\n\t<meta name=\"twitter:label2\" content=\"Dur\u00e9e de lecture estim\u00e9e\" \/>\n\t<meta name=\"twitter:data2\" content=\"5 minutes\" \/>\n<script type=\"application\/ld+json\" class=\"yoast-schema-graph\">{\"@context\":\"https:\\\/\\\/schema.org\",\"@graph\":[{\"@type\":\"Article\",\"@id\":\"https:\\\/\\\/isatis.asso.fr\\\/la-maison-de-la-bievre\\\/2025\\\/09\\\/26\\\/venez-comme-vous-etes\\\/#article\",\"isPartOf\":{\"@id\":\"https:\\\/\\\/isatis.asso.fr\\\/la-maison-de-la-bievre\\\/2025\\\/09\\\/26\\\/venez-comme-vous-etes\\\/\"},\"author\":{\"name\":\"labievre86f2xa9hj\",\"@id\":\"https:\\\/\\\/isatis.asso.fr\\\/la-maison-de-la-bievre\\\/#\\\/schema\\\/person\\\/f52f6cbe059c6e320be1111ed1c8affb\"},\"headline\":\"Venez comme vous \u00eates\",\"datePublished\":\"2025-09-26T10:19:14+00:00\",\"dateModified\":\"2025-09-26T10:32:01+00:00\",\"mainEntityOfPage\":{\"@id\":\"https:\\\/\\\/isatis.asso.fr\\\/la-maison-de-la-bievre\\\/2025\\\/09\\\/26\\\/venez-comme-vous-etes\\\/\"},\"wordCount\":622,\"commentCount\":0,\"image\":{\"@id\":\"https:\\\/\\\/isatis.asso.fr\\\/la-maison-de-la-bievre\\\/2025\\\/09\\\/26\\\/venez-comme-vous-etes\\\/#primaryimage\"},\"thumbnailUrl\":\"https:\\\/\\\/isatis.asso.fr\\\/la-maison-de-la-bievre\\\/wp-content\\\/uploads\\\/sites\\\/14\\\/2025\\\/09\\\/img-4877-e1758882710386.jpeg\",\"inLanguage\":\"fr-FR\",\"potentialAction\":[{\"@type\":\"CommentAction\",\"name\":\"Comment\",\"target\":[\"https:\\\/\\\/isatis.asso.fr\\\/la-maison-de-la-bievre\\\/2025\\\/09\\\/26\\\/venez-comme-vous-etes\\\/#respond\"]}]},{\"@type\":\"WebPage\",\"@id\":\"https:\\\/\\\/isatis.asso.fr\\\/la-maison-de-la-bievre\\\/2025\\\/09\\\/26\\\/venez-comme-vous-etes\\\/\",\"url\":\"https:\\\/\\\/isatis.asso.fr\\\/la-maison-de-la-bievre\\\/2025\\\/09\\\/26\\\/venez-comme-vous-etes\\\/\",\"name\":\"Venez comme vous \u00eates - La Maison de la Bi\u00e8vre\",\"isPartOf\":{\"@id\":\"https:\\\/\\\/isatis.asso.fr\\\/la-maison-de-la-bievre\\\/#website\"},\"primaryImageOfPage\":{\"@id\":\"https:\\\/\\\/isatis.asso.fr\\\/la-maison-de-la-bievre\\\/2025\\\/09\\\/26\\\/venez-comme-vous-etes\\\/#primaryimage\"},\"image\":{\"@id\":\"https:\\\/\\\/isatis.asso.fr\\\/la-maison-de-la-bievre\\\/2025\\\/09\\\/26\\\/venez-comme-vous-etes\\\/#primaryimage\"},\"thumbnailUrl\":\"https:\\\/\\\/isatis.asso.fr\\\/la-maison-de-la-bievre\\\/wp-content\\\/uploads\\\/sites\\\/14\\\/2025\\\/09\\\/img-4877-e1758882710386.jpeg\",\"datePublished\":\"2025-09-26T10:19:14+00:00\",\"dateModified\":\"2025-09-26T10:32:01+00:00\",\"author\":{\"@id\":\"https:\\\/\\\/isatis.asso.fr\\\/la-maison-de-la-bievre\\\/#\\\/schema\\\/person\\\/f52f6cbe059c6e320be1111ed1c8affb\"},\"breadcrumb\":{\"@id\":\"https:\\\/\\\/isatis.asso.fr\\\/la-maison-de-la-bievre\\\/2025\\\/09\\\/26\\\/venez-comme-vous-etes\\\/#breadcrumb\"},\"inLanguage\":\"fr-FR\",\"potentialAction\":[{\"@type\":\"ReadAction\",\"target\":[\"https:\\\/\\\/isatis.asso.fr\\\/la-maison-de-la-bievre\\\/2025\\\/09\\\/26\\\/venez-comme-vous-etes\\\/\"]}]},{\"@type\":\"ImageObject\",\"inLanguage\":\"fr-FR\",\"@id\":\"https:\\\/\\\/isatis.asso.fr\\\/la-maison-de-la-bievre\\\/2025\\\/09\\\/26\\\/venez-comme-vous-etes\\\/#primaryimage\",\"url\":\"https:\\\/\\\/isatis.asso.fr\\\/la-maison-de-la-bievre\\\/wp-content\\\/uploads\\\/sites\\\/14\\\/2025\\\/09\\\/img-4877-e1758882710386.jpeg\",\"contentUrl\":\"https:\\\/\\\/isatis.asso.fr\\\/la-maison-de-la-bievre\\\/wp-content\\\/uploads\\\/sites\\\/14\\\/2025\\\/09\\\/img-4877-e1758882710386.jpeg\",\"width\":482,\"height\":328},{\"@type\":\"BreadcrumbList\",\"@id\":\"https:\\\/\\\/isatis.asso.fr\\\/la-maison-de-la-bievre\\\/2025\\\/09\\\/26\\\/venez-comme-vous-etes\\\/#breadcrumb\",\"itemListElement\":[{\"@type\":\"ListItem\",\"position\":1,\"name\":\"Accueil\",\"item\":\"https:\\\/\\\/isatis.asso.fr\\\/la-maison-de-la-bievre\\\/\"},{\"@type\":\"ListItem\",\"position\":2,\"name\":\"Venez comme vous \u00eates\"}]},{\"@type\":\"WebSite\",\"@id\":\"https:\\\/\\\/isatis.asso.fr\\\/la-maison-de-la-bievre\\\/#website\",\"url\":\"https:\\\/\\\/isatis.asso.fr\\\/la-maison-de-la-bievre\\\/\",\"name\":\"La Maison de la Bi\u00e8vre\",\"description\":\"EHPAD - PASA\",\"potentialAction\":[{\"@type\":\"SearchAction\",\"target\":{\"@type\":\"EntryPoint\",\"urlTemplate\":\"https:\\\/\\\/isatis.asso.fr\\\/la-maison-de-la-bievre\\\/?s={search_term_string}\"},\"query-input\":{\"@type\":\"PropertyValueSpecification\",\"valueRequired\":true,\"valueName\":\"search_term_string\"}}],\"inLanguage\":\"fr-FR\"},{\"@type\":\"Person\",\"@id\":\"https:\\\/\\\/isatis.asso.fr\\\/la-maison-de-la-bievre\\\/#\\\/schema\\\/person\\\/f52f6cbe059c6e320be1111ed1c8affb\",\"name\":\"labievre86f2xa9hj\",\"image\":{\"@type\":\"ImageObject\",\"inLanguage\":\"fr-FR\",\"@id\":\"https:\\\/\\\/secure.gravatar.com\\\/avatar\\\/a83fef9b97a09de95911c8154cb9fabfaecd34bc132d345a27e217d694464273?s=96&d=mm&r=g\",\"url\":\"https:\\\/\\\/secure.gravatar.com\\\/avatar\\\/a83fef9b97a09de95911c8154cb9fabfaecd34bc132d345a27e217d694464273?s=96&d=mm&r=g\",\"contentUrl\":\"https:\\\/\\\/secure.gravatar.com\\\/avatar\\\/a83fef9b97a09de95911c8154cb9fabfaecd34bc132d345a27e217d694464273?s=96&d=mm&r=g\",\"caption\":\"labievre86f2xa9hj\"},\"url\":\"https:\\\/\\\/isatis.asso.fr\\\/la-maison-de-la-bievre\\\/author\\\/labievre86f2xa9hj\\\/\"}]}<\/script>\n<!-- \/ Yoast SEO plugin. -->","yoast_head_json":{"title":"Venez comme vous \u00eates - La Maison de la Bi\u00e8vre","robots":{"index":"index","follow":"follow","max-snippet":"max-snippet:-1","max-image-preview":"max-image-preview:large","max-video-preview":"max-video-preview:-1"},"canonical":"https:\/\/isatis.asso.fr\/la-maison-de-la-bievre\/2025\/09\/26\/venez-comme-vous-etes\/","og_locale":"fr_FR","og_type":"article","og_title":"Venez comme vous \u00eates - La Maison de la Bi\u00e8vre","og_description":"Un EHPAD \u00e0 taille humaine, chaleureux et familial Nich\u00e9e dans le quartier de la Plaine \u00e0 Cachan, notre EHPAD accueille 63 r\u00e9sidents pour garantir un environnement convivial, chaleureux et personnalis\u00e9. Ici, chacun a sa place, chacun est connu, reconnu et accompagn\u00e9 avec bienveillance. Un v\u00e9ritable \u00ab\u00a0chez soi\u00a0\u00bb Notre volont\u00e9 est d\u2019offrir bien plus qu\u2019un lieu [&hellip;]","og_url":"https:\/\/isatis.asso.fr\/la-maison-de-la-bievre\/2025\/09\/26\/venez-comme-vous-etes\/","og_site_name":"La Maison de la Bi\u00e8vre","article_published_time":"2025-09-26T10:19:14+00:00","article_modified_time":"2025-09-26T10:32:01+00:00","og_image":[{"width":482,"height":328,"url":"https:\/\/isatis.asso.fr\/la-maison-de-la-bievre\/wp-content\/uploads\/sites\/14\/2025\/09\/img-4877-e1758882710386.jpeg","type":"image\/jpeg"}],"author":"labievre86f2xa9hj","twitter_card":"summary_large_image","twitter_misc":{"\u00c9crit par":"labievre86f2xa9hj","Dur\u00e9e de lecture estim\u00e9e":"5 minutes"},"schema":{"@context":"https:\/\/schema.org","@graph":[{"@type":"Article","@id":"https:\/\/isatis.asso.fr\/la-maison-de-la-bievre\/2025\/09\/26\/venez-comme-vous-etes\/#article","isPartOf":{"@id":"https:\/\/isatis.asso.fr\/la-maison-de-la-bievre\/2025\/09\/26\/venez-comme-vous-etes\/"},"author":{"name":"labievre86f2xa9hj","@id":"https:\/\/isatis.asso.fr\/la-maison-de-la-bievre\/#\/schema\/person\/f52f6cbe059c6e320be1111ed1c8affb"},"headline":"Venez comme vous \u00eates","datePublished":"2025-09-26T10:19:14+00:00","dateModified":"2025-09-26T10:32:01+00:00","mainEntityOfPage":{"@id":"https:\/\/isatis.asso.fr\/la-maison-de-la-bievre\/2025\/09\/26\/venez-comme-vous-etes\/"},"wordCount":622,"commentCount":0,"image":{"@id":"https:\/\/isatis.asso.fr\/la-maison-de-la-bievre\/2025\/09\/26\/venez-comme-vous-etes\/#primaryimage"},"thumbnailUrl":"https:\/\/isatis.asso.fr\/la-maison-de-la-bievre\/wp-content\/uploads\/sites\/14\/2025\/09\/img-4877-e1758882710386.jpeg","inLanguage":"fr-FR","potentialAction":[{"@type":"CommentAction","name":"Comment","target":["https:\/\/isatis.asso.fr\/la-maison-de-la-bievre\/2025\/09\/26\/venez-comme-vous-etes\/#respond"]}]},{"@type":"WebPage","@id":"https:\/\/isatis.asso.fr\/la-maison-de-la-bievre\/2025\/09\/26\/venez-comme-vous-etes\/","url":"https:\/\/isatis.asso.fr\/la-maison-de-la-bievre\/2025\/09\/26\/venez-comme-vous-etes\/","name":"Venez comme vous \u00eates - La Maison de la Bi\u00e8vre","isPartOf":{"@id":"https:\/\/isatis.asso.fr\/la-maison-de-la-bievre\/#website"},"primaryImageOfPage":{"@id":"https:\/\/isatis.asso.fr\/la-maison-de-la-bievre\/2025\/09\/26\/venez-comme-vous-etes\/#primaryimage"},"image":{"@id":"https:\/\/isatis.asso.fr\/la-maison-de-la-bievre\/2025\/09\/26\/venez-comme-vous-etes\/#primaryimage"},"thumbnailUrl":"https:\/\/isatis.asso.fr\/la-maison-de-la-bievre\/wp-content\/uploads\/sites\/14\/2025\/09\/img-4877-e1758882710386.jpeg","datePublished":"2025-09-26T10:19:14+00:00","dateModified":"2025-09-26T10:32:01+00:00","author":{"@id":"https:\/\/isatis.asso.fr\/la-maison-de-la-bievre\/#\/schema\/person\/f52f6cbe059c6e320be1111ed1c8affb"},"breadcrumb":{"@id":"https:\/\/isatis.asso.fr\/la-maison-de-la-bievre\/2025\/09\/26\/venez-comme-vous-etes\/#breadcrumb"},"inLanguage":"fr-FR","potentialAction":[{"@type":"ReadAction","target":["https:\/\/isatis.asso.fr\/la-maison-de-la-bievre\/2025\/09\/26\/venez-comme-vous-etes\/"]}]},{"@type":"ImageObject","inLanguage":"fr-FR","@id":"https:\/\/isatis.asso.fr\/la-maison-de-la-bievre\/2025\/09\/26\/venez-comme-vous-etes\/#primaryimage","url":"https:\/\/isatis.asso.fr\/la-maison-de-la-bievre\/wp-content\/uploads\/sites\/14\/2025\/09\/img-4877-e1758882710386.jpeg","contentUrl":"https:\/\/isatis.asso.fr\/la-maison-de-la-bievre\/wp-content\/uploads\/sites\/14\/2025\/09\/img-4877-e1758882710386.jpeg","width":482,"height":328},{"@type":"BreadcrumbList","@id":"https:\/\/isatis.asso.fr\/la-maison-de-la-bievre\/2025\/09\/26\/venez-comme-vous-etes\/#breadcrumb","itemListElement":[{"@type":"ListItem","position":1,"name":"Accueil","item":"https:\/\/isatis.asso.fr\/la-maison-de-la-bievre\/"},{"@type":"ListItem","position":2,"name":"Venez comme vous \u00eates"}]},{"@type":"WebSite","@id":"https:\/\/isatis.asso.fr\/la-maison-de-la-bievre\/#website","url":"https:\/\/isatis.asso.fr\/la-maison-de-la-bievre\/","name":"La Maison de la Bi\u00e8vre","description":"EHPAD - PASA","potentialAction":[{"@type":"SearchAction","target":{"@type":"EntryPoint","urlTemplate":"https:\/\/isatis.asso.fr\/la-maison-de-la-bievre\/?s={search_term_string}"},"query-input":{"@type":"PropertyValueSpecification","valueRequired":true,"valueName":"search_term_string"}}],"inLanguage":"fr-FR"},{"@type":"Person","@id":"https:\/\/isatis.asso.fr\/la-maison-de-la-bievre\/#\/schema\/person\/f52f6cbe059c6e320be1111ed1c8affb","name":"labievre86f2xa9hj","image":{"@type":"ImageObject","inLanguage":"fr-FR","@id":"https:\/\/secure.gravatar.com\/avatar\/a83fef9b97a09de95911c8154cb9fabfaecd34bc132d345a27e217d694464273?s=96&d=mm&r=g","url":"https:\/\/secure.gravatar.com\/avatar\/a83fef9b97a09de95911c8154cb9fabfaecd34bc132d345a27e217d694464273?s=96&d=mm&r=g","contentUrl":"https:\/\/secure.gravatar.com\/avatar\/a83fef9b97a09de95911c8154cb9fabfaecd34bc132d345a27e217d694464273?s=96&d=mm&r=g","caption":"labievre86f2xa9hj"},"url":"https:\/\/isatis.asso.fr\/la-maison-de-la-bievre\/author\/labievre86f2xa9hj\/"}]}},"_links":{"self":[{"href":"https:\/\/isatis.asso.fr\/la-maison-de-la-bievre\/wp-json\/wp\/v2\/posts\/1055","targetHints":{"allow":["GET"]}}],"collection":[{"href":"https:\/\/isatis.asso.fr\/la-maison-de-la-bievre\/wp-json\/wp\/v2\/posts"}],"about":[{"href":"https:\/\/isatis.asso.fr\/la-maison-de-la-bievre\/wp-json\/wp\/v2\/types\/post"}],"author":[{"embeddable":true,"href":"https:\/\/isatis.asso.fr\/la-maison-de-la-bievre\/wp-json\/wp\/v2\/users\/7"}],"replies":[{"embeddable":true,"href":"https:\/\/isatis.asso.fr\/la-maison-de-la-bievre\/wp-json\/wp\/v2\/comments?post=1055"}],"version-history":[{"count":8,"href":"https:\/\/isatis.asso.fr\/la-maison-de-la-bievre\/wp-json\/wp\/v2\/posts\/1055\/revisions"}],"predecessor-version":[{"id":1072,"href":"https:\/\/isatis.asso.fr\/la-maison-de-la-bievre\/wp-json\/wp\/v2\/posts\/1055\/revisions\/1072"}],"wp:featuredmedia":[{"embeddable":true,"href":"https:\/\/isatis.asso.fr\/la-maison-de-la-bievre\/wp-json\/wp\/v2\/media\/979"}],"wp:attachment":[{"href":"https:\/\/isatis.asso.fr\/la-maison-de-la-bievre\/wp-json\/wp\/v2\/media?parent=1055"}],"wp:term":[{"taxonomy":"category","embeddable":true,"href":"https:\/\/isatis.asso.fr\/la-maison-de-la-bievre\/wp-json\/wp\/v2\/categories?post=1055"},{"taxonomy":"post_tag","embeddable":true,"href":"https:\/\/isatis.asso.fr\/la-maison-de-la-bievre\/wp-json\/wp\/v2\/tags?post=1055"}],"curies":[{"name":"wp","href":"https:\/\/api.w.org\/{rel}","templated":true}]}}